{"id":14631,"date":"2015-01-08T16:51:41","date_gmt":"2015-01-08T15:51:41","guid":{"rendered":"http:\/\/pr-ide.de\/?p=14631"},"modified":"2015-01-08T16:51:41","modified_gmt":"2015-01-08T15:51:41","slug":"polnische-segelroute-mit-mehr-als-30-besucherzuwachs-2014","status":"publish","type":"post","link":"https:\/\/pr-ide.de\/en\/blog\/2015\/01\/polnische-segelroute-mit-mehr-als-30-besucherzuwachs-2014\/","title":{"rendered":"Polnische Segelroute mit mehr als 30% Besucherzuwachs 2014"},"content":{"rendered":"<p>Die Region Westpommern kann sich freuen. Die Marinas der Region verzeichnen einen mehr als 30 %-igen Zuwachs an Bootsfahrern im Jahr 2014.<\/p>\n<p>Anfang 2014 \u00fcbernahm pr-ide die \u00d6ffentlichkeitsarbeit f\u00fcr das touristische Produkt <em><strong>Polnische Segelroute<\/strong><\/em>, entwickelte die Kommunikationsstrategie und setzte diese um aus einem Mix aus <strong>Medienarbeit<\/strong> in Form von\u00a0<span style=\"font-size: 16px; line-height: 1.5;\">P<strong>resse-Recherche-Reisen<\/strong>,\u00a0<\/span><span style=\"font-size: 16px; line-height: 1.5;\"><strong>Messe-Gespr\u00e4chen<\/strong> und\u00a0<\/span>kontinuierlichen <strong>Media-Services<\/strong> sowie durch direkte Ansprache von Clubs in Form von <strong>Pr\u00e4sentationen<\/strong> und <strong>Infost\u00e4nden<\/strong> w\u00e4hrend <strong>Wassersport-Veranstaltungen<\/strong>.<\/p>\n","protected":false},"excerpt":{"rendered":"<p>Die Region Westpommern kann sich freuen. Die Marinas der Region verzeichnen einen mehr als 30 %-igen Zuwachs an Bootsfahrern im Jahr 2014. Anfang 2014 \u00fcbernahm pr-ide die \u00d6ffentlichkeitsarbeit f\u00fcr das touristische Produkt Polnische Segelroute, entwickelte die Kommunikationsstrategie und setzte diese  [&#8230;]<\/p>\n","protected":false},"author":2,"featured_media":7365,"comment_status":"open","ping_status":"closed","sticky":false,"template":"","format":"standard","meta":{"_monsterinsights_skip_tracking":false,"_monsterinsights_sitenote_active":false,"_monsterinsights_sitenote_note":"","_monsterinsights_sitenote_category":0,"_jetpack_memberships_contains_paid_content":false,"footnotes":""},"categories":[950,564,523],"tags":[1095,1097,1098],"class_list":["post-14631","post","type-post","status-publish","format-standard","has-post-thumbnail","hentry","category-marina","category-public-relations","category-tourismus-pr","tag-medienarbeit","tag-polen","tag-segelroute"],"yoast_head":"<!-- This site is optimized with the Yoast SEO plugin v27.2 - https:\/\/yoast.com\/product\/yoast-seo-wordpress\/ -->\n<title>Polnische Segelroute mit mehr als 30% Besucherzuwachs 2014 - pr-ide<\/title>\n<meta name=\"robots\" content=\"index, follow, max-snippet:-1, max-image-preview:large, max-video-preview:-1\" \/>\n<link rel=\"canonical\" href=\"https:\/\/pr-ide.de\/blog\/2015\/01\/polnische-segelroute-mit-mehr-als-30-besucherzuwachs-2014\/\" \/>\n<meta property=\"og:locale\" content=\"en_US\" \/>\n<meta property=\"og:type\" content=\"article\" \/>\n<meta property=\"og:title\" content=\"Polnische Segelroute mit mehr als 30% Besucherzuwachs 2014 - pr-ide\" \/>\n<meta property=\"og:description\" content=\"Die Region Westpommern kann sich freuen. Die Marinas der Region verzeichnen einen mehr als 30 %-igen Zuwachs an Bootsfahrern im Jahr 2014. Anfang 2014 \u00fcbernahm pr-ide die \u00d6ffentlichkeitsarbeit f\u00fcr das touristische Produkt Polnische Segelroute, entwickelte die Kommunikationsstrategie und setzte diese [...]\" \/>\n<meta property=\"og:url\" content=\"https:\/\/pr-ide.de\/blog\/2015\/01\/polnische-segelroute-mit-mehr-als-30-besucherzuwachs-2014\/\" \/>\n<meta property=\"og:site_name\" content=\"pr-ide\" \/>\n<meta property=\"article:publisher\" content=\"https:\/\/www.facebook.com\/prideberlin\/\" \/>\n<meta property=\"article:published_time\" content=\"2015-01-08T15:51:41+00:00\" \/>\n<meta property=\"og:image\" content=\"https:\/\/pr-ide.de\/wp-content\/uploads\/2014\/07\/50-touristische_etappenregatta.jpg\" \/>\n\t<meta property=\"og:image:width\" content=\"508\" \/>\n\t<meta property=\"og:image:height\" content=\"403\" \/>\n\t<meta property=\"og:image:type\" content=\"image\/jpeg\" \/>\n<meta name=\"author\" content=\"Martina M\u00fcller\" \/>\n<meta name=\"twitter:label1\" content=\"Written by\" \/>\n\t<meta name=\"twitter:data1\" content=\"Martina M\u00fcller\" \/>\n<script type=\"application\/ld+json\" class=\"yoast-schema-graph\">{\"@context\":\"https:\/\/schema.org\",\"@graph\":[{\"@type\":\"Article\",\"@id\":\"https:\/\/pr-ide.de\/blog\/2015\/01\/polnische-segelroute-mit-mehr-als-30-besucherzuwachs-2014\/#article\",\"isPartOf\":{\"@id\":\"https:\/\/pr-ide.de\/blog\/2015\/01\/polnische-segelroute-mit-mehr-als-30-besucherzuwachs-2014\/\"},\"author\":{\"name\":\"Martina M\u00fcller\",\"@id\":\"https:\/\/pr-ide.de\/#\/schema\/person\/7cff3097f838f10886a8ddb4a1dfedce\"},\"headline\":\"Polnische Segelroute mit mehr als 30% Besucherzuwachs 2014\",\"datePublished\":\"2015-01-08T15:51:41+00:00\",\"mainEntityOfPage\":{\"@id\":\"https:\/\/pr-ide.de\/blog\/2015\/01\/polnische-segelroute-mit-mehr-als-30-besucherzuwachs-2014\/\"},\"wordCount\":76,\"commentCount\":0,\"publisher\":{\"@id\":\"https:\/\/pr-ide.de\/#organization\"},\"image\":{\"@id\":\"https:\/\/pr-ide.de\/blog\/2015\/01\/polnische-segelroute-mit-mehr-als-30-besucherzuwachs-2014\/#primaryimage\"},\"thumbnailUrl\":\"https:\/\/pr-ide.de\/wp-content\/uploads\/2014\/07\/50-touristische_etappenregatta.jpg\",\"keywords\":[\"Medienarbeit\",\"Polen\",\"Segelroute\"],\"articleSection\":[\"marina\",\"public relations\",\"tourismus-pr\"],\"inLanguage\":\"en-US\",\"potentialAction\":[{\"@type\":\"CommentAction\",\"name\":\"Comment\",\"target\":[\"https:\/\/pr-ide.de\/blog\/2015\/01\/polnische-segelroute-mit-mehr-als-30-besucherzuwachs-2014\/#respond\"]}]},{\"@type\":\"WebPage\",\"@id\":\"https:\/\/pr-ide.de\/blog\/2015\/01\/polnische-segelroute-mit-mehr-als-30-besucherzuwachs-2014\/\",\"url\":\"https:\/\/pr-ide.de\/blog\/2015\/01\/polnische-segelroute-mit-mehr-als-30-besucherzuwachs-2014\/\",\"name\":\"Polnische Segelroute mit mehr als 30% Besucherzuwachs 2014 - pr-ide\",\"isPartOf\":{\"@id\":\"https:\/\/pr-ide.de\/#website\"},\"primaryImageOfPage\":{\"@id\":\"https:\/\/pr-ide.de\/blog\/2015\/01\/polnische-segelroute-mit-mehr-als-30-besucherzuwachs-2014\/#primaryimage\"},\"image\":{\"@id\":\"https:\/\/pr-ide.de\/blog\/2015\/01\/polnische-segelroute-mit-mehr-als-30-besucherzuwachs-2014\/#primaryimage\"},\"thumbnailUrl\":\"https:\/\/pr-ide.de\/wp-content\/uploads\/2014\/07\/50-touristische_etappenregatta.jpg\",\"datePublished\":\"2015-01-08T15:51:41+00:00\",\"breadcrumb\":{\"@id\":\"https:\/\/pr-ide.de\/blog\/2015\/01\/polnische-segelroute-mit-mehr-als-30-besucherzuwachs-2014\/#breadcrumb\"},\"inLanguage\":\"en-US\",\"potentialAction\":[{\"@type\":\"ReadAction\",\"target\":[\"https:\/\/pr-ide.de\/blog\/2015\/01\/polnische-segelroute-mit-mehr-als-30-besucherzuwachs-2014\/\"]}]},{\"@type\":\"ImageObject\",\"inLanguage\":\"en-US\",\"@id\":\"https:\/\/pr-ide.de\/blog\/2015\/01\/polnische-segelroute-mit-mehr-als-30-besucherzuwachs-2014\/#primaryimage\",\"url\":\"https:\/\/pr-ide.de\/wp-content\/uploads\/2014\/07\/50-touristische_etappenregatta.jpg\",\"contentUrl\":\"https:\/\/pr-ide.de\/wp-content\/uploads\/2014\/07\/50-touristische_etappenregatta.jpg\",\"width\":508,\"height\":403,\"caption\":\"50-touristische_etappenregatta\"},{\"@type\":\"BreadcrumbList\",\"@id\":\"https:\/\/pr-ide.de\/blog\/2015\/01\/polnische-segelroute-mit-mehr-als-30-besucherzuwachs-2014\/#breadcrumb\",\"itemListElement\":[{\"@type\":\"ListItem\",\"position\":1,\"name\":\"Home\",\"item\":\"https:\/\/pr-ide.de\/en\/the-agency-for-creative-success\/\"},{\"@type\":\"ListItem\",\"position\":2,\"name\":\"Polnische Segelroute mit mehr als 30% Besucherzuwachs 2014\"}]},{\"@type\":\"WebSite\",\"@id\":\"https:\/\/pr-ide.de\/#website\",\"url\":\"https:\/\/pr-ide.de\/\",\"name\":\"pr-ide\",\"description\":\"die agentur f\u00fcr kreative erfolge\",\"publisher\":{\"@id\":\"https:\/\/pr-ide.de\/#organization\"},\"potentialAction\":[{\"@type\":\"SearchAction\",\"target\":{\"@type\":\"EntryPoint\",\"urlTemplate\":\"https:\/\/pr-ide.de\/?s={search_term_string}\"},\"query-input\":{\"@type\":\"PropertyValueSpecification\",\"valueRequired\":true,\"valueName\":\"search_term_string\"}}],\"inLanguage\":\"en-US\"},{\"@type\":\"Organization\",\"@id\":\"https:\/\/pr-ide.de\/#organization\",\"name\":\"pr-ide\",\"url\":\"https:\/\/pr-ide.de\/\",\"logo\":{\"@type\":\"ImageObject\",\"inLanguage\":\"en-US\",\"@id\":\"https:\/\/pr-ide.de\/#\/schema\/logo\/image\/\",\"url\":\"\",\"contentUrl\":\"\",\"caption\":\"pr-ide\"},\"image\":{\"@id\":\"https:\/\/pr-ide.de\/#\/schema\/logo\/image\/\"},\"sameAs\":[\"https:\/\/www.facebook.com\/prideberlin\/\",\"https:\/\/x.com\/pr_ide\",\"https:\/\/www.linkedin.com\/company\/pr-ide-gbr\/\"]},{\"@type\":\"Person\",\"@id\":\"https:\/\/pr-ide.de\/#\/schema\/person\/7cff3097f838f10886a8ddb4a1dfedce\",\"name\":\"Martina M\u00fcller\",\"image\":{\"@type\":\"ImageObject\",\"inLanguage\":\"en-US\",\"@id\":\"https:\/\/secure.gravatar.com\/avatar\/561aa09b9e87187e01da837e323f730f46e80fa427035fd00502b3dc65ba1dfd?s=96&d=robohash&r=g\",\"url\":\"https:\/\/secure.gravatar.com\/avatar\/561aa09b9e87187e01da837e323f730f46e80fa427035fd00502b3dc65ba1dfd?s=96&d=robohash&r=g\",\"contentUrl\":\"https:\/\/secure.gravatar.com\/avatar\/561aa09b9e87187e01da837e323f730f46e80fa427035fd00502b3dc65ba1dfd?s=96&d=robohash&r=g\",\"caption\":\"Martina M\u00fcller\"},\"description\":\"Martina M\u00fcller; PR Referentin, Berlin Seit 2001 Inhaberin von pr-ide pr &amp; industrial design, studierte Italienisch und Russisch und ist als PR-Referentin zertifiziert. Ihr Schwerpunkt bei pr-ide: Public Relations (klassische Medienarbeit und Aufbau einer Online-Reputation). Ihr Know How steht f\u00fcr kreative Konzepte und professionelle Umsetzung. IhreSt\u00e4rken sind ein ausgepr\u00e4gtes Organisationstalent und eine hohe Effektivit\u00e4t. Sie h\u00e4lt Vortr\u00e4ge und f\u00fchrt Seminar und Workshops zum Thema Online-Marketing durch.\",\"url\":\"https:\/\/pr-ide.de\/en\/blog\/author\/mmueller-2-2-2-2-2\/\"}]}<\/script>\n<!-- \/ Yoast SEO plugin. -->","yoast_head_json":{"title":"Polnische Segelroute mit mehr als 30% Besucherzuwachs 2014 - pr-ide","robots":{"index":"index","follow":"follow","max-snippet":"max-snippet:-1","max-image-preview":"max-image-preview:large","max-video-preview":"max-video-preview:-1"},"canonical":"https:\/\/pr-ide.de\/blog\/2015\/01\/polnische-segelroute-mit-mehr-als-30-besucherzuwachs-2014\/","og_locale":"en_US","og_type":"article","og_title":"Polnische Segelroute mit mehr als 30% Besucherzuwachs 2014 - pr-ide","og_description":"Die Region Westpommern kann sich freuen. Die Marinas der Region verzeichnen einen mehr als 30 %-igen Zuwachs an Bootsfahrern im Jahr 2014. Anfang 2014 \u00fcbernahm pr-ide die \u00d6ffentlichkeitsarbeit f\u00fcr das touristische Produkt Polnische Segelroute, entwickelte die Kommunikationsstrategie und setzte diese [...]","og_url":"https:\/\/pr-ide.de\/blog\/2015\/01\/polnische-segelroute-mit-mehr-als-30-besucherzuwachs-2014\/","og_site_name":"pr-ide","article_publisher":"https:\/\/www.facebook.com\/prideberlin\/","article_published_time":"2015-01-08T15:51:41+00:00","og_image":[{"width":508,"height":403,"url":"https:\/\/pr-ide.de\/wp-content\/uploads\/2014\/07\/50-touristische_etappenregatta.jpg","type":"image\/jpeg"}],"author":"Martina M\u00fcller","twitter_misc":{"Written by":"Martina M\u00fcller"},"schema":{"@context":"https:\/\/schema.org","@graph":[{"@type":"Article","@id":"https:\/\/pr-ide.de\/blog\/2015\/01\/polnische-segelroute-mit-mehr-als-30-besucherzuwachs-2014\/#article","isPartOf":{"@id":"https:\/\/pr-ide.de\/blog\/2015\/01\/polnische-segelroute-mit-mehr-als-30-besucherzuwachs-2014\/"},"author":{"name":"Martina M\u00fcller","@id":"https:\/\/pr-ide.de\/#\/schema\/person\/7cff3097f838f10886a8ddb4a1dfedce"},"headline":"Polnische Segelroute mit mehr als 30% Besucherzuwachs 2014","datePublished":"2015-01-08T15:51:41+00:00","mainEntityOfPage":{"@id":"https:\/\/pr-ide.de\/blog\/2015\/01\/polnische-segelroute-mit-mehr-als-30-besucherzuwachs-2014\/"},"wordCount":76,"commentCount":0,"publisher":{"@id":"https:\/\/pr-ide.de\/#organization"},"image":{"@id":"https:\/\/pr-ide.de\/blog\/2015\/01\/polnische-segelroute-mit-mehr-als-30-besucherzuwachs-2014\/#primaryimage"},"thumbnailUrl":"https:\/\/pr-ide.de\/wp-content\/uploads\/2014\/07\/50-touristische_etappenregatta.jpg","keywords":["Medienarbeit","Polen","Segelroute"],"articleSection":["marina","public relations","tourismus-pr"],"inLanguage":"en-US","potentialAction":[{"@type":"CommentAction","name":"Comment","target":["https:\/\/pr-ide.de\/blog\/2015\/01\/polnische-segelroute-mit-mehr-als-30-besucherzuwachs-2014\/#respond"]}]},{"@type":"WebPage","@id":"https:\/\/pr-ide.de\/blog\/2015\/01\/polnische-segelroute-mit-mehr-als-30-besucherzuwachs-2014\/","url":"https:\/\/pr-ide.de\/blog\/2015\/01\/polnische-segelroute-mit-mehr-als-30-besucherzuwachs-2014\/","name":"Polnische Segelroute mit mehr als 30% Besucherzuwachs 2014 - pr-ide","isPartOf":{"@id":"https:\/\/pr-ide.de\/#website"},"primaryImageOfPage":{"@id":"https:\/\/pr-ide.de\/blog\/2015\/01\/polnische-segelroute-mit-mehr-als-30-besucherzuwachs-2014\/#primaryimage"},"image":{"@id":"https:\/\/pr-ide.de\/blog\/2015\/01\/polnische-segelroute-mit-mehr-als-30-besucherzuwachs-2014\/#primaryimage"},"thumbnailUrl":"https:\/\/pr-ide.de\/wp-content\/uploads\/2014\/07\/50-touristische_etappenregatta.jpg","datePublished":"2015-01-08T15:51:41+00:00","breadcrumb":{"@id":"https:\/\/pr-ide.de\/blog\/2015\/01\/polnische-segelroute-mit-mehr-als-30-besucherzuwachs-2014\/#breadcrumb"},"inLanguage":"en-US","potentialAction":[{"@type":"ReadAction","target":["https:\/\/pr-ide.de\/blog\/2015\/01\/polnische-segelroute-mit-mehr-als-30-besucherzuwachs-2014\/"]}]},{"@type":"ImageObject","inLanguage":"en-US","@id":"https:\/\/pr-ide.de\/blog\/2015\/01\/polnische-segelroute-mit-mehr-als-30-besucherzuwachs-2014\/#primaryimage","url":"https:\/\/pr-ide.de\/wp-content\/uploads\/2014\/07\/50-touristische_etappenregatta.jpg","contentUrl":"https:\/\/pr-ide.de\/wp-content\/uploads\/2014\/07\/50-touristische_etappenregatta.jpg","width":508,"height":403,"caption":"50-touristische_etappenregatta"},{"@type":"BreadcrumbList","@id":"https:\/\/pr-ide.de\/blog\/2015\/01\/polnische-segelroute-mit-mehr-als-30-besucherzuwachs-2014\/#breadcrumb","itemListElement":[{"@type":"ListItem","position":1,"name":"Home","item":"https:\/\/pr-ide.de\/en\/the-agency-for-creative-success\/"},{"@type":"ListItem","position":2,"name":"Polnische Segelroute mit mehr als 30% Besucherzuwachs 2014"}]},{"@type":"WebSite","@id":"https:\/\/pr-ide.de\/#website","url":"https:\/\/pr-ide.de\/","name":"pr-ide","description":"die agentur f\u00fcr kreative erfolge","publisher":{"@id":"https:\/\/pr-ide.de\/#organization"},"potentialAction":[{"@type":"SearchAction","target":{"@type":"EntryPoint","urlTemplate":"https:\/\/pr-ide.de\/?s={search_term_string}"},"query-input":{"@type":"PropertyValueSpecification","valueRequired":true,"valueName":"search_term_string"}}],"inLanguage":"en-US"},{"@type":"Organization","@id":"https:\/\/pr-ide.de\/#organization","name":"pr-ide","url":"https:\/\/pr-ide.de\/","logo":{"@type":"ImageObject","inLanguage":"en-US","@id":"https:\/\/pr-ide.de\/#\/schema\/logo\/image\/","url":"","contentUrl":"","caption":"pr-ide"},"image":{"@id":"https:\/\/pr-ide.de\/#\/schema\/logo\/image\/"},"sameAs":["https:\/\/www.facebook.com\/prideberlin\/","https:\/\/x.com\/pr_ide","https:\/\/www.linkedin.com\/company\/pr-ide-gbr\/"]},{"@type":"Person","@id":"https:\/\/pr-ide.de\/#\/schema\/person\/7cff3097f838f10886a8ddb4a1dfedce","name":"Martina M\u00fcller","image":{"@type":"ImageObject","inLanguage":"en-US","@id":"https:\/\/secure.gravatar.com\/avatar\/561aa09b9e87187e01da837e323f730f46e80fa427035fd00502b3dc65ba1dfd?s=96&d=robohash&r=g","url":"https:\/\/secure.gravatar.com\/avatar\/561aa09b9e87187e01da837e323f730f46e80fa427035fd00502b3dc65ba1dfd?s=96&d=robohash&r=g","contentUrl":"https:\/\/secure.gravatar.com\/avatar\/561aa09b9e87187e01da837e323f730f46e80fa427035fd00502b3dc65ba1dfd?s=96&d=robohash&r=g","caption":"Martina M\u00fcller"},"description":"Martina M\u00fcller; PR Referentin, Berlin Seit 2001 Inhaberin von pr-ide pr &amp; industrial design, studierte Italienisch und Russisch und ist als PR-Referentin zertifiziert. Ihr Schwerpunkt bei pr-ide: Public Relations (klassische Medienarbeit und Aufbau einer Online-Reputation). Ihr Know How steht f\u00fcr kreative Konzepte und professionelle Umsetzung. IhreSt\u00e4rken sind ein ausgepr\u00e4gtes Organisationstalent und eine hohe Effektivit\u00e4t. Sie h\u00e4lt Vortr\u00e4ge und f\u00fchrt Seminar und Workshops zum Thema Online-Marketing durch.","url":"https:\/\/pr-ide.de\/en\/blog\/author\/mmueller-2-2-2-2-2\/"}]}},"jetpack_featured_media_url":"https:\/\/pr-ide.de\/wp-content\/uploads\/2014\/07\/50-touristische_etappenregatta.jpg","jetpack_sharing_enabled":true,"_links":{"self":[{"href":"https:\/\/pr-ide.de\/en\/wp-json\/wp\/v2\/posts\/14631","targetHints":{"allow":["GET"]}}],"collection":[{"href":"https:\/\/pr-ide.de\/en\/wp-json\/wp\/v2\/posts"}],"about":[{"href":"https:\/\/pr-ide.de\/en\/wp-json\/wp\/v2\/types\/post"}],"author":[{"embeddable":true,"href":"https:\/\/pr-ide.de\/en\/wp-json\/wp\/v2\/users\/2"}],"replies":[{"embeddable":true,"href":"https:\/\/pr-ide.de\/en\/wp-json\/wp\/v2\/comments?post=14631"}],"version-history":[{"count":0,"href":"https:\/\/pr-ide.de\/en\/wp-json\/wp\/v2\/posts\/14631\/revisions"}],"wp:featuredmedia":[{"embeddable":true,"href":"https:\/\/pr-ide.de\/en\/wp-json\/wp\/v2\/media\/7365"}],"wp:attachment":[{"href":"https:\/\/pr-ide.de\/en\/wp-json\/wp\/v2\/media?parent=14631"}],"wp:term":[{"taxonomy":"category","embeddable":true,"href":"https:\/\/pr-ide.de\/en\/wp-json\/wp\/v2\/categories?post=14631"},{"taxonomy":"post_tag","embeddable":true,"href":"https:\/\/pr-ide.de\/en\/wp-json\/wp\/v2\/tags?post=14631"}],"curies":[{"name":"wp","href":"https:\/\/api.w.org\/{rel}","templated":true}]}}