{"id":14972,"date":"2015-02-04T12:05:51","date_gmt":"2015-02-04T11:05:51","guid":{"rendered":"http:\/\/pr-ide.de\/?p=14972"},"modified":"2015-02-04T12:05:51","modified_gmt":"2015-02-04T11:05:51","slug":"ist-das-echt-oder-photoshopped","status":"publish","type":"post","link":"https:\/\/pr-ide.de\/en\/blog\/2015\/02\/ist-das-echt-oder-photoshopped\/","title":{"rendered":"Ist das echt oder Photoshopped?"},"content":{"rendered":"<p>Photoshop ist ein geniales Werkzeug. Auch was die Verbreitung des Produktnamens betrifft. W\u00e4ren andere \u00e4hnlich erfolgreich w\u00fcrde man heute nicht Auto fahren sagen, sondern Golfen.<br \/>\nHat nicht sollen sein \u2013 mit dem Produktnamen ist aber auch noch etwas anderes verbunden. Foto\u00e4hnliche Abbildungen, die mit dem eigentlichen Foto nichts mehr zu tun haben.<br \/>\nDabei ist es egal ob Raketen-Abschussstationen in andere L\u00e4nder gephotoshopped werden.<br \/>\nFotomodells dicker, d\u00fcnner, l\u00e4nger oder breiter werden. Pickel verschwinden, neben Hautunebenheiten werde ganze Landstriche weggepixelt.<br \/>\nAus manchen sozialen Plattformen werden Wunderlandschaften gepostet die den Eindruck \u201eSch\u00f6pfer on Drugs\u201c hinterlassen.<br \/>\nUm die Wahrheit zu erkennen braucht man nicht nur ein ge\u00fcbtes Auge \u2013 sondern auch etwas wie gesunden Menschenverstand.<br \/>\nDann klappt es auch mit dem nicht verapfelsined werden..<\/p>\n","protected":false},"excerpt":{"rendered":"<p>Photoshop ist ein geniales Werkzeug. Auch was die Verbreitung des Produktnamens betrifft. W\u00e4ren andere \u00e4hnlich erfolgreich w\u00fcrde man heute nicht Auto fahren sagen, sondern Golfen. Hat nicht sollen sein \u2013 mit dem Produktnamen ist aber auch noch etwas anderes verbunden.  [&#8230;]<\/p>\n","protected":false},"author":15,"featured_media":14973,"comment_status":"open","ping_status":"closed","sticky":false,"template":"","format":"standard","meta":{"_monsterinsights_skip_tracking":false,"_monsterinsights_sitenote_active":false,"_monsterinsights_sitenote_note":"","_monsterinsights_sitenote_category":0,"_jetpack_memberships_contains_paid_content":false,"footnotes":""},"categories":[36],"tags":[1132,1131],"class_list":["post-14972","post","type-post","status-publish","format-standard","has-post-thumbnail","hentry","category-unter-den-scanner-geraten","tag-fake-reality","tag-photoshopped"],"yoast_head":"<!-- This site is optimized with the Yoast SEO plugin v27.2 - https:\/\/yoast.com\/product\/yoast-seo-wordpress\/ -->\n<title>Ist das echt oder Photoshopped? - pr-ide<\/title>\n<meta name=\"robots\" content=\"index, follow, max-snippet:-1, max-image-preview:large, max-video-preview:-1\" \/>\n<link rel=\"canonical\" href=\"https:\/\/pr-ide.de\/blog\/2015\/02\/ist-das-echt-oder-photoshopped\/\" \/>\n<meta property=\"og:locale\" content=\"en_US\" \/>\n<meta property=\"og:type\" content=\"article\" \/>\n<meta property=\"og:title\" content=\"Ist das echt oder Photoshopped? - pr-ide\" \/>\n<meta property=\"og:description\" content=\"Photoshop ist ein geniales Werkzeug. Auch was die Verbreitung des Produktnamens betrifft. W\u00e4ren andere \u00e4hnlich erfolgreich w\u00fcrde man heute nicht Auto fahren sagen, sondern Golfen. Hat nicht sollen sein \u2013 mit dem Produktnamen ist aber auch noch etwas anderes verbunden. [...]\" \/>\n<meta property=\"og:url\" content=\"https:\/\/pr-ide.de\/blog\/2015\/02\/ist-das-echt-oder-photoshopped\/\" \/>\n<meta property=\"og:site_name\" content=\"pr-ide\" \/>\n<meta property=\"article:publisher\" content=\"https:\/\/www.facebook.com\/prideberlin\/\" \/>\n<meta property=\"article:published_time\" content=\"2015-02-04T11:05:51+00:00\" \/>\n<meta property=\"og:image\" content=\"https:\/\/pr-ide.de\/wp-content\/uploads\/2015\/02\/20150131_210909-e1423047913362-rotated.jpg\" \/>\n\t<meta property=\"og:image:width\" content=\"1484\" \/>\n\t<meta property=\"og:image:height\" content=\"1530\" \/>\n\t<meta property=\"og:image:type\" content=\"image\/jpeg\" \/>\n<meta name=\"author\" content=\"Philipp Sack\" \/>\n<meta name=\"twitter:label1\" content=\"Written by\" \/>\n\t<meta name=\"twitter:data1\" content=\"Philipp Sack\" \/>\n\t<meta name=\"twitter:label2\" content=\"Est. reading time\" \/>\n\t<meta name=\"twitter:data2\" content=\"1 minute\" \/>\n<script type=\"application\/ld+json\" class=\"yoast-schema-graph\">{\"@context\":\"https:\/\/schema.org\",\"@graph\":[{\"@type\":\"Article\",\"@id\":\"https:\/\/pr-ide.de\/blog\/2015\/02\/ist-das-echt-oder-photoshopped\/#article\",\"isPartOf\":{\"@id\":\"https:\/\/pr-ide.de\/blog\/2015\/02\/ist-das-echt-oder-photoshopped\/\"},\"author\":{\"name\":\"Philipp Sack\",\"@id\":\"https:\/\/pr-ide.de\/#\/schema\/person\/4bb8cb929d552fc1cd7c49d25ef90093\"},\"headline\":\"Ist das echt oder Photoshopped?\",\"datePublished\":\"2015-02-04T11:05:51+00:00\",\"mainEntityOfPage\":{\"@id\":\"https:\/\/pr-ide.de\/blog\/2015\/02\/ist-das-echt-oder-photoshopped\/\"},\"wordCount\":131,\"commentCount\":2,\"publisher\":{\"@id\":\"https:\/\/pr-ide.de\/#organization\"},\"image\":{\"@id\":\"https:\/\/pr-ide.de\/blog\/2015\/02\/ist-das-echt-oder-photoshopped\/#primaryimage\"},\"thumbnailUrl\":\"https:\/\/pr-ide.de\/wp-content\/uploads\/2015\/02\/20150131_210909-e1423047913362-rotated.jpg\",\"keywords\":[\"Fake Reality\",\"Photoshopped\"],\"articleSection\":[\"Unter den Scanner geraten\"],\"inLanguage\":\"en-US\",\"potentialAction\":[{\"@type\":\"CommentAction\",\"name\":\"Comment\",\"target\":[\"https:\/\/pr-ide.de\/blog\/2015\/02\/ist-das-echt-oder-photoshopped\/#respond\"]}]},{\"@type\":\"WebPage\",\"@id\":\"https:\/\/pr-ide.de\/blog\/2015\/02\/ist-das-echt-oder-photoshopped\/\",\"url\":\"https:\/\/pr-ide.de\/blog\/2015\/02\/ist-das-echt-oder-photoshopped\/\",\"name\":\"Ist das echt oder Photoshopped? - pr-ide\",\"isPartOf\":{\"@id\":\"https:\/\/pr-ide.de\/#website\"},\"primaryImageOfPage\":{\"@id\":\"https:\/\/pr-ide.de\/blog\/2015\/02\/ist-das-echt-oder-photoshopped\/#primaryimage\"},\"image\":{\"@id\":\"https:\/\/pr-ide.de\/blog\/2015\/02\/ist-das-echt-oder-photoshopped\/#primaryimage\"},\"thumbnailUrl\":\"https:\/\/pr-ide.de\/wp-content\/uploads\/2015\/02\/20150131_210909-e1423047913362-rotated.jpg\",\"datePublished\":\"2015-02-04T11:05:51+00:00\",\"breadcrumb\":{\"@id\":\"https:\/\/pr-ide.de\/blog\/2015\/02\/ist-das-echt-oder-photoshopped\/#breadcrumb\"},\"inLanguage\":\"en-US\",\"potentialAction\":[{\"@type\":\"ReadAction\",\"target\":[\"https:\/\/pr-ide.de\/blog\/2015\/02\/ist-das-echt-oder-photoshopped\/\"]}]},{\"@type\":\"ImageObject\",\"inLanguage\":\"en-US\",\"@id\":\"https:\/\/pr-ide.de\/blog\/2015\/02\/ist-das-echt-oder-photoshopped\/#primaryimage\",\"url\":\"https:\/\/pr-ide.de\/wp-content\/uploads\/2015\/02\/20150131_210909-e1423047913362-rotated.jpg\",\"contentUrl\":\"https:\/\/pr-ide.de\/wp-content\/uploads\/2015\/02\/20150131_210909-e1423047913362-rotated.jpg\",\"width\":1484,\"height\":1530,\"caption\":\"Wo liegt der Fehler?\"},{\"@type\":\"BreadcrumbList\",\"@id\":\"https:\/\/pr-ide.de\/blog\/2015\/02\/ist-das-echt-oder-photoshopped\/#breadcrumb\",\"itemListElement\":[{\"@type\":\"ListItem\",\"position\":1,\"name\":\"Home\",\"item\":\"https:\/\/pr-ide.de\/en\/the-agency-for-creative-success\/\"},{\"@type\":\"ListItem\",\"position\":2,\"name\":\"Ist das echt oder Photoshopped?\"}]},{\"@type\":\"WebSite\",\"@id\":\"https:\/\/pr-ide.de\/#website\",\"url\":\"https:\/\/pr-ide.de\/\",\"name\":\"pr-ide\",\"description\":\"die agentur f\u00fcr kreative erfolge\",\"publisher\":{\"@id\":\"https:\/\/pr-ide.de\/#organization\"},\"potentialAction\":[{\"@type\":\"SearchAction\",\"target\":{\"@type\":\"EntryPoint\",\"urlTemplate\":\"https:\/\/pr-ide.de\/?s={search_term_string}\"},\"query-input\":{\"@type\":\"PropertyValueSpecification\",\"valueRequired\":true,\"valueName\":\"search_term_string\"}}],\"inLanguage\":\"en-US\"},{\"@type\":\"Organization\",\"@id\":\"https:\/\/pr-ide.de\/#organization\",\"name\":\"pr-ide\",\"url\":\"https:\/\/pr-ide.de\/\",\"logo\":{\"@type\":\"ImageObject\",\"inLanguage\":\"en-US\",\"@id\":\"https:\/\/pr-ide.de\/#\/schema\/logo\/image\/\",\"url\":\"\",\"contentUrl\":\"\",\"caption\":\"pr-ide\"},\"image\":{\"@id\":\"https:\/\/pr-ide.de\/#\/schema\/logo\/image\/\"},\"sameAs\":[\"https:\/\/www.facebook.com\/prideberlin\/\",\"https:\/\/x.com\/pr_ide\",\"https:\/\/www.linkedin.com\/company\/pr-ide-gbr\/\"]},{\"@type\":\"Person\",\"@id\":\"https:\/\/pr-ide.de\/#\/schema\/person\/4bb8cb929d552fc1cd7c49d25ef90093\",\"name\":\"Philipp Sack\",\"image\":{\"@type\":\"ImageObject\",\"inLanguage\":\"en-US\",\"@id\":\"https:\/\/secure.gravatar.com\/avatar\/e7d041e5f3b6ec52d1f4dcd0266ccdf14a0b7227561f91f92a474ad68a30da9a?s=96&d=robohash&r=g\",\"url\":\"https:\/\/secure.gravatar.com\/avatar\/e7d041e5f3b6ec52d1f4dcd0266ccdf14a0b7227561f91f92a474ad68a30da9a?s=96&d=robohash&r=g\",\"contentUrl\":\"https:\/\/secure.gravatar.com\/avatar\/e7d041e5f3b6ec52d1f4dcd0266ccdf14a0b7227561f91f92a474ad68a30da9a?s=96&d=robohash&r=g\",\"caption\":\"Philipp Sack\"},\"description\":\"CEO und Kreativkopf bei pr-ide. Kreuz und querlenkend, gerne segelnd. Immer auf der Suche nach innovativen L\u00f6sungen - manchmal schon bevor das Problem erkannt wurde.\",\"sameAs\":[\"http:\/\/www.pr-ide.de\",\"https:\/\/www.linkedin.com\/in\/philipp-sack\/\"],\"url\":\"https:\/\/pr-ide.de\/en\/blog\/author\/seesack-2-2-2-2-2-2-2-2-2-2-2-2-2-2-2-2-2-2-2-2\/\"}]}<\/script>\n<!-- \/ Yoast SEO plugin. -->","yoast_head_json":{"title":"Ist das echt oder Photoshopped? - pr-ide","robots":{"index":"index","follow":"follow","max-snippet":"max-snippet:-1","max-image-preview":"max-image-preview:large","max-video-preview":"max-video-preview:-1"},"canonical":"https:\/\/pr-ide.de\/blog\/2015\/02\/ist-das-echt-oder-photoshopped\/","og_locale":"en_US","og_type":"article","og_title":"Ist das echt oder Photoshopped? - pr-ide","og_description":"Photoshop ist ein geniales Werkzeug. Auch was die Verbreitung des Produktnamens betrifft. W\u00e4ren andere \u00e4hnlich erfolgreich w\u00fcrde man heute nicht Auto fahren sagen, sondern Golfen. Hat nicht sollen sein \u2013 mit dem Produktnamen ist aber auch noch etwas anderes verbunden. [...]","og_url":"https:\/\/pr-ide.de\/blog\/2015\/02\/ist-das-echt-oder-photoshopped\/","og_site_name":"pr-ide","article_publisher":"https:\/\/www.facebook.com\/prideberlin\/","article_published_time":"2015-02-04T11:05:51+00:00","og_image":[{"width":1484,"height":1530,"url":"https:\/\/pr-ide.de\/wp-content\/uploads\/2015\/02\/20150131_210909-e1423047913362-rotated.jpg","type":"image\/jpeg"}],"author":"Philipp Sack","twitter_misc":{"Written by":"Philipp Sack","Est. reading time":"1 minute"},"schema":{"@context":"https:\/\/schema.org","@graph":[{"@type":"Article","@id":"https:\/\/pr-ide.de\/blog\/2015\/02\/ist-das-echt-oder-photoshopped\/#article","isPartOf":{"@id":"https:\/\/pr-ide.de\/blog\/2015\/02\/ist-das-echt-oder-photoshopped\/"},"author":{"name":"Philipp Sack","@id":"https:\/\/pr-ide.de\/#\/schema\/person\/4bb8cb929d552fc1cd7c49d25ef90093"},"headline":"Ist das echt oder Photoshopped?","datePublished":"2015-02-04T11:05:51+00:00","mainEntityOfPage":{"@id":"https:\/\/pr-ide.de\/blog\/2015\/02\/ist-das-echt-oder-photoshopped\/"},"wordCount":131,"commentCount":2,"publisher":{"@id":"https:\/\/pr-ide.de\/#organization"},"image":{"@id":"https:\/\/pr-ide.de\/blog\/2015\/02\/ist-das-echt-oder-photoshopped\/#primaryimage"},"thumbnailUrl":"https:\/\/pr-ide.de\/wp-content\/uploads\/2015\/02\/20150131_210909-e1423047913362-rotated.jpg","keywords":["Fake Reality","Photoshopped"],"articleSection":["Unter den Scanner geraten"],"inLanguage":"en-US","potentialAction":[{"@type":"CommentAction","name":"Comment","target":["https:\/\/pr-ide.de\/blog\/2015\/02\/ist-das-echt-oder-photoshopped\/#respond"]}]},{"@type":"WebPage","@id":"https:\/\/pr-ide.de\/blog\/2015\/02\/ist-das-echt-oder-photoshopped\/","url":"https:\/\/pr-ide.de\/blog\/2015\/02\/ist-das-echt-oder-photoshopped\/","name":"Ist das echt oder Photoshopped? - pr-ide","isPartOf":{"@id":"https:\/\/pr-ide.de\/#website"},"primaryImageOfPage":{"@id":"https:\/\/pr-ide.de\/blog\/2015\/02\/ist-das-echt-oder-photoshopped\/#primaryimage"},"image":{"@id":"https:\/\/pr-ide.de\/blog\/2015\/02\/ist-das-echt-oder-photoshopped\/#primaryimage"},"thumbnailUrl":"https:\/\/pr-ide.de\/wp-content\/uploads\/2015\/02\/20150131_210909-e1423047913362-rotated.jpg","datePublished":"2015-02-04T11:05:51+00:00","breadcrumb":{"@id":"https:\/\/pr-ide.de\/blog\/2015\/02\/ist-das-echt-oder-photoshopped\/#breadcrumb"},"inLanguage":"en-US","potentialAction":[{"@type":"ReadAction","target":["https:\/\/pr-ide.de\/blog\/2015\/02\/ist-das-echt-oder-photoshopped\/"]}]},{"@type":"ImageObject","inLanguage":"en-US","@id":"https:\/\/pr-ide.de\/blog\/2015\/02\/ist-das-echt-oder-photoshopped\/#primaryimage","url":"https:\/\/pr-ide.de\/wp-content\/uploads\/2015\/02\/20150131_210909-e1423047913362-rotated.jpg","contentUrl":"https:\/\/pr-ide.de\/wp-content\/uploads\/2015\/02\/20150131_210909-e1423047913362-rotated.jpg","width":1484,"height":1530,"caption":"Wo liegt der Fehler?"},{"@type":"BreadcrumbList","@id":"https:\/\/pr-ide.de\/blog\/2015\/02\/ist-das-echt-oder-photoshopped\/#breadcrumb","itemListElement":[{"@type":"ListItem","position":1,"name":"Home","item":"https:\/\/pr-ide.de\/en\/the-agency-for-creative-success\/"},{"@type":"ListItem","position":2,"name":"Ist das echt oder Photoshopped?"}]},{"@type":"WebSite","@id":"https:\/\/pr-ide.de\/#website","url":"https:\/\/pr-ide.de\/","name":"pr-ide","description":"die agentur f\u00fcr kreative erfolge","publisher":{"@id":"https:\/\/pr-ide.de\/#organization"},"potentialAction":[{"@type":"SearchAction","target":{"@type":"EntryPoint","urlTemplate":"https:\/\/pr-ide.de\/?s={search_term_string}"},"query-input":{"@type":"PropertyValueSpecification","valueRequired":true,"valueName":"search_term_string"}}],"inLanguage":"en-US"},{"@type":"Organization","@id":"https:\/\/pr-ide.de\/#organization","name":"pr-ide","url":"https:\/\/pr-ide.de\/","logo":{"@type":"ImageObject","inLanguage":"en-US","@id":"https:\/\/pr-ide.de\/#\/schema\/logo\/image\/","url":"","contentUrl":"","caption":"pr-ide"},"image":{"@id":"https:\/\/pr-ide.de\/#\/schema\/logo\/image\/"},"sameAs":["https:\/\/www.facebook.com\/prideberlin\/","https:\/\/x.com\/pr_ide","https:\/\/www.linkedin.com\/company\/pr-ide-gbr\/"]},{"@type":"Person","@id":"https:\/\/pr-ide.de\/#\/schema\/person\/4bb8cb929d552fc1cd7c49d25ef90093","name":"Philipp Sack","image":{"@type":"ImageObject","inLanguage":"en-US","@id":"https:\/\/secure.gravatar.com\/avatar\/e7d041e5f3b6ec52d1f4dcd0266ccdf14a0b7227561f91f92a474ad68a30da9a?s=96&d=robohash&r=g","url":"https:\/\/secure.gravatar.com\/avatar\/e7d041e5f3b6ec52d1f4dcd0266ccdf14a0b7227561f91f92a474ad68a30da9a?s=96&d=robohash&r=g","contentUrl":"https:\/\/secure.gravatar.com\/avatar\/e7d041e5f3b6ec52d1f4dcd0266ccdf14a0b7227561f91f92a474ad68a30da9a?s=96&d=robohash&r=g","caption":"Philipp Sack"},"description":"CEO und Kreativkopf bei pr-ide. Kreuz und querlenkend, gerne segelnd. Immer auf der Suche nach innovativen L\u00f6sungen - manchmal schon bevor das Problem erkannt wurde.","sameAs":["http:\/\/www.pr-ide.de","https:\/\/www.linkedin.com\/in\/philipp-sack\/"],"url":"https:\/\/pr-ide.de\/en\/blog\/author\/seesack-2-2-2-2-2-2-2-2-2-2-2-2-2-2-2-2-2-2-2-2\/"}]}},"jetpack_featured_media_url":"https:\/\/pr-ide.de\/wp-content\/uploads\/2015\/02\/20150131_210909-e1423047913362-rotated.jpg","jetpack_sharing_enabled":true,"_links":{"self":[{"href":"https:\/\/pr-ide.de\/en\/wp-json\/wp\/v2\/posts\/14972","targetHints":{"allow":["GET"]}}],"collection":[{"href":"https:\/\/pr-ide.de\/en\/wp-json\/wp\/v2\/posts"}],"about":[{"href":"https:\/\/pr-ide.de\/en\/wp-json\/wp\/v2\/types\/post"}],"author":[{"embeddable":true,"href":"https:\/\/pr-ide.de\/en\/wp-json\/wp\/v2\/users\/15"}],"replies":[{"embeddable":true,"href":"https:\/\/pr-ide.de\/en\/wp-json\/wp\/v2\/comments?post=14972"}],"version-history":[{"count":0,"href":"https:\/\/pr-ide.de\/en\/wp-json\/wp\/v2\/posts\/14972\/revisions"}],"wp:featuredmedia":[{"embeddable":true,"href":"https:\/\/pr-ide.de\/en\/wp-json\/wp\/v2\/media\/14973"}],"wp:attachment":[{"href":"https:\/\/pr-ide.de\/en\/wp-json\/wp\/v2\/media?parent=14972"}],"wp:term":[{"taxonomy":"category","embeddable":true,"href":"https:\/\/pr-ide.de\/en\/wp-json\/wp\/v2\/categories?post=14972"},{"taxonomy":"post_tag","embeddable":true,"href":"https:\/\/pr-ide.de\/en\/wp-json\/wp\/v2\/tags?post=14972"}],"curies":[{"name":"wp","href":"https:\/\/api.w.org\/{rel}","templated":true}]}}