{"id":15569,"date":"2015-04-27T19:28:57","date_gmt":"2015-04-27T18:28:57","guid":{"rendered":"http:\/\/pr-ide.de\/?p=15569"},"modified":"2015-04-27T19:28:57","modified_gmt":"2015-04-27T18:28:57","slug":"erlkoenig","status":"publish","type":"post","link":"https:\/\/pr-ide.de\/en\/blog\/2015\/04\/erlkoenig\/","title":{"rendered":"Erlk\u00f6nig"},"content":{"rendered":"<blockquote><p><i>Wer reitet so sp\u00e4t durch Nacht und Wind? Es ist der Vater mit seinem Kind!<\/i><\/p><\/blockquote>\n<p>So das Original. Der Begriff Erlk\u00f6nig wird aber auch f\u00fcr Prototypen in der Automobilindustrie verwendet. Grund daf\u00fcr ist das zwei Journalisten einer bekannten Auto Zeitung die Bildunterschriften ihrer gesammelten Prototypen Fotos etwas entsch\u00e4rfen wollten, in dem sie diese in Reimform \u00e4hnlich des Erlk\u00f6nig Poems verfassten. Damit sollte der Groll der Automobilindustrie etwas ged\u00e4mpft werden.<\/p>\n<p>Den gesch\u00e4tzten Lesern erspare\u00a0ich meine Reimk\u00fcnste &#8211; das war dann auch kein Prototype der neben der Agenturschrankwand lang rollerte, liebe Design Kollegen bei AUDIMAZDABMWDAIMLERVW. Ich denke da hat einfach jemand zu viel Klebeband im Baumarkt erworben und wusste sich nicht anders zu helfen bei der Entsorgung ;)<\/p>\n","protected":false},"excerpt":{"rendered":"<p>Wer reitet so sp\u00e4t durch Nacht und Wind? Es ist der Vater mit seinem Kind! So das Original. Der Begriff Erlk\u00f6nig wird aber auch f\u00fcr Prototypen in der Automobilindustrie verwendet. Grund daf\u00fcr ist das zwei Journalisten einer bekannten Auto Zeitung  [&#8230;]<\/p>\n","protected":false},"author":15,"featured_media":15570,"comment_status":"open","ping_status":"closed","sticky":false,"template":"","format":"standard","meta":{"_monsterinsights_skip_tracking":false,"_monsterinsights_sitenote_active":false,"_monsterinsights_sitenote_note":"","_monsterinsights_sitenote_category":0,"_jetpack_memberships_contains_paid_content":false,"footnotes":""},"categories":[71,817,1034,38,36,329],"tags":[1293,1298,1226,1228,1227],"class_list":["post-15569","post","type-post","status-publish","format-standard","has-post-thumbnail","hentry","category-designideen","category-die-welt-erklaert","category-neues-aus-der-buchstabenfabrik","category-pr-ide-leaks","category-unter-den-scanner-geraten","category-zu-wahr-um-schon-zu-sein","tag-berlin","tag-design","tag-erlkoenig","tag-prototyp","tag-stadtring"],"yoast_head":"<!-- This site is optimized with the Yoast SEO plugin v27.2 - https:\/\/yoast.com\/product\/yoast-seo-wordpress\/ -->\n<title>Erlk\u00f6nig - pr-ide<\/title>\n<meta name=\"robots\" content=\"index, follow, max-snippet:-1, max-image-preview:large, max-video-preview:-1\" \/>\n<link rel=\"canonical\" href=\"https:\/\/pr-ide.de\/blog\/2015\/04\/erlkoenig\/\" \/>\n<meta property=\"og:locale\" content=\"en_US\" \/>\n<meta property=\"og:type\" content=\"article\" \/>\n<meta property=\"og:title\" content=\"Erlk\u00f6nig - pr-ide\" \/>\n<meta property=\"og:description\" content=\"Wer reitet so sp\u00e4t durch Nacht und Wind? Es ist der Vater mit seinem Kind! So das Original. Der Begriff Erlk\u00f6nig wird aber auch f\u00fcr Prototypen in der Automobilindustrie verwendet. Grund daf\u00fcr ist das zwei Journalisten einer bekannten Auto Zeitung [...]\" \/>\n<meta property=\"og:url\" content=\"https:\/\/pr-ide.de\/blog\/2015\/04\/erlkoenig\/\" \/>\n<meta property=\"og:site_name\" content=\"pr-ide\" \/>\n<meta property=\"article:publisher\" content=\"https:\/\/www.facebook.com\/prideberlin\/\" \/>\n<meta property=\"article:published_time\" content=\"2015-04-27T18:28:57+00:00\" \/>\n<meta property=\"og:image\" content=\"https:\/\/pr-ide.de\/wp-content\/uploads\/2015\/04\/erlk\u00f6nig.jpg\" \/>\n\t<meta property=\"og:image:width\" content=\"1154\" \/>\n\t<meta property=\"og:image:height\" content=\"750\" \/>\n\t<meta property=\"og:image:type\" content=\"image\/jpeg\" \/>\n<meta name=\"author\" content=\"Philipp Sack\" \/>\n<meta name=\"twitter:label1\" content=\"Written by\" \/>\n\t<meta name=\"twitter:data1\" content=\"Philipp Sack\" \/>\n\t<meta name=\"twitter:label2\" content=\"Est. reading time\" \/>\n\t<meta name=\"twitter:data2\" content=\"1 minute\" \/>\n<script type=\"application\/ld+json\" class=\"yoast-schema-graph\">{\"@context\":\"https:\/\/schema.org\",\"@graph\":[{\"@type\":\"Article\",\"@id\":\"https:\/\/pr-ide.de\/blog\/2015\/04\/erlkoenig\/#article\",\"isPartOf\":{\"@id\":\"https:\/\/pr-ide.de\/blog\/2015\/04\/erlkoenig\/\"},\"author\":{\"name\":\"Philipp Sack\",\"@id\":\"https:\/\/pr-ide.de\/#\/schema\/person\/4bb8cb929d552fc1cd7c49d25ef90093\"},\"headline\":\"Erlk\u00f6nig\",\"datePublished\":\"2015-04-27T18:28:57+00:00\",\"mainEntityOfPage\":{\"@id\":\"https:\/\/pr-ide.de\/blog\/2015\/04\/erlkoenig\/\"},\"wordCount\":127,\"commentCount\":1,\"publisher\":{\"@id\":\"https:\/\/pr-ide.de\/#organization\"},\"image\":{\"@id\":\"https:\/\/pr-ide.de\/blog\/2015\/04\/erlkoenig\/#primaryimage\"},\"thumbnailUrl\":\"https:\/\/pr-ide.de\/wp-content\/uploads\/2015\/04\/erlk\u00f6nig.jpg\",\"keywords\":[\"Berlin\",\"Design\",\"erlk\u00f6nig\",\"prototyp\",\"stadtring\"],\"articleSection\":[\"Designideen\",\"Die Welt erkl\u00e4rt!\",\"Neues aus der Buchstabenfabrik.\",\"pr-ide leaks\",\"Unter den Scanner geraten\",\"Zu wahr um sch\u00f6n zu sein!\"],\"inLanguage\":\"en-US\",\"potentialAction\":[{\"@type\":\"CommentAction\",\"name\":\"Comment\",\"target\":[\"https:\/\/pr-ide.de\/blog\/2015\/04\/erlkoenig\/#respond\"]}]},{\"@type\":\"WebPage\",\"@id\":\"https:\/\/pr-ide.de\/blog\/2015\/04\/erlkoenig\/\",\"url\":\"https:\/\/pr-ide.de\/blog\/2015\/04\/erlkoenig\/\",\"name\":\"Erlk\u00f6nig - pr-ide\",\"isPartOf\":{\"@id\":\"https:\/\/pr-ide.de\/#website\"},\"primaryImageOfPage\":{\"@id\":\"https:\/\/pr-ide.de\/blog\/2015\/04\/erlkoenig\/#primaryimage\"},\"image\":{\"@id\":\"https:\/\/pr-ide.de\/blog\/2015\/04\/erlkoenig\/#primaryimage\"},\"thumbnailUrl\":\"https:\/\/pr-ide.de\/wp-content\/uploads\/2015\/04\/erlk\u00f6nig.jpg\",\"datePublished\":\"2015-04-27T18:28:57+00:00\",\"breadcrumb\":{\"@id\":\"https:\/\/pr-ide.de\/blog\/2015\/04\/erlkoenig\/#breadcrumb\"},\"inLanguage\":\"en-US\",\"potentialAction\":[{\"@type\":\"ReadAction\",\"target\":[\"https:\/\/pr-ide.de\/blog\/2015\/04\/erlkoenig\/\"]}]},{\"@type\":\"ImageObject\",\"inLanguage\":\"en-US\",\"@id\":\"https:\/\/pr-ide.de\/blog\/2015\/04\/erlkoenig\/#primaryimage\",\"url\":\"https:\/\/pr-ide.de\/wp-content\/uploads\/2015\/04\/erlk\u00f6nig.jpg\",\"contentUrl\":\"https:\/\/pr-ide.de\/wp-content\/uploads\/2015\/04\/erlk\u00f6nig.jpg\",\"width\":1154,\"height\":750,\"caption\":\"erlk\u00f6nig\"},{\"@type\":\"BreadcrumbList\",\"@id\":\"https:\/\/pr-ide.de\/blog\/2015\/04\/erlkoenig\/#breadcrumb\",\"itemListElement\":[{\"@type\":\"ListItem\",\"position\":1,\"name\":\"Home\",\"item\":\"https:\/\/pr-ide.de\/en\/the-agency-for-creative-success\/\"},{\"@type\":\"ListItem\",\"position\":2,\"name\":\"Erlk\u00f6nig\"}]},{\"@type\":\"WebSite\",\"@id\":\"https:\/\/pr-ide.de\/#website\",\"url\":\"https:\/\/pr-ide.de\/\",\"name\":\"pr-ide\",\"description\":\"die agentur f\u00fcr kreative erfolge\",\"publisher\":{\"@id\":\"https:\/\/pr-ide.de\/#organization\"},\"potentialAction\":[{\"@type\":\"SearchAction\",\"target\":{\"@type\":\"EntryPoint\",\"urlTemplate\":\"https:\/\/pr-ide.de\/?s={search_term_string}\"},\"query-input\":{\"@type\":\"PropertyValueSpecification\",\"valueRequired\":true,\"valueName\":\"search_term_string\"}}],\"inLanguage\":\"en-US\"},{\"@type\":\"Organization\",\"@id\":\"https:\/\/pr-ide.de\/#organization\",\"name\":\"pr-ide\",\"url\":\"https:\/\/pr-ide.de\/\",\"logo\":{\"@type\":\"ImageObject\",\"inLanguage\":\"en-US\",\"@id\":\"https:\/\/pr-ide.de\/#\/schema\/logo\/image\/\",\"url\":\"\",\"contentUrl\":\"\",\"caption\":\"pr-ide\"},\"image\":{\"@id\":\"https:\/\/pr-ide.de\/#\/schema\/logo\/image\/\"},\"sameAs\":[\"https:\/\/www.facebook.com\/prideberlin\/\",\"https:\/\/x.com\/pr_ide\",\"https:\/\/www.linkedin.com\/company\/pr-ide-gbr\/\"]},{\"@type\":\"Person\",\"@id\":\"https:\/\/pr-ide.de\/#\/schema\/person\/4bb8cb929d552fc1cd7c49d25ef90093\",\"name\":\"Philipp Sack\",\"image\":{\"@type\":\"ImageObject\",\"inLanguage\":\"en-US\",\"@id\":\"https:\/\/secure.gravatar.com\/avatar\/e7d041e5f3b6ec52d1f4dcd0266ccdf14a0b7227561f91f92a474ad68a30da9a?s=96&d=robohash&r=g\",\"url\":\"https:\/\/secure.gravatar.com\/avatar\/e7d041e5f3b6ec52d1f4dcd0266ccdf14a0b7227561f91f92a474ad68a30da9a?s=96&d=robohash&r=g\",\"contentUrl\":\"https:\/\/secure.gravatar.com\/avatar\/e7d041e5f3b6ec52d1f4dcd0266ccdf14a0b7227561f91f92a474ad68a30da9a?s=96&d=robohash&r=g\",\"caption\":\"Philipp Sack\"},\"description\":\"CEO und Kreativkopf bei pr-ide. Kreuz und querlenkend, gerne segelnd. Immer auf der Suche nach innovativen L\u00f6sungen - manchmal schon bevor das Problem erkannt wurde.\",\"sameAs\":[\"http:\/\/www.pr-ide.de\",\"https:\/\/www.linkedin.com\/in\/philipp-sack\/\"],\"url\":\"https:\/\/pr-ide.de\/en\/blog\/author\/seesack-2-2-2-2-2-2-2-2-2-2-2-2-2-2-2-2-2-2-2-2\/\"}]}<\/script>\n<!-- \/ Yoast SEO plugin. -->","yoast_head_json":{"title":"Erlk\u00f6nig - pr-ide","robots":{"index":"index","follow":"follow","max-snippet":"max-snippet:-1","max-image-preview":"max-image-preview:large","max-video-preview":"max-video-preview:-1"},"canonical":"https:\/\/pr-ide.de\/blog\/2015\/04\/erlkoenig\/","og_locale":"en_US","og_type":"article","og_title":"Erlk\u00f6nig - pr-ide","og_description":"Wer reitet so sp\u00e4t durch Nacht und Wind? Es ist der Vater mit seinem Kind! So das Original. Der Begriff Erlk\u00f6nig wird aber auch f\u00fcr Prototypen in der Automobilindustrie verwendet. Grund daf\u00fcr ist das zwei Journalisten einer bekannten Auto Zeitung [...]","og_url":"https:\/\/pr-ide.de\/blog\/2015\/04\/erlkoenig\/","og_site_name":"pr-ide","article_publisher":"https:\/\/www.facebook.com\/prideberlin\/","article_published_time":"2015-04-27T18:28:57+00:00","og_image":[{"width":1154,"height":750,"url":"https:\/\/pr-ide.de\/wp-content\/uploads\/2015\/04\/erlk\u00f6nig.jpg","type":"image\/jpeg"}],"author":"Philipp Sack","twitter_misc":{"Written by":"Philipp Sack","Est. reading time":"1 minute"},"schema":{"@context":"https:\/\/schema.org","@graph":[{"@type":"Article","@id":"https:\/\/pr-ide.de\/blog\/2015\/04\/erlkoenig\/#article","isPartOf":{"@id":"https:\/\/pr-ide.de\/blog\/2015\/04\/erlkoenig\/"},"author":{"name":"Philipp Sack","@id":"https:\/\/pr-ide.de\/#\/schema\/person\/4bb8cb929d552fc1cd7c49d25ef90093"},"headline":"Erlk\u00f6nig","datePublished":"2015-04-27T18:28:57+00:00","mainEntityOfPage":{"@id":"https:\/\/pr-ide.de\/blog\/2015\/04\/erlkoenig\/"},"wordCount":127,"commentCount":1,"publisher":{"@id":"https:\/\/pr-ide.de\/#organization"},"image":{"@id":"https:\/\/pr-ide.de\/blog\/2015\/04\/erlkoenig\/#primaryimage"},"thumbnailUrl":"https:\/\/pr-ide.de\/wp-content\/uploads\/2015\/04\/erlk\u00f6nig.jpg","keywords":["Berlin","Design","erlk\u00f6nig","prototyp","stadtring"],"articleSection":["Designideen","Die Welt erkl\u00e4rt!","Neues aus der Buchstabenfabrik.","pr-ide leaks","Unter den Scanner geraten","Zu wahr um sch\u00f6n zu sein!"],"inLanguage":"en-US","potentialAction":[{"@type":"CommentAction","name":"Comment","target":["https:\/\/pr-ide.de\/blog\/2015\/04\/erlkoenig\/#respond"]}]},{"@type":"WebPage","@id":"https:\/\/pr-ide.de\/blog\/2015\/04\/erlkoenig\/","url":"https:\/\/pr-ide.de\/blog\/2015\/04\/erlkoenig\/","name":"Erlk\u00f6nig - pr-ide","isPartOf":{"@id":"https:\/\/pr-ide.de\/#website"},"primaryImageOfPage":{"@id":"https:\/\/pr-ide.de\/blog\/2015\/04\/erlkoenig\/#primaryimage"},"image":{"@id":"https:\/\/pr-ide.de\/blog\/2015\/04\/erlkoenig\/#primaryimage"},"thumbnailUrl":"https:\/\/pr-ide.de\/wp-content\/uploads\/2015\/04\/erlk\u00f6nig.jpg","datePublished":"2015-04-27T18:28:57+00:00","breadcrumb":{"@id":"https:\/\/pr-ide.de\/blog\/2015\/04\/erlkoenig\/#breadcrumb"},"inLanguage":"en-US","potentialAction":[{"@type":"ReadAction","target":["https:\/\/pr-ide.de\/blog\/2015\/04\/erlkoenig\/"]}]},{"@type":"ImageObject","inLanguage":"en-US","@id":"https:\/\/pr-ide.de\/blog\/2015\/04\/erlkoenig\/#primaryimage","url":"https:\/\/pr-ide.de\/wp-content\/uploads\/2015\/04\/erlk\u00f6nig.jpg","contentUrl":"https:\/\/pr-ide.de\/wp-content\/uploads\/2015\/04\/erlk\u00f6nig.jpg","width":1154,"height":750,"caption":"erlk\u00f6nig"},{"@type":"BreadcrumbList","@id":"https:\/\/pr-ide.de\/blog\/2015\/04\/erlkoenig\/#breadcrumb","itemListElement":[{"@type":"ListItem","position":1,"name":"Home","item":"https:\/\/pr-ide.de\/en\/the-agency-for-creative-success\/"},{"@type":"ListItem","position":2,"name":"Erlk\u00f6nig"}]},{"@type":"WebSite","@id":"https:\/\/pr-ide.de\/#website","url":"https:\/\/pr-ide.de\/","name":"pr-ide","description":"die agentur f\u00fcr kreative erfolge","publisher":{"@id":"https:\/\/pr-ide.de\/#organization"},"potentialAction":[{"@type":"SearchAction","target":{"@type":"EntryPoint","urlTemplate":"https:\/\/pr-ide.de\/?s={search_term_string}"},"query-input":{"@type":"PropertyValueSpecification","valueRequired":true,"valueName":"search_term_string"}}],"inLanguage":"en-US"},{"@type":"Organization","@id":"https:\/\/pr-ide.de\/#organization","name":"pr-ide","url":"https:\/\/pr-ide.de\/","logo":{"@type":"ImageObject","inLanguage":"en-US","@id":"https:\/\/pr-ide.de\/#\/schema\/logo\/image\/","url":"","contentUrl":"","caption":"pr-ide"},"image":{"@id":"https:\/\/pr-ide.de\/#\/schema\/logo\/image\/"},"sameAs":["https:\/\/www.facebook.com\/prideberlin\/","https:\/\/x.com\/pr_ide","https:\/\/www.linkedin.com\/company\/pr-ide-gbr\/"]},{"@type":"Person","@id":"https:\/\/pr-ide.de\/#\/schema\/person\/4bb8cb929d552fc1cd7c49d25ef90093","name":"Philipp Sack","image":{"@type":"ImageObject","inLanguage":"en-US","@id":"https:\/\/secure.gravatar.com\/avatar\/e7d041e5f3b6ec52d1f4dcd0266ccdf14a0b7227561f91f92a474ad68a30da9a?s=96&d=robohash&r=g","url":"https:\/\/secure.gravatar.com\/avatar\/e7d041e5f3b6ec52d1f4dcd0266ccdf14a0b7227561f91f92a474ad68a30da9a?s=96&d=robohash&r=g","contentUrl":"https:\/\/secure.gravatar.com\/avatar\/e7d041e5f3b6ec52d1f4dcd0266ccdf14a0b7227561f91f92a474ad68a30da9a?s=96&d=robohash&r=g","caption":"Philipp Sack"},"description":"CEO und Kreativkopf bei pr-ide. Kreuz und querlenkend, gerne segelnd. Immer auf der Suche nach innovativen L\u00f6sungen - manchmal schon bevor das Problem erkannt wurde.","sameAs":["http:\/\/www.pr-ide.de","https:\/\/www.linkedin.com\/in\/philipp-sack\/"],"url":"https:\/\/pr-ide.de\/en\/blog\/author\/seesack-2-2-2-2-2-2-2-2-2-2-2-2-2-2-2-2-2-2-2-2\/"}]}},"jetpack_featured_media_url":"https:\/\/pr-ide.de\/wp-content\/uploads\/2015\/04\/erlk\u00f6nig.jpg","jetpack_sharing_enabled":true,"_links":{"self":[{"href":"https:\/\/pr-ide.de\/en\/wp-json\/wp\/v2\/posts\/15569","targetHints":{"allow":["GET"]}}],"collection":[{"href":"https:\/\/pr-ide.de\/en\/wp-json\/wp\/v2\/posts"}],"about":[{"href":"https:\/\/pr-ide.de\/en\/wp-json\/wp\/v2\/types\/post"}],"author":[{"embeddable":true,"href":"https:\/\/pr-ide.de\/en\/wp-json\/wp\/v2\/users\/15"}],"replies":[{"embeddable":true,"href":"https:\/\/pr-ide.de\/en\/wp-json\/wp\/v2\/comments?post=15569"}],"version-history":[{"count":0,"href":"https:\/\/pr-ide.de\/en\/wp-json\/wp\/v2\/posts\/15569\/revisions"}],"wp:featuredmedia":[{"embeddable":true,"href":"https:\/\/pr-ide.de\/en\/wp-json\/wp\/v2\/media\/15570"}],"wp:attachment":[{"href":"https:\/\/pr-ide.de\/en\/wp-json\/wp\/v2\/media?parent=15569"}],"wp:term":[{"taxonomy":"category","embeddable":true,"href":"https:\/\/pr-ide.de\/en\/wp-json\/wp\/v2\/categories?post=15569"},{"taxonomy":"post_tag","embeddable":true,"href":"https:\/\/pr-ide.de\/en\/wp-json\/wp\/v2\/tags?post=15569"}],"curies":[{"name":"wp","href":"https:\/\/api.w.org\/{rel}","templated":true}]}}