{"id":15910,"date":"2015-09-14T09:11:06","date_gmt":"2015-09-14T08:11:06","guid":{"rendered":"http:\/\/pr-ide.de\/?p=15910"},"modified":"2015-09-14T11:26:08","modified_gmt":"2015-09-14T10:26:08","slug":"werbung-macht-dick-design-macht-klug","status":"publish","type":"post","link":"https:\/\/pr-ide.de\/en\/blog\/2015\/09\/werbung-macht-dick-design-macht-klug\/","title":{"rendered":"Werbung macht dick! Design macht Klug!"},"content":{"rendered":"<p><span style=\"color: #000000; font-family: Calibri;\">Nun kommt es langsam raus \u2013 nicht der Zucker in der Limo, die Kalorien im Schokoriegel oder das Fett im Burger machen fett. Es ist die Werbung!<\/span><\/p>\n<p><span style=\"color: #000000; font-family: Calibri;\">Ganz klar, wenn keiner sagt: trinkt s\u00fc\u00dfe Brause, fresst fette Burger und stopft klebrige Schokoriegel hinterher, dann, ja dann wird auch kein Bundesburger zu dick und die Kinder kullern nicht mehr zur Kita.<\/span><\/p>\n<p><span style=\"color: #000000; font-family: Calibri;\">So etwas kann man sich wahrscheinlich nur ausdenken, wenn man ein Auto hat das piepst wenn man zu nahe an etwas r\u00fcckw\u00e4rts ran f\u00e4hrt, wo im Au\u00dfenspiegel angezeigt wird das der Fahrspurwechsel jetzt unter dem Brummi enden w\u00fcrde und gerade in tiefer Trauer ist. Es stand ja nicht auf dem W\u00e4schetrockner dass dieser \u2013 auch im Schonprogramm &#8211; nicht f\u00fcr nasse Hunde geeignet ist.<\/span><\/p>\n<p><span style=\"color: #000000; font-family: Calibri;\">Wenn man alternativ auch eigenst\u00e4ndiges denken und Verantwortungsbewusstsein setzen w\u00fcrde, dieses vielleicht auch schulen t\u00e4te, dann br\u00e4uchte man sich nicht mit der Schaffung neuer Verbote zu besch\u00e4ftigen.<\/span><\/p>\n<p><span style=\"color: #000000; font-family: Calibri;\">Wenn die Werbung f\u00fcr s\u00fc\u00dfe Limo verboten wird \u2013 was kommt danach? <\/span><\/p>\n<p><span style=\"color: #000000; font-family: Calibri;\">Zu langes Sitzen f\u00fchrt zu Kreislaufversagen \u2013 harte Zeiten f\u00fcr Sitzm\u00f6belhersteller und deren Werbeagenturen!<\/span><\/p>\n<p><span style=\"color: #000000; font-family: Calibri;\">Ein Gro\u00dfteil aller t\u00f6dlichen Verkehrsunf\u00e4llen wird durch PKW verursacht, ein Grund mehr hier keine Werbung mehr zu betreiben.<\/span><\/p>\n<p><span style=\"color: #000000; font-family: Calibri;\">Wie viele \u2013 teilweise sehr Schmerzhafte teilweise auch lebensbedrohliche \u2013 werden durch Schneidwerkzeuge in der K\u00fcche bei der Zubereitung von Speisen verursacht! Schon daher sollten alle Kochshows verboten werden!! ;)<\/span><\/p>\n<p><span style=\"color: #000000; font-family: Calibri;\">\u00a0<\/span><\/p>\n","protected":false},"excerpt":{"rendered":"<p>Nun kommt es langsam raus \u2013 nicht der Zucker in der Limo, die Kalorien im Schokoriegel oder das Fett im Burger machen fett. Es ist die Werbung! Ganz klar, wenn keiner sagt: trinkt s\u00fc\u00dfe Brause, fresst fette Burger und stopft  [&#8230;]<\/p>\n","protected":false},"author":15,"featured_media":15911,"comment_status":"open","ping_status":"closed","sticky":false,"template":"","format":"standard","meta":{"_monsterinsights_skip_tracking":false,"_monsterinsights_sitenote_active":false,"_monsterinsights_sitenote_note":"","_monsterinsights_sitenote_category":0,"_jetpack_memberships_contains_paid_content":false,"footnotes":""},"categories":[817,368,36],"tags":[1343,394,77],"class_list":["post-15910","post","type-post","status-publish","format-standard","has-post-thumbnail","hentry","category-die-welt-erklaert","category-wie-es-hatte-sein-konnen","category-unter-den-scanner-geraten","tag-food","tag-kochen","tag-werbung"],"yoast_head":"<!-- This site is optimized with the Yoast SEO plugin v27.2 - https:\/\/yoast.com\/product\/yoast-seo-wordpress\/ -->\n<title>Werbung macht dick! Design macht Klug! - pr-ide<\/title>\n<meta name=\"robots\" content=\"index, follow, max-snippet:-1, max-image-preview:large, max-video-preview:-1\" \/>\n<link rel=\"canonical\" href=\"https:\/\/pr-ide.de\/blog\/2015\/09\/werbung-macht-dick-design-macht-klug\/\" \/>\n<meta property=\"og:locale\" content=\"en_US\" \/>\n<meta property=\"og:type\" content=\"article\" \/>\n<meta property=\"og:title\" content=\"Werbung macht dick! Design macht Klug! - pr-ide\" \/>\n<meta property=\"og:description\" content=\"Nun kommt es langsam raus \u2013 nicht der Zucker in der Limo, die Kalorien im Schokoriegel oder das Fett im Burger machen fett. Es ist die Werbung! Ganz klar, wenn keiner sagt: trinkt s\u00fc\u00dfe Brause, fresst fette Burger und stopft [...]\" \/>\n<meta property=\"og:url\" content=\"https:\/\/pr-ide.de\/blog\/2015\/09\/werbung-macht-dick-design-macht-klug\/\" \/>\n<meta property=\"og:site_name\" content=\"pr-ide\" \/>\n<meta property=\"article:publisher\" content=\"https:\/\/www.facebook.com\/prideberlin\/\" \/>\n<meta property=\"article:published_time\" content=\"2015-09-14T08:11:06+00:00\" \/>\n<meta property=\"article:modified_time\" content=\"2015-09-14T10:26:08+00:00\" \/>\n<meta property=\"og:image\" content=\"https:\/\/pr-ide.de\/wp-content\/uploads\/2015\/09\/20140723_193005-MOTION.gif\" \/>\n\t<meta property=\"og:image:width\" content=\"890\" \/>\n\t<meta property=\"og:image:height\" content=\"502\" \/>\n\t<meta property=\"og:image:type\" content=\"image\/gif\" \/>\n<meta name=\"author\" content=\"Philipp Sack\" \/>\n<meta name=\"twitter:label1\" content=\"Written by\" \/>\n\t<meta name=\"twitter:data1\" content=\"Philipp Sack\" \/>\n\t<meta name=\"twitter:label2\" content=\"Est. reading time\" \/>\n\t<meta name=\"twitter:data2\" content=\"1 minute\" \/>\n<script type=\"application\/ld+json\" class=\"yoast-schema-graph\">{\"@context\":\"https:\/\/schema.org\",\"@graph\":[{\"@type\":\"Article\",\"@id\":\"https:\/\/pr-ide.de\/blog\/2015\/09\/werbung-macht-dick-design-macht-klug\/#article\",\"isPartOf\":{\"@id\":\"https:\/\/pr-ide.de\/blog\/2015\/09\/werbung-macht-dick-design-macht-klug\/\"},\"author\":{\"name\":\"Philipp Sack\",\"@id\":\"https:\/\/pr-ide.de\/#\/schema\/person\/4bb8cb929d552fc1cd7c49d25ef90093\"},\"headline\":\"Werbung macht dick! Design macht Klug!\",\"datePublished\":\"2015-09-14T08:11:06+00:00\",\"dateModified\":\"2015-09-14T10:26:08+00:00\",\"mainEntityOfPage\":{\"@id\":\"https:\/\/pr-ide.de\/blog\/2015\/09\/werbung-macht-dick-design-macht-klug\/\"},\"wordCount\":246,\"commentCount\":15,\"publisher\":{\"@id\":\"https:\/\/pr-ide.de\/#organization\"},\"image\":{\"@id\":\"https:\/\/pr-ide.de\/blog\/2015\/09\/werbung-macht-dick-design-macht-klug\/#primaryimage\"},\"thumbnailUrl\":\"https:\/\/pr-ide.de\/wp-content\/uploads\/2015\/09\/20140723_193005-MOTION.gif\",\"keywords\":[\"food\",\"Kochen\",\"Werbung\"],\"articleSection\":[\"Die Welt erkl\u00e4rt!\",\"it could be..\",\"Unter den Scanner geraten\"],\"inLanguage\":\"en-US\",\"potentialAction\":[{\"@type\":\"CommentAction\",\"name\":\"Comment\",\"target\":[\"https:\/\/pr-ide.de\/blog\/2015\/09\/werbung-macht-dick-design-macht-klug\/#respond\"]}]},{\"@type\":\"WebPage\",\"@id\":\"https:\/\/pr-ide.de\/blog\/2015\/09\/werbung-macht-dick-design-macht-klug\/\",\"url\":\"https:\/\/pr-ide.de\/blog\/2015\/09\/werbung-macht-dick-design-macht-klug\/\",\"name\":\"Werbung macht dick! Design macht Klug! - pr-ide\",\"isPartOf\":{\"@id\":\"https:\/\/pr-ide.de\/#website\"},\"primaryImageOfPage\":{\"@id\":\"https:\/\/pr-ide.de\/blog\/2015\/09\/werbung-macht-dick-design-macht-klug\/#primaryimage\"},\"image\":{\"@id\":\"https:\/\/pr-ide.de\/blog\/2015\/09\/werbung-macht-dick-design-macht-klug\/#primaryimage\"},\"thumbnailUrl\":\"https:\/\/pr-ide.de\/wp-content\/uploads\/2015\/09\/20140723_193005-MOTION.gif\",\"datePublished\":\"2015-09-14T08:11:06+00:00\",\"dateModified\":\"2015-09-14T10:26:08+00:00\",\"breadcrumb\":{\"@id\":\"https:\/\/pr-ide.de\/blog\/2015\/09\/werbung-macht-dick-design-macht-klug\/#breadcrumb\"},\"inLanguage\":\"en-US\",\"potentialAction\":[{\"@type\":\"ReadAction\",\"target\":[\"https:\/\/pr-ide.de\/blog\/2015\/09\/werbung-macht-dick-design-macht-klug\/\"]}]},{\"@type\":\"ImageObject\",\"inLanguage\":\"en-US\",\"@id\":\"https:\/\/pr-ide.de\/blog\/2015\/09\/werbung-macht-dick-design-macht-klug\/#primaryimage\",\"url\":\"https:\/\/pr-ide.de\/wp-content\/uploads\/2015\/09\/20140723_193005-MOTION.gif\",\"contentUrl\":\"https:\/\/pr-ide.de\/wp-content\/uploads\/2015\/09\/20140723_193005-MOTION.gif\",\"width\":890,\"height\":502,\"caption\":\"Food\"},{\"@type\":\"BreadcrumbList\",\"@id\":\"https:\/\/pr-ide.de\/blog\/2015\/09\/werbung-macht-dick-design-macht-klug\/#breadcrumb\",\"itemListElement\":[{\"@type\":\"ListItem\",\"position\":1,\"name\":\"Home\",\"item\":\"https:\/\/pr-ide.de\/en\/the-agency-for-creative-success\/\"},{\"@type\":\"ListItem\",\"position\":2,\"name\":\"Werbung macht dick! Design macht Klug!\"}]},{\"@type\":\"WebSite\",\"@id\":\"https:\/\/pr-ide.de\/#website\",\"url\":\"https:\/\/pr-ide.de\/\",\"name\":\"pr-ide\",\"description\":\"die agentur f\u00fcr kreative erfolge\",\"publisher\":{\"@id\":\"https:\/\/pr-ide.de\/#organization\"},\"potentialAction\":[{\"@type\":\"SearchAction\",\"target\":{\"@type\":\"EntryPoint\",\"urlTemplate\":\"https:\/\/pr-ide.de\/?s={search_term_string}\"},\"query-input\":{\"@type\":\"PropertyValueSpecification\",\"valueRequired\":true,\"valueName\":\"search_term_string\"}}],\"inLanguage\":\"en-US\"},{\"@type\":\"Organization\",\"@id\":\"https:\/\/pr-ide.de\/#organization\",\"name\":\"pr-ide\",\"url\":\"https:\/\/pr-ide.de\/\",\"logo\":{\"@type\":\"ImageObject\",\"inLanguage\":\"en-US\",\"@id\":\"https:\/\/pr-ide.de\/#\/schema\/logo\/image\/\",\"url\":\"\",\"contentUrl\":\"\",\"caption\":\"pr-ide\"},\"image\":{\"@id\":\"https:\/\/pr-ide.de\/#\/schema\/logo\/image\/\"},\"sameAs\":[\"https:\/\/www.facebook.com\/prideberlin\/\",\"https:\/\/x.com\/pr_ide\",\"https:\/\/www.linkedin.com\/company\/pr-ide-gbr\/\"]},{\"@type\":\"Person\",\"@id\":\"https:\/\/pr-ide.de\/#\/schema\/person\/4bb8cb929d552fc1cd7c49d25ef90093\",\"name\":\"Philipp Sack\",\"image\":{\"@type\":\"ImageObject\",\"inLanguage\":\"en-US\",\"@id\":\"https:\/\/secure.gravatar.com\/avatar\/e7d041e5f3b6ec52d1f4dcd0266ccdf14a0b7227561f91f92a474ad68a30da9a?s=96&d=robohash&r=g\",\"url\":\"https:\/\/secure.gravatar.com\/avatar\/e7d041e5f3b6ec52d1f4dcd0266ccdf14a0b7227561f91f92a474ad68a30da9a?s=96&d=robohash&r=g\",\"contentUrl\":\"https:\/\/secure.gravatar.com\/avatar\/e7d041e5f3b6ec52d1f4dcd0266ccdf14a0b7227561f91f92a474ad68a30da9a?s=96&d=robohash&r=g\",\"caption\":\"Philipp Sack\"},\"description\":\"CEO und Kreativkopf bei pr-ide. Kreuz und querlenkend, gerne segelnd. Immer auf der Suche nach innovativen L\u00f6sungen - manchmal schon bevor das Problem erkannt wurde.\",\"sameAs\":[\"http:\/\/www.pr-ide.de\",\"https:\/\/www.linkedin.com\/in\/philipp-sack\/\"],\"url\":\"https:\/\/pr-ide.de\/en\/blog\/author\/seesack-2-2-2-2-2-2-2-2-2-2-2-2-2-2-2-2-2-2-2-2\/\"}]}<\/script>\n<!-- \/ Yoast SEO plugin. -->","yoast_head_json":{"title":"Werbung macht dick! Design macht Klug! - pr-ide","robots":{"index":"index","follow":"follow","max-snippet":"max-snippet:-1","max-image-preview":"max-image-preview:large","max-video-preview":"max-video-preview:-1"},"canonical":"https:\/\/pr-ide.de\/blog\/2015\/09\/werbung-macht-dick-design-macht-klug\/","og_locale":"en_US","og_type":"article","og_title":"Werbung macht dick! Design macht Klug! - pr-ide","og_description":"Nun kommt es langsam raus \u2013 nicht der Zucker in der Limo, die Kalorien im Schokoriegel oder das Fett im Burger machen fett. Es ist die Werbung! Ganz klar, wenn keiner sagt: trinkt s\u00fc\u00dfe Brause, fresst fette Burger und stopft [...]","og_url":"https:\/\/pr-ide.de\/blog\/2015\/09\/werbung-macht-dick-design-macht-klug\/","og_site_name":"pr-ide","article_publisher":"https:\/\/www.facebook.com\/prideberlin\/","article_published_time":"2015-09-14T08:11:06+00:00","article_modified_time":"2015-09-14T10:26:08+00:00","og_image":[{"width":890,"height":502,"url":"https:\/\/pr-ide.de\/wp-content\/uploads\/2015\/09\/20140723_193005-MOTION.gif","type":"image\/gif"}],"author":"Philipp Sack","twitter_misc":{"Written by":"Philipp Sack","Est. reading time":"1 minute"},"schema":{"@context":"https:\/\/schema.org","@graph":[{"@type":"Article","@id":"https:\/\/pr-ide.de\/blog\/2015\/09\/werbung-macht-dick-design-macht-klug\/#article","isPartOf":{"@id":"https:\/\/pr-ide.de\/blog\/2015\/09\/werbung-macht-dick-design-macht-klug\/"},"author":{"name":"Philipp Sack","@id":"https:\/\/pr-ide.de\/#\/schema\/person\/4bb8cb929d552fc1cd7c49d25ef90093"},"headline":"Werbung macht dick! Design macht Klug!","datePublished":"2015-09-14T08:11:06+00:00","dateModified":"2015-09-14T10:26:08+00:00","mainEntityOfPage":{"@id":"https:\/\/pr-ide.de\/blog\/2015\/09\/werbung-macht-dick-design-macht-klug\/"},"wordCount":246,"commentCount":15,"publisher":{"@id":"https:\/\/pr-ide.de\/#organization"},"image":{"@id":"https:\/\/pr-ide.de\/blog\/2015\/09\/werbung-macht-dick-design-macht-klug\/#primaryimage"},"thumbnailUrl":"https:\/\/pr-ide.de\/wp-content\/uploads\/2015\/09\/20140723_193005-MOTION.gif","keywords":["food","Kochen","Werbung"],"articleSection":["Die Welt erkl\u00e4rt!","it could be..","Unter den Scanner geraten"],"inLanguage":"en-US","potentialAction":[{"@type":"CommentAction","name":"Comment","target":["https:\/\/pr-ide.de\/blog\/2015\/09\/werbung-macht-dick-design-macht-klug\/#respond"]}]},{"@type":"WebPage","@id":"https:\/\/pr-ide.de\/blog\/2015\/09\/werbung-macht-dick-design-macht-klug\/","url":"https:\/\/pr-ide.de\/blog\/2015\/09\/werbung-macht-dick-design-macht-klug\/","name":"Werbung macht dick! Design macht Klug! - pr-ide","isPartOf":{"@id":"https:\/\/pr-ide.de\/#website"},"primaryImageOfPage":{"@id":"https:\/\/pr-ide.de\/blog\/2015\/09\/werbung-macht-dick-design-macht-klug\/#primaryimage"},"image":{"@id":"https:\/\/pr-ide.de\/blog\/2015\/09\/werbung-macht-dick-design-macht-klug\/#primaryimage"},"thumbnailUrl":"https:\/\/pr-ide.de\/wp-content\/uploads\/2015\/09\/20140723_193005-MOTION.gif","datePublished":"2015-09-14T08:11:06+00:00","dateModified":"2015-09-14T10:26:08+00:00","breadcrumb":{"@id":"https:\/\/pr-ide.de\/blog\/2015\/09\/werbung-macht-dick-design-macht-klug\/#breadcrumb"},"inLanguage":"en-US","potentialAction":[{"@type":"ReadAction","target":["https:\/\/pr-ide.de\/blog\/2015\/09\/werbung-macht-dick-design-macht-klug\/"]}]},{"@type":"ImageObject","inLanguage":"en-US","@id":"https:\/\/pr-ide.de\/blog\/2015\/09\/werbung-macht-dick-design-macht-klug\/#primaryimage","url":"https:\/\/pr-ide.de\/wp-content\/uploads\/2015\/09\/20140723_193005-MOTION.gif","contentUrl":"https:\/\/pr-ide.de\/wp-content\/uploads\/2015\/09\/20140723_193005-MOTION.gif","width":890,"height":502,"caption":"Food"},{"@type":"BreadcrumbList","@id":"https:\/\/pr-ide.de\/blog\/2015\/09\/werbung-macht-dick-design-macht-klug\/#breadcrumb","itemListElement":[{"@type":"ListItem","position":1,"name":"Home","item":"https:\/\/pr-ide.de\/en\/the-agency-for-creative-success\/"},{"@type":"ListItem","position":2,"name":"Werbung macht dick! Design macht Klug!"}]},{"@type":"WebSite","@id":"https:\/\/pr-ide.de\/#website","url":"https:\/\/pr-ide.de\/","name":"pr-ide","description":"die agentur f\u00fcr kreative erfolge","publisher":{"@id":"https:\/\/pr-ide.de\/#organization"},"potentialAction":[{"@type":"SearchAction","target":{"@type":"EntryPoint","urlTemplate":"https:\/\/pr-ide.de\/?s={search_term_string}"},"query-input":{"@type":"PropertyValueSpecification","valueRequired":true,"valueName":"search_term_string"}}],"inLanguage":"en-US"},{"@type":"Organization","@id":"https:\/\/pr-ide.de\/#organization","name":"pr-ide","url":"https:\/\/pr-ide.de\/","logo":{"@type":"ImageObject","inLanguage":"en-US","@id":"https:\/\/pr-ide.de\/#\/schema\/logo\/image\/","url":"","contentUrl":"","caption":"pr-ide"},"image":{"@id":"https:\/\/pr-ide.de\/#\/schema\/logo\/image\/"},"sameAs":["https:\/\/www.facebook.com\/prideberlin\/","https:\/\/x.com\/pr_ide","https:\/\/www.linkedin.com\/company\/pr-ide-gbr\/"]},{"@type":"Person","@id":"https:\/\/pr-ide.de\/#\/schema\/person\/4bb8cb929d552fc1cd7c49d25ef90093","name":"Philipp Sack","image":{"@type":"ImageObject","inLanguage":"en-US","@id":"https:\/\/secure.gravatar.com\/avatar\/e7d041e5f3b6ec52d1f4dcd0266ccdf14a0b7227561f91f92a474ad68a30da9a?s=96&d=robohash&r=g","url":"https:\/\/secure.gravatar.com\/avatar\/e7d041e5f3b6ec52d1f4dcd0266ccdf14a0b7227561f91f92a474ad68a30da9a?s=96&d=robohash&r=g","contentUrl":"https:\/\/secure.gravatar.com\/avatar\/e7d041e5f3b6ec52d1f4dcd0266ccdf14a0b7227561f91f92a474ad68a30da9a?s=96&d=robohash&r=g","caption":"Philipp Sack"},"description":"CEO und Kreativkopf bei pr-ide. Kreuz und querlenkend, gerne segelnd. Immer auf der Suche nach innovativen L\u00f6sungen - manchmal schon bevor das Problem erkannt wurde.","sameAs":["http:\/\/www.pr-ide.de","https:\/\/www.linkedin.com\/in\/philipp-sack\/"],"url":"https:\/\/pr-ide.de\/en\/blog\/author\/seesack-2-2-2-2-2-2-2-2-2-2-2-2-2-2-2-2-2-2-2-2\/"}]}},"jetpack_featured_media_url":"https:\/\/pr-ide.de\/wp-content\/uploads\/2015\/09\/20140723_193005-MOTION.gif","jetpack_sharing_enabled":true,"_links":{"self":[{"href":"https:\/\/pr-ide.de\/en\/wp-json\/wp\/v2\/posts\/15910","targetHints":{"allow":["GET"]}}],"collection":[{"href":"https:\/\/pr-ide.de\/en\/wp-json\/wp\/v2\/posts"}],"about":[{"href":"https:\/\/pr-ide.de\/en\/wp-json\/wp\/v2\/types\/post"}],"author":[{"embeddable":true,"href":"https:\/\/pr-ide.de\/en\/wp-json\/wp\/v2\/users\/15"}],"replies":[{"embeddable":true,"href":"https:\/\/pr-ide.de\/en\/wp-json\/wp\/v2\/comments?post=15910"}],"version-history":[{"count":0,"href":"https:\/\/pr-ide.de\/en\/wp-json\/wp\/v2\/posts\/15910\/revisions"}],"wp:featuredmedia":[{"embeddable":true,"href":"https:\/\/pr-ide.de\/en\/wp-json\/wp\/v2\/media\/15911"}],"wp:attachment":[{"href":"https:\/\/pr-ide.de\/en\/wp-json\/wp\/v2\/media?parent=15910"}],"wp:term":[{"taxonomy":"category","embeddable":true,"href":"https:\/\/pr-ide.de\/en\/wp-json\/wp\/v2\/categories?post=15910"},{"taxonomy":"post_tag","embeddable":true,"href":"https:\/\/pr-ide.de\/en\/wp-json\/wp\/v2\/tags?post=15910"}],"curies":[{"name":"wp","href":"https:\/\/api.w.org\/{rel}","templated":true}]}}