{"id":15945,"date":"2015-09-21T14:43:34","date_gmt":"2015-09-21T13:43:34","guid":{"rendered":"http:\/\/pr-ide.de\/?p=15945"},"modified":"2015-09-21T14:43:34","modified_gmt":"2015-09-21T13:43:34","slug":"das-auto-der-dinosaurier-vom-konzept-0ld","status":"publish","type":"post","link":"https:\/\/pr-ide.de\/en\/blog\/2015\/09\/das-auto-der-dinosaurier-vom-konzept-0ld\/","title":{"rendered":"Das Auto \u2013 der Dinosaurier vom Konzept"},"content":{"rendered":"<p>Erfolg f\u00e4ngt beim Konzept an \u2013 ein gutes Produkt-Konzept ber\u00fccksichtigt St\u00e4rken, Schw\u00e4chen und Analysen f\u00fcr die Zielsetzung. Ein Konzept muss nicht dogmatisch sein \u2013 L\u00f6sungsans\u00e4tze flexibel zu gestalten bedeutet sich ge\u00e4nderten Anforderungen stellen zu k\u00f6nnen.<\/p>\n<p>Eine beliebte konzeptionelle L\u00f6sung f\u00fcr ein Problem \u2013 das Auto.<\/p>\n<p>Problematik: Transport von <strong>A<\/strong> nach <strong>B<\/strong>.<\/p>\n<p>Die aus dem Konzept erstellten Anforderungen des Herr Herrn Pierre-Joules Boulanger aus dem Jahre 1934 lautete zum Beispiel:<\/p>\n<p>\u201eEntwerfen Sie ein Auto, das Platz f\u00fcr zwei Bauern in Stiefeln und einen Zentner Kartoffeln oder ein F\u00e4sschen Wein bietet, mindestens 60\u00a0km\/h schnell ist und dabei nur drei Liter Benzin auf 100\u00a0km verbraucht. Au\u00dferdem soll es selbst schlechteste Wegstrecken bew\u00e4ltigen k\u00f6nnen und so einfach zu bedienen sein, dass selbst eine unge\u00fcbte Fahrerin problemlos mit ihm zurechtkommt. Es muss ausgesprochen gut gefedert sein, sodass ein Korb voll mit Eiern eine Fahrt \u00fcber holprige Feldwege unbeschadet \u00fcbersteht. Und schlie\u00dflich muss das neue Auto wesentlich billiger sein als unser \u2026.. Auf das Aussehen des Wagens kommt es dabei \u00fcberhaupt nicht an.\u201c<\/p>\n<p>Nun ist der daraus resultieren TPV und der sp\u00e4tere 2CV bisher vom Retro Wahn der Marketing Manager und Auto Stylisten verschont geblieben, w\u00fcrde es jedoch \u00e4hnlich wie Mini, K\u00e4fer und 500er eine Neuauflage geben, w\u00fcrde das urspr\u00fcngliche Konzept sicher nicht erf\u00fcllt \u2013 der Verbrauch bestimmt \u00fcber 3 Litern liegen.<\/p>\n<p>Das Aussehen ist wichtiger geworden, l\u00e4ngst ist der pers\u00f6nliche PKW kein Transportmittel mehr sondern Emotionstr\u00e4ger einer ganzen mobilen Generation geworden.<\/p>\n<p>Auch Technologie Tr\u00e4ger, mit dem Satz: \u00a0\u201eDas Auto ist f\u00fcr Bauern gedacht, und die sind alle verheiratet und haben eine Frau, die die Kurbel bet\u00e4tigen kann.\u201c <em>(angeblich von Pierre-Jules Boulanger) <\/em>w\u00fcrde man heute den nicht vorhandenen Anlasser kaum als Verkaufsargument nutzen k\u00f6nnen. Klimaanlage, Sensoren f\u00fcr alles m\u00f6glich an immer mehr Ecken, Multimedia, Internet etc, alles braucht Energie.<\/p>\n<p>Da n\u00fctzt die immer bessere Antriebstechnologie auch nichts, seit 20 Jahren ist der Durchschnittsverbrauch bei PKW\u2019s nicht gesunken.<\/p>\n<p>Das Gewicht hingegen gestiegen. Hatte der Mini von 1963 ein Leergewicht von 620 Kilogramm, so protz der kleinste Mini One von heute mit satten 1135 Kilo auf der Wage. Der Golf 1 hatte ein Gewicht von 750 Kg, der heutige Golf 7 eines von bis zu 1472 Kg.<\/p>\n<p>Irgendwann wird Gr\u00f6\u00dfe zum Verh\u00e4ngnis weil die zugf\u00fchrte Energie kaum noch zu bekommen ist. Mit der Grund warum keiner seinen T.Rex an der Leine f\u00fchrt.<\/p>\n<p>Auch die Emissionen sind ein Problem \u2013 wenn dann der Umweltschutz nur eingehalten werden kann weil eine integrierte Software Abgasuntersuchungen erkennt und entsprechend die Motorsteuerung \u00e4ndert \u2013 dann scheint das Ende nahe. Denn selbst die Sch\u00f6pfer dieser Vehikel scheinen keine L\u00f6sung f\u00fcr die Problematiken zu haben die der individuelle Personentransport so mit sich bringt.<\/p>\n","protected":false},"excerpt":{"rendered":"<p>Erfolg f\u00e4ngt beim Konzept an \u2013 ein gutes Produkt-Konzept ber\u00fccksichtigt St\u00e4rken, Schw\u00e4chen und Analysen f\u00fcr die Zielsetzung. Ein Konzept muss nicht dogmatisch sein \u2013 L\u00f6sungsans\u00e4tze flexibel zu gestalten bedeutet sich ge\u00e4nderten Anforderungen stellen zu k\u00f6nnen. Eine beliebte konzeptionelle L\u00f6sung f\u00fcr  [&#8230;]<\/p>\n","protected":false},"author":15,"featured_media":15946,"comment_status":"open","ping_status":"closed","sticky":false,"template":"","format":"standard","meta":{"_monsterinsights_skip_tracking":false,"_monsterinsights_sitenote_active":false,"_monsterinsights_sitenote_note":"","_monsterinsights_sitenote_category":0,"_jetpack_memberships_contains_paid_content":false,"footnotes":""},"categories":[1],"tags":[],"class_list":["post-15945","post","type-post","status-publish","format-standard","has-post-thumbnail","hentry","category-uncategorized"],"yoast_head":"<!-- This site is optimized with the Yoast SEO plugin v27.2 - https:\/\/yoast.com\/product\/yoast-seo-wordpress\/ -->\n<title>Das Auto \u2013 der Dinosaurier vom Konzept - pr-ide<\/title>\n<meta name=\"robots\" content=\"index, follow, max-snippet:-1, max-image-preview:large, max-video-preview:-1\" \/>\n<link rel=\"canonical\" href=\"https:\/\/pr-ide.de\/blog\/2015\/09\/das-auto-der-dinosaurier-vom-konzept-0ld\/\" \/>\n<meta property=\"og:locale\" content=\"en_US\" \/>\n<meta property=\"og:type\" content=\"article\" \/>\n<meta property=\"og:title\" content=\"Das Auto \u2013 der Dinosaurier vom Konzept - pr-ide\" \/>\n<meta property=\"og:description\" content=\"Erfolg f\u00e4ngt beim Konzept an \u2013 ein gutes Produkt-Konzept ber\u00fccksichtigt St\u00e4rken, Schw\u00e4chen und Analysen f\u00fcr die Zielsetzung. Ein Konzept muss nicht dogmatisch sein \u2013 L\u00f6sungsans\u00e4tze flexibel zu gestalten bedeutet sich ge\u00e4nderten Anforderungen stellen zu k\u00f6nnen. Eine beliebte konzeptionelle L\u00f6sung f\u00fcr [...]\" \/>\n<meta property=\"og:url\" content=\"https:\/\/pr-ide.de\/blog\/2015\/09\/das-auto-der-dinosaurier-vom-konzept-0ld\/\" \/>\n<meta property=\"og:site_name\" content=\"pr-ide\" \/>\n<meta property=\"article:publisher\" content=\"https:\/\/www.facebook.com\/prideberlin\/\" \/>\n<meta property=\"article:published_time\" content=\"2015-09-21T13:43:34+00:00\" \/>\n<meta property=\"og:image\" content=\"https:\/\/pr-ide.de\/wp-content\/uploads\/2015\/09\/DSC_0486-scaled.jpg\" \/>\n\t<meta property=\"og:image:width\" content=\"2560\" \/>\n\t<meta property=\"og:image:height\" content=\"1440\" \/>\n\t<meta property=\"og:image:type\" content=\"image\/jpeg\" \/>\n<meta name=\"author\" content=\"Philipp Sack\" \/>\n<meta name=\"twitter:label1\" content=\"Written by\" \/>\n\t<meta name=\"twitter:data1\" content=\"Philipp Sack\" \/>\n\t<meta name=\"twitter:label2\" content=\"Est. reading time\" \/>\n\t<meta name=\"twitter:data2\" content=\"2 minutes\" \/>\n<script type=\"application\/ld+json\" class=\"yoast-schema-graph\">{\"@context\":\"https:\/\/schema.org\",\"@graph\":[{\"@type\":\"Article\",\"@id\":\"https:\/\/pr-ide.de\/blog\/2015\/09\/das-auto-der-dinosaurier-vom-konzept-0ld\/#article\",\"isPartOf\":{\"@id\":\"https:\/\/pr-ide.de\/blog\/2015\/09\/das-auto-der-dinosaurier-vom-konzept-0ld\/\"},\"author\":{\"name\":\"Philipp Sack\",\"@id\":\"https:\/\/pr-ide.de\/#\/schema\/person\/4bb8cb929d552fc1cd7c49d25ef90093\"},\"headline\":\"Das Auto \u2013 der Dinosaurier vom Konzept\",\"datePublished\":\"2015-09-21T13:43:34+00:00\",\"mainEntityOfPage\":{\"@id\":\"https:\/\/pr-ide.de\/blog\/2015\/09\/das-auto-der-dinosaurier-vom-konzept-0ld\/\"},\"wordCount\":472,\"commentCount\":0,\"publisher\":{\"@id\":\"https:\/\/pr-ide.de\/#organization\"},\"image\":{\"@id\":\"https:\/\/pr-ide.de\/blog\/2015\/09\/das-auto-der-dinosaurier-vom-konzept-0ld\/#primaryimage\"},\"thumbnailUrl\":\"https:\/\/pr-ide.de\/wp-content\/uploads\/2015\/09\/DSC_0486-scaled.jpg\",\"inLanguage\":\"en-US\",\"potentialAction\":[{\"@type\":\"CommentAction\",\"name\":\"Comment\",\"target\":[\"https:\/\/pr-ide.de\/blog\/2015\/09\/das-auto-der-dinosaurier-vom-konzept-0ld\/#respond\"]}]},{\"@type\":\"WebPage\",\"@id\":\"https:\/\/pr-ide.de\/blog\/2015\/09\/das-auto-der-dinosaurier-vom-konzept-0ld\/\",\"url\":\"https:\/\/pr-ide.de\/blog\/2015\/09\/das-auto-der-dinosaurier-vom-konzept-0ld\/\",\"name\":\"Das Auto \u2013 der Dinosaurier vom Konzept - pr-ide\",\"isPartOf\":{\"@id\":\"https:\/\/pr-ide.de\/#website\"},\"primaryImageOfPage\":{\"@id\":\"https:\/\/pr-ide.de\/blog\/2015\/09\/das-auto-der-dinosaurier-vom-konzept-0ld\/#primaryimage\"},\"image\":{\"@id\":\"https:\/\/pr-ide.de\/blog\/2015\/09\/das-auto-der-dinosaurier-vom-konzept-0ld\/#primaryimage\"},\"thumbnailUrl\":\"https:\/\/pr-ide.de\/wp-content\/uploads\/2015\/09\/DSC_0486-scaled.jpg\",\"datePublished\":\"2015-09-21T13:43:34+00:00\",\"breadcrumb\":{\"@id\":\"https:\/\/pr-ide.de\/blog\/2015\/09\/das-auto-der-dinosaurier-vom-konzept-0ld\/#breadcrumb\"},\"inLanguage\":\"en-US\",\"potentialAction\":[{\"@type\":\"ReadAction\",\"target\":[\"https:\/\/pr-ide.de\/blog\/2015\/09\/das-auto-der-dinosaurier-vom-konzept-0ld\/\"]}]},{\"@type\":\"ImageObject\",\"inLanguage\":\"en-US\",\"@id\":\"https:\/\/pr-ide.de\/blog\/2015\/09\/das-auto-der-dinosaurier-vom-konzept-0ld\/#primaryimage\",\"url\":\"https:\/\/pr-ide.de\/wp-content\/uploads\/2015\/09\/DSC_0486-scaled.jpg\",\"contentUrl\":\"https:\/\/pr-ide.de\/wp-content\/uploads\/2015\/09\/DSC_0486-scaled.jpg\",\"width\":2560,\"height\":1440,\"caption\":\"Oldsmobile\"},{\"@type\":\"BreadcrumbList\",\"@id\":\"https:\/\/pr-ide.de\/blog\/2015\/09\/das-auto-der-dinosaurier-vom-konzept-0ld\/#breadcrumb\",\"itemListElement\":[{\"@type\":\"ListItem\",\"position\":1,\"name\":\"Home\",\"item\":\"https:\/\/pr-ide.de\/en\/the-agency-for-creative-success\/\"},{\"@type\":\"ListItem\",\"position\":2,\"name\":\"Das Auto \u2013 der Dinosaurier vom Konzept\"}]},{\"@type\":\"WebSite\",\"@id\":\"https:\/\/pr-ide.de\/#website\",\"url\":\"https:\/\/pr-ide.de\/\",\"name\":\"pr-ide\",\"description\":\"die agentur f\u00fcr kreative erfolge\",\"publisher\":{\"@id\":\"https:\/\/pr-ide.de\/#organization\"},\"potentialAction\":[{\"@type\":\"SearchAction\",\"target\":{\"@type\":\"EntryPoint\",\"urlTemplate\":\"https:\/\/pr-ide.de\/?s={search_term_string}\"},\"query-input\":{\"@type\":\"PropertyValueSpecification\",\"valueRequired\":true,\"valueName\":\"search_term_string\"}}],\"inLanguage\":\"en-US\"},{\"@type\":\"Organization\",\"@id\":\"https:\/\/pr-ide.de\/#organization\",\"name\":\"pr-ide\",\"url\":\"https:\/\/pr-ide.de\/\",\"logo\":{\"@type\":\"ImageObject\",\"inLanguage\":\"en-US\",\"@id\":\"https:\/\/pr-ide.de\/#\/schema\/logo\/image\/\",\"url\":\"\",\"contentUrl\":\"\",\"caption\":\"pr-ide\"},\"image\":{\"@id\":\"https:\/\/pr-ide.de\/#\/schema\/logo\/image\/\"},\"sameAs\":[\"https:\/\/www.facebook.com\/prideberlin\/\",\"https:\/\/x.com\/pr_ide\",\"https:\/\/www.linkedin.com\/company\/pr-ide-gbr\/\"]},{\"@type\":\"Person\",\"@id\":\"https:\/\/pr-ide.de\/#\/schema\/person\/4bb8cb929d552fc1cd7c49d25ef90093\",\"name\":\"Philipp Sack\",\"image\":{\"@type\":\"ImageObject\",\"inLanguage\":\"en-US\",\"@id\":\"https:\/\/secure.gravatar.com\/avatar\/e7d041e5f3b6ec52d1f4dcd0266ccdf14a0b7227561f91f92a474ad68a30da9a?s=96&d=robohash&r=g\",\"url\":\"https:\/\/secure.gravatar.com\/avatar\/e7d041e5f3b6ec52d1f4dcd0266ccdf14a0b7227561f91f92a474ad68a30da9a?s=96&d=robohash&r=g\",\"contentUrl\":\"https:\/\/secure.gravatar.com\/avatar\/e7d041e5f3b6ec52d1f4dcd0266ccdf14a0b7227561f91f92a474ad68a30da9a?s=96&d=robohash&r=g\",\"caption\":\"Philipp Sack\"},\"description\":\"CEO und Kreativkopf bei pr-ide. Kreuz und querlenkend, gerne segelnd. Immer auf der Suche nach innovativen L\u00f6sungen - manchmal schon bevor das Problem erkannt wurde.\",\"sameAs\":[\"http:\/\/www.pr-ide.de\",\"https:\/\/www.linkedin.com\/in\/philipp-sack\/\"],\"url\":\"https:\/\/pr-ide.de\/en\/blog\/author\/seesack-2-2-2-2-2-2-2-2-2-2-2-2-2-2-2-2-2-2-2-2\/\"}]}<\/script>\n<!-- \/ Yoast SEO plugin. -->","yoast_head_json":{"title":"Das Auto \u2013 der Dinosaurier vom Konzept - pr-ide","robots":{"index":"index","follow":"follow","max-snippet":"max-snippet:-1","max-image-preview":"max-image-preview:large","max-video-preview":"max-video-preview:-1"},"canonical":"https:\/\/pr-ide.de\/blog\/2015\/09\/das-auto-der-dinosaurier-vom-konzept-0ld\/","og_locale":"en_US","og_type":"article","og_title":"Das Auto \u2013 der Dinosaurier vom Konzept - pr-ide","og_description":"Erfolg f\u00e4ngt beim Konzept an \u2013 ein gutes Produkt-Konzept ber\u00fccksichtigt St\u00e4rken, Schw\u00e4chen und Analysen f\u00fcr die Zielsetzung. Ein Konzept muss nicht dogmatisch sein \u2013 L\u00f6sungsans\u00e4tze flexibel zu gestalten bedeutet sich ge\u00e4nderten Anforderungen stellen zu k\u00f6nnen. Eine beliebte konzeptionelle L\u00f6sung f\u00fcr [...]","og_url":"https:\/\/pr-ide.de\/blog\/2015\/09\/das-auto-der-dinosaurier-vom-konzept-0ld\/","og_site_name":"pr-ide","article_publisher":"https:\/\/www.facebook.com\/prideberlin\/","article_published_time":"2015-09-21T13:43:34+00:00","og_image":[{"width":2560,"height":1440,"url":"https:\/\/pr-ide.de\/wp-content\/uploads\/2015\/09\/DSC_0486-scaled.jpg","type":"image\/jpeg"}],"author":"Philipp Sack","twitter_misc":{"Written by":"Philipp Sack","Est. reading time":"2 minutes"},"schema":{"@context":"https:\/\/schema.org","@graph":[{"@type":"Article","@id":"https:\/\/pr-ide.de\/blog\/2015\/09\/das-auto-der-dinosaurier-vom-konzept-0ld\/#article","isPartOf":{"@id":"https:\/\/pr-ide.de\/blog\/2015\/09\/das-auto-der-dinosaurier-vom-konzept-0ld\/"},"author":{"name":"Philipp Sack","@id":"https:\/\/pr-ide.de\/#\/schema\/person\/4bb8cb929d552fc1cd7c49d25ef90093"},"headline":"Das Auto \u2013 der Dinosaurier vom Konzept","datePublished":"2015-09-21T13:43:34+00:00","mainEntityOfPage":{"@id":"https:\/\/pr-ide.de\/blog\/2015\/09\/das-auto-der-dinosaurier-vom-konzept-0ld\/"},"wordCount":472,"commentCount":0,"publisher":{"@id":"https:\/\/pr-ide.de\/#organization"},"image":{"@id":"https:\/\/pr-ide.de\/blog\/2015\/09\/das-auto-der-dinosaurier-vom-konzept-0ld\/#primaryimage"},"thumbnailUrl":"https:\/\/pr-ide.de\/wp-content\/uploads\/2015\/09\/DSC_0486-scaled.jpg","inLanguage":"en-US","potentialAction":[{"@type":"CommentAction","name":"Comment","target":["https:\/\/pr-ide.de\/blog\/2015\/09\/das-auto-der-dinosaurier-vom-konzept-0ld\/#respond"]}]},{"@type":"WebPage","@id":"https:\/\/pr-ide.de\/blog\/2015\/09\/das-auto-der-dinosaurier-vom-konzept-0ld\/","url":"https:\/\/pr-ide.de\/blog\/2015\/09\/das-auto-der-dinosaurier-vom-konzept-0ld\/","name":"Das Auto \u2013 der Dinosaurier vom Konzept - pr-ide","isPartOf":{"@id":"https:\/\/pr-ide.de\/#website"},"primaryImageOfPage":{"@id":"https:\/\/pr-ide.de\/blog\/2015\/09\/das-auto-der-dinosaurier-vom-konzept-0ld\/#primaryimage"},"image":{"@id":"https:\/\/pr-ide.de\/blog\/2015\/09\/das-auto-der-dinosaurier-vom-konzept-0ld\/#primaryimage"},"thumbnailUrl":"https:\/\/pr-ide.de\/wp-content\/uploads\/2015\/09\/DSC_0486-scaled.jpg","datePublished":"2015-09-21T13:43:34+00:00","breadcrumb":{"@id":"https:\/\/pr-ide.de\/blog\/2015\/09\/das-auto-der-dinosaurier-vom-konzept-0ld\/#breadcrumb"},"inLanguage":"en-US","potentialAction":[{"@type":"ReadAction","target":["https:\/\/pr-ide.de\/blog\/2015\/09\/das-auto-der-dinosaurier-vom-konzept-0ld\/"]}]},{"@type":"ImageObject","inLanguage":"en-US","@id":"https:\/\/pr-ide.de\/blog\/2015\/09\/das-auto-der-dinosaurier-vom-konzept-0ld\/#primaryimage","url":"https:\/\/pr-ide.de\/wp-content\/uploads\/2015\/09\/DSC_0486-scaled.jpg","contentUrl":"https:\/\/pr-ide.de\/wp-content\/uploads\/2015\/09\/DSC_0486-scaled.jpg","width":2560,"height":1440,"caption":"Oldsmobile"},{"@type":"BreadcrumbList","@id":"https:\/\/pr-ide.de\/blog\/2015\/09\/das-auto-der-dinosaurier-vom-konzept-0ld\/#breadcrumb","itemListElement":[{"@type":"ListItem","position":1,"name":"Home","item":"https:\/\/pr-ide.de\/en\/the-agency-for-creative-success\/"},{"@type":"ListItem","position":2,"name":"Das Auto \u2013 der Dinosaurier vom Konzept"}]},{"@type":"WebSite","@id":"https:\/\/pr-ide.de\/#website","url":"https:\/\/pr-ide.de\/","name":"pr-ide","description":"die agentur f\u00fcr kreative erfolge","publisher":{"@id":"https:\/\/pr-ide.de\/#organization"},"potentialAction":[{"@type":"SearchAction","target":{"@type":"EntryPoint","urlTemplate":"https:\/\/pr-ide.de\/?s={search_term_string}"},"query-input":{"@type":"PropertyValueSpecification","valueRequired":true,"valueName":"search_term_string"}}],"inLanguage":"en-US"},{"@type":"Organization","@id":"https:\/\/pr-ide.de\/#organization","name":"pr-ide","url":"https:\/\/pr-ide.de\/","logo":{"@type":"ImageObject","inLanguage":"en-US","@id":"https:\/\/pr-ide.de\/#\/schema\/logo\/image\/","url":"","contentUrl":"","caption":"pr-ide"},"image":{"@id":"https:\/\/pr-ide.de\/#\/schema\/logo\/image\/"},"sameAs":["https:\/\/www.facebook.com\/prideberlin\/","https:\/\/x.com\/pr_ide","https:\/\/www.linkedin.com\/company\/pr-ide-gbr\/"]},{"@type":"Person","@id":"https:\/\/pr-ide.de\/#\/schema\/person\/4bb8cb929d552fc1cd7c49d25ef90093","name":"Philipp Sack","image":{"@type":"ImageObject","inLanguage":"en-US","@id":"https:\/\/secure.gravatar.com\/avatar\/e7d041e5f3b6ec52d1f4dcd0266ccdf14a0b7227561f91f92a474ad68a30da9a?s=96&d=robohash&r=g","url":"https:\/\/secure.gravatar.com\/avatar\/e7d041e5f3b6ec52d1f4dcd0266ccdf14a0b7227561f91f92a474ad68a30da9a?s=96&d=robohash&r=g","contentUrl":"https:\/\/secure.gravatar.com\/avatar\/e7d041e5f3b6ec52d1f4dcd0266ccdf14a0b7227561f91f92a474ad68a30da9a?s=96&d=robohash&r=g","caption":"Philipp Sack"},"description":"CEO und Kreativkopf bei pr-ide. Kreuz und querlenkend, gerne segelnd. Immer auf der Suche nach innovativen L\u00f6sungen - manchmal schon bevor das Problem erkannt wurde.","sameAs":["http:\/\/www.pr-ide.de","https:\/\/www.linkedin.com\/in\/philipp-sack\/"],"url":"https:\/\/pr-ide.de\/en\/blog\/author\/seesack-2-2-2-2-2-2-2-2-2-2-2-2-2-2-2-2-2-2-2-2\/"}]}},"jetpack_featured_media_url":"https:\/\/pr-ide.de\/wp-content\/uploads\/2015\/09\/DSC_0486-scaled.jpg","jetpack_sharing_enabled":true,"_links":{"self":[{"href":"https:\/\/pr-ide.de\/en\/wp-json\/wp\/v2\/posts\/15945","targetHints":{"allow":["GET"]}}],"collection":[{"href":"https:\/\/pr-ide.de\/en\/wp-json\/wp\/v2\/posts"}],"about":[{"href":"https:\/\/pr-ide.de\/en\/wp-json\/wp\/v2\/types\/post"}],"author":[{"embeddable":true,"href":"https:\/\/pr-ide.de\/en\/wp-json\/wp\/v2\/users\/15"}],"replies":[{"embeddable":true,"href":"https:\/\/pr-ide.de\/en\/wp-json\/wp\/v2\/comments?post=15945"}],"version-history":[{"count":0,"href":"https:\/\/pr-ide.de\/en\/wp-json\/wp\/v2\/posts\/15945\/revisions"}],"wp:featuredmedia":[{"embeddable":true,"href":"https:\/\/pr-ide.de\/en\/wp-json\/wp\/v2\/media\/15946"}],"wp:attachment":[{"href":"https:\/\/pr-ide.de\/en\/wp-json\/wp\/v2\/media?parent=15945"}],"wp:term":[{"taxonomy":"category","embeddable":true,"href":"https:\/\/pr-ide.de\/en\/wp-json\/wp\/v2\/categories?post=15945"},{"taxonomy":"post_tag","embeddable":true,"href":"https:\/\/pr-ide.de\/en\/wp-json\/wp\/v2\/tags?post=15945"}],"curies":[{"name":"wp","href":"https:\/\/api.w.org\/{rel}","templated":true}]}}