{"id":16005,"date":"2015-09-28T11:50:40","date_gmt":"2015-09-28T10:50:40","guid":{"rendered":"http:\/\/pr-ide.de\/?p=16005"},"modified":"2015-09-28T11:50:40","modified_gmt":"2015-09-28T10:50:40","slug":"powerpoint","status":"publish","type":"post","link":"https:\/\/pr-ide.de\/en\/blog\/2015\/09\/powerpoint\/","title":{"rendered":"Pr\u00e4sentieren leicht gemacht"},"content":{"rendered":"<p>Es gab einmal diese Drohung der Dia-Abende. Nach Reisen oder Familienfesten wurde der Raum verdunkelt, der Diaprojektor angeworfen und dann gef\u00fchlte Lichtjahre lang mehr oder minder gelungene Bilder pr\u00e4sentiert.<br \/>\nEiner der besonders darunter leiden musste hat vermutlich sp\u00e4ter PowerPoint mit entwickelt. Der mutma\u00dfliche Ausl\u00f6ser f\u00fcr viele Burn Out Symptome in F\u00fchrungsetagen.<br \/>\nEin paar Alternativen wurden sp\u00e4ter entwickelt. Prezzi zum Beispiel, da schl\u00e4ft so schnell keiner ein, unge\u00fcbte Pr\u00e4sentierer haben aber schnell ein leicht Seekrankes Publikum generiert. Au dem Hause mit dem Fallobst gibt es auch eine Variante \u2013 da ist der Designer aber auch nicht sicher ob die f\u00fcr oder von den \u201ecrazy ones\u201c konzipiert war.<br \/>\nMit Windows 10 kehrte nun wohl so etwas wie Besinnung ein \u2013 eine Alternative f\u00fcr die kleine Pr\u00e4sentation zwischendurch aus dem Hause Mircrosoft, f\u00fcr umsonst.<br \/>\nWir haben mal schnell getestet.<br \/>\n<iframe width=\"760px\" height=\"500px\" src=\"https:\/\/sway.com\/s\/XM18vcCQWnb67SYM\/embed\" frameborder=\"0\" marginwidth=\"0\" marginheight=\"0\" scrolling=\"no\" style=\"border: none; max-width:100%; max-height:100vh\" allowfullscreen webkitallowfullscreen mozallowfullscreen msallowfullscreen><\/iframe><\/p>\n","protected":false},"excerpt":{"rendered":"<p>Es gab einmal diese Drohung der Dia-Abende. Nach Reisen oder Familienfesten wurde der Raum verdunkelt, der Diaprojektor angeworfen und dann gef\u00fchlte Lichtjahre lang mehr oder minder gelungene Bilder pr\u00e4sentiert. Einer der besonders darunter leiden musste hat vermutlich sp\u00e4ter PowerPoint mit  [&#8230;]<\/p>\n","protected":false},"author":15,"featured_media":16009,"comment_status":"open","ping_status":"closed","sticky":false,"template":"","format":"standard","meta":{"_monsterinsights_skip_tracking":false,"_monsterinsights_sitenote_active":false,"_monsterinsights_sitenote_note":"","_monsterinsights_sitenote_category":0,"_jetpack_memberships_contains_paid_content":false,"footnotes":""},"categories":[36],"tags":[1367],"class_list":["post-16005","post","type-post","status-publish","format-standard","has-post-thumbnail","hentry","category-unter-den-scanner-geraten","tag-powerpoint"],"yoast_head":"<!-- This site is optimized with the Yoast SEO plugin v27.2 - https:\/\/yoast.com\/product\/yoast-seo-wordpress\/ -->\n<title>Pr\u00e4sentieren leicht gemacht - pr-ide<\/title>\n<meta name=\"robots\" content=\"index, follow, max-snippet:-1, max-image-preview:large, max-video-preview:-1\" \/>\n<link rel=\"canonical\" href=\"https:\/\/pr-ide.de\/blog\/2015\/09\/powerpoint\/\" \/>\n<meta property=\"og:locale\" content=\"en_US\" \/>\n<meta property=\"og:type\" content=\"article\" \/>\n<meta property=\"og:title\" content=\"Pr\u00e4sentieren leicht gemacht - pr-ide\" \/>\n<meta property=\"og:description\" content=\"Es gab einmal diese Drohung der Dia-Abende. Nach Reisen oder Familienfesten wurde der Raum verdunkelt, der Diaprojektor angeworfen und dann gef\u00fchlte Lichtjahre lang mehr oder minder gelungene Bilder pr\u00e4sentiert. Einer der besonders darunter leiden musste hat vermutlich sp\u00e4ter PowerPoint mit [...]\" \/>\n<meta property=\"og:url\" content=\"https:\/\/pr-ide.de\/blog\/2015\/09\/powerpoint\/\" \/>\n<meta property=\"og:site_name\" content=\"pr-ide\" \/>\n<meta property=\"article:publisher\" content=\"https:\/\/www.facebook.com\/prideberlin\/\" \/>\n<meta property=\"article:published_time\" content=\"2015-09-28T10:50:40+00:00\" \/>\n<meta property=\"og:image\" content=\"https:\/\/pr-ide.de\/wp-content\/uploads\/2015\/09\/cinema.jpg\" \/>\n\t<meta property=\"og:image:width\" content=\"2048\" \/>\n\t<meta property=\"og:image:height\" content=\"1536\" \/>\n\t<meta property=\"og:image:type\" content=\"image\/jpeg\" \/>\n<meta name=\"author\" content=\"Philipp Sack\" \/>\n<meta name=\"twitter:label1\" content=\"Written by\" \/>\n\t<meta name=\"twitter:data1\" content=\"Philipp Sack\" \/>\n\t<meta name=\"twitter:label2\" content=\"Est. reading time\" \/>\n\t<meta name=\"twitter:data2\" content=\"1 minute\" \/>\n<script type=\"application\/ld+json\" class=\"yoast-schema-graph\">{\"@context\":\"https:\/\/schema.org\",\"@graph\":[{\"@type\":\"Article\",\"@id\":\"https:\/\/pr-ide.de\/blog\/2015\/09\/powerpoint\/#article\",\"isPartOf\":{\"@id\":\"https:\/\/pr-ide.de\/blog\/2015\/09\/powerpoint\/\"},\"author\":{\"name\":\"Philipp Sack\",\"@id\":\"https:\/\/pr-ide.de\/#\/schema\/person\/4bb8cb929d552fc1cd7c49d25ef90093\"},\"headline\":\"Pr\u00e4sentieren leicht gemacht\",\"datePublished\":\"2015-09-28T10:50:40+00:00\",\"mainEntityOfPage\":{\"@id\":\"https:\/\/pr-ide.de\/blog\/2015\/09\/powerpoint\/\"},\"wordCount\":152,\"commentCount\":20,\"publisher\":{\"@id\":\"https:\/\/pr-ide.de\/#organization\"},\"image\":{\"@id\":\"https:\/\/pr-ide.de\/blog\/2015\/09\/powerpoint\/#primaryimage\"},\"thumbnailUrl\":\"https:\/\/pr-ide.de\/wp-content\/uploads\/2015\/09\/cinema.jpg\",\"keywords\":[\"powerpoint\"],\"articleSection\":[\"Unter den Scanner geraten\"],\"inLanguage\":\"en-US\",\"potentialAction\":[{\"@type\":\"CommentAction\",\"name\":\"Comment\",\"target\":[\"https:\/\/pr-ide.de\/blog\/2015\/09\/powerpoint\/#respond\"]}]},{\"@type\":\"WebPage\",\"@id\":\"https:\/\/pr-ide.de\/blog\/2015\/09\/powerpoint\/\",\"url\":\"https:\/\/pr-ide.de\/blog\/2015\/09\/powerpoint\/\",\"name\":\"Pr\u00e4sentieren leicht gemacht - pr-ide\",\"isPartOf\":{\"@id\":\"https:\/\/pr-ide.de\/#website\"},\"primaryImageOfPage\":{\"@id\":\"https:\/\/pr-ide.de\/blog\/2015\/09\/powerpoint\/#primaryimage\"},\"image\":{\"@id\":\"https:\/\/pr-ide.de\/blog\/2015\/09\/powerpoint\/#primaryimage\"},\"thumbnailUrl\":\"https:\/\/pr-ide.de\/wp-content\/uploads\/2015\/09\/cinema.jpg\",\"datePublished\":\"2015-09-28T10:50:40+00:00\",\"breadcrumb\":{\"@id\":\"https:\/\/pr-ide.de\/blog\/2015\/09\/powerpoint\/#breadcrumb\"},\"inLanguage\":\"en-US\",\"potentialAction\":[{\"@type\":\"ReadAction\",\"target\":[\"https:\/\/pr-ide.de\/blog\/2015\/09\/powerpoint\/\"]}]},{\"@type\":\"ImageObject\",\"inLanguage\":\"en-US\",\"@id\":\"https:\/\/pr-ide.de\/blog\/2015\/09\/powerpoint\/#primaryimage\",\"url\":\"https:\/\/pr-ide.de\/wp-content\/uploads\/2015\/09\/cinema.jpg\",\"contentUrl\":\"https:\/\/pr-ide.de\/wp-content\/uploads\/2015\/09\/cinema.jpg\",\"width\":2048,\"height\":1536,\"caption\":\"cinema\"},{\"@type\":\"BreadcrumbList\",\"@id\":\"https:\/\/pr-ide.de\/blog\/2015\/09\/powerpoint\/#breadcrumb\",\"itemListElement\":[{\"@type\":\"ListItem\",\"position\":1,\"name\":\"Home\",\"item\":\"https:\/\/pr-ide.de\/en\/the-agency-for-creative-success\/\"},{\"@type\":\"ListItem\",\"position\":2,\"name\":\"Pr\u00e4sentieren leicht gemacht\"}]},{\"@type\":\"WebSite\",\"@id\":\"https:\/\/pr-ide.de\/#website\",\"url\":\"https:\/\/pr-ide.de\/\",\"name\":\"pr-ide\",\"description\":\"die agentur f\u00fcr kreative erfolge\",\"publisher\":{\"@id\":\"https:\/\/pr-ide.de\/#organization\"},\"potentialAction\":[{\"@type\":\"SearchAction\",\"target\":{\"@type\":\"EntryPoint\",\"urlTemplate\":\"https:\/\/pr-ide.de\/?s={search_term_string}\"},\"query-input\":{\"@type\":\"PropertyValueSpecification\",\"valueRequired\":true,\"valueName\":\"search_term_string\"}}],\"inLanguage\":\"en-US\"},{\"@type\":\"Organization\",\"@id\":\"https:\/\/pr-ide.de\/#organization\",\"name\":\"pr-ide\",\"url\":\"https:\/\/pr-ide.de\/\",\"logo\":{\"@type\":\"ImageObject\",\"inLanguage\":\"en-US\",\"@id\":\"https:\/\/pr-ide.de\/#\/schema\/logo\/image\/\",\"url\":\"\",\"contentUrl\":\"\",\"caption\":\"pr-ide\"},\"image\":{\"@id\":\"https:\/\/pr-ide.de\/#\/schema\/logo\/image\/\"},\"sameAs\":[\"https:\/\/www.facebook.com\/prideberlin\/\",\"https:\/\/x.com\/pr_ide\",\"https:\/\/www.linkedin.com\/company\/pr-ide-gbr\/\"]},{\"@type\":\"Person\",\"@id\":\"https:\/\/pr-ide.de\/#\/schema\/person\/4bb8cb929d552fc1cd7c49d25ef90093\",\"name\":\"Philipp Sack\",\"image\":{\"@type\":\"ImageObject\",\"inLanguage\":\"en-US\",\"@id\":\"https:\/\/secure.gravatar.com\/avatar\/e7d041e5f3b6ec52d1f4dcd0266ccdf14a0b7227561f91f92a474ad68a30da9a?s=96&d=robohash&r=g\",\"url\":\"https:\/\/secure.gravatar.com\/avatar\/e7d041e5f3b6ec52d1f4dcd0266ccdf14a0b7227561f91f92a474ad68a30da9a?s=96&d=robohash&r=g\",\"contentUrl\":\"https:\/\/secure.gravatar.com\/avatar\/e7d041e5f3b6ec52d1f4dcd0266ccdf14a0b7227561f91f92a474ad68a30da9a?s=96&d=robohash&r=g\",\"caption\":\"Philipp Sack\"},\"description\":\"CEO und Kreativkopf bei pr-ide. Kreuz und querlenkend, gerne segelnd. Immer auf der Suche nach innovativen L\u00f6sungen - manchmal schon bevor das Problem erkannt wurde.\",\"sameAs\":[\"http:\/\/www.pr-ide.de\",\"https:\/\/www.linkedin.com\/in\/philipp-sack\/\"],\"url\":\"https:\/\/pr-ide.de\/en\/blog\/author\/seesack-2-2-2-2-2-2-2-2-2-2-2-2-2-2-2-2-2-2-2-2\/\"}]}<\/script>\n<!-- \/ Yoast SEO plugin. -->","yoast_head_json":{"title":"Pr\u00e4sentieren leicht gemacht - pr-ide","robots":{"index":"index","follow":"follow","max-snippet":"max-snippet:-1","max-image-preview":"max-image-preview:large","max-video-preview":"max-video-preview:-1"},"canonical":"https:\/\/pr-ide.de\/blog\/2015\/09\/powerpoint\/","og_locale":"en_US","og_type":"article","og_title":"Pr\u00e4sentieren leicht gemacht - pr-ide","og_description":"Es gab einmal diese Drohung der Dia-Abende. Nach Reisen oder Familienfesten wurde der Raum verdunkelt, der Diaprojektor angeworfen und dann gef\u00fchlte Lichtjahre lang mehr oder minder gelungene Bilder pr\u00e4sentiert. Einer der besonders darunter leiden musste hat vermutlich sp\u00e4ter PowerPoint mit [...]","og_url":"https:\/\/pr-ide.de\/blog\/2015\/09\/powerpoint\/","og_site_name":"pr-ide","article_publisher":"https:\/\/www.facebook.com\/prideberlin\/","article_published_time":"2015-09-28T10:50:40+00:00","og_image":[{"width":2048,"height":1536,"url":"https:\/\/pr-ide.de\/wp-content\/uploads\/2015\/09\/cinema.jpg","type":"image\/jpeg"}],"author":"Philipp Sack","twitter_misc":{"Written by":"Philipp Sack","Est. reading time":"1 minute"},"schema":{"@context":"https:\/\/schema.org","@graph":[{"@type":"Article","@id":"https:\/\/pr-ide.de\/blog\/2015\/09\/powerpoint\/#article","isPartOf":{"@id":"https:\/\/pr-ide.de\/blog\/2015\/09\/powerpoint\/"},"author":{"name":"Philipp Sack","@id":"https:\/\/pr-ide.de\/#\/schema\/person\/4bb8cb929d552fc1cd7c49d25ef90093"},"headline":"Pr\u00e4sentieren leicht gemacht","datePublished":"2015-09-28T10:50:40+00:00","mainEntityOfPage":{"@id":"https:\/\/pr-ide.de\/blog\/2015\/09\/powerpoint\/"},"wordCount":152,"commentCount":20,"publisher":{"@id":"https:\/\/pr-ide.de\/#organization"},"image":{"@id":"https:\/\/pr-ide.de\/blog\/2015\/09\/powerpoint\/#primaryimage"},"thumbnailUrl":"https:\/\/pr-ide.de\/wp-content\/uploads\/2015\/09\/cinema.jpg","keywords":["powerpoint"],"articleSection":["Unter den Scanner geraten"],"inLanguage":"en-US","potentialAction":[{"@type":"CommentAction","name":"Comment","target":["https:\/\/pr-ide.de\/blog\/2015\/09\/powerpoint\/#respond"]}]},{"@type":"WebPage","@id":"https:\/\/pr-ide.de\/blog\/2015\/09\/powerpoint\/","url":"https:\/\/pr-ide.de\/blog\/2015\/09\/powerpoint\/","name":"Pr\u00e4sentieren leicht gemacht - pr-ide","isPartOf":{"@id":"https:\/\/pr-ide.de\/#website"},"primaryImageOfPage":{"@id":"https:\/\/pr-ide.de\/blog\/2015\/09\/powerpoint\/#primaryimage"},"image":{"@id":"https:\/\/pr-ide.de\/blog\/2015\/09\/powerpoint\/#primaryimage"},"thumbnailUrl":"https:\/\/pr-ide.de\/wp-content\/uploads\/2015\/09\/cinema.jpg","datePublished":"2015-09-28T10:50:40+00:00","breadcrumb":{"@id":"https:\/\/pr-ide.de\/blog\/2015\/09\/powerpoint\/#breadcrumb"},"inLanguage":"en-US","potentialAction":[{"@type":"ReadAction","target":["https:\/\/pr-ide.de\/blog\/2015\/09\/powerpoint\/"]}]},{"@type":"ImageObject","inLanguage":"en-US","@id":"https:\/\/pr-ide.de\/blog\/2015\/09\/powerpoint\/#primaryimage","url":"https:\/\/pr-ide.de\/wp-content\/uploads\/2015\/09\/cinema.jpg","contentUrl":"https:\/\/pr-ide.de\/wp-content\/uploads\/2015\/09\/cinema.jpg","width":2048,"height":1536,"caption":"cinema"},{"@type":"BreadcrumbList","@id":"https:\/\/pr-ide.de\/blog\/2015\/09\/powerpoint\/#breadcrumb","itemListElement":[{"@type":"ListItem","position":1,"name":"Home","item":"https:\/\/pr-ide.de\/en\/the-agency-for-creative-success\/"},{"@type":"ListItem","position":2,"name":"Pr\u00e4sentieren leicht gemacht"}]},{"@type":"WebSite","@id":"https:\/\/pr-ide.de\/#website","url":"https:\/\/pr-ide.de\/","name":"pr-ide","description":"die agentur f\u00fcr kreative erfolge","publisher":{"@id":"https:\/\/pr-ide.de\/#organization"},"potentialAction":[{"@type":"SearchAction","target":{"@type":"EntryPoint","urlTemplate":"https:\/\/pr-ide.de\/?s={search_term_string}"},"query-input":{"@type":"PropertyValueSpecification","valueRequired":true,"valueName":"search_term_string"}}],"inLanguage":"en-US"},{"@type":"Organization","@id":"https:\/\/pr-ide.de\/#organization","name":"pr-ide","url":"https:\/\/pr-ide.de\/","logo":{"@type":"ImageObject","inLanguage":"en-US","@id":"https:\/\/pr-ide.de\/#\/schema\/logo\/image\/","url":"","contentUrl":"","caption":"pr-ide"},"image":{"@id":"https:\/\/pr-ide.de\/#\/schema\/logo\/image\/"},"sameAs":["https:\/\/www.facebook.com\/prideberlin\/","https:\/\/x.com\/pr_ide","https:\/\/www.linkedin.com\/company\/pr-ide-gbr\/"]},{"@type":"Person","@id":"https:\/\/pr-ide.de\/#\/schema\/person\/4bb8cb929d552fc1cd7c49d25ef90093","name":"Philipp Sack","image":{"@type":"ImageObject","inLanguage":"en-US","@id":"https:\/\/secure.gravatar.com\/avatar\/e7d041e5f3b6ec52d1f4dcd0266ccdf14a0b7227561f91f92a474ad68a30da9a?s=96&d=robohash&r=g","url":"https:\/\/secure.gravatar.com\/avatar\/e7d041e5f3b6ec52d1f4dcd0266ccdf14a0b7227561f91f92a474ad68a30da9a?s=96&d=robohash&r=g","contentUrl":"https:\/\/secure.gravatar.com\/avatar\/e7d041e5f3b6ec52d1f4dcd0266ccdf14a0b7227561f91f92a474ad68a30da9a?s=96&d=robohash&r=g","caption":"Philipp Sack"},"description":"CEO und Kreativkopf bei pr-ide. Kreuz und querlenkend, gerne segelnd. Immer auf der Suche nach innovativen L\u00f6sungen - manchmal schon bevor das Problem erkannt wurde.","sameAs":["http:\/\/www.pr-ide.de","https:\/\/www.linkedin.com\/in\/philipp-sack\/"],"url":"https:\/\/pr-ide.de\/en\/blog\/author\/seesack-2-2-2-2-2-2-2-2-2-2-2-2-2-2-2-2-2-2-2-2\/"}]}},"jetpack_featured_media_url":"https:\/\/pr-ide.de\/wp-content\/uploads\/2015\/09\/cinema.jpg","jetpack_sharing_enabled":true,"_links":{"self":[{"href":"https:\/\/pr-ide.de\/en\/wp-json\/wp\/v2\/posts\/16005","targetHints":{"allow":["GET"]}}],"collection":[{"href":"https:\/\/pr-ide.de\/en\/wp-json\/wp\/v2\/posts"}],"about":[{"href":"https:\/\/pr-ide.de\/en\/wp-json\/wp\/v2\/types\/post"}],"author":[{"embeddable":true,"href":"https:\/\/pr-ide.de\/en\/wp-json\/wp\/v2\/users\/15"}],"replies":[{"embeddable":true,"href":"https:\/\/pr-ide.de\/en\/wp-json\/wp\/v2\/comments?post=16005"}],"version-history":[{"count":0,"href":"https:\/\/pr-ide.de\/en\/wp-json\/wp\/v2\/posts\/16005\/revisions"}],"wp:featuredmedia":[{"embeddable":true,"href":"https:\/\/pr-ide.de\/en\/wp-json\/wp\/v2\/media\/16009"}],"wp:attachment":[{"href":"https:\/\/pr-ide.de\/en\/wp-json\/wp\/v2\/media?parent=16005"}],"wp:term":[{"taxonomy":"category","embeddable":true,"href":"https:\/\/pr-ide.de\/en\/wp-json\/wp\/v2\/categories?post=16005"},{"taxonomy":"post_tag","embeddable":true,"href":"https:\/\/pr-ide.de\/en\/wp-json\/wp\/v2\/tags?post=16005"}],"curies":[{"name":"wp","href":"https:\/\/api.w.org\/{rel}","templated":true}]}}