{"id":16085,"date":"2015-10-30T17:03:59","date_gmt":"2015-10-30T16:03:59","guid":{"rendered":"http:\/\/pr-ide.de\/?p=16085"},"modified":"2015-11-01T15:25:55","modified_gmt":"2015-11-01T14:25:55","slug":"reisen-bildet-3","status":"publish","type":"post","link":"https:\/\/pr-ide.de\/en\/blog\/2015\/10\/reisen-bildet-3\/","title":{"rendered":"Reisen bildet"},"content":{"rendered":"<p>Zumindest schaut man dabei mal wieder \u00fcber den Tellerrand. Der wurde hier durch die\u00a0Alpengipfel symbolisiert \u2013 und beinhaltete unter anderem eine Schnellzugfahrt von Rom nach Venedig.<\/p>\n<p>In etwas mehr als drei Stunden \u2013 mit bis zu 280 km\/h \u2013 gut schmeckendem Kaffee, obwohl aus dem Automaten, f\u00fcr zwei Euro. Daf\u00fcr kann man bei bekannten einheimischen schienengebundenen Personentransportunternehmen nicht mal ein warmes Wasser anschauen!<\/p>\n<p>P\u00fcnktlich war er auch \u2013 nur der fehlende Wagenstandsanzeiger wurde vermisst \u2013 bis dann 10 Minuten vor Einfahrt des Zuges die Nummern an Monitoren am <a href=\"https:\/\/goo.gl\/photos\/QoHF54agCTVDAbSKA\" target=\"_blank\">Bahnsteig <\/a>angezeigt wurden.<\/p>\n<p>Da kann dann auch mal auf diese &#8211; in der Auswirkung leidige &#8211; Ansage verzichtet werden: Heute in umgekehrter Wagenreihenfolge\u2026<\/p>\n<p>Kontrolle gab es auch \u2013 wenn man den Zielbahnhof wei\u00df und auf dem vorreservierten Platz sitzt, dann braucht man das Ticket nicht.<\/p>\n<p>Pragmatismus kann manchmal das Leben vereinfachen!<\/p>\n<p>Zur Unterhaltung gab es FUNKTIONIERENDES WiFi, kostenlos, schnell. Zudem hatte man eine Auswahl von 150! Filmen, die man sich dann auf seiner mit dem Zugserver verbundenem Handheld oder Laptop betrachten kann.<\/p>\n<p>Der luxuri\u00f6se Spa\u00df war dann ohne Verg\u00fcnstigung f\u00fcr 50 Euro zu haben. Die vergleichbare Strecke in Deutschland zum Beispiel von Berlin nach Wuppertal kosten mit Bahncard 50 40% mehr.<\/p>\n<p>Was den Designer freut: offenbar musste der Berufskollege der f\u00fcr die Bestuhlung verantwortlich zeichnet, auch mal eine zeitlang selber auf den Sitzen gesessen haben: die waren n\u00e4mlich ganz sch\u00f6n bequem und schick zugleich.<\/p>\n<p>Die ergonomische Ausformung aller Sitzgelegenheiten im innerdeutschen Schienen gebundenen Reiseverkehr lassen (beim Designer) hingegen auf einen \u00fcblen Scherz des verantwortlichen Ergonomen schlie\u00dfen! Und ein Designer sitzt nur dann darauf, um zu kritisieren. Dann ist es aber zu sp\u00e4t. Es geht auch anders.<\/p>\n","protected":false},"excerpt":{"rendered":"<p>Zumindest schaut man dabei mal wieder \u00fcber den Tellerrand. Der wurde hier durch die\u00a0Alpengipfel symbolisiert \u2013 und beinhaltete unter anderem eine Schnellzugfahrt von Rom nach Venedig. In etwas mehr als drei Stunden \u2013 mit bis zu 280 km\/h \u2013 gut  [&#8230;]<\/p>\n","protected":false},"author":15,"featured_media":16087,"comment_status":"open","ping_status":"closed","sticky":false,"template":"","format":"standard","meta":{"_monsterinsights_skip_tracking":false,"_monsterinsights_sitenote_active":false,"_monsterinsights_sitenote_note":"","_monsterinsights_sitenote_category":0,"_jetpack_memberships_contains_paid_content":false,"footnotes":""},"categories":[81,673,36],"tags":[1298,1043,586,1386],"class_list":["post-16085","post","type-post","status-publish","format-standard","has-post-thumbnail","hentry","category-diesunddas","category-freitaglinklist","category-unter-den-scanner-geraten","tag-design","tag-ergonomie","tag-reisen","tag-zug"],"yoast_head":"<!-- This site is optimized with the Yoast SEO plugin v27.2 - https:\/\/yoast.com\/product\/yoast-seo-wordpress\/ -->\n<title>Reisen bildet - pr-ide<\/title>\n<meta name=\"robots\" content=\"index, follow, max-snippet:-1, max-image-preview:large, max-video-preview:-1\" \/>\n<link rel=\"canonical\" href=\"https:\/\/pr-ide.de\/blog\/2015\/10\/reisen-bildet-3\/\" \/>\n<meta property=\"og:locale\" content=\"en_US\" \/>\n<meta property=\"og:type\" content=\"article\" \/>\n<meta property=\"og:title\" content=\"Reisen bildet - pr-ide\" \/>\n<meta property=\"og:description\" content=\"Zumindest schaut man dabei mal wieder \u00fcber den Tellerrand. Der wurde hier durch die\u00a0Alpengipfel symbolisiert \u2013 und beinhaltete unter anderem eine Schnellzugfahrt von Rom nach Venedig. In etwas mehr als drei Stunden \u2013 mit bis zu 280 km\/h \u2013 gut [...]\" \/>\n<meta property=\"og:url\" content=\"https:\/\/pr-ide.de\/blog\/2015\/10\/reisen-bildet-3\/\" \/>\n<meta property=\"og:site_name\" content=\"pr-ide\" \/>\n<meta property=\"article:publisher\" content=\"https:\/\/www.facebook.com\/prideberlin\/\" \/>\n<meta property=\"article:published_time\" content=\"2015-10-30T16:03:59+00:00\" \/>\n<meta property=\"article:modified_time\" content=\"2015-11-01T14:25:55+00:00\" \/>\n<meta property=\"og:image\" content=\"https:\/\/pr-ide.de\/wp-content\/uploads\/2015\/10\/DSC_0881-scaled.jpg\" \/>\n\t<meta property=\"og:image:width\" content=\"2560\" \/>\n\t<meta property=\"og:image:height\" content=\"1440\" \/>\n\t<meta property=\"og:image:type\" content=\"image\/jpeg\" \/>\n<meta name=\"author\" content=\"Philipp Sack\" \/>\n<meta name=\"twitter:label1\" content=\"Written by\" \/>\n\t<meta name=\"twitter:data1\" content=\"Philipp Sack\" \/>\n\t<meta name=\"twitter:label2\" content=\"Est. reading time\" \/>\n\t<meta name=\"twitter:data2\" content=\"1 minute\" \/>\n<script type=\"application\/ld+json\" class=\"yoast-schema-graph\">{\"@context\":\"https:\/\/schema.org\",\"@graph\":[{\"@type\":\"Article\",\"@id\":\"https:\/\/pr-ide.de\/blog\/2015\/10\/reisen-bildet-3\/#article\",\"isPartOf\":{\"@id\":\"https:\/\/pr-ide.de\/blog\/2015\/10\/reisen-bildet-3\/\"},\"author\":{\"name\":\"Philipp Sack\",\"@id\":\"https:\/\/pr-ide.de\/#\/schema\/person\/4bb8cb929d552fc1cd7c49d25ef90093\"},\"headline\":\"Reisen bildet\",\"datePublished\":\"2015-10-30T16:03:59+00:00\",\"dateModified\":\"2015-11-01T14:25:55+00:00\",\"mainEntityOfPage\":{\"@id\":\"https:\/\/pr-ide.de\/blog\/2015\/10\/reisen-bildet-3\/\"},\"wordCount\":277,\"commentCount\":0,\"publisher\":{\"@id\":\"https:\/\/pr-ide.de\/#organization\"},\"image\":{\"@id\":\"https:\/\/pr-ide.de\/blog\/2015\/10\/reisen-bildet-3\/#primaryimage\"},\"thumbnailUrl\":\"https:\/\/pr-ide.de\/wp-content\/uploads\/2015\/10\/DSC_0881-scaled.jpg\",\"keywords\":[\"Design\",\"Ergonomie\",\"reisen\",\"zug\"],\"articleSection\":[\"diesunddas\",\"Freitaglinklist\",\"Unter den Scanner geraten\"],\"inLanguage\":\"en-US\",\"potentialAction\":[{\"@type\":\"CommentAction\",\"name\":\"Comment\",\"target\":[\"https:\/\/pr-ide.de\/blog\/2015\/10\/reisen-bildet-3\/#respond\"]}]},{\"@type\":\"WebPage\",\"@id\":\"https:\/\/pr-ide.de\/blog\/2015\/10\/reisen-bildet-3\/\",\"url\":\"https:\/\/pr-ide.de\/blog\/2015\/10\/reisen-bildet-3\/\",\"name\":\"Reisen bildet - pr-ide\",\"isPartOf\":{\"@id\":\"https:\/\/pr-ide.de\/#website\"},\"primaryImageOfPage\":{\"@id\":\"https:\/\/pr-ide.de\/blog\/2015\/10\/reisen-bildet-3\/#primaryimage\"},\"image\":{\"@id\":\"https:\/\/pr-ide.de\/blog\/2015\/10\/reisen-bildet-3\/#primaryimage\"},\"thumbnailUrl\":\"https:\/\/pr-ide.de\/wp-content\/uploads\/2015\/10\/DSC_0881-scaled.jpg\",\"datePublished\":\"2015-10-30T16:03:59+00:00\",\"dateModified\":\"2015-11-01T14:25:55+00:00\",\"breadcrumb\":{\"@id\":\"https:\/\/pr-ide.de\/blog\/2015\/10\/reisen-bildet-3\/#breadcrumb\"},\"inLanguage\":\"en-US\",\"potentialAction\":[{\"@type\":\"ReadAction\",\"target\":[\"https:\/\/pr-ide.de\/blog\/2015\/10\/reisen-bildet-3\/\"]}]},{\"@type\":\"ImageObject\",\"inLanguage\":\"en-US\",\"@id\":\"https:\/\/pr-ide.de\/blog\/2015\/10\/reisen-bildet-3\/#primaryimage\",\"url\":\"https:\/\/pr-ide.de\/wp-content\/uploads\/2015\/10\/DSC_0881-scaled.jpg\",\"contentUrl\":\"https:\/\/pr-ide.de\/wp-content\/uploads\/2015\/10\/DSC_0881-scaled.jpg\",\"width\":2560,\"height\":1440,\"caption\":\"DSC_0881\"},{\"@type\":\"BreadcrumbList\",\"@id\":\"https:\/\/pr-ide.de\/blog\/2015\/10\/reisen-bildet-3\/#breadcrumb\",\"itemListElement\":[{\"@type\":\"ListItem\",\"position\":1,\"name\":\"Home\",\"item\":\"https:\/\/pr-ide.de\/en\/the-agency-for-creative-success\/\"},{\"@type\":\"ListItem\",\"position\":2,\"name\":\"Reisen bildet\"}]},{\"@type\":\"WebSite\",\"@id\":\"https:\/\/pr-ide.de\/#website\",\"url\":\"https:\/\/pr-ide.de\/\",\"name\":\"pr-ide\",\"description\":\"die agentur f\u00fcr kreative erfolge\",\"publisher\":{\"@id\":\"https:\/\/pr-ide.de\/#organization\"},\"potentialAction\":[{\"@type\":\"SearchAction\",\"target\":{\"@type\":\"EntryPoint\",\"urlTemplate\":\"https:\/\/pr-ide.de\/?s={search_term_string}\"},\"query-input\":{\"@type\":\"PropertyValueSpecification\",\"valueRequired\":true,\"valueName\":\"search_term_string\"}}],\"inLanguage\":\"en-US\"},{\"@type\":\"Organization\",\"@id\":\"https:\/\/pr-ide.de\/#organization\",\"name\":\"pr-ide\",\"url\":\"https:\/\/pr-ide.de\/\",\"logo\":{\"@type\":\"ImageObject\",\"inLanguage\":\"en-US\",\"@id\":\"https:\/\/pr-ide.de\/#\/schema\/logo\/image\/\",\"url\":\"\",\"contentUrl\":\"\",\"caption\":\"pr-ide\"},\"image\":{\"@id\":\"https:\/\/pr-ide.de\/#\/schema\/logo\/image\/\"},\"sameAs\":[\"https:\/\/www.facebook.com\/prideberlin\/\",\"https:\/\/x.com\/pr_ide\",\"https:\/\/www.linkedin.com\/company\/pr-ide-gbr\/\"]},{\"@type\":\"Person\",\"@id\":\"https:\/\/pr-ide.de\/#\/schema\/person\/4bb8cb929d552fc1cd7c49d25ef90093\",\"name\":\"Philipp Sack\",\"image\":{\"@type\":\"ImageObject\",\"inLanguage\":\"en-US\",\"@id\":\"https:\/\/secure.gravatar.com\/avatar\/e7d041e5f3b6ec52d1f4dcd0266ccdf14a0b7227561f91f92a474ad68a30da9a?s=96&d=robohash&r=g\",\"url\":\"https:\/\/secure.gravatar.com\/avatar\/e7d041e5f3b6ec52d1f4dcd0266ccdf14a0b7227561f91f92a474ad68a30da9a?s=96&d=robohash&r=g\",\"contentUrl\":\"https:\/\/secure.gravatar.com\/avatar\/e7d041e5f3b6ec52d1f4dcd0266ccdf14a0b7227561f91f92a474ad68a30da9a?s=96&d=robohash&r=g\",\"caption\":\"Philipp Sack\"},\"description\":\"CEO und Kreativkopf bei pr-ide. Kreuz und querlenkend, gerne segelnd. Immer auf der Suche nach innovativen L\u00f6sungen - manchmal schon bevor das Problem erkannt wurde.\",\"sameAs\":[\"http:\/\/www.pr-ide.de\",\"https:\/\/www.linkedin.com\/in\/philipp-sack\/\"],\"url\":\"https:\/\/pr-ide.de\/en\/blog\/author\/seesack-2-2-2-2-2-2-2-2-2-2-2-2-2-2-2-2-2-2-2-2\/\"}]}<\/script>\n<!-- \/ Yoast SEO plugin. -->","yoast_head_json":{"title":"Reisen bildet - pr-ide","robots":{"index":"index","follow":"follow","max-snippet":"max-snippet:-1","max-image-preview":"max-image-preview:large","max-video-preview":"max-video-preview:-1"},"canonical":"https:\/\/pr-ide.de\/blog\/2015\/10\/reisen-bildet-3\/","og_locale":"en_US","og_type":"article","og_title":"Reisen bildet - pr-ide","og_description":"Zumindest schaut man dabei mal wieder \u00fcber den Tellerrand. Der wurde hier durch die\u00a0Alpengipfel symbolisiert \u2013 und beinhaltete unter anderem eine Schnellzugfahrt von Rom nach Venedig. In etwas mehr als drei Stunden \u2013 mit bis zu 280 km\/h \u2013 gut [...]","og_url":"https:\/\/pr-ide.de\/blog\/2015\/10\/reisen-bildet-3\/","og_site_name":"pr-ide","article_publisher":"https:\/\/www.facebook.com\/prideberlin\/","article_published_time":"2015-10-30T16:03:59+00:00","article_modified_time":"2015-11-01T14:25:55+00:00","og_image":[{"width":2560,"height":1440,"url":"https:\/\/pr-ide.de\/wp-content\/uploads\/2015\/10\/DSC_0881-scaled.jpg","type":"image\/jpeg"}],"author":"Philipp Sack","twitter_misc":{"Written by":"Philipp Sack","Est. reading time":"1 minute"},"schema":{"@context":"https:\/\/schema.org","@graph":[{"@type":"Article","@id":"https:\/\/pr-ide.de\/blog\/2015\/10\/reisen-bildet-3\/#article","isPartOf":{"@id":"https:\/\/pr-ide.de\/blog\/2015\/10\/reisen-bildet-3\/"},"author":{"name":"Philipp Sack","@id":"https:\/\/pr-ide.de\/#\/schema\/person\/4bb8cb929d552fc1cd7c49d25ef90093"},"headline":"Reisen bildet","datePublished":"2015-10-30T16:03:59+00:00","dateModified":"2015-11-01T14:25:55+00:00","mainEntityOfPage":{"@id":"https:\/\/pr-ide.de\/blog\/2015\/10\/reisen-bildet-3\/"},"wordCount":277,"commentCount":0,"publisher":{"@id":"https:\/\/pr-ide.de\/#organization"},"image":{"@id":"https:\/\/pr-ide.de\/blog\/2015\/10\/reisen-bildet-3\/#primaryimage"},"thumbnailUrl":"https:\/\/pr-ide.de\/wp-content\/uploads\/2015\/10\/DSC_0881-scaled.jpg","keywords":["Design","Ergonomie","reisen","zug"],"articleSection":["diesunddas","Freitaglinklist","Unter den Scanner geraten"],"inLanguage":"en-US","potentialAction":[{"@type":"CommentAction","name":"Comment","target":["https:\/\/pr-ide.de\/blog\/2015\/10\/reisen-bildet-3\/#respond"]}]},{"@type":"WebPage","@id":"https:\/\/pr-ide.de\/blog\/2015\/10\/reisen-bildet-3\/","url":"https:\/\/pr-ide.de\/blog\/2015\/10\/reisen-bildet-3\/","name":"Reisen bildet - pr-ide","isPartOf":{"@id":"https:\/\/pr-ide.de\/#website"},"primaryImageOfPage":{"@id":"https:\/\/pr-ide.de\/blog\/2015\/10\/reisen-bildet-3\/#primaryimage"},"image":{"@id":"https:\/\/pr-ide.de\/blog\/2015\/10\/reisen-bildet-3\/#primaryimage"},"thumbnailUrl":"https:\/\/pr-ide.de\/wp-content\/uploads\/2015\/10\/DSC_0881-scaled.jpg","datePublished":"2015-10-30T16:03:59+00:00","dateModified":"2015-11-01T14:25:55+00:00","breadcrumb":{"@id":"https:\/\/pr-ide.de\/blog\/2015\/10\/reisen-bildet-3\/#breadcrumb"},"inLanguage":"en-US","potentialAction":[{"@type":"ReadAction","target":["https:\/\/pr-ide.de\/blog\/2015\/10\/reisen-bildet-3\/"]}]},{"@type":"ImageObject","inLanguage":"en-US","@id":"https:\/\/pr-ide.de\/blog\/2015\/10\/reisen-bildet-3\/#primaryimage","url":"https:\/\/pr-ide.de\/wp-content\/uploads\/2015\/10\/DSC_0881-scaled.jpg","contentUrl":"https:\/\/pr-ide.de\/wp-content\/uploads\/2015\/10\/DSC_0881-scaled.jpg","width":2560,"height":1440,"caption":"DSC_0881"},{"@type":"BreadcrumbList","@id":"https:\/\/pr-ide.de\/blog\/2015\/10\/reisen-bildet-3\/#breadcrumb","itemListElement":[{"@type":"ListItem","position":1,"name":"Home","item":"https:\/\/pr-ide.de\/en\/the-agency-for-creative-success\/"},{"@type":"ListItem","position":2,"name":"Reisen bildet"}]},{"@type":"WebSite","@id":"https:\/\/pr-ide.de\/#website","url":"https:\/\/pr-ide.de\/","name":"pr-ide","description":"die agentur f\u00fcr kreative erfolge","publisher":{"@id":"https:\/\/pr-ide.de\/#organization"},"potentialAction":[{"@type":"SearchAction","target":{"@type":"EntryPoint","urlTemplate":"https:\/\/pr-ide.de\/?s={search_term_string}"},"query-input":{"@type":"PropertyValueSpecification","valueRequired":true,"valueName":"search_term_string"}}],"inLanguage":"en-US"},{"@type":"Organization","@id":"https:\/\/pr-ide.de\/#organization","name":"pr-ide","url":"https:\/\/pr-ide.de\/","logo":{"@type":"ImageObject","inLanguage":"en-US","@id":"https:\/\/pr-ide.de\/#\/schema\/logo\/image\/","url":"","contentUrl":"","caption":"pr-ide"},"image":{"@id":"https:\/\/pr-ide.de\/#\/schema\/logo\/image\/"},"sameAs":["https:\/\/www.facebook.com\/prideberlin\/","https:\/\/x.com\/pr_ide","https:\/\/www.linkedin.com\/company\/pr-ide-gbr\/"]},{"@type":"Person","@id":"https:\/\/pr-ide.de\/#\/schema\/person\/4bb8cb929d552fc1cd7c49d25ef90093","name":"Philipp Sack","image":{"@type":"ImageObject","inLanguage":"en-US","@id":"https:\/\/secure.gravatar.com\/avatar\/e7d041e5f3b6ec52d1f4dcd0266ccdf14a0b7227561f91f92a474ad68a30da9a?s=96&d=robohash&r=g","url":"https:\/\/secure.gravatar.com\/avatar\/e7d041e5f3b6ec52d1f4dcd0266ccdf14a0b7227561f91f92a474ad68a30da9a?s=96&d=robohash&r=g","contentUrl":"https:\/\/secure.gravatar.com\/avatar\/e7d041e5f3b6ec52d1f4dcd0266ccdf14a0b7227561f91f92a474ad68a30da9a?s=96&d=robohash&r=g","caption":"Philipp Sack"},"description":"CEO und Kreativkopf bei pr-ide. Kreuz und querlenkend, gerne segelnd. Immer auf der Suche nach innovativen L\u00f6sungen - manchmal schon bevor das Problem erkannt wurde.","sameAs":["http:\/\/www.pr-ide.de","https:\/\/www.linkedin.com\/in\/philipp-sack\/"],"url":"https:\/\/pr-ide.de\/en\/blog\/author\/seesack-2-2-2-2-2-2-2-2-2-2-2-2-2-2-2-2-2-2-2-2\/"}]}},"jetpack_featured_media_url":"https:\/\/pr-ide.de\/wp-content\/uploads\/2015\/10\/DSC_0881-scaled.jpg","jetpack_sharing_enabled":true,"_links":{"self":[{"href":"https:\/\/pr-ide.de\/en\/wp-json\/wp\/v2\/posts\/16085","targetHints":{"allow":["GET"]}}],"collection":[{"href":"https:\/\/pr-ide.de\/en\/wp-json\/wp\/v2\/posts"}],"about":[{"href":"https:\/\/pr-ide.de\/en\/wp-json\/wp\/v2\/types\/post"}],"author":[{"embeddable":true,"href":"https:\/\/pr-ide.de\/en\/wp-json\/wp\/v2\/users\/15"}],"replies":[{"embeddable":true,"href":"https:\/\/pr-ide.de\/en\/wp-json\/wp\/v2\/comments?post=16085"}],"version-history":[{"count":0,"href":"https:\/\/pr-ide.de\/en\/wp-json\/wp\/v2\/posts\/16085\/revisions"}],"wp:featuredmedia":[{"embeddable":true,"href":"https:\/\/pr-ide.de\/en\/wp-json\/wp\/v2\/media\/16087"}],"wp:attachment":[{"href":"https:\/\/pr-ide.de\/en\/wp-json\/wp\/v2\/media?parent=16085"}],"wp:term":[{"taxonomy":"category","embeddable":true,"href":"https:\/\/pr-ide.de\/en\/wp-json\/wp\/v2\/categories?post=16085"},{"taxonomy":"post_tag","embeddable":true,"href":"https:\/\/pr-ide.de\/en\/wp-json\/wp\/v2\/tags?post=16085"}],"curies":[{"name":"wp","href":"https:\/\/api.w.org\/{rel}","templated":true}]}}