{"id":16094,"date":"2015-11-05T13:37:50","date_gmt":"2015-11-05T12:37:50","guid":{"rendered":"http:\/\/pr-ide.de\/?p=16094"},"modified":"2015-11-05T13:37:50","modified_gmt":"2015-11-05T12:37:50","slug":"was-auf-die-ohren","status":"publish","type":"post","link":"https:\/\/pr-ide.de\/en\/blog\/2015\/11\/was-auf-die-ohren\/","title":{"rendered":"Was auf die Ohren&#8230;"},"content":{"rendered":"<p>Das Musikstreaming boomt \u2013 sag noch einmal jemand, dass das Internet der Untergang der Musikindustrie sei. Strukturiert sich nur eben um \u2026<\/p>\n<p>Der Magenta Anbieter versucht ja auch bei jeder Gelegenheit seinen Musikdienst an den Mann bzw. Endkunden zu bringen. Da w\u00e4re mein HighSpeed Limit schon um 3 Uhr morgens am Monatsanfang aufgebraucht \u2013 statt wie bisher erst Mittags.<\/p>\n<p>Die Apfelm\u00e4nner hat ja auch einen Streaming Dienst, mit bisher ein paar Kunden im einstelligen Millionen Volumen \u2013 statt der vorhergesagten 100 Millionen. Auch hier beinahe mal irgendwann das Kreuz f\u00fcr den dreimonatigen Probebetrieb gemacht. Beinahe auch nur, bei solchen Aktionen habe ich immer im Hinterkopf die Angst, das 10 Minuten Zeitfenster 49 Stunden vor automatischer Verl\u00e4ngerung des Vertrages f\u00fcr die n\u00e4chsten 12 Generationen zu verpassen.<\/p>\n<p>Just in dieser Z\u00f6gerl\u00fccke hat der pr\u00e4ferierte Online Buchdealer die j\u00e4hrliche Pauschale der portofreien Zustellung \u00a0mit der Musikstreaming Leistung erweitert. Angeblich 1 Million Titel im Programm. Auch wenn ich da die Fischer Ch\u00f6re und Helenen rausfiltere, bleiben da noch ein paar \u00fcbrig f\u00fcr das kommende Jahr\u2026<\/p>\n<p>Die musikalische Untermalung in der Kreativagentur ist gesichert!<\/p>\n<p>Nur wof\u00fcr zahlen wir eigentlich nochmal diese GEZ Geb\u00fchren???<\/p>\n","protected":false},"excerpt":{"rendered":"<p>Das Musikstreaming boomt \u2013 sag noch einmal jemand, dass das Internet der Untergang der Musikindustrie sei. Strukturiert sich nur eben um \u2026 Der Magenta Anbieter versucht ja auch bei jeder Gelegenheit seinen Musikdienst an den Mann bzw. Endkunden zu bringen.  [&#8230;]<\/p>\n","protected":false},"author":15,"featured_media":16095,"comment_status":"open","ping_status":"closed","sticky":false,"template":"","format":"standard","meta":{"_monsterinsights_skip_tracking":false,"_monsterinsights_sitenote_active":false,"_monsterinsights_sitenote_note":"","_monsterinsights_sitenote_category":0,"_jetpack_memberships_contains_paid_content":false,"footnotes":""},"categories":[13,81,1034],"tags":[1387,220],"class_list":["post-16094","post","type-post","status-publish","format-standard","has-post-thumbnail","hentry","category-allgemein","category-diesunddas","category-neues-aus-der-buchstabenfabrik","tag-amazon","tag-musik"],"yoast_head":"<!-- This site is optimized with the Yoast SEO plugin v27.2 - https:\/\/yoast.com\/product\/yoast-seo-wordpress\/ -->\n<title>Was auf die Ohren... - pr-ide<\/title>\n<meta name=\"robots\" content=\"index, follow, max-snippet:-1, max-image-preview:large, max-video-preview:-1\" \/>\n<link rel=\"canonical\" href=\"https:\/\/pr-ide.de\/en\/blog\/2015\/11\/was-auf-die-ohren\/\" \/>\n<meta property=\"og:locale\" content=\"en_US\" \/>\n<meta property=\"og:type\" content=\"article\" \/>\n<meta property=\"og:title\" content=\"Was auf die Ohren... - pr-ide\" \/>\n<meta property=\"og:description\" content=\"Das Musikstreaming boomt \u2013 sag noch einmal jemand, dass das Internet der Untergang der Musikindustrie sei. Strukturiert sich nur eben um \u2026 Der Magenta Anbieter versucht ja auch bei jeder Gelegenheit seinen Musikdienst an den Mann bzw. Endkunden zu bringen. [...]\" \/>\n<meta property=\"og:url\" content=\"https:\/\/pr-ide.de\/en\/blog\/2015\/11\/was-auf-die-ohren\/\" \/>\n<meta property=\"og:site_name\" content=\"pr-ide\" \/>\n<meta property=\"article:publisher\" content=\"https:\/\/www.facebook.com\/prideberlin\/\" \/>\n<meta property=\"article:published_time\" content=\"2015-11-05T12:37:50+00:00\" \/>\n<meta property=\"og:image\" content=\"https:\/\/pr-ide.de\/wp-content\/uploads\/2015\/11\/2015-11-05-13_04_06-Program-Manager.png\" \/>\n\t<meta property=\"og:image:width\" content=\"1581\" \/>\n\t<meta property=\"og:image:height\" content=\"1132\" \/>\n\t<meta property=\"og:image:type\" content=\"image\/png\" \/>\n<meta name=\"author\" content=\"Philipp Sack\" \/>\n<meta name=\"twitter:label1\" content=\"Written by\" \/>\n\t<meta name=\"twitter:data1\" content=\"Philipp Sack\" \/>\n\t<meta name=\"twitter:label2\" content=\"Est. reading time\" \/>\n\t<meta name=\"twitter:data2\" content=\"1 minute\" \/>\n<script type=\"application\/ld+json\" class=\"yoast-schema-graph\">{\"@context\":\"https:\/\/schema.org\",\"@graph\":[{\"@type\":\"Article\",\"@id\":\"https:\/\/pr-ide.de\/en\/blog\/2015\/11\/was-auf-die-ohren\/#article\",\"isPartOf\":{\"@id\":\"https:\/\/pr-ide.de\/en\/blog\/2015\/11\/was-auf-die-ohren\/\"},\"author\":{\"name\":\"Philipp Sack\",\"@id\":\"https:\/\/pr-ide.de\/#\/schema\/person\/4bb8cb929d552fc1cd7c49d25ef90093\"},\"headline\":\"Was auf die Ohren&#8230;\",\"datePublished\":\"2015-11-05T12:37:50+00:00\",\"mainEntityOfPage\":{\"@id\":\"https:\/\/pr-ide.de\/en\/blog\/2015\/11\/was-auf-die-ohren\/\"},\"wordCount\":196,\"commentCount\":0,\"publisher\":{\"@id\":\"https:\/\/pr-ide.de\/#organization\"},\"image\":{\"@id\":\"https:\/\/pr-ide.de\/en\/blog\/2015\/11\/was-auf-die-ohren\/#primaryimage\"},\"thumbnailUrl\":\"https:\/\/pr-ide.de\/wp-content\/uploads\/2015\/11\/2015-11-05-13_04_06-Program-Manager.png\",\"keywords\":[\"Amazon\",\"Musik\"],\"articleSection\":[\"allgemein\",\"diesunddas\",\"Neues aus der Buchstabenfabrik.\"],\"inLanguage\":\"en-US\",\"potentialAction\":[{\"@type\":\"CommentAction\",\"name\":\"Comment\",\"target\":[\"https:\/\/pr-ide.de\/en\/blog\/2015\/11\/was-auf-die-ohren\/#respond\"]}]},{\"@type\":\"WebPage\",\"@id\":\"https:\/\/pr-ide.de\/en\/blog\/2015\/11\/was-auf-die-ohren\/\",\"url\":\"https:\/\/pr-ide.de\/en\/blog\/2015\/11\/was-auf-die-ohren\/\",\"name\":\"Was auf die Ohren... - pr-ide\",\"isPartOf\":{\"@id\":\"https:\/\/pr-ide.de\/#website\"},\"primaryImageOfPage\":{\"@id\":\"https:\/\/pr-ide.de\/en\/blog\/2015\/11\/was-auf-die-ohren\/#primaryimage\"},\"image\":{\"@id\":\"https:\/\/pr-ide.de\/en\/blog\/2015\/11\/was-auf-die-ohren\/#primaryimage\"},\"thumbnailUrl\":\"https:\/\/pr-ide.de\/wp-content\/uploads\/2015\/11\/2015-11-05-13_04_06-Program-Manager.png\",\"datePublished\":\"2015-11-05T12:37:50+00:00\",\"breadcrumb\":{\"@id\":\"https:\/\/pr-ide.de\/en\/blog\/2015\/11\/was-auf-die-ohren\/#breadcrumb\"},\"inLanguage\":\"en-US\",\"potentialAction\":[{\"@type\":\"ReadAction\",\"target\":[\"https:\/\/pr-ide.de\/en\/blog\/2015\/11\/was-auf-die-ohren\/\"]}]},{\"@type\":\"ImageObject\",\"inLanguage\":\"en-US\",\"@id\":\"https:\/\/pr-ide.de\/en\/blog\/2015\/11\/was-auf-die-ohren\/#primaryimage\",\"url\":\"https:\/\/pr-ide.de\/wp-content\/uploads\/2015\/11\/2015-11-05-13_04_06-Program-Manager.png\",\"contentUrl\":\"https:\/\/pr-ide.de\/wp-content\/uploads\/2015\/11\/2015-11-05-13_04_06-Program-Manager.png\",\"width\":1581,\"height\":1132,\"caption\":\"2015-11-05 13_04_06-Program Manager\"},{\"@type\":\"BreadcrumbList\",\"@id\":\"https:\/\/pr-ide.de\/en\/blog\/2015\/11\/was-auf-die-ohren\/#breadcrumb\",\"itemListElement\":[{\"@type\":\"ListItem\",\"position\":1,\"name\":\"Home\",\"item\":\"https:\/\/pr-ide.de\/en\/the-agency-for-creative-success\/\"},{\"@type\":\"ListItem\",\"position\":2,\"name\":\"Was auf die Ohren&#8230;\"}]},{\"@type\":\"WebSite\",\"@id\":\"https:\/\/pr-ide.de\/#website\",\"url\":\"https:\/\/pr-ide.de\/\",\"name\":\"pr-ide\",\"description\":\"die agentur f\u00fcr kreative erfolge\",\"publisher\":{\"@id\":\"https:\/\/pr-ide.de\/#organization\"},\"potentialAction\":[{\"@type\":\"SearchAction\",\"target\":{\"@type\":\"EntryPoint\",\"urlTemplate\":\"https:\/\/pr-ide.de\/?s={search_term_string}\"},\"query-input\":{\"@type\":\"PropertyValueSpecification\",\"valueRequired\":true,\"valueName\":\"search_term_string\"}}],\"inLanguage\":\"en-US\"},{\"@type\":\"Organization\",\"@id\":\"https:\/\/pr-ide.de\/#organization\",\"name\":\"pr-ide\",\"url\":\"https:\/\/pr-ide.de\/\",\"logo\":{\"@type\":\"ImageObject\",\"inLanguage\":\"en-US\",\"@id\":\"https:\/\/pr-ide.de\/#\/schema\/logo\/image\/\",\"url\":\"\",\"contentUrl\":\"\",\"caption\":\"pr-ide\"},\"image\":{\"@id\":\"https:\/\/pr-ide.de\/#\/schema\/logo\/image\/\"},\"sameAs\":[\"https:\/\/www.facebook.com\/prideberlin\/\",\"https:\/\/x.com\/pr_ide\",\"https:\/\/www.linkedin.com\/company\/pr-ide-gbr\/\"]},{\"@type\":\"Person\",\"@id\":\"https:\/\/pr-ide.de\/#\/schema\/person\/4bb8cb929d552fc1cd7c49d25ef90093\",\"name\":\"Philipp Sack\",\"image\":{\"@type\":\"ImageObject\",\"inLanguage\":\"en-US\",\"@id\":\"https:\/\/secure.gravatar.com\/avatar\/e7d041e5f3b6ec52d1f4dcd0266ccdf14a0b7227561f91f92a474ad68a30da9a?s=96&d=robohash&r=g\",\"url\":\"https:\/\/secure.gravatar.com\/avatar\/e7d041e5f3b6ec52d1f4dcd0266ccdf14a0b7227561f91f92a474ad68a30da9a?s=96&d=robohash&r=g\",\"contentUrl\":\"https:\/\/secure.gravatar.com\/avatar\/e7d041e5f3b6ec52d1f4dcd0266ccdf14a0b7227561f91f92a474ad68a30da9a?s=96&d=robohash&r=g\",\"caption\":\"Philipp Sack\"},\"description\":\"CEO und Kreativkopf bei pr-ide. Kreuz und querlenkend, gerne segelnd. Immer auf der Suche nach innovativen L\u00f6sungen - manchmal schon bevor das Problem erkannt wurde.\",\"sameAs\":[\"http:\/\/www.pr-ide.de\",\"https:\/\/www.linkedin.com\/in\/philipp-sack\/\"],\"url\":\"https:\/\/pr-ide.de\/en\/blog\/author\/seesack-2-2-2-2-2-2-2-2-2-2-2-2-2-2-2-2-2-2-2-2\/\"}]}<\/script>\n<!-- \/ Yoast SEO plugin. -->","yoast_head_json":{"title":"Was auf die Ohren... - pr-ide","robots":{"index":"index","follow":"follow","max-snippet":"max-snippet:-1","max-image-preview":"max-image-preview:large","max-video-preview":"max-video-preview:-1"},"canonical":"https:\/\/pr-ide.de\/en\/blog\/2015\/11\/was-auf-die-ohren\/","og_locale":"en_US","og_type":"article","og_title":"Was auf die Ohren... - pr-ide","og_description":"Das Musikstreaming boomt \u2013 sag noch einmal jemand, dass das Internet der Untergang der Musikindustrie sei. Strukturiert sich nur eben um \u2026 Der Magenta Anbieter versucht ja auch bei jeder Gelegenheit seinen Musikdienst an den Mann bzw. Endkunden zu bringen. [...]","og_url":"https:\/\/pr-ide.de\/en\/blog\/2015\/11\/was-auf-die-ohren\/","og_site_name":"pr-ide","article_publisher":"https:\/\/www.facebook.com\/prideberlin\/","article_published_time":"2015-11-05T12:37:50+00:00","og_image":[{"width":1581,"height":1132,"url":"https:\/\/pr-ide.de\/wp-content\/uploads\/2015\/11\/2015-11-05-13_04_06-Program-Manager.png","type":"image\/png"}],"author":"Philipp Sack","twitter_misc":{"Written by":"Philipp Sack","Est. reading time":"1 minute"},"schema":{"@context":"https:\/\/schema.org","@graph":[{"@type":"Article","@id":"https:\/\/pr-ide.de\/en\/blog\/2015\/11\/was-auf-die-ohren\/#article","isPartOf":{"@id":"https:\/\/pr-ide.de\/en\/blog\/2015\/11\/was-auf-die-ohren\/"},"author":{"name":"Philipp Sack","@id":"https:\/\/pr-ide.de\/#\/schema\/person\/4bb8cb929d552fc1cd7c49d25ef90093"},"headline":"Was auf die Ohren&#8230;","datePublished":"2015-11-05T12:37:50+00:00","mainEntityOfPage":{"@id":"https:\/\/pr-ide.de\/en\/blog\/2015\/11\/was-auf-die-ohren\/"},"wordCount":196,"commentCount":0,"publisher":{"@id":"https:\/\/pr-ide.de\/#organization"},"image":{"@id":"https:\/\/pr-ide.de\/en\/blog\/2015\/11\/was-auf-die-ohren\/#primaryimage"},"thumbnailUrl":"https:\/\/pr-ide.de\/wp-content\/uploads\/2015\/11\/2015-11-05-13_04_06-Program-Manager.png","keywords":["Amazon","Musik"],"articleSection":["allgemein","diesunddas","Neues aus der Buchstabenfabrik."],"inLanguage":"en-US","potentialAction":[{"@type":"CommentAction","name":"Comment","target":["https:\/\/pr-ide.de\/en\/blog\/2015\/11\/was-auf-die-ohren\/#respond"]}]},{"@type":"WebPage","@id":"https:\/\/pr-ide.de\/en\/blog\/2015\/11\/was-auf-die-ohren\/","url":"https:\/\/pr-ide.de\/en\/blog\/2015\/11\/was-auf-die-ohren\/","name":"Was auf die Ohren... - pr-ide","isPartOf":{"@id":"https:\/\/pr-ide.de\/#website"},"primaryImageOfPage":{"@id":"https:\/\/pr-ide.de\/en\/blog\/2015\/11\/was-auf-die-ohren\/#primaryimage"},"image":{"@id":"https:\/\/pr-ide.de\/en\/blog\/2015\/11\/was-auf-die-ohren\/#primaryimage"},"thumbnailUrl":"https:\/\/pr-ide.de\/wp-content\/uploads\/2015\/11\/2015-11-05-13_04_06-Program-Manager.png","datePublished":"2015-11-05T12:37:50+00:00","breadcrumb":{"@id":"https:\/\/pr-ide.de\/en\/blog\/2015\/11\/was-auf-die-ohren\/#breadcrumb"},"inLanguage":"en-US","potentialAction":[{"@type":"ReadAction","target":["https:\/\/pr-ide.de\/en\/blog\/2015\/11\/was-auf-die-ohren\/"]}]},{"@type":"ImageObject","inLanguage":"en-US","@id":"https:\/\/pr-ide.de\/en\/blog\/2015\/11\/was-auf-die-ohren\/#primaryimage","url":"https:\/\/pr-ide.de\/wp-content\/uploads\/2015\/11\/2015-11-05-13_04_06-Program-Manager.png","contentUrl":"https:\/\/pr-ide.de\/wp-content\/uploads\/2015\/11\/2015-11-05-13_04_06-Program-Manager.png","width":1581,"height":1132,"caption":"2015-11-05 13_04_06-Program Manager"},{"@type":"BreadcrumbList","@id":"https:\/\/pr-ide.de\/en\/blog\/2015\/11\/was-auf-die-ohren\/#breadcrumb","itemListElement":[{"@type":"ListItem","position":1,"name":"Home","item":"https:\/\/pr-ide.de\/en\/the-agency-for-creative-success\/"},{"@type":"ListItem","position":2,"name":"Was auf die Ohren&#8230;"}]},{"@type":"WebSite","@id":"https:\/\/pr-ide.de\/#website","url":"https:\/\/pr-ide.de\/","name":"pr-ide","description":"die agentur f\u00fcr kreative erfolge","publisher":{"@id":"https:\/\/pr-ide.de\/#organization"},"potentialAction":[{"@type":"SearchAction","target":{"@type":"EntryPoint","urlTemplate":"https:\/\/pr-ide.de\/?s={search_term_string}"},"query-input":{"@type":"PropertyValueSpecification","valueRequired":true,"valueName":"search_term_string"}}],"inLanguage":"en-US"},{"@type":"Organization","@id":"https:\/\/pr-ide.de\/#organization","name":"pr-ide","url":"https:\/\/pr-ide.de\/","logo":{"@type":"ImageObject","inLanguage":"en-US","@id":"https:\/\/pr-ide.de\/#\/schema\/logo\/image\/","url":"","contentUrl":"","caption":"pr-ide"},"image":{"@id":"https:\/\/pr-ide.de\/#\/schema\/logo\/image\/"},"sameAs":["https:\/\/www.facebook.com\/prideberlin\/","https:\/\/x.com\/pr_ide","https:\/\/www.linkedin.com\/company\/pr-ide-gbr\/"]},{"@type":"Person","@id":"https:\/\/pr-ide.de\/#\/schema\/person\/4bb8cb929d552fc1cd7c49d25ef90093","name":"Philipp Sack","image":{"@type":"ImageObject","inLanguage":"en-US","@id":"https:\/\/secure.gravatar.com\/avatar\/e7d041e5f3b6ec52d1f4dcd0266ccdf14a0b7227561f91f92a474ad68a30da9a?s=96&d=robohash&r=g","url":"https:\/\/secure.gravatar.com\/avatar\/e7d041e5f3b6ec52d1f4dcd0266ccdf14a0b7227561f91f92a474ad68a30da9a?s=96&d=robohash&r=g","contentUrl":"https:\/\/secure.gravatar.com\/avatar\/e7d041e5f3b6ec52d1f4dcd0266ccdf14a0b7227561f91f92a474ad68a30da9a?s=96&d=robohash&r=g","caption":"Philipp Sack"},"description":"CEO und Kreativkopf bei pr-ide. Kreuz und querlenkend, gerne segelnd. Immer auf der Suche nach innovativen L\u00f6sungen - manchmal schon bevor das Problem erkannt wurde.","sameAs":["http:\/\/www.pr-ide.de","https:\/\/www.linkedin.com\/in\/philipp-sack\/"],"url":"https:\/\/pr-ide.de\/en\/blog\/author\/seesack-2-2-2-2-2-2-2-2-2-2-2-2-2-2-2-2-2-2-2-2\/"}]}},"jetpack_featured_media_url":"https:\/\/pr-ide.de\/wp-content\/uploads\/2015\/11\/2015-11-05-13_04_06-Program-Manager.png","jetpack_sharing_enabled":true,"_links":{"self":[{"href":"https:\/\/pr-ide.de\/en\/wp-json\/wp\/v2\/posts\/16094","targetHints":{"allow":["GET"]}}],"collection":[{"href":"https:\/\/pr-ide.de\/en\/wp-json\/wp\/v2\/posts"}],"about":[{"href":"https:\/\/pr-ide.de\/en\/wp-json\/wp\/v2\/types\/post"}],"author":[{"embeddable":true,"href":"https:\/\/pr-ide.de\/en\/wp-json\/wp\/v2\/users\/15"}],"replies":[{"embeddable":true,"href":"https:\/\/pr-ide.de\/en\/wp-json\/wp\/v2\/comments?post=16094"}],"version-history":[{"count":0,"href":"https:\/\/pr-ide.de\/en\/wp-json\/wp\/v2\/posts\/16094\/revisions"}],"wp:featuredmedia":[{"embeddable":true,"href":"https:\/\/pr-ide.de\/en\/wp-json\/wp\/v2\/media\/16095"}],"wp:attachment":[{"href":"https:\/\/pr-ide.de\/en\/wp-json\/wp\/v2\/media?parent=16094"}],"wp:term":[{"taxonomy":"category","embeddable":true,"href":"https:\/\/pr-ide.de\/en\/wp-json\/wp\/v2\/categories?post=16094"},{"taxonomy":"post_tag","embeddable":true,"href":"https:\/\/pr-ide.de\/en\/wp-json\/wp\/v2\/tags?post=16094"}],"curies":[{"name":"wp","href":"https:\/\/api.w.org\/{rel}","templated":true}]}}