{"id":16280,"date":"2015-12-15T14:11:27","date_gmt":"2015-12-15T13:11:27","guid":{"rendered":"http:\/\/pr-ide.de\/?p=16280"},"modified":"2016-10-16T15:49:04","modified_gmt":"2016-10-16T14:49:04","slug":"neben-der-strecke","status":"publish","type":"post","link":"https:\/\/pr-ide.de\/en\/blog\/2015\/12\/neben-der-strecke\/","title":{"rendered":"Neben der Strecke"},"content":{"rendered":"<p>Sieben Kilometer sind es \u2013 von der morgendlichen Kaffeetasse zum <strong>Fitness Discounter<\/strong> des Vertrauens. Gerne nimmt der Designer dann auch das Rad. Auf dem Weg einiger Kreuzungen, ein paar Meter Radweg und immer wieder ein paar \u00dcberraschungen.<\/p>\n<p>Traurige Bilanz f\u00fcr den heutigen Hinweg, wenn Erfahrung und Vorausschauendes Fahren nicht gewesen w\u00e4re h\u00e4tte der bloggende Designer diese Zeilen vom Bett der Unfallstation in das Smartphon nuscheln k\u00f6nnen \u2013 im \u00dcberlebensfall.<\/p>\n<p>Ein rechts abbiegender wei\u00dfer Sprinter, ein gehetzter Zulieferer mit LKW und Anh\u00e4nger und ein Rettungswagen versuchten den sich umweltfreundlich bewegenden Designer unter die R\u00e4der zu bekommen.<\/p>\n<p>Der Sprinter wurde von einem Streifenwagen gefolgt \u2013 das Verhalten brachte die Gesichtsz\u00fcge der Streifenbeamten aber \u00e4hnlich durcheinander wie ein Stechm\u00fcckenangriff den Terminator.<\/p>\n<p>Entsprechend war das herzhafte Verwarnen &#8211; im wahrsten Sinne des Wortes \u2013 ausgefallen.<\/p>\n<p>Auch auf dem Weg \u2013 ein Asylantenheim. Hier war eine gro\u00dfe Gruppe auf dem Weg zur Bushaltestelle \u2013 der in diesem Fall ordnungsgem\u00e4\u00df genutzte Radweg war blockiert. Ordnungsgem\u00e4\u00df dieses <div class=\"fusion-fullwidth fullwidth-box fusion-builder-row-1 hundred-percent-fullwidth non-hundred-percent-height-scrolling\" style=\"--awb-border-radius-top-left:0px;--awb-border-radius-top-right:0px;--awb-border-radius-bottom-right:0px;--awb-border-radius-bottom-left:0px;--awb-overflow:visible;--awb-flex-wrap:wrap;\" ><div class=\"fusion-builder-row fusion-row\"><div class=\"fusion-layout-column fusion_builder_column fusion-builder-column-0 fusion_builder_column_1_1 1_1 fusion-one-full fusion-column-first fusion-column-last fusion-column-no-min-height\" style=\"--awb-bg-size:cover;--awb-margin-bottom:0px;\"><div class=\"fusion-column-wrapper fusion-flex-column-wrapper-legacy\"><span class=\"fusion-popover popover-1\" data-animation=\"1\" data-class=\"popover-1\" data-container=\"popover-1\" data-content=\"\u201eFahrr\u00e4der und Schlitten m\u00fcssen mit mindestens einer hellt\u00f6nenden Glocke ausger\u00fcstet sein; ausgenommen sind Handschlitten. Andere Einrichtungen f\u00fcr Schallzeichen d\u00fcrfen an diesen Fahrzeugen nicht angebracht sein. An Fahrr\u00e4dern sind auch Radlaufglocken nicht zul\u00e4ssig.\u201c\" data-delay=\"50\" data-placement=\"top\" data-title=\"StVZO \u00a764a\" data-toggle=\"popover\" data-trigger=\"hover\">StVzO<\/span> gem\u00e4\u00dfe Bimmelteil bedient. Reaktion? \u00c4hnlich wie beim <a href=\"https:\/\/www.youtube.com\/watch?v=Q73gUUr8Zlw\">Terminator<\/a>, den Streifenbeamten und den M\u00fccken \u2013 \u00a1Nada!<\/p>\n<p>Bimmelnd stehen geblieben hinter der Gruppe. Die Massen teilten sich nicht \u2013 naja, bin ja auch Designer und nicht Moses. Langsam der Gruppe gefolgt und mich mal mit einem \u201eHallo!\u201c bemerkbar gemacht. Alle drehten sich um, freuten sich und gr\u00fc\u00dften zur\u00fcck!<\/p>\n<p>Sicher h\u00e4tte sich ein nettes Gespr\u00e4ch ergeben wir der jeweiligen anderen Sprache m\u00e4chtig gewesen w\u00e4ren.<\/p>\n<p>So konnte ich nur mit Handzeichen auf mein Bed\u00fcrfnis der ungehinderten Radwegnutzung, in Kombination mit dem Anspruch Kollateralsch\u00e4den dabei gering zu halten, aufmerksam machen.<\/p>\n<div class=\"fusion-clearfix\"><\/div><\/div><\/div><div class=\"fusion-layout-column fusion_builder_column fusion-builder-column-1 fusion_builder_column_1_1 1_1 fusion-one-full fusion-column-first fusion-column-last fusion-column-no-min-height\" style=\"--awb-bg-size:cover;--awb-margin-bottom:0px;\"><div class=\"fusion-column-wrapper fusion-flex-column-wrapper-legacy\">[poll id=&#8221;2&#8243;]<div class=\"fusion-clearfix\"><\/div><\/div><\/div><\/div><\/div><\/p>\n","protected":false},"excerpt":{"rendered":"<p>Sieben Kilometer sind es \u2013 von der morgendlichen Kaffeetasse zum Fitness Discounter des Vertrauens. Gerne nimmt der Designer dann auch das Rad. Auf dem Weg einiger Kreuzungen, ein paar Meter Radweg und immer wieder ein paar \u00dcberraschungen. Traurige Bilanz f\u00fcr  [&#8230;]<\/p>\n","protected":false},"author":15,"featured_media":16290,"comment_status":"open","ping_status":"closed","sticky":false,"template":"","format":"standard","meta":{"_monsterinsights_skip_tracking":false,"_monsterinsights_sitenote_active":false,"_monsterinsights_sitenote_note":"","_monsterinsights_sitenote_category":0,"_jetpack_memberships_contains_paid_content":false,"footnotes":""},"categories":[835,14,81,1],"tags":[1416,1293,1415,1417],"class_list":["post-16280","post","type-post","status-publish","format-standard","has-post-thumbnail","hentry","category-aufgeschrieben","category-berlin","category-diesunddas","category-uncategorized","tag-abbiegen","tag-berlin","tag-radweg","tag-ueberlebt"],"yoast_head":"<!-- This site is optimized with the Yoast SEO plugin v27.2 - https:\/\/yoast.com\/product\/yoast-seo-wordpress\/ -->\n<title>Neben der Strecke - pr-ide<\/title>\n<meta name=\"robots\" content=\"index, follow, max-snippet:-1, max-image-preview:large, max-video-preview:-1\" \/>\n<link rel=\"canonical\" href=\"https:\/\/pr-ide.de\/blog\/2015\/12\/neben-der-strecke\/\" \/>\n<meta property=\"og:locale\" content=\"en_US\" \/>\n<meta property=\"og:type\" content=\"article\" \/>\n<meta property=\"og:title\" content=\"Neben der Strecke - pr-ide\" \/>\n<meta property=\"og:description\" content=\"Sieben Kilometer sind es \u2013 von der morgendlichen Kaffeetasse zum Fitness Discounter des Vertrauens. Gerne nimmt der Designer dann auch das Rad. Auf dem Weg einiger Kreuzungen, ein paar Meter Radweg und immer wieder ein paar \u00dcberraschungen. Traurige Bilanz f\u00fcr [...]\" \/>\n<meta property=\"og:url\" content=\"https:\/\/pr-ide.de\/blog\/2015\/12\/neben-der-strecke\/\" \/>\n<meta property=\"og:site_name\" content=\"pr-ide\" \/>\n<meta property=\"article:publisher\" content=\"https:\/\/www.facebook.com\/prideberlin\/\" \/>\n<meta property=\"article:published_time\" content=\"2015-12-15T13:11:27+00:00\" \/>\n<meta property=\"article:modified_time\" content=\"2016-10-16T14:49:04+00:00\" \/>\n<meta property=\"og:image\" content=\"https:\/\/pr-ide.de\/wp-content\/uploads\/2015\/12\/DSC_1068-scaled.jpg\" \/>\n\t<meta property=\"og:image:width\" content=\"2560\" \/>\n\t<meta property=\"og:image:height\" content=\"1440\" \/>\n\t<meta property=\"og:image:type\" content=\"image\/jpeg\" \/>\n<meta name=\"author\" content=\"Philipp Sack\" \/>\n<meta name=\"twitter:label1\" content=\"Written by\" \/>\n\t<meta name=\"twitter:data1\" content=\"Philipp Sack\" \/>\n\t<meta name=\"twitter:label2\" content=\"Est. reading time\" \/>\n\t<meta name=\"twitter:data2\" content=\"2 minutes\" \/>\n<script type=\"application\/ld+json\" class=\"yoast-schema-graph\">{\"@context\":\"https:\/\/schema.org\",\"@graph\":[{\"@type\":\"Article\",\"@id\":\"https:\/\/pr-ide.de\/blog\/2015\/12\/neben-der-strecke\/#article\",\"isPartOf\":{\"@id\":\"https:\/\/pr-ide.de\/blog\/2015\/12\/neben-der-strecke\/\"},\"author\":{\"name\":\"Philipp Sack\",\"@id\":\"https:\/\/pr-ide.de\/#\/schema\/person\/4bb8cb929d552fc1cd7c49d25ef90093\"},\"headline\":\"Neben der Strecke\",\"datePublished\":\"2015-12-15T13:11:27+00:00\",\"dateModified\":\"2016-10-16T14:49:04+00:00\",\"mainEntityOfPage\":{\"@id\":\"https:\/\/pr-ide.de\/blog\/2015\/12\/neben-der-strecke\/\"},\"wordCount\":457,\"commentCount\":2,\"publisher\":{\"@id\":\"https:\/\/pr-ide.de\/#organization\"},\"image\":{\"@id\":\"https:\/\/pr-ide.de\/blog\/2015\/12\/neben-der-strecke\/#primaryimage\"},\"thumbnailUrl\":\"https:\/\/pr-ide.de\/wp-content\/uploads\/2015\/12\/DSC_1068-scaled.jpg\",\"keywords\":[\"abbiegen\",\"Berlin\",\"Radweg\",\"\u00fcberlebt!\"],\"articleSection\":[\"aufgeschrieben\",\"Berlin\",\"diesunddas\"],\"inLanguage\":\"en-US\",\"potentialAction\":[{\"@type\":\"CommentAction\",\"name\":\"Comment\",\"target\":[\"https:\/\/pr-ide.de\/blog\/2015\/12\/neben-der-strecke\/#respond\"]}]},{\"@type\":\"WebPage\",\"@id\":\"https:\/\/pr-ide.de\/blog\/2015\/12\/neben-der-strecke\/\",\"url\":\"https:\/\/pr-ide.de\/blog\/2015\/12\/neben-der-strecke\/\",\"name\":\"Neben der Strecke - pr-ide\",\"isPartOf\":{\"@id\":\"https:\/\/pr-ide.de\/#website\"},\"primaryImageOfPage\":{\"@id\":\"https:\/\/pr-ide.de\/blog\/2015\/12\/neben-der-strecke\/#primaryimage\"},\"image\":{\"@id\":\"https:\/\/pr-ide.de\/blog\/2015\/12\/neben-der-strecke\/#primaryimage\"},\"thumbnailUrl\":\"https:\/\/pr-ide.de\/wp-content\/uploads\/2015\/12\/DSC_1068-scaled.jpg\",\"datePublished\":\"2015-12-15T13:11:27+00:00\",\"dateModified\":\"2016-10-16T14:49:04+00:00\",\"breadcrumb\":{\"@id\":\"https:\/\/pr-ide.de\/blog\/2015\/12\/neben-der-strecke\/#breadcrumb\"},\"inLanguage\":\"en-US\",\"potentialAction\":[{\"@type\":\"ReadAction\",\"target\":[\"https:\/\/pr-ide.de\/blog\/2015\/12\/neben-der-strecke\/\"]}]},{\"@type\":\"ImageObject\",\"inLanguage\":\"en-US\",\"@id\":\"https:\/\/pr-ide.de\/blog\/2015\/12\/neben-der-strecke\/#primaryimage\",\"url\":\"https:\/\/pr-ide.de\/wp-content\/uploads\/2015\/12\/DSC_1068-scaled.jpg\",\"contentUrl\":\"https:\/\/pr-ide.de\/wp-content\/uploads\/2015\/12\/DSC_1068-scaled.jpg\",\"width\":2560,\"height\":1440,\"caption\":\"DSC_1068\"},{\"@type\":\"BreadcrumbList\",\"@id\":\"https:\/\/pr-ide.de\/blog\/2015\/12\/neben-der-strecke\/#breadcrumb\",\"itemListElement\":[{\"@type\":\"ListItem\",\"position\":1,\"name\":\"Home\",\"item\":\"https:\/\/pr-ide.de\/en\/the-agency-for-creative-success\/\"},{\"@type\":\"ListItem\",\"position\":2,\"name\":\"Neben der Strecke\"}]},{\"@type\":\"WebSite\",\"@id\":\"https:\/\/pr-ide.de\/#website\",\"url\":\"https:\/\/pr-ide.de\/\",\"name\":\"pr-ide\",\"description\":\"die agentur f\u00fcr kreative erfolge\",\"publisher\":{\"@id\":\"https:\/\/pr-ide.de\/#organization\"},\"potentialAction\":[{\"@type\":\"SearchAction\",\"target\":{\"@type\":\"EntryPoint\",\"urlTemplate\":\"https:\/\/pr-ide.de\/?s={search_term_string}\"},\"query-input\":{\"@type\":\"PropertyValueSpecification\",\"valueRequired\":true,\"valueName\":\"search_term_string\"}}],\"inLanguage\":\"en-US\"},{\"@type\":\"Organization\",\"@id\":\"https:\/\/pr-ide.de\/#organization\",\"name\":\"pr-ide\",\"url\":\"https:\/\/pr-ide.de\/\",\"logo\":{\"@type\":\"ImageObject\",\"inLanguage\":\"en-US\",\"@id\":\"https:\/\/pr-ide.de\/#\/schema\/logo\/image\/\",\"url\":\"\",\"contentUrl\":\"\",\"caption\":\"pr-ide\"},\"image\":{\"@id\":\"https:\/\/pr-ide.de\/#\/schema\/logo\/image\/\"},\"sameAs\":[\"https:\/\/www.facebook.com\/prideberlin\/\",\"https:\/\/x.com\/pr_ide\",\"https:\/\/www.linkedin.com\/company\/pr-ide-gbr\/\"]},{\"@type\":\"Person\",\"@id\":\"https:\/\/pr-ide.de\/#\/schema\/person\/4bb8cb929d552fc1cd7c49d25ef90093\",\"name\":\"Philipp Sack\",\"image\":{\"@type\":\"ImageObject\",\"inLanguage\":\"en-US\",\"@id\":\"https:\/\/secure.gravatar.com\/avatar\/e7d041e5f3b6ec52d1f4dcd0266ccdf14a0b7227561f91f92a474ad68a30da9a?s=96&d=robohash&r=g\",\"url\":\"https:\/\/secure.gravatar.com\/avatar\/e7d041e5f3b6ec52d1f4dcd0266ccdf14a0b7227561f91f92a474ad68a30da9a?s=96&d=robohash&r=g\",\"contentUrl\":\"https:\/\/secure.gravatar.com\/avatar\/e7d041e5f3b6ec52d1f4dcd0266ccdf14a0b7227561f91f92a474ad68a30da9a?s=96&d=robohash&r=g\",\"caption\":\"Philipp Sack\"},\"description\":\"CEO und Kreativkopf bei pr-ide. Kreuz und querlenkend, gerne segelnd. Immer auf der Suche nach innovativen L\u00f6sungen - manchmal schon bevor das Problem erkannt wurde.\",\"sameAs\":[\"http:\/\/www.pr-ide.de\",\"https:\/\/www.linkedin.com\/in\/philipp-sack\/\"],\"url\":\"https:\/\/pr-ide.de\/en\/blog\/author\/seesack-2-2-2-2-2-2-2-2-2-2-2-2-2-2-2-2-2-2-2-2\/\"}]}<\/script>\n<!-- \/ Yoast SEO plugin. -->","yoast_head_json":{"title":"Neben der Strecke - pr-ide","robots":{"index":"index","follow":"follow","max-snippet":"max-snippet:-1","max-image-preview":"max-image-preview:large","max-video-preview":"max-video-preview:-1"},"canonical":"https:\/\/pr-ide.de\/blog\/2015\/12\/neben-der-strecke\/","og_locale":"en_US","og_type":"article","og_title":"Neben der Strecke - pr-ide","og_description":"Sieben Kilometer sind es \u2013 von der morgendlichen Kaffeetasse zum Fitness Discounter des Vertrauens. Gerne nimmt der Designer dann auch das Rad. Auf dem Weg einiger Kreuzungen, ein paar Meter Radweg und immer wieder ein paar \u00dcberraschungen. Traurige Bilanz f\u00fcr [...]","og_url":"https:\/\/pr-ide.de\/blog\/2015\/12\/neben-der-strecke\/","og_site_name":"pr-ide","article_publisher":"https:\/\/www.facebook.com\/prideberlin\/","article_published_time":"2015-12-15T13:11:27+00:00","article_modified_time":"2016-10-16T14:49:04+00:00","og_image":[{"width":2560,"height":1440,"url":"https:\/\/pr-ide.de\/wp-content\/uploads\/2015\/12\/DSC_1068-scaled.jpg","type":"image\/jpeg"}],"author":"Philipp Sack","twitter_misc":{"Written by":"Philipp Sack","Est. reading time":"2 minutes"},"schema":{"@context":"https:\/\/schema.org","@graph":[{"@type":"Article","@id":"https:\/\/pr-ide.de\/blog\/2015\/12\/neben-der-strecke\/#article","isPartOf":{"@id":"https:\/\/pr-ide.de\/blog\/2015\/12\/neben-der-strecke\/"},"author":{"name":"Philipp Sack","@id":"https:\/\/pr-ide.de\/#\/schema\/person\/4bb8cb929d552fc1cd7c49d25ef90093"},"headline":"Neben der Strecke","datePublished":"2015-12-15T13:11:27+00:00","dateModified":"2016-10-16T14:49:04+00:00","mainEntityOfPage":{"@id":"https:\/\/pr-ide.de\/blog\/2015\/12\/neben-der-strecke\/"},"wordCount":457,"commentCount":2,"publisher":{"@id":"https:\/\/pr-ide.de\/#organization"},"image":{"@id":"https:\/\/pr-ide.de\/blog\/2015\/12\/neben-der-strecke\/#primaryimage"},"thumbnailUrl":"https:\/\/pr-ide.de\/wp-content\/uploads\/2015\/12\/DSC_1068-scaled.jpg","keywords":["abbiegen","Berlin","Radweg","\u00fcberlebt!"],"articleSection":["aufgeschrieben","Berlin","diesunddas"],"inLanguage":"en-US","potentialAction":[{"@type":"CommentAction","name":"Comment","target":["https:\/\/pr-ide.de\/blog\/2015\/12\/neben-der-strecke\/#respond"]}]},{"@type":"WebPage","@id":"https:\/\/pr-ide.de\/blog\/2015\/12\/neben-der-strecke\/","url":"https:\/\/pr-ide.de\/blog\/2015\/12\/neben-der-strecke\/","name":"Neben der Strecke - pr-ide","isPartOf":{"@id":"https:\/\/pr-ide.de\/#website"},"primaryImageOfPage":{"@id":"https:\/\/pr-ide.de\/blog\/2015\/12\/neben-der-strecke\/#primaryimage"},"image":{"@id":"https:\/\/pr-ide.de\/blog\/2015\/12\/neben-der-strecke\/#primaryimage"},"thumbnailUrl":"https:\/\/pr-ide.de\/wp-content\/uploads\/2015\/12\/DSC_1068-scaled.jpg","datePublished":"2015-12-15T13:11:27+00:00","dateModified":"2016-10-16T14:49:04+00:00","breadcrumb":{"@id":"https:\/\/pr-ide.de\/blog\/2015\/12\/neben-der-strecke\/#breadcrumb"},"inLanguage":"en-US","potentialAction":[{"@type":"ReadAction","target":["https:\/\/pr-ide.de\/blog\/2015\/12\/neben-der-strecke\/"]}]},{"@type":"ImageObject","inLanguage":"en-US","@id":"https:\/\/pr-ide.de\/blog\/2015\/12\/neben-der-strecke\/#primaryimage","url":"https:\/\/pr-ide.de\/wp-content\/uploads\/2015\/12\/DSC_1068-scaled.jpg","contentUrl":"https:\/\/pr-ide.de\/wp-content\/uploads\/2015\/12\/DSC_1068-scaled.jpg","width":2560,"height":1440,"caption":"DSC_1068"},{"@type":"BreadcrumbList","@id":"https:\/\/pr-ide.de\/blog\/2015\/12\/neben-der-strecke\/#breadcrumb","itemListElement":[{"@type":"ListItem","position":1,"name":"Home","item":"https:\/\/pr-ide.de\/en\/the-agency-for-creative-success\/"},{"@type":"ListItem","position":2,"name":"Neben der Strecke"}]},{"@type":"WebSite","@id":"https:\/\/pr-ide.de\/#website","url":"https:\/\/pr-ide.de\/","name":"pr-ide","description":"die agentur f\u00fcr kreative erfolge","publisher":{"@id":"https:\/\/pr-ide.de\/#organization"},"potentialAction":[{"@type":"SearchAction","target":{"@type":"EntryPoint","urlTemplate":"https:\/\/pr-ide.de\/?s={search_term_string}"},"query-input":{"@type":"PropertyValueSpecification","valueRequired":true,"valueName":"search_term_string"}}],"inLanguage":"en-US"},{"@type":"Organization","@id":"https:\/\/pr-ide.de\/#organization","name":"pr-ide","url":"https:\/\/pr-ide.de\/","logo":{"@type":"ImageObject","inLanguage":"en-US","@id":"https:\/\/pr-ide.de\/#\/schema\/logo\/image\/","url":"","contentUrl":"","caption":"pr-ide"},"image":{"@id":"https:\/\/pr-ide.de\/#\/schema\/logo\/image\/"},"sameAs":["https:\/\/www.facebook.com\/prideberlin\/","https:\/\/x.com\/pr_ide","https:\/\/www.linkedin.com\/company\/pr-ide-gbr\/"]},{"@type":"Person","@id":"https:\/\/pr-ide.de\/#\/schema\/person\/4bb8cb929d552fc1cd7c49d25ef90093","name":"Philipp Sack","image":{"@type":"ImageObject","inLanguage":"en-US","@id":"https:\/\/secure.gravatar.com\/avatar\/e7d041e5f3b6ec52d1f4dcd0266ccdf14a0b7227561f91f92a474ad68a30da9a?s=96&d=robohash&r=g","url":"https:\/\/secure.gravatar.com\/avatar\/e7d041e5f3b6ec52d1f4dcd0266ccdf14a0b7227561f91f92a474ad68a30da9a?s=96&d=robohash&r=g","contentUrl":"https:\/\/secure.gravatar.com\/avatar\/e7d041e5f3b6ec52d1f4dcd0266ccdf14a0b7227561f91f92a474ad68a30da9a?s=96&d=robohash&r=g","caption":"Philipp Sack"},"description":"CEO und Kreativkopf bei pr-ide. Kreuz und querlenkend, gerne segelnd. Immer auf der Suche nach innovativen L\u00f6sungen - manchmal schon bevor das Problem erkannt wurde.","sameAs":["http:\/\/www.pr-ide.de","https:\/\/www.linkedin.com\/in\/philipp-sack\/"],"url":"https:\/\/pr-ide.de\/en\/blog\/author\/seesack-2-2-2-2-2-2-2-2-2-2-2-2-2-2-2-2-2-2-2-2\/"}]}},"jetpack_featured_media_url":"https:\/\/pr-ide.de\/wp-content\/uploads\/2015\/12\/DSC_1068-scaled.jpg","jetpack_sharing_enabled":true,"_links":{"self":[{"href":"https:\/\/pr-ide.de\/en\/wp-json\/wp\/v2\/posts\/16280","targetHints":{"allow":["GET"]}}],"collection":[{"href":"https:\/\/pr-ide.de\/en\/wp-json\/wp\/v2\/posts"}],"about":[{"href":"https:\/\/pr-ide.de\/en\/wp-json\/wp\/v2\/types\/post"}],"author":[{"embeddable":true,"href":"https:\/\/pr-ide.de\/en\/wp-json\/wp\/v2\/users\/15"}],"replies":[{"embeddable":true,"href":"https:\/\/pr-ide.de\/en\/wp-json\/wp\/v2\/comments?post=16280"}],"version-history":[{"count":0,"href":"https:\/\/pr-ide.de\/en\/wp-json\/wp\/v2\/posts\/16280\/revisions"}],"wp:featuredmedia":[{"embeddable":true,"href":"https:\/\/pr-ide.de\/en\/wp-json\/wp\/v2\/media\/16290"}],"wp:attachment":[{"href":"https:\/\/pr-ide.de\/en\/wp-json\/wp\/v2\/media?parent=16280"}],"wp:term":[{"taxonomy":"category","embeddable":true,"href":"https:\/\/pr-ide.de\/en\/wp-json\/wp\/v2\/categories?post=16280"},{"taxonomy":"post_tag","embeddable":true,"href":"https:\/\/pr-ide.de\/en\/wp-json\/wp\/v2\/tags?post=16280"}],"curies":[{"name":"wp","href":"https:\/\/api.w.org\/{rel}","templated":true}]}}