{"id":16387,"date":"2016-02-07T16:05:53","date_gmt":"2016-02-07T15:05:53","guid":{"rendered":"http:\/\/pr-ide.de\/?p=16387"},"modified":"2016-02-07T16:05:53","modified_gmt":"2016-02-07T15:05:53","slug":"sonntagsfruehstueck","status":"publish","type":"post","link":"https:\/\/pr-ide.de\/en\/blog\/2016\/02\/sonntagsfruehstueck\/","title":{"rendered":"Sonntagsfr\u00fchst\u00fcck"},"content":{"rendered":"<p>Der gr\u00f6\u00dfte <strong>Designfehler <\/strong>Deutschland ist: die Schrippe!<\/p>\n<p>Oder das <strong>Br\u00f6tchen<\/strong>, die <strong>Semmel<\/strong>, das Weggli \u2013 wie auch immer es lokal gehandelt wird!<\/p>\n<p>Ist gutes Design doch dazu da, die Freude an einem Produkt, den Spa\u00df zu erh\u00f6hen. Vielleicht auch noch der Inspiration dienen, neue Ideen wachsen lassen \u2013 lauter positives!<\/p>\n<p>Die gemeine Schrippe ist das genaue Gegenteil. Trotz anderslautender Spr\u00fcche auf der Geschmacklich \u00e4hnlichen Pappt\u00fcte &#8211; <em>mit Liebe gebacken<\/em>, oder <em>aus Liebe zum Handwerk<\/em>! Das kann nur jemand schreiben glaubt, dass der Ma\u00eetre De Cousine im Alcatraz voller Passion auf einen Stern im Guide Michelin hingearbeitet h\u00e4tte!<br \/>\nDabei liegen die Pappdinger auf dem gleichen Preis-Niveau wie einer frischen Auster! Auch die Gesamt\u00f6kobilanz wird \u00e4hnlich sein wie eine frisch von der Chesapeake Bay importierte <a href=\"https:\/\/de.wikipedia.org\/wiki\/Amerikanische_Auster\">Crassostrea virginica<\/a>!<br \/>\nDem ersten Eindruck nach in einer unterirdischen Gro\u00dfb\u00e4ckerei in Quingdao vorgebacken \u2013 tiefgek\u00fchlt, ab in den Container. Preiswert weiter oben an Deck \u2013 daher auch die salzige Note!<\/p>\n<p>Nach mehrmonatiger Odyssee inkl. Strandung in der Elbe und unbemerkter Unterbrechung der K\u00fchlkette rauf auf den LKW.<\/p>\n<p>Von Rotterdam nach Schkeuditz, weiter nach Ober-Sch\u00f6neweide \u2013 ab in den Sprinter \u2013 hin zur Filiale.<br \/>\nDann diesen Sonntag in den Backautomaten, garantiert nicht mit \u00d6k\u00f6 &#8211; oder Solarstrom betrieben! (W\u00fcrde mich wundern.)<br \/>\nUnd dort dann als \u201eFrisch gebacken\u201c in die T\u00fcte gestopft. Kaum auf dem Fr\u00fchst\u00fccksteller gelandet f\u00e4llt der Stress ab von der Semmel \u2013 besser der Mohn. Somit auch das letzte mit Geschmack behaftete Partikel an dem aufgeblasenen Sonderling die Flucht ergriffen hat.<br \/>\nJetzt die Sonntagsfrage: was ist mit der Berufsehre des B\u00e4ckerhandwerks? Wo sind die B\u00e4ckereien an denen man schon in den fr\u00fchen Morgenstunden Appetit auf ein Br\u00f6tchen bekommt? Wegen des Dufts!<br \/>\nEs kann doch nicht sein das die einzige selbstbackende B\u00e4ckerei (jedenfalls vor ein paar Jahren) die in Klosters auf Hiddensee ist??<br \/>\nUnd n\u00e4chsten Sonntag echauffiert sich der Designer dann \u00fcber das Thema: Nougat Creme ist keine Schokolade und hat in einem Schoko Croissant genau so wenig verloren wie Nachbars T\u00f6le im Hundekuchen!<\/p>\n<div><span style=\"color: #808080;\">Dieser Artikel wurde geschrieben um die Aufmerksamkeit des werten Leser auf die widrigen Umst\u00e4nde zu lenken, unter denen der Designer seine kreativen Leistungen t\u00e4glich erbringen muss!<\/span><\/div>\n","protected":false},"excerpt":{"rendered":"<p>Der gr\u00f6\u00dfte Designfehler Deutschland ist: die Schrippe! Oder das Br\u00f6tchen, die Semmel, das Weggli \u2013 wie auch immer es lokal gehandelt wird! Ist gutes Design doch dazu da, die Freude an einem Produkt, den Spa\u00df zu erh\u00f6hen. Vielleicht auch noch  [&#8230;]<\/p>\n","protected":false},"author":15,"featured_media":16389,"comment_status":"open","ping_status":"closed","sticky":false,"template":"","format":"standard","meta":{"_monsterinsights_skip_tracking":false,"_monsterinsights_sitenote_active":false,"_monsterinsights_sitenote_note":"","_monsterinsights_sitenote_category":0,"_jetpack_memberships_contains_paid_content":false,"footnotes":""},"categories":[80,1034],"tags":[1301,1281,1430],"class_list":["post-16387","post","type-post","status-publish","format-standard","has-post-thumbnail","hentry","category-designfehler","category-neues-aus-der-buchstabenfabrik","tag-designfehler","tag-geschmack","tag-schrippe"],"yoast_head":"<!-- This site is optimized with the Yoast SEO plugin v27.2 - https:\/\/yoast.com\/product\/yoast-seo-wordpress\/ -->\n<title>Sonntagsfr\u00fchst\u00fcck - pr-ide<\/title>\n<meta name=\"robots\" content=\"index, follow, max-snippet:-1, max-image-preview:large, max-video-preview:-1\" \/>\n<link rel=\"canonical\" href=\"https:\/\/pr-ide.de\/blog\/2016\/02\/sonntagsfruehstueck\/\" \/>\n<meta property=\"og:locale\" content=\"en_US\" \/>\n<meta property=\"og:type\" content=\"article\" \/>\n<meta property=\"og:title\" content=\"Sonntagsfr\u00fchst\u00fcck - pr-ide\" \/>\n<meta property=\"og:description\" content=\"Der gr\u00f6\u00dfte Designfehler Deutschland ist: die Schrippe! Oder das Br\u00f6tchen, die Semmel, das Weggli \u2013 wie auch immer es lokal gehandelt wird! Ist gutes Design doch dazu da, die Freude an einem Produkt, den Spa\u00df zu erh\u00f6hen. Vielleicht auch noch [...]\" \/>\n<meta property=\"og:url\" content=\"https:\/\/pr-ide.de\/blog\/2016\/02\/sonntagsfruehstueck\/\" \/>\n<meta property=\"og:site_name\" content=\"pr-ide\" \/>\n<meta property=\"article:publisher\" content=\"https:\/\/www.facebook.com\/prideberlin\/\" \/>\n<meta property=\"article:published_time\" content=\"2016-02-07T15:05:53+00:00\" \/>\n<meta property=\"og:image\" content=\"https:\/\/pr-ide.de\/wp-content\/uploads\/2016\/02\/DSC_12351-scaled.jpg\" \/>\n\t<meta property=\"og:image:width\" content=\"2560\" \/>\n\t<meta property=\"og:image:height\" content=\"1440\" \/>\n\t<meta property=\"og:image:type\" content=\"image\/jpeg\" \/>\n<meta name=\"author\" content=\"Philipp Sack\" \/>\n<meta name=\"twitter:label1\" content=\"Written by\" \/>\n\t<meta name=\"twitter:data1\" content=\"Philipp Sack\" \/>\n\t<meta name=\"twitter:label2\" content=\"Est. reading time\" \/>\n\t<meta name=\"twitter:data2\" content=\"2 minutes\" \/>\n<script type=\"application\/ld+json\" class=\"yoast-schema-graph\">{\"@context\":\"https:\/\/schema.org\",\"@graph\":[{\"@type\":\"Article\",\"@id\":\"https:\/\/pr-ide.de\/blog\/2016\/02\/sonntagsfruehstueck\/#article\",\"isPartOf\":{\"@id\":\"https:\/\/pr-ide.de\/blog\/2016\/02\/sonntagsfruehstueck\/\"},\"author\":{\"name\":\"Philipp Sack\",\"@id\":\"https:\/\/pr-ide.de\/#\/schema\/person\/4bb8cb929d552fc1cd7c49d25ef90093\"},\"headline\":\"Sonntagsfr\u00fchst\u00fcck\",\"datePublished\":\"2016-02-07T15:05:53+00:00\",\"mainEntityOfPage\":{\"@id\":\"https:\/\/pr-ide.de\/blog\/2016\/02\/sonntagsfruehstueck\/\"},\"wordCount\":376,\"commentCount\":2,\"publisher\":{\"@id\":\"https:\/\/pr-ide.de\/#organization\"},\"image\":{\"@id\":\"https:\/\/pr-ide.de\/blog\/2016\/02\/sonntagsfruehstueck\/#primaryimage\"},\"thumbnailUrl\":\"https:\/\/pr-ide.de\/wp-content\/uploads\/2016\/02\/DSC_12351-scaled.jpg\",\"keywords\":[\"Designfehler\",\"Geschmack\",\"Schrippe\"],\"articleSection\":[\"Designfehler\",\"Neues aus der Buchstabenfabrik.\"],\"inLanguage\":\"en-US\",\"potentialAction\":[{\"@type\":\"CommentAction\",\"name\":\"Comment\",\"target\":[\"https:\/\/pr-ide.de\/blog\/2016\/02\/sonntagsfruehstueck\/#respond\"]}]},{\"@type\":\"WebPage\",\"@id\":\"https:\/\/pr-ide.de\/blog\/2016\/02\/sonntagsfruehstueck\/\",\"url\":\"https:\/\/pr-ide.de\/blog\/2016\/02\/sonntagsfruehstueck\/\",\"name\":\"Sonntagsfr\u00fchst\u00fcck - pr-ide\",\"isPartOf\":{\"@id\":\"https:\/\/pr-ide.de\/#website\"},\"primaryImageOfPage\":{\"@id\":\"https:\/\/pr-ide.de\/blog\/2016\/02\/sonntagsfruehstueck\/#primaryimage\"},\"image\":{\"@id\":\"https:\/\/pr-ide.de\/blog\/2016\/02\/sonntagsfruehstueck\/#primaryimage\"},\"thumbnailUrl\":\"https:\/\/pr-ide.de\/wp-content\/uploads\/2016\/02\/DSC_12351-scaled.jpg\",\"datePublished\":\"2016-02-07T15:05:53+00:00\",\"breadcrumb\":{\"@id\":\"https:\/\/pr-ide.de\/blog\/2016\/02\/sonntagsfruehstueck\/#breadcrumb\"},\"inLanguage\":\"en-US\",\"potentialAction\":[{\"@type\":\"ReadAction\",\"target\":[\"https:\/\/pr-ide.de\/blog\/2016\/02\/sonntagsfruehstueck\/\"]}]},{\"@type\":\"ImageObject\",\"inLanguage\":\"en-US\",\"@id\":\"https:\/\/pr-ide.de\/blog\/2016\/02\/sonntagsfruehstueck\/#primaryimage\",\"url\":\"https:\/\/pr-ide.de\/wp-content\/uploads\/2016\/02\/DSC_12351-scaled.jpg\",\"contentUrl\":\"https:\/\/pr-ide.de\/wp-content\/uploads\/2016\/02\/DSC_12351-scaled.jpg\",\"width\":2560,\"height\":1440,\"caption\":\"DSC_1235(1)\"},{\"@type\":\"BreadcrumbList\",\"@id\":\"https:\/\/pr-ide.de\/blog\/2016\/02\/sonntagsfruehstueck\/#breadcrumb\",\"itemListElement\":[{\"@type\":\"ListItem\",\"position\":1,\"name\":\"Home\",\"item\":\"https:\/\/pr-ide.de\/en\/the-agency-for-creative-success\/\"},{\"@type\":\"ListItem\",\"position\":2,\"name\":\"Sonntagsfr\u00fchst\u00fcck\"}]},{\"@type\":\"WebSite\",\"@id\":\"https:\/\/pr-ide.de\/#website\",\"url\":\"https:\/\/pr-ide.de\/\",\"name\":\"pr-ide\",\"description\":\"die agentur f\u00fcr kreative erfolge\",\"publisher\":{\"@id\":\"https:\/\/pr-ide.de\/#organization\"},\"potentialAction\":[{\"@type\":\"SearchAction\",\"target\":{\"@type\":\"EntryPoint\",\"urlTemplate\":\"https:\/\/pr-ide.de\/?s={search_term_string}\"},\"query-input\":{\"@type\":\"PropertyValueSpecification\",\"valueRequired\":true,\"valueName\":\"search_term_string\"}}],\"inLanguage\":\"en-US\"},{\"@type\":\"Organization\",\"@id\":\"https:\/\/pr-ide.de\/#organization\",\"name\":\"pr-ide\",\"url\":\"https:\/\/pr-ide.de\/\",\"logo\":{\"@type\":\"ImageObject\",\"inLanguage\":\"en-US\",\"@id\":\"https:\/\/pr-ide.de\/#\/schema\/logo\/image\/\",\"url\":\"\",\"contentUrl\":\"\",\"caption\":\"pr-ide\"},\"image\":{\"@id\":\"https:\/\/pr-ide.de\/#\/schema\/logo\/image\/\"},\"sameAs\":[\"https:\/\/www.facebook.com\/prideberlin\/\",\"https:\/\/x.com\/pr_ide\",\"https:\/\/www.linkedin.com\/company\/pr-ide-gbr\/\"]},{\"@type\":\"Person\",\"@id\":\"https:\/\/pr-ide.de\/#\/schema\/person\/4bb8cb929d552fc1cd7c49d25ef90093\",\"name\":\"Philipp Sack\",\"image\":{\"@type\":\"ImageObject\",\"inLanguage\":\"en-US\",\"@id\":\"https:\/\/secure.gravatar.com\/avatar\/e7d041e5f3b6ec52d1f4dcd0266ccdf14a0b7227561f91f92a474ad68a30da9a?s=96&d=robohash&r=g\",\"url\":\"https:\/\/secure.gravatar.com\/avatar\/e7d041e5f3b6ec52d1f4dcd0266ccdf14a0b7227561f91f92a474ad68a30da9a?s=96&d=robohash&r=g\",\"contentUrl\":\"https:\/\/secure.gravatar.com\/avatar\/e7d041e5f3b6ec52d1f4dcd0266ccdf14a0b7227561f91f92a474ad68a30da9a?s=96&d=robohash&r=g\",\"caption\":\"Philipp Sack\"},\"description\":\"CEO und Kreativkopf bei pr-ide. Kreuz und querlenkend, gerne segelnd. Immer auf der Suche nach innovativen L\u00f6sungen - manchmal schon bevor das Problem erkannt wurde.\",\"sameAs\":[\"http:\/\/www.pr-ide.de\",\"https:\/\/www.linkedin.com\/in\/philipp-sack\/\"],\"url\":\"https:\/\/pr-ide.de\/en\/blog\/author\/seesack-2-2-2-2-2-2-2-2-2-2-2-2-2-2-2-2-2-2-2-2\/\"}]}<\/script>\n<!-- \/ Yoast SEO plugin. -->","yoast_head_json":{"title":"Sonntagsfr\u00fchst\u00fcck - pr-ide","robots":{"index":"index","follow":"follow","max-snippet":"max-snippet:-1","max-image-preview":"max-image-preview:large","max-video-preview":"max-video-preview:-1"},"canonical":"https:\/\/pr-ide.de\/blog\/2016\/02\/sonntagsfruehstueck\/","og_locale":"en_US","og_type":"article","og_title":"Sonntagsfr\u00fchst\u00fcck - pr-ide","og_description":"Der gr\u00f6\u00dfte Designfehler Deutschland ist: die Schrippe! Oder das Br\u00f6tchen, die Semmel, das Weggli \u2013 wie auch immer es lokal gehandelt wird! Ist gutes Design doch dazu da, die Freude an einem Produkt, den Spa\u00df zu erh\u00f6hen. Vielleicht auch noch [...]","og_url":"https:\/\/pr-ide.de\/blog\/2016\/02\/sonntagsfruehstueck\/","og_site_name":"pr-ide","article_publisher":"https:\/\/www.facebook.com\/prideberlin\/","article_published_time":"2016-02-07T15:05:53+00:00","og_image":[{"width":2560,"height":1440,"url":"https:\/\/pr-ide.de\/wp-content\/uploads\/2016\/02\/DSC_12351-scaled.jpg","type":"image\/jpeg"}],"author":"Philipp Sack","twitter_misc":{"Written by":"Philipp Sack","Est. reading time":"2 minutes"},"schema":{"@context":"https:\/\/schema.org","@graph":[{"@type":"Article","@id":"https:\/\/pr-ide.de\/blog\/2016\/02\/sonntagsfruehstueck\/#article","isPartOf":{"@id":"https:\/\/pr-ide.de\/blog\/2016\/02\/sonntagsfruehstueck\/"},"author":{"name":"Philipp Sack","@id":"https:\/\/pr-ide.de\/#\/schema\/person\/4bb8cb929d552fc1cd7c49d25ef90093"},"headline":"Sonntagsfr\u00fchst\u00fcck","datePublished":"2016-02-07T15:05:53+00:00","mainEntityOfPage":{"@id":"https:\/\/pr-ide.de\/blog\/2016\/02\/sonntagsfruehstueck\/"},"wordCount":376,"commentCount":2,"publisher":{"@id":"https:\/\/pr-ide.de\/#organization"},"image":{"@id":"https:\/\/pr-ide.de\/blog\/2016\/02\/sonntagsfruehstueck\/#primaryimage"},"thumbnailUrl":"https:\/\/pr-ide.de\/wp-content\/uploads\/2016\/02\/DSC_12351-scaled.jpg","keywords":["Designfehler","Geschmack","Schrippe"],"articleSection":["Designfehler","Neues aus der Buchstabenfabrik."],"inLanguage":"en-US","potentialAction":[{"@type":"CommentAction","name":"Comment","target":["https:\/\/pr-ide.de\/blog\/2016\/02\/sonntagsfruehstueck\/#respond"]}]},{"@type":"WebPage","@id":"https:\/\/pr-ide.de\/blog\/2016\/02\/sonntagsfruehstueck\/","url":"https:\/\/pr-ide.de\/blog\/2016\/02\/sonntagsfruehstueck\/","name":"Sonntagsfr\u00fchst\u00fcck - pr-ide","isPartOf":{"@id":"https:\/\/pr-ide.de\/#website"},"primaryImageOfPage":{"@id":"https:\/\/pr-ide.de\/blog\/2016\/02\/sonntagsfruehstueck\/#primaryimage"},"image":{"@id":"https:\/\/pr-ide.de\/blog\/2016\/02\/sonntagsfruehstueck\/#primaryimage"},"thumbnailUrl":"https:\/\/pr-ide.de\/wp-content\/uploads\/2016\/02\/DSC_12351-scaled.jpg","datePublished":"2016-02-07T15:05:53+00:00","breadcrumb":{"@id":"https:\/\/pr-ide.de\/blog\/2016\/02\/sonntagsfruehstueck\/#breadcrumb"},"inLanguage":"en-US","potentialAction":[{"@type":"ReadAction","target":["https:\/\/pr-ide.de\/blog\/2016\/02\/sonntagsfruehstueck\/"]}]},{"@type":"ImageObject","inLanguage":"en-US","@id":"https:\/\/pr-ide.de\/blog\/2016\/02\/sonntagsfruehstueck\/#primaryimage","url":"https:\/\/pr-ide.de\/wp-content\/uploads\/2016\/02\/DSC_12351-scaled.jpg","contentUrl":"https:\/\/pr-ide.de\/wp-content\/uploads\/2016\/02\/DSC_12351-scaled.jpg","width":2560,"height":1440,"caption":"DSC_1235(1)"},{"@type":"BreadcrumbList","@id":"https:\/\/pr-ide.de\/blog\/2016\/02\/sonntagsfruehstueck\/#breadcrumb","itemListElement":[{"@type":"ListItem","position":1,"name":"Home","item":"https:\/\/pr-ide.de\/en\/the-agency-for-creative-success\/"},{"@type":"ListItem","position":2,"name":"Sonntagsfr\u00fchst\u00fcck"}]},{"@type":"WebSite","@id":"https:\/\/pr-ide.de\/#website","url":"https:\/\/pr-ide.de\/","name":"pr-ide","description":"die agentur f\u00fcr kreative erfolge","publisher":{"@id":"https:\/\/pr-ide.de\/#organization"},"potentialAction":[{"@type":"SearchAction","target":{"@type":"EntryPoint","urlTemplate":"https:\/\/pr-ide.de\/?s={search_term_string}"},"query-input":{"@type":"PropertyValueSpecification","valueRequired":true,"valueName":"search_term_string"}}],"inLanguage":"en-US"},{"@type":"Organization","@id":"https:\/\/pr-ide.de\/#organization","name":"pr-ide","url":"https:\/\/pr-ide.de\/","logo":{"@type":"ImageObject","inLanguage":"en-US","@id":"https:\/\/pr-ide.de\/#\/schema\/logo\/image\/","url":"","contentUrl":"","caption":"pr-ide"},"image":{"@id":"https:\/\/pr-ide.de\/#\/schema\/logo\/image\/"},"sameAs":["https:\/\/www.facebook.com\/prideberlin\/","https:\/\/x.com\/pr_ide","https:\/\/www.linkedin.com\/company\/pr-ide-gbr\/"]},{"@type":"Person","@id":"https:\/\/pr-ide.de\/#\/schema\/person\/4bb8cb929d552fc1cd7c49d25ef90093","name":"Philipp Sack","image":{"@type":"ImageObject","inLanguage":"en-US","@id":"https:\/\/secure.gravatar.com\/avatar\/e7d041e5f3b6ec52d1f4dcd0266ccdf14a0b7227561f91f92a474ad68a30da9a?s=96&d=robohash&r=g","url":"https:\/\/secure.gravatar.com\/avatar\/e7d041e5f3b6ec52d1f4dcd0266ccdf14a0b7227561f91f92a474ad68a30da9a?s=96&d=robohash&r=g","contentUrl":"https:\/\/secure.gravatar.com\/avatar\/e7d041e5f3b6ec52d1f4dcd0266ccdf14a0b7227561f91f92a474ad68a30da9a?s=96&d=robohash&r=g","caption":"Philipp Sack"},"description":"CEO und Kreativkopf bei pr-ide. Kreuz und querlenkend, gerne segelnd. Immer auf der Suche nach innovativen L\u00f6sungen - manchmal schon bevor das Problem erkannt wurde.","sameAs":["http:\/\/www.pr-ide.de","https:\/\/www.linkedin.com\/in\/philipp-sack\/"],"url":"https:\/\/pr-ide.de\/en\/blog\/author\/seesack-2-2-2-2-2-2-2-2-2-2-2-2-2-2-2-2-2-2-2-2\/"}]}},"jetpack_featured_media_url":"https:\/\/pr-ide.de\/wp-content\/uploads\/2016\/02\/DSC_12351-scaled.jpg","jetpack_sharing_enabled":true,"_links":{"self":[{"href":"https:\/\/pr-ide.de\/en\/wp-json\/wp\/v2\/posts\/16387","targetHints":{"allow":["GET"]}}],"collection":[{"href":"https:\/\/pr-ide.de\/en\/wp-json\/wp\/v2\/posts"}],"about":[{"href":"https:\/\/pr-ide.de\/en\/wp-json\/wp\/v2\/types\/post"}],"author":[{"embeddable":true,"href":"https:\/\/pr-ide.de\/en\/wp-json\/wp\/v2\/users\/15"}],"replies":[{"embeddable":true,"href":"https:\/\/pr-ide.de\/en\/wp-json\/wp\/v2\/comments?post=16387"}],"version-history":[{"count":0,"href":"https:\/\/pr-ide.de\/en\/wp-json\/wp\/v2\/posts\/16387\/revisions"}],"wp:featuredmedia":[{"embeddable":true,"href":"https:\/\/pr-ide.de\/en\/wp-json\/wp\/v2\/media\/16389"}],"wp:attachment":[{"href":"https:\/\/pr-ide.de\/en\/wp-json\/wp\/v2\/media?parent=16387"}],"wp:term":[{"taxonomy":"category","embeddable":true,"href":"https:\/\/pr-ide.de\/en\/wp-json\/wp\/v2\/categories?post=16387"},{"taxonomy":"post_tag","embeddable":true,"href":"https:\/\/pr-ide.de\/en\/wp-json\/wp\/v2\/tags?post=16387"}],"curies":[{"name":"wp","href":"https:\/\/api.w.org\/{rel}","templated":true}]}}