{"id":16433,"date":"2016-02-24T11:01:08","date_gmt":"2016-02-24T10:01:08","guid":{"rendered":"http:\/\/pr-ide.de\/?p=16433"},"modified":"2016-02-24T11:14:12","modified_gmt":"2016-02-24T10:14:12","slug":"vierfaches-unfallriskiko","status":"publish","type":"post","link":"https:\/\/pr-ide.de\/en\/blog\/2016\/02\/vierfaches-unfallriskiko\/","title":{"rendered":"Vierfaches Unfallriskiko?"},"content":{"rendered":"<p>Eben fuhr\u00a0ein Streifenwagen vorbei &#8211; der Fahrer hatte sein mobiles Endger\u00e4t in der Hand.\u00a0Sicher nur die App zum Lernen der Verkehrsregeln. Dabei fiel mir die \u00dcberschrift ein mit dem vierfachen Unfallrisiko f\u00fcr den, der sein Handy im Auto bedient. Ob mit bedienen einschalten gemeint ist? Dann w\u00fcrde das Unfall-Risiko mit einem eingeschalteten Handy ja nur noch 25% Prozent betragen. Toll! Das ist so aussagef\u00e4hig wie eine Regenwahrscheinlichkeit von 25%. Welches Viertel von mir wird denn nass?<\/p>\n<p>Jedenfalls scheint das Telefonieren aus den \u00f6ffentlichen Fernsprechern auch nicht ungef\u00e4hrlich zu sein. Aber hier gibt es keine Zahlen, jedenfalls keine ver\u00f6ffentlichten.<\/p>\n<p>Dabei kann es ja nur ein <strong>Designfehler<\/strong> sein \u2013 das Grau sieht doch keiner! Darf man sich nicht wundern, das wenn der SUV Fahrer \u00fcber die Wiese hoppelt weil der B\u00fcrgersteig wieder vollgeparkt ist er dann auch mal so ein kleines K\u00e4stchen \u00fcbersieht!<\/p>\n<p>W\u00e4re mit den gelben Zellen nicht passiert! <a href=\"http:\/\/www.farbimpulse.de\/Farbige-Warnung.warnfarben.0.html\" target=\"_blank\">Wette ich drauf!<\/a><\/p>\n<p>;)<\/p>\n","protected":false},"excerpt":{"rendered":"<p>Eben fuhr\u00a0ein Streifenwagen vorbei &#8211; der Fahrer hatte sein mobiles Endger\u00e4t in der Hand.\u00a0Sicher nur die App zum Lernen der Verkehrsregeln. Dabei fiel mir die \u00dcberschrift ein mit dem vierfachen Unfallrisiko f\u00fcr den, der sein Handy im Auto bedient. Ob  [&#8230;]<\/p>\n","protected":false},"author":15,"featured_media":16435,"comment_status":"open","ping_status":"closed","sticky":false,"template":"","format":"standard","meta":{"_monsterinsights_skip_tracking":false,"_monsterinsights_sitenote_active":false,"_monsterinsights_sitenote_note":"","_monsterinsights_sitenote_category":0,"_jetpack_memberships_contains_paid_content":false,"footnotes":""},"categories":[1089],"tags":[1443,305,191,536,1444,1442,1441],"class_list":["post-16433","post","type-post","status-publish","format-standard","has-post-thumbnail","hentry","category-der-siebte-designsinn","tag-darf-der-das","tag-handy","tag-risiko","tag-statistik","tag-suv","tag-telefonzelle","tag-unfall"],"yoast_head":"<!-- This site is optimized with the Yoast SEO plugin v27.2 - https:\/\/yoast.com\/product\/yoast-seo-wordpress\/ -->\n<title>Vierfaches Unfallriskiko? - pr-ide<\/title>\n<meta name=\"robots\" content=\"index, follow, max-snippet:-1, max-image-preview:large, max-video-preview:-1\" \/>\n<link rel=\"canonical\" href=\"https:\/\/pr-ide.de\/blog\/2016\/02\/vierfaches-unfallriskiko\/\" \/>\n<meta property=\"og:locale\" content=\"en_US\" \/>\n<meta property=\"og:type\" content=\"article\" \/>\n<meta property=\"og:title\" content=\"Vierfaches Unfallriskiko? - pr-ide\" \/>\n<meta property=\"og:description\" content=\"Eben fuhr\u00a0ein Streifenwagen vorbei &#8211; der Fahrer hatte sein mobiles Endger\u00e4t in der Hand.\u00a0Sicher nur die App zum Lernen der Verkehrsregeln. Dabei fiel mir die \u00dcberschrift ein mit dem vierfachen Unfallrisiko f\u00fcr den, der sein Handy im Auto bedient. Ob [...]\" \/>\n<meta property=\"og:url\" content=\"https:\/\/pr-ide.de\/blog\/2016\/02\/vierfaches-unfallriskiko\/\" \/>\n<meta property=\"og:site_name\" content=\"pr-ide\" \/>\n<meta property=\"article:publisher\" content=\"https:\/\/www.facebook.com\/prideberlin\/\" \/>\n<meta property=\"article:published_time\" content=\"2016-02-24T10:01:08+00:00\" \/>\n<meta property=\"article:modified_time\" content=\"2016-02-24T10:14:12+00:00\" \/>\n<meta property=\"og:image\" content=\"https:\/\/pr-ide.de\/wp-content\/uploads\/2016\/02\/DSC_1320-scaled.jpg\" \/>\n\t<meta property=\"og:image:width\" content=\"2560\" \/>\n\t<meta property=\"og:image:height\" content=\"1440\" \/>\n\t<meta property=\"og:image:type\" content=\"image\/jpeg\" \/>\n<meta name=\"author\" content=\"Philipp Sack\" \/>\n<meta name=\"twitter:label1\" content=\"Written by\" \/>\n\t<meta name=\"twitter:data1\" content=\"Philipp Sack\" \/>\n\t<meta name=\"twitter:label2\" content=\"Est. reading time\" \/>\n\t<meta name=\"twitter:data2\" content=\"1 minute\" \/>\n<script type=\"application\/ld+json\" class=\"yoast-schema-graph\">{\"@context\":\"https:\/\/schema.org\",\"@graph\":[{\"@type\":\"Article\",\"@id\":\"https:\/\/pr-ide.de\/blog\/2016\/02\/vierfaches-unfallriskiko\/#article\",\"isPartOf\":{\"@id\":\"https:\/\/pr-ide.de\/blog\/2016\/02\/vierfaches-unfallriskiko\/\"},\"author\":{\"name\":\"Philipp Sack\",\"@id\":\"https:\/\/pr-ide.de\/#\/schema\/person\/4bb8cb929d552fc1cd7c49d25ef90093\"},\"headline\":\"Vierfaches Unfallriskiko?\",\"datePublished\":\"2016-02-24T10:01:08+00:00\",\"dateModified\":\"2016-02-24T10:14:12+00:00\",\"mainEntityOfPage\":{\"@id\":\"https:\/\/pr-ide.de\/blog\/2016\/02\/vierfaches-unfallriskiko\/\"},\"wordCount\":161,\"commentCount\":0,\"publisher\":{\"@id\":\"https:\/\/pr-ide.de\/#organization\"},\"image\":{\"@id\":\"https:\/\/pr-ide.de\/blog\/2016\/02\/vierfaches-unfallriskiko\/#primaryimage\"},\"thumbnailUrl\":\"https:\/\/pr-ide.de\/wp-content\/uploads\/2016\/02\/DSC_1320-scaled.jpg\",\"keywords\":[\"Darf der das?\",\"handy\",\"risiko\",\"statistik\",\"SUV\",\"Telefonzelle\",\"Unfall\"],\"articleSection\":[\"Der siebte Designsinn\"],\"inLanguage\":\"en-US\",\"potentialAction\":[{\"@type\":\"CommentAction\",\"name\":\"Comment\",\"target\":[\"https:\/\/pr-ide.de\/blog\/2016\/02\/vierfaches-unfallriskiko\/#respond\"]}]},{\"@type\":\"WebPage\",\"@id\":\"https:\/\/pr-ide.de\/blog\/2016\/02\/vierfaches-unfallriskiko\/\",\"url\":\"https:\/\/pr-ide.de\/blog\/2016\/02\/vierfaches-unfallriskiko\/\",\"name\":\"Vierfaches Unfallriskiko? - pr-ide\",\"isPartOf\":{\"@id\":\"https:\/\/pr-ide.de\/#website\"},\"primaryImageOfPage\":{\"@id\":\"https:\/\/pr-ide.de\/blog\/2016\/02\/vierfaches-unfallriskiko\/#primaryimage\"},\"image\":{\"@id\":\"https:\/\/pr-ide.de\/blog\/2016\/02\/vierfaches-unfallriskiko\/#primaryimage\"},\"thumbnailUrl\":\"https:\/\/pr-ide.de\/wp-content\/uploads\/2016\/02\/DSC_1320-scaled.jpg\",\"datePublished\":\"2016-02-24T10:01:08+00:00\",\"dateModified\":\"2016-02-24T10:14:12+00:00\",\"breadcrumb\":{\"@id\":\"https:\/\/pr-ide.de\/blog\/2016\/02\/vierfaches-unfallriskiko\/#breadcrumb\"},\"inLanguage\":\"en-US\",\"potentialAction\":[{\"@type\":\"ReadAction\",\"target\":[\"https:\/\/pr-ide.de\/blog\/2016\/02\/vierfaches-unfallriskiko\/\"]}]},{\"@type\":\"ImageObject\",\"inLanguage\":\"en-US\",\"@id\":\"https:\/\/pr-ide.de\/blog\/2016\/02\/vierfaches-unfallriskiko\/#primaryimage\",\"url\":\"https:\/\/pr-ide.de\/wp-content\/uploads\/2016\/02\/DSC_1320-scaled.jpg\",\"contentUrl\":\"https:\/\/pr-ide.de\/wp-content\/uploads\/2016\/02\/DSC_1320-scaled.jpg\",\"width\":2560,\"height\":1440,\"caption\":\"Telefonzelle!\"},{\"@type\":\"BreadcrumbList\",\"@id\":\"https:\/\/pr-ide.de\/blog\/2016\/02\/vierfaches-unfallriskiko\/#breadcrumb\",\"itemListElement\":[{\"@type\":\"ListItem\",\"position\":1,\"name\":\"Home\",\"item\":\"https:\/\/pr-ide.de\/en\/the-agency-for-creative-success\/\"},{\"@type\":\"ListItem\",\"position\":2,\"name\":\"Vierfaches Unfallriskiko?\"}]},{\"@type\":\"WebSite\",\"@id\":\"https:\/\/pr-ide.de\/#website\",\"url\":\"https:\/\/pr-ide.de\/\",\"name\":\"pr-ide\",\"description\":\"die agentur f\u00fcr kreative erfolge\",\"publisher\":{\"@id\":\"https:\/\/pr-ide.de\/#organization\"},\"potentialAction\":[{\"@type\":\"SearchAction\",\"target\":{\"@type\":\"EntryPoint\",\"urlTemplate\":\"https:\/\/pr-ide.de\/?s={search_term_string}\"},\"query-input\":{\"@type\":\"PropertyValueSpecification\",\"valueRequired\":true,\"valueName\":\"search_term_string\"}}],\"inLanguage\":\"en-US\"},{\"@type\":\"Organization\",\"@id\":\"https:\/\/pr-ide.de\/#organization\",\"name\":\"pr-ide\",\"url\":\"https:\/\/pr-ide.de\/\",\"logo\":{\"@type\":\"ImageObject\",\"inLanguage\":\"en-US\",\"@id\":\"https:\/\/pr-ide.de\/#\/schema\/logo\/image\/\",\"url\":\"\",\"contentUrl\":\"\",\"caption\":\"pr-ide\"},\"image\":{\"@id\":\"https:\/\/pr-ide.de\/#\/schema\/logo\/image\/\"},\"sameAs\":[\"https:\/\/www.facebook.com\/prideberlin\/\",\"https:\/\/x.com\/pr_ide\",\"https:\/\/www.linkedin.com\/company\/pr-ide-gbr\/\"]},{\"@type\":\"Person\",\"@id\":\"https:\/\/pr-ide.de\/#\/schema\/person\/4bb8cb929d552fc1cd7c49d25ef90093\",\"name\":\"Philipp Sack\",\"image\":{\"@type\":\"ImageObject\",\"inLanguage\":\"en-US\",\"@id\":\"https:\/\/secure.gravatar.com\/avatar\/e7d041e5f3b6ec52d1f4dcd0266ccdf14a0b7227561f91f92a474ad68a30da9a?s=96&d=robohash&r=g\",\"url\":\"https:\/\/secure.gravatar.com\/avatar\/e7d041e5f3b6ec52d1f4dcd0266ccdf14a0b7227561f91f92a474ad68a30da9a?s=96&d=robohash&r=g\",\"contentUrl\":\"https:\/\/secure.gravatar.com\/avatar\/e7d041e5f3b6ec52d1f4dcd0266ccdf14a0b7227561f91f92a474ad68a30da9a?s=96&d=robohash&r=g\",\"caption\":\"Philipp Sack\"},\"description\":\"CEO und Kreativkopf bei pr-ide. Kreuz und querlenkend, gerne segelnd. Immer auf der Suche nach innovativen L\u00f6sungen - manchmal schon bevor das Problem erkannt wurde.\",\"sameAs\":[\"http:\/\/www.pr-ide.de\",\"https:\/\/www.linkedin.com\/in\/philipp-sack\/\"],\"url\":\"https:\/\/pr-ide.de\/en\/blog\/author\/seesack-2-2-2-2-2-2-2-2-2-2-2-2-2-2-2-2-2-2-2-2\/\"}]}<\/script>\n<!-- \/ Yoast SEO plugin. -->","yoast_head_json":{"title":"Vierfaches Unfallriskiko? - pr-ide","robots":{"index":"index","follow":"follow","max-snippet":"max-snippet:-1","max-image-preview":"max-image-preview:large","max-video-preview":"max-video-preview:-1"},"canonical":"https:\/\/pr-ide.de\/blog\/2016\/02\/vierfaches-unfallriskiko\/","og_locale":"en_US","og_type":"article","og_title":"Vierfaches Unfallriskiko? - pr-ide","og_description":"Eben fuhr\u00a0ein Streifenwagen vorbei &#8211; der Fahrer hatte sein mobiles Endger\u00e4t in der Hand.\u00a0Sicher nur die App zum Lernen der Verkehrsregeln. Dabei fiel mir die \u00dcberschrift ein mit dem vierfachen Unfallrisiko f\u00fcr den, der sein Handy im Auto bedient. Ob [...]","og_url":"https:\/\/pr-ide.de\/blog\/2016\/02\/vierfaches-unfallriskiko\/","og_site_name":"pr-ide","article_publisher":"https:\/\/www.facebook.com\/prideberlin\/","article_published_time":"2016-02-24T10:01:08+00:00","article_modified_time":"2016-02-24T10:14:12+00:00","og_image":[{"width":2560,"height":1440,"url":"https:\/\/pr-ide.de\/wp-content\/uploads\/2016\/02\/DSC_1320-scaled.jpg","type":"image\/jpeg"}],"author":"Philipp Sack","twitter_misc":{"Written by":"Philipp Sack","Est. reading time":"1 minute"},"schema":{"@context":"https:\/\/schema.org","@graph":[{"@type":"Article","@id":"https:\/\/pr-ide.de\/blog\/2016\/02\/vierfaches-unfallriskiko\/#article","isPartOf":{"@id":"https:\/\/pr-ide.de\/blog\/2016\/02\/vierfaches-unfallriskiko\/"},"author":{"name":"Philipp Sack","@id":"https:\/\/pr-ide.de\/#\/schema\/person\/4bb8cb929d552fc1cd7c49d25ef90093"},"headline":"Vierfaches Unfallriskiko?","datePublished":"2016-02-24T10:01:08+00:00","dateModified":"2016-02-24T10:14:12+00:00","mainEntityOfPage":{"@id":"https:\/\/pr-ide.de\/blog\/2016\/02\/vierfaches-unfallriskiko\/"},"wordCount":161,"commentCount":0,"publisher":{"@id":"https:\/\/pr-ide.de\/#organization"},"image":{"@id":"https:\/\/pr-ide.de\/blog\/2016\/02\/vierfaches-unfallriskiko\/#primaryimage"},"thumbnailUrl":"https:\/\/pr-ide.de\/wp-content\/uploads\/2016\/02\/DSC_1320-scaled.jpg","keywords":["Darf der das?","handy","risiko","statistik","SUV","Telefonzelle","Unfall"],"articleSection":["Der siebte Designsinn"],"inLanguage":"en-US","potentialAction":[{"@type":"CommentAction","name":"Comment","target":["https:\/\/pr-ide.de\/blog\/2016\/02\/vierfaches-unfallriskiko\/#respond"]}]},{"@type":"WebPage","@id":"https:\/\/pr-ide.de\/blog\/2016\/02\/vierfaches-unfallriskiko\/","url":"https:\/\/pr-ide.de\/blog\/2016\/02\/vierfaches-unfallriskiko\/","name":"Vierfaches Unfallriskiko? - pr-ide","isPartOf":{"@id":"https:\/\/pr-ide.de\/#website"},"primaryImageOfPage":{"@id":"https:\/\/pr-ide.de\/blog\/2016\/02\/vierfaches-unfallriskiko\/#primaryimage"},"image":{"@id":"https:\/\/pr-ide.de\/blog\/2016\/02\/vierfaches-unfallriskiko\/#primaryimage"},"thumbnailUrl":"https:\/\/pr-ide.de\/wp-content\/uploads\/2016\/02\/DSC_1320-scaled.jpg","datePublished":"2016-02-24T10:01:08+00:00","dateModified":"2016-02-24T10:14:12+00:00","breadcrumb":{"@id":"https:\/\/pr-ide.de\/blog\/2016\/02\/vierfaches-unfallriskiko\/#breadcrumb"},"inLanguage":"en-US","potentialAction":[{"@type":"ReadAction","target":["https:\/\/pr-ide.de\/blog\/2016\/02\/vierfaches-unfallriskiko\/"]}]},{"@type":"ImageObject","inLanguage":"en-US","@id":"https:\/\/pr-ide.de\/blog\/2016\/02\/vierfaches-unfallriskiko\/#primaryimage","url":"https:\/\/pr-ide.de\/wp-content\/uploads\/2016\/02\/DSC_1320-scaled.jpg","contentUrl":"https:\/\/pr-ide.de\/wp-content\/uploads\/2016\/02\/DSC_1320-scaled.jpg","width":2560,"height":1440,"caption":"Telefonzelle!"},{"@type":"BreadcrumbList","@id":"https:\/\/pr-ide.de\/blog\/2016\/02\/vierfaches-unfallriskiko\/#breadcrumb","itemListElement":[{"@type":"ListItem","position":1,"name":"Home","item":"https:\/\/pr-ide.de\/en\/the-agency-for-creative-success\/"},{"@type":"ListItem","position":2,"name":"Vierfaches Unfallriskiko?"}]},{"@type":"WebSite","@id":"https:\/\/pr-ide.de\/#website","url":"https:\/\/pr-ide.de\/","name":"pr-ide","description":"die agentur f\u00fcr kreative erfolge","publisher":{"@id":"https:\/\/pr-ide.de\/#organization"},"potentialAction":[{"@type":"SearchAction","target":{"@type":"EntryPoint","urlTemplate":"https:\/\/pr-ide.de\/?s={search_term_string}"},"query-input":{"@type":"PropertyValueSpecification","valueRequired":true,"valueName":"search_term_string"}}],"inLanguage":"en-US"},{"@type":"Organization","@id":"https:\/\/pr-ide.de\/#organization","name":"pr-ide","url":"https:\/\/pr-ide.de\/","logo":{"@type":"ImageObject","inLanguage":"en-US","@id":"https:\/\/pr-ide.de\/#\/schema\/logo\/image\/","url":"","contentUrl":"","caption":"pr-ide"},"image":{"@id":"https:\/\/pr-ide.de\/#\/schema\/logo\/image\/"},"sameAs":["https:\/\/www.facebook.com\/prideberlin\/","https:\/\/x.com\/pr_ide","https:\/\/www.linkedin.com\/company\/pr-ide-gbr\/"]},{"@type":"Person","@id":"https:\/\/pr-ide.de\/#\/schema\/person\/4bb8cb929d552fc1cd7c49d25ef90093","name":"Philipp Sack","image":{"@type":"ImageObject","inLanguage":"en-US","@id":"https:\/\/secure.gravatar.com\/avatar\/e7d041e5f3b6ec52d1f4dcd0266ccdf14a0b7227561f91f92a474ad68a30da9a?s=96&d=robohash&r=g","url":"https:\/\/secure.gravatar.com\/avatar\/e7d041e5f3b6ec52d1f4dcd0266ccdf14a0b7227561f91f92a474ad68a30da9a?s=96&d=robohash&r=g","contentUrl":"https:\/\/secure.gravatar.com\/avatar\/e7d041e5f3b6ec52d1f4dcd0266ccdf14a0b7227561f91f92a474ad68a30da9a?s=96&d=robohash&r=g","caption":"Philipp Sack"},"description":"CEO und Kreativkopf bei pr-ide. Kreuz und querlenkend, gerne segelnd. Immer auf der Suche nach innovativen L\u00f6sungen - manchmal schon bevor das Problem erkannt wurde.","sameAs":["http:\/\/www.pr-ide.de","https:\/\/www.linkedin.com\/in\/philipp-sack\/"],"url":"https:\/\/pr-ide.de\/en\/blog\/author\/seesack-2-2-2-2-2-2-2-2-2-2-2-2-2-2-2-2-2-2-2-2\/"}]}},"jetpack_featured_media_url":"https:\/\/pr-ide.de\/wp-content\/uploads\/2016\/02\/DSC_1320-scaled.jpg","jetpack_sharing_enabled":true,"_links":{"self":[{"href":"https:\/\/pr-ide.de\/en\/wp-json\/wp\/v2\/posts\/16433","targetHints":{"allow":["GET"]}}],"collection":[{"href":"https:\/\/pr-ide.de\/en\/wp-json\/wp\/v2\/posts"}],"about":[{"href":"https:\/\/pr-ide.de\/en\/wp-json\/wp\/v2\/types\/post"}],"author":[{"embeddable":true,"href":"https:\/\/pr-ide.de\/en\/wp-json\/wp\/v2\/users\/15"}],"replies":[{"embeddable":true,"href":"https:\/\/pr-ide.de\/en\/wp-json\/wp\/v2\/comments?post=16433"}],"version-history":[{"count":0,"href":"https:\/\/pr-ide.de\/en\/wp-json\/wp\/v2\/posts\/16433\/revisions"}],"wp:featuredmedia":[{"embeddable":true,"href":"https:\/\/pr-ide.de\/en\/wp-json\/wp\/v2\/media\/16435"}],"wp:attachment":[{"href":"https:\/\/pr-ide.de\/en\/wp-json\/wp\/v2\/media?parent=16433"}],"wp:term":[{"taxonomy":"category","embeddable":true,"href":"https:\/\/pr-ide.de\/en\/wp-json\/wp\/v2\/categories?post=16433"},{"taxonomy":"post_tag","embeddable":true,"href":"https:\/\/pr-ide.de\/en\/wp-json\/wp\/v2\/tags?post=16433"}],"curies":[{"name":"wp","href":"https:\/\/api.w.org\/{rel}","templated":true}]}}