{"id":16665,"date":"2016-03-22T21:18:54","date_gmt":"2016-03-22T20:18:54","guid":{"rendered":"http:\/\/pr-ide.de\/?p=16665"},"modified":"2016-03-22T21:32:26","modified_gmt":"2016-03-22T20:32:26","slug":"neulich-beim-kunden","status":"publish","type":"post","link":"https:\/\/pr-ide.de\/en\/blog\/2016\/03\/neulich-beim-kunden\/","title":{"rendered":"Neulich beim Kunden"},"content":{"rendered":"<p>Manche begehen Firmenjubil\u00e4en und wir d\u00fcrfen uns auch mal freuen, eine immerhin schon 25j\u00e4hrige Kunden Zusammenarbeit zu feiern. In all den Jahren sind uns nie die guten Ideen ausgegangen. Aber das gr\u00f6\u00dfte Lob f\u00fcr uns war verbunden mit einer neuerlichen Pr\u00e4sentation von Design-Studien \u201eHerr Sack, Sie haben mit Ihren Design-Entw\u00fcrfen zur technologischen Entwicklung im Unternehmen beigetragen, wir haben einen deutlichen Marktvorteil gegen\u00fcber unseren Konkurrenten behaupten k\u00f6nnen!\u201c Wunderbar. Kreativit\u00e4t in Formgebung und Funktionalit\u00e4t ist also \u00b4was wert!<\/p>\n","protected":false},"excerpt":{"rendered":"<p>Manche begehen Firmenjubil\u00e4en und wir d\u00fcrfen uns auch mal freuen, eine immerhin schon 25j\u00e4hrige Kunden Zusammenarbeit zu feiern. In all den Jahren sind uns nie die guten Ideen ausgegangen. Aber das gr\u00f6\u00dfte Lob f\u00fcr uns war verbunden mit einer neuerlichen  [&#8230;]<\/p>\n","protected":false},"author":15,"featured_media":16666,"comment_status":"open","ping_status":"closed","sticky":false,"template":"","format":"standard","meta":{"_monsterinsights_skip_tracking":false,"_monsterinsights_sitenote_active":false,"_monsterinsights_sitenote_note":"","_monsterinsights_sitenote_category":0,"_jetpack_memberships_contains_paid_content":false,"footnotes":""},"categories":[35,559,541,1034,864],"tags":[576,1298],"class_list":["post-16665","post","type-post","status-publish","format-standard","has-post-thumbnail","hentry","category-design","category-designmanagement","category-geschichte","category-neues-aus-der-buchstabenfabrik","category-pr-ide-team","tag-corporate-design","tag-design"],"yoast_head":"<!-- This site is optimized with the Yoast SEO plugin v27.2 - https:\/\/yoast.com\/product\/yoast-seo-wordpress\/ -->\n<title>Neulich beim Kunden - pr-ide<\/title>\n<meta name=\"robots\" content=\"index, follow, max-snippet:-1, max-image-preview:large, max-video-preview:-1\" \/>\n<link rel=\"canonical\" href=\"https:\/\/pr-ide.de\/blog\/2016\/03\/neulich-beim-kunden\/\" \/>\n<meta property=\"og:locale\" content=\"en_US\" \/>\n<meta property=\"og:type\" content=\"article\" \/>\n<meta property=\"og:title\" content=\"Neulich beim Kunden - pr-ide\" \/>\n<meta property=\"og:description\" content=\"Manche begehen Firmenjubil\u00e4en und wir d\u00fcrfen uns auch mal freuen, eine immerhin schon 25j\u00e4hrige Kunden Zusammenarbeit zu feiern. In all den Jahren sind uns nie die guten Ideen ausgegangen. Aber das gr\u00f6\u00dfte Lob f\u00fcr uns war verbunden mit einer neuerlichen [...]\" \/>\n<meta property=\"og:url\" content=\"https:\/\/pr-ide.de\/blog\/2016\/03\/neulich-beim-kunden\/\" \/>\n<meta property=\"og:site_name\" content=\"pr-ide\" \/>\n<meta property=\"article:publisher\" content=\"https:\/\/www.facebook.com\/prideberlin\/\" \/>\n<meta property=\"article:published_time\" content=\"2016-03-22T20:18:54+00:00\" \/>\n<meta property=\"article:modified_time\" content=\"2016-03-22T20:32:26+00:00\" \/>\n<meta property=\"og:image\" content=\"https:\/\/pr-ide.de\/wp-content\/uploads\/2016\/03\/ps-brill.jpg\" \/>\n\t<meta property=\"og:image:width\" content=\"1920\" \/>\n\t<meta property=\"og:image:height\" content=\"1080\" \/>\n\t<meta property=\"og:image:type\" content=\"image\/jpeg\" \/>\n<meta name=\"author\" content=\"Philipp Sack\" \/>\n<meta name=\"twitter:label1\" content=\"Written by\" \/>\n\t<meta name=\"twitter:data1\" content=\"Philipp Sack\" \/>\n<script type=\"application\/ld+json\" class=\"yoast-schema-graph\">{\"@context\":\"https:\/\/schema.org\",\"@graph\":[{\"@type\":\"Article\",\"@id\":\"https:\/\/pr-ide.de\/blog\/2016\/03\/neulich-beim-kunden\/#article\",\"isPartOf\":{\"@id\":\"https:\/\/pr-ide.de\/blog\/2016\/03\/neulich-beim-kunden\/\"},\"author\":{\"name\":\"Philipp Sack\",\"@id\":\"https:\/\/pr-ide.de\/#\/schema\/person\/4bb8cb929d552fc1cd7c49d25ef90093\"},\"headline\":\"Neulich beim Kunden\",\"datePublished\":\"2016-03-22T20:18:54+00:00\",\"dateModified\":\"2016-03-22T20:32:26+00:00\",\"mainEntityOfPage\":{\"@id\":\"https:\/\/pr-ide.de\/blog\/2016\/03\/neulich-beim-kunden\/\"},\"wordCount\":90,\"commentCount\":0,\"publisher\":{\"@id\":\"https:\/\/pr-ide.de\/#organization\"},\"image\":{\"@id\":\"https:\/\/pr-ide.de\/blog\/2016\/03\/neulich-beim-kunden\/#primaryimage\"},\"thumbnailUrl\":\"https:\/\/pr-ide.de\/wp-content\/uploads\/2016\/03\/ps-brill.jpg\",\"keywords\":[\"Corporate Design\",\"Design\"],\"articleSection\":[\"Design\",\"Designmanagement\",\"Geschichte\",\"Neues aus der Buchstabenfabrik.\",\"pr-ide team\"],\"inLanguage\":\"en-US\",\"potentialAction\":[{\"@type\":\"CommentAction\",\"name\":\"Comment\",\"target\":[\"https:\/\/pr-ide.de\/blog\/2016\/03\/neulich-beim-kunden\/#respond\"]}]},{\"@type\":\"WebPage\",\"@id\":\"https:\/\/pr-ide.de\/blog\/2016\/03\/neulich-beim-kunden\/\",\"url\":\"https:\/\/pr-ide.de\/blog\/2016\/03\/neulich-beim-kunden\/\",\"name\":\"Neulich beim Kunden - pr-ide\",\"isPartOf\":{\"@id\":\"https:\/\/pr-ide.de\/#website\"},\"primaryImageOfPage\":{\"@id\":\"https:\/\/pr-ide.de\/blog\/2016\/03\/neulich-beim-kunden\/#primaryimage\"},\"image\":{\"@id\":\"https:\/\/pr-ide.de\/blog\/2016\/03\/neulich-beim-kunden\/#primaryimage\"},\"thumbnailUrl\":\"https:\/\/pr-ide.de\/wp-content\/uploads\/2016\/03\/ps-brill.jpg\",\"datePublished\":\"2016-03-22T20:18:54+00:00\",\"dateModified\":\"2016-03-22T20:32:26+00:00\",\"breadcrumb\":{\"@id\":\"https:\/\/pr-ide.de\/blog\/2016\/03\/neulich-beim-kunden\/#breadcrumb\"},\"inLanguage\":\"en-US\",\"potentialAction\":[{\"@type\":\"ReadAction\",\"target\":[\"https:\/\/pr-ide.de\/blog\/2016\/03\/neulich-beim-kunden\/\"]}]},{\"@type\":\"ImageObject\",\"inLanguage\":\"en-US\",\"@id\":\"https:\/\/pr-ide.de\/blog\/2016\/03\/neulich-beim-kunden\/#primaryimage\",\"url\":\"https:\/\/pr-ide.de\/wp-content\/uploads\/2016\/03\/ps-brill.jpg\",\"contentUrl\":\"https:\/\/pr-ide.de\/wp-content\/uploads\/2016\/03\/ps-brill.jpg\",\"width\":1920,\"height\":1080,\"caption\":\"ps-brill\"},{\"@type\":\"BreadcrumbList\",\"@id\":\"https:\/\/pr-ide.de\/blog\/2016\/03\/neulich-beim-kunden\/#breadcrumb\",\"itemListElement\":[{\"@type\":\"ListItem\",\"position\":1,\"name\":\"Home\",\"item\":\"https:\/\/pr-ide.de\/en\/the-agency-for-creative-success\/\"},{\"@type\":\"ListItem\",\"position\":2,\"name\":\"Neulich beim Kunden\"}]},{\"@type\":\"WebSite\",\"@id\":\"https:\/\/pr-ide.de\/#website\",\"url\":\"https:\/\/pr-ide.de\/\",\"name\":\"pr-ide\",\"description\":\"die agentur f\u00fcr kreative erfolge\",\"publisher\":{\"@id\":\"https:\/\/pr-ide.de\/#organization\"},\"potentialAction\":[{\"@type\":\"SearchAction\",\"target\":{\"@type\":\"EntryPoint\",\"urlTemplate\":\"https:\/\/pr-ide.de\/?s={search_term_string}\"},\"query-input\":{\"@type\":\"PropertyValueSpecification\",\"valueRequired\":true,\"valueName\":\"search_term_string\"}}],\"inLanguage\":\"en-US\"},{\"@type\":\"Organization\",\"@id\":\"https:\/\/pr-ide.de\/#organization\",\"name\":\"pr-ide\",\"url\":\"https:\/\/pr-ide.de\/\",\"logo\":{\"@type\":\"ImageObject\",\"inLanguage\":\"en-US\",\"@id\":\"https:\/\/pr-ide.de\/#\/schema\/logo\/image\/\",\"url\":\"\",\"contentUrl\":\"\",\"caption\":\"pr-ide\"},\"image\":{\"@id\":\"https:\/\/pr-ide.de\/#\/schema\/logo\/image\/\"},\"sameAs\":[\"https:\/\/www.facebook.com\/prideberlin\/\",\"https:\/\/x.com\/pr_ide\",\"https:\/\/www.linkedin.com\/company\/pr-ide-gbr\/\"]},{\"@type\":\"Person\",\"@id\":\"https:\/\/pr-ide.de\/#\/schema\/person\/4bb8cb929d552fc1cd7c49d25ef90093\",\"name\":\"Philipp Sack\",\"image\":{\"@type\":\"ImageObject\",\"inLanguage\":\"en-US\",\"@id\":\"https:\/\/secure.gravatar.com\/avatar\/e7d041e5f3b6ec52d1f4dcd0266ccdf14a0b7227561f91f92a474ad68a30da9a?s=96&d=robohash&r=g\",\"url\":\"https:\/\/secure.gravatar.com\/avatar\/e7d041e5f3b6ec52d1f4dcd0266ccdf14a0b7227561f91f92a474ad68a30da9a?s=96&d=robohash&r=g\",\"contentUrl\":\"https:\/\/secure.gravatar.com\/avatar\/e7d041e5f3b6ec52d1f4dcd0266ccdf14a0b7227561f91f92a474ad68a30da9a?s=96&d=robohash&r=g\",\"caption\":\"Philipp Sack\"},\"description\":\"CEO und Kreativkopf bei pr-ide. Kreuz und querlenkend, gerne segelnd. Immer auf der Suche nach innovativen L\u00f6sungen - manchmal schon bevor das Problem erkannt wurde.\",\"sameAs\":[\"http:\/\/www.pr-ide.de\",\"https:\/\/www.linkedin.com\/in\/philipp-sack\/\"],\"url\":\"https:\/\/pr-ide.de\/en\/blog\/author\/seesack-2-2-2-2-2-2-2-2-2-2-2-2-2-2-2-2-2-2-2-2\/\"}]}<\/script>\n<!-- \/ Yoast SEO plugin. -->","yoast_head_json":{"title":"Neulich beim Kunden - pr-ide","robots":{"index":"index","follow":"follow","max-snippet":"max-snippet:-1","max-image-preview":"max-image-preview:large","max-video-preview":"max-video-preview:-1"},"canonical":"https:\/\/pr-ide.de\/blog\/2016\/03\/neulich-beim-kunden\/","og_locale":"en_US","og_type":"article","og_title":"Neulich beim Kunden - pr-ide","og_description":"Manche begehen Firmenjubil\u00e4en und wir d\u00fcrfen uns auch mal freuen, eine immerhin schon 25j\u00e4hrige Kunden Zusammenarbeit zu feiern. In all den Jahren sind uns nie die guten Ideen ausgegangen. Aber das gr\u00f6\u00dfte Lob f\u00fcr uns war verbunden mit einer neuerlichen [...]","og_url":"https:\/\/pr-ide.de\/blog\/2016\/03\/neulich-beim-kunden\/","og_site_name":"pr-ide","article_publisher":"https:\/\/www.facebook.com\/prideberlin\/","article_published_time":"2016-03-22T20:18:54+00:00","article_modified_time":"2016-03-22T20:32:26+00:00","og_image":[{"width":1920,"height":1080,"url":"https:\/\/pr-ide.de\/wp-content\/uploads\/2016\/03\/ps-brill.jpg","type":"image\/jpeg"}],"author":"Philipp Sack","twitter_misc":{"Written by":"Philipp Sack"},"schema":{"@context":"https:\/\/schema.org","@graph":[{"@type":"Article","@id":"https:\/\/pr-ide.de\/blog\/2016\/03\/neulich-beim-kunden\/#article","isPartOf":{"@id":"https:\/\/pr-ide.de\/blog\/2016\/03\/neulich-beim-kunden\/"},"author":{"name":"Philipp Sack","@id":"https:\/\/pr-ide.de\/#\/schema\/person\/4bb8cb929d552fc1cd7c49d25ef90093"},"headline":"Neulich beim Kunden","datePublished":"2016-03-22T20:18:54+00:00","dateModified":"2016-03-22T20:32:26+00:00","mainEntityOfPage":{"@id":"https:\/\/pr-ide.de\/blog\/2016\/03\/neulich-beim-kunden\/"},"wordCount":90,"commentCount":0,"publisher":{"@id":"https:\/\/pr-ide.de\/#organization"},"image":{"@id":"https:\/\/pr-ide.de\/blog\/2016\/03\/neulich-beim-kunden\/#primaryimage"},"thumbnailUrl":"https:\/\/pr-ide.de\/wp-content\/uploads\/2016\/03\/ps-brill.jpg","keywords":["Corporate Design","Design"],"articleSection":["Design","Designmanagement","Geschichte","Neues aus der Buchstabenfabrik.","pr-ide team"],"inLanguage":"en-US","potentialAction":[{"@type":"CommentAction","name":"Comment","target":["https:\/\/pr-ide.de\/blog\/2016\/03\/neulich-beim-kunden\/#respond"]}]},{"@type":"WebPage","@id":"https:\/\/pr-ide.de\/blog\/2016\/03\/neulich-beim-kunden\/","url":"https:\/\/pr-ide.de\/blog\/2016\/03\/neulich-beim-kunden\/","name":"Neulich beim Kunden - pr-ide","isPartOf":{"@id":"https:\/\/pr-ide.de\/#website"},"primaryImageOfPage":{"@id":"https:\/\/pr-ide.de\/blog\/2016\/03\/neulich-beim-kunden\/#primaryimage"},"image":{"@id":"https:\/\/pr-ide.de\/blog\/2016\/03\/neulich-beim-kunden\/#primaryimage"},"thumbnailUrl":"https:\/\/pr-ide.de\/wp-content\/uploads\/2016\/03\/ps-brill.jpg","datePublished":"2016-03-22T20:18:54+00:00","dateModified":"2016-03-22T20:32:26+00:00","breadcrumb":{"@id":"https:\/\/pr-ide.de\/blog\/2016\/03\/neulich-beim-kunden\/#breadcrumb"},"inLanguage":"en-US","potentialAction":[{"@type":"ReadAction","target":["https:\/\/pr-ide.de\/blog\/2016\/03\/neulich-beim-kunden\/"]}]},{"@type":"ImageObject","inLanguage":"en-US","@id":"https:\/\/pr-ide.de\/blog\/2016\/03\/neulich-beim-kunden\/#primaryimage","url":"https:\/\/pr-ide.de\/wp-content\/uploads\/2016\/03\/ps-brill.jpg","contentUrl":"https:\/\/pr-ide.de\/wp-content\/uploads\/2016\/03\/ps-brill.jpg","width":1920,"height":1080,"caption":"ps-brill"},{"@type":"BreadcrumbList","@id":"https:\/\/pr-ide.de\/blog\/2016\/03\/neulich-beim-kunden\/#breadcrumb","itemListElement":[{"@type":"ListItem","position":1,"name":"Home","item":"https:\/\/pr-ide.de\/en\/the-agency-for-creative-success\/"},{"@type":"ListItem","position":2,"name":"Neulich beim Kunden"}]},{"@type":"WebSite","@id":"https:\/\/pr-ide.de\/#website","url":"https:\/\/pr-ide.de\/","name":"pr-ide","description":"die agentur f\u00fcr kreative erfolge","publisher":{"@id":"https:\/\/pr-ide.de\/#organization"},"potentialAction":[{"@type":"SearchAction","target":{"@type":"EntryPoint","urlTemplate":"https:\/\/pr-ide.de\/?s={search_term_string}"},"query-input":{"@type":"PropertyValueSpecification","valueRequired":true,"valueName":"search_term_string"}}],"inLanguage":"en-US"},{"@type":"Organization","@id":"https:\/\/pr-ide.de\/#organization","name":"pr-ide","url":"https:\/\/pr-ide.de\/","logo":{"@type":"ImageObject","inLanguage":"en-US","@id":"https:\/\/pr-ide.de\/#\/schema\/logo\/image\/","url":"","contentUrl":"","caption":"pr-ide"},"image":{"@id":"https:\/\/pr-ide.de\/#\/schema\/logo\/image\/"},"sameAs":["https:\/\/www.facebook.com\/prideberlin\/","https:\/\/x.com\/pr_ide","https:\/\/www.linkedin.com\/company\/pr-ide-gbr\/"]},{"@type":"Person","@id":"https:\/\/pr-ide.de\/#\/schema\/person\/4bb8cb929d552fc1cd7c49d25ef90093","name":"Philipp Sack","image":{"@type":"ImageObject","inLanguage":"en-US","@id":"https:\/\/secure.gravatar.com\/avatar\/e7d041e5f3b6ec52d1f4dcd0266ccdf14a0b7227561f91f92a474ad68a30da9a?s=96&d=robohash&r=g","url":"https:\/\/secure.gravatar.com\/avatar\/e7d041e5f3b6ec52d1f4dcd0266ccdf14a0b7227561f91f92a474ad68a30da9a?s=96&d=robohash&r=g","contentUrl":"https:\/\/secure.gravatar.com\/avatar\/e7d041e5f3b6ec52d1f4dcd0266ccdf14a0b7227561f91f92a474ad68a30da9a?s=96&d=robohash&r=g","caption":"Philipp Sack"},"description":"CEO und Kreativkopf bei pr-ide. Kreuz und querlenkend, gerne segelnd. Immer auf der Suche nach innovativen L\u00f6sungen - manchmal schon bevor das Problem erkannt wurde.","sameAs":["http:\/\/www.pr-ide.de","https:\/\/www.linkedin.com\/in\/philipp-sack\/"],"url":"https:\/\/pr-ide.de\/en\/blog\/author\/seesack-2-2-2-2-2-2-2-2-2-2-2-2-2-2-2-2-2-2-2-2\/"}]}},"jetpack_featured_media_url":"https:\/\/pr-ide.de\/wp-content\/uploads\/2016\/03\/ps-brill.jpg","jetpack_sharing_enabled":true,"_links":{"self":[{"href":"https:\/\/pr-ide.de\/en\/wp-json\/wp\/v2\/posts\/16665","targetHints":{"allow":["GET"]}}],"collection":[{"href":"https:\/\/pr-ide.de\/en\/wp-json\/wp\/v2\/posts"}],"about":[{"href":"https:\/\/pr-ide.de\/en\/wp-json\/wp\/v2\/types\/post"}],"author":[{"embeddable":true,"href":"https:\/\/pr-ide.de\/en\/wp-json\/wp\/v2\/users\/15"}],"replies":[{"embeddable":true,"href":"https:\/\/pr-ide.de\/en\/wp-json\/wp\/v2\/comments?post=16665"}],"version-history":[{"count":0,"href":"https:\/\/pr-ide.de\/en\/wp-json\/wp\/v2\/posts\/16665\/revisions"}],"wp:featuredmedia":[{"embeddable":true,"href":"https:\/\/pr-ide.de\/en\/wp-json\/wp\/v2\/media\/16666"}],"wp:attachment":[{"href":"https:\/\/pr-ide.de\/en\/wp-json\/wp\/v2\/media?parent=16665"}],"wp:term":[{"taxonomy":"category","embeddable":true,"href":"https:\/\/pr-ide.de\/en\/wp-json\/wp\/v2\/categories?post=16665"},{"taxonomy":"post_tag","embeddable":true,"href":"https:\/\/pr-ide.de\/en\/wp-json\/wp\/v2\/tags?post=16665"}],"curies":[{"name":"wp","href":"https:\/\/api.w.org\/{rel}","templated":true}]}}