{"id":16710,"date":"2016-04-18T12:22:33","date_gmt":"2016-04-18T11:22:33","guid":{"rendered":"http:\/\/pr-ide.de\/?p=16710"},"modified":"2016-04-18T12:22:33","modified_gmt":"2016-04-18T11:22:33","slug":"frueher-war-alles-anders","status":"publish","type":"post","link":"https:\/\/pr-ide.de\/en\/blog\/2016\/04\/frueher-war-alles-anders\/","title":{"rendered":"Fr\u00fcher war alles anders"},"content":{"rendered":"<p>Es gab eine Zeit da durfte man im Flugzeug noch rauchen. Taschenmesser mitnehmen und Leberwurstbrote gab es auch in einer nicht veganen und glutenreichen Variante.<\/p>\n<p>Da gab auch noch Telefonzellen mit dem merkw\u00fcrdigen Geruch und der tonnenschweren T\u00fcr, garantiert nicht barrierefrei!<\/p>\n<p>Aber: wenn der Strom mal weg war konnte man noch telefonieren! Oder Radio h\u00f6ren \u2013 zugegeben, nur wenn die Batterien nicht alle waren. Da auch keiner auf die Idee gekommen war die \u2013 damals noch gelben- Telefonzellen mit in den Flieger zu nehmen war telefonieren weder bei Start, Landung noch w\u00e4hrend des Fluges explizit verboten!<\/p>\n<p>Heute gab es einen Stromausfall. Den St\u00f6rungsdienst konnte man nicht \u00fcber Festnetz erreichen, dank der Bem\u00fchungen des von Gelb auf Schamesrosa Farbgewechselten Konzerns gibt es ja nur noch VOIP (Voice over Internetprotokoll), aber ohne Strom auch keine IP. Nur in den Wald rufen klappt noch. Radio geht eh nur noch \u00fcber das Internet. Beim Nachbarn l\u00e4uten? Ohne Strom kann da sogar der Postmann dreimal klingeln! Erfolglos!<\/p>\n<p>Nach einigen Stunden macht man sich auch Gedanken um das Wohlbefinden der auf Vegan umgetrimmten Leberwurst, im unter Klimaerw\u00e4rmung leidenden K\u00fchlschrank.<\/p>\n<p>Unter diesen Umst\u00e4nden k\u00f6nnte man auch das beliebter werden Retrodesign neu interpretieren. Retro funktioniert auch mit ohne Strom \u2013 so wie unser Grill ;)<\/p>\n","protected":false},"excerpt":{"rendered":"<p>Es gab eine Zeit da durfte man im Flugzeug noch rauchen. Taschenmesser mitnehmen und Leberwurstbrote gab es auch in einer nicht veganen und glutenreichen Variante. Da gab auch noch Telefonzellen mit dem merkw\u00fcrdigen Geruch und der tonnenschweren T\u00fcr, garantiert nicht  [&#8230;]<\/p>\n","protected":false},"author":15,"featured_media":16713,"comment_status":"open","ping_status":"closed","sticky":false,"template":"","format":"standard","meta":{"_monsterinsights_skip_tracking":false,"_monsterinsights_sitenote_active":false,"_monsterinsights_sitenote_note":"","_monsterinsights_sitenote_category":0,"_jetpack_memberships_contains_paid_content":false,"footnotes":""},"categories":[80,1034],"tags":[1298,1489,1442],"class_list":["post-16710","post","type-post","status-publish","format-standard","has-post-thumbnail","hentry","category-designfehler","category-neues-aus-der-buchstabenfabrik","tag-design","tag-stromausfall","tag-telefonzelle"],"yoast_head":"<!-- This site is optimized with the Yoast SEO plugin v27.2 - https:\/\/yoast.com\/product\/yoast-seo-wordpress\/ -->\n<title>Fr\u00fcher war alles anders - pr-ide<\/title>\n<meta name=\"robots\" content=\"index, follow, max-snippet:-1, max-image-preview:large, max-video-preview:-1\" \/>\n<link rel=\"canonical\" href=\"https:\/\/pr-ide.de\/blog\/2016\/04\/frueher-war-alles-anders\/\" \/>\n<meta property=\"og:locale\" content=\"en_US\" \/>\n<meta property=\"og:type\" content=\"article\" \/>\n<meta property=\"og:title\" content=\"Fr\u00fcher war alles anders - pr-ide\" \/>\n<meta property=\"og:description\" content=\"Es gab eine Zeit da durfte man im Flugzeug noch rauchen. Taschenmesser mitnehmen und Leberwurstbrote gab es auch in einer nicht veganen und glutenreichen Variante. Da gab auch noch Telefonzellen mit dem merkw\u00fcrdigen Geruch und der tonnenschweren T\u00fcr, garantiert nicht [...]\" \/>\n<meta property=\"og:url\" content=\"https:\/\/pr-ide.de\/blog\/2016\/04\/frueher-war-alles-anders\/\" \/>\n<meta property=\"og:site_name\" content=\"pr-ide\" \/>\n<meta property=\"article:publisher\" content=\"https:\/\/www.facebook.com\/prideberlin\/\" \/>\n<meta property=\"article:published_time\" content=\"2016-04-18T11:22:33+00:00\" \/>\n<meta property=\"og:image\" content=\"https:\/\/pr-ide.de\/wp-content\/uploads\/2016\/04\/DSC_1562-1-scaled.jpg\" \/>\n\t<meta property=\"og:image:width\" content=\"2560\" \/>\n\t<meta property=\"og:image:height\" content=\"1440\" \/>\n\t<meta property=\"og:image:type\" content=\"image\/jpeg\" \/>\n<meta name=\"author\" content=\"Philipp Sack\" \/>\n<meta name=\"twitter:label1\" content=\"Written by\" \/>\n\t<meta name=\"twitter:data1\" content=\"Philipp Sack\" \/>\n\t<meta name=\"twitter:label2\" content=\"Est. reading time\" \/>\n\t<meta name=\"twitter:data2\" content=\"1 minute\" \/>\n<script type=\"application\/ld+json\" class=\"yoast-schema-graph\">{\"@context\":\"https:\/\/schema.org\",\"@graph\":[{\"@type\":\"Article\",\"@id\":\"https:\/\/pr-ide.de\/blog\/2016\/04\/frueher-war-alles-anders\/#article\",\"isPartOf\":{\"@id\":\"https:\/\/pr-ide.de\/blog\/2016\/04\/frueher-war-alles-anders\/\"},\"author\":{\"name\":\"Philipp Sack\",\"@id\":\"https:\/\/pr-ide.de\/#\/schema\/person\/4bb8cb929d552fc1cd7c49d25ef90093\"},\"headline\":\"Fr\u00fcher war alles anders\",\"datePublished\":\"2016-04-18T11:22:33+00:00\",\"mainEntityOfPage\":{\"@id\":\"https:\/\/pr-ide.de\/blog\/2016\/04\/frueher-war-alles-anders\/\"},\"wordCount\":219,\"commentCount\":7,\"publisher\":{\"@id\":\"https:\/\/pr-ide.de\/#organization\"},\"image\":{\"@id\":\"https:\/\/pr-ide.de\/blog\/2016\/04\/frueher-war-alles-anders\/#primaryimage\"},\"thumbnailUrl\":\"https:\/\/pr-ide.de\/wp-content\/uploads\/2016\/04\/DSC_1562-1-scaled.jpg\",\"keywords\":[\"Design\",\"Stromausfall\",\"Telefonzelle\"],\"articleSection\":[\"Designfehler\",\"Neues aus der Buchstabenfabrik.\"],\"inLanguage\":\"en-US\",\"potentialAction\":[{\"@type\":\"CommentAction\",\"name\":\"Comment\",\"target\":[\"https:\/\/pr-ide.de\/blog\/2016\/04\/frueher-war-alles-anders\/#respond\"]}]},{\"@type\":\"WebPage\",\"@id\":\"https:\/\/pr-ide.de\/blog\/2016\/04\/frueher-war-alles-anders\/\",\"url\":\"https:\/\/pr-ide.de\/blog\/2016\/04\/frueher-war-alles-anders\/\",\"name\":\"Fr\u00fcher war alles anders - pr-ide\",\"isPartOf\":{\"@id\":\"https:\/\/pr-ide.de\/#website\"},\"primaryImageOfPage\":{\"@id\":\"https:\/\/pr-ide.de\/blog\/2016\/04\/frueher-war-alles-anders\/#primaryimage\"},\"image\":{\"@id\":\"https:\/\/pr-ide.de\/blog\/2016\/04\/frueher-war-alles-anders\/#primaryimage\"},\"thumbnailUrl\":\"https:\/\/pr-ide.de\/wp-content\/uploads\/2016\/04\/DSC_1562-1-scaled.jpg\",\"datePublished\":\"2016-04-18T11:22:33+00:00\",\"breadcrumb\":{\"@id\":\"https:\/\/pr-ide.de\/blog\/2016\/04\/frueher-war-alles-anders\/#breadcrumb\"},\"inLanguage\":\"en-US\",\"potentialAction\":[{\"@type\":\"ReadAction\",\"target\":[\"https:\/\/pr-ide.de\/blog\/2016\/04\/frueher-war-alles-anders\/\"]}]},{\"@type\":\"ImageObject\",\"inLanguage\":\"en-US\",\"@id\":\"https:\/\/pr-ide.de\/blog\/2016\/04\/frueher-war-alles-anders\/#primaryimage\",\"url\":\"https:\/\/pr-ide.de\/wp-content\/uploads\/2016\/04\/DSC_1562-1-scaled.jpg\",\"contentUrl\":\"https:\/\/pr-ide.de\/wp-content\/uploads\/2016\/04\/DSC_1562-1-scaled.jpg\",\"width\":2560,\"height\":1440,\"caption\":\"DSC_1562 (1)\"},{\"@type\":\"BreadcrumbList\",\"@id\":\"https:\/\/pr-ide.de\/blog\/2016\/04\/frueher-war-alles-anders\/#breadcrumb\",\"itemListElement\":[{\"@type\":\"ListItem\",\"position\":1,\"name\":\"Home\",\"item\":\"https:\/\/pr-ide.de\/en\/the-agency-for-creative-success\/\"},{\"@type\":\"ListItem\",\"position\":2,\"name\":\"Fr\u00fcher war alles anders\"}]},{\"@type\":\"WebSite\",\"@id\":\"https:\/\/pr-ide.de\/#website\",\"url\":\"https:\/\/pr-ide.de\/\",\"name\":\"pr-ide\",\"description\":\"die agentur f\u00fcr kreative erfolge\",\"publisher\":{\"@id\":\"https:\/\/pr-ide.de\/#organization\"},\"potentialAction\":[{\"@type\":\"SearchAction\",\"target\":{\"@type\":\"EntryPoint\",\"urlTemplate\":\"https:\/\/pr-ide.de\/?s={search_term_string}\"},\"query-input\":{\"@type\":\"PropertyValueSpecification\",\"valueRequired\":true,\"valueName\":\"search_term_string\"}}],\"inLanguage\":\"en-US\"},{\"@type\":\"Organization\",\"@id\":\"https:\/\/pr-ide.de\/#organization\",\"name\":\"pr-ide\",\"url\":\"https:\/\/pr-ide.de\/\",\"logo\":{\"@type\":\"ImageObject\",\"inLanguage\":\"en-US\",\"@id\":\"https:\/\/pr-ide.de\/#\/schema\/logo\/image\/\",\"url\":\"\",\"contentUrl\":\"\",\"caption\":\"pr-ide\"},\"image\":{\"@id\":\"https:\/\/pr-ide.de\/#\/schema\/logo\/image\/\"},\"sameAs\":[\"https:\/\/www.facebook.com\/prideberlin\/\",\"https:\/\/x.com\/pr_ide\",\"https:\/\/www.linkedin.com\/company\/pr-ide-gbr\/\"]},{\"@type\":\"Person\",\"@id\":\"https:\/\/pr-ide.de\/#\/schema\/person\/4bb8cb929d552fc1cd7c49d25ef90093\",\"name\":\"Philipp Sack\",\"image\":{\"@type\":\"ImageObject\",\"inLanguage\":\"en-US\",\"@id\":\"https:\/\/secure.gravatar.com\/avatar\/e7d041e5f3b6ec52d1f4dcd0266ccdf14a0b7227561f91f92a474ad68a30da9a?s=96&d=robohash&r=g\",\"url\":\"https:\/\/secure.gravatar.com\/avatar\/e7d041e5f3b6ec52d1f4dcd0266ccdf14a0b7227561f91f92a474ad68a30da9a?s=96&d=robohash&r=g\",\"contentUrl\":\"https:\/\/secure.gravatar.com\/avatar\/e7d041e5f3b6ec52d1f4dcd0266ccdf14a0b7227561f91f92a474ad68a30da9a?s=96&d=robohash&r=g\",\"caption\":\"Philipp Sack\"},\"description\":\"CEO und Kreativkopf bei pr-ide. Kreuz und querlenkend, gerne segelnd. Immer auf der Suche nach innovativen L\u00f6sungen - manchmal schon bevor das Problem erkannt wurde.\",\"sameAs\":[\"http:\/\/www.pr-ide.de\",\"https:\/\/www.linkedin.com\/in\/philipp-sack\/\"],\"url\":\"https:\/\/pr-ide.de\/en\/blog\/author\/seesack-2-2-2-2-2-2-2-2-2-2-2-2-2-2-2-2-2-2-2-2\/\"}]}<\/script>\n<!-- \/ Yoast SEO plugin. -->","yoast_head_json":{"title":"Fr\u00fcher war alles anders - pr-ide","robots":{"index":"index","follow":"follow","max-snippet":"max-snippet:-1","max-image-preview":"max-image-preview:large","max-video-preview":"max-video-preview:-1"},"canonical":"https:\/\/pr-ide.de\/blog\/2016\/04\/frueher-war-alles-anders\/","og_locale":"en_US","og_type":"article","og_title":"Fr\u00fcher war alles anders - pr-ide","og_description":"Es gab eine Zeit da durfte man im Flugzeug noch rauchen. Taschenmesser mitnehmen und Leberwurstbrote gab es auch in einer nicht veganen und glutenreichen Variante. Da gab auch noch Telefonzellen mit dem merkw\u00fcrdigen Geruch und der tonnenschweren T\u00fcr, garantiert nicht [...]","og_url":"https:\/\/pr-ide.de\/blog\/2016\/04\/frueher-war-alles-anders\/","og_site_name":"pr-ide","article_publisher":"https:\/\/www.facebook.com\/prideberlin\/","article_published_time":"2016-04-18T11:22:33+00:00","og_image":[{"width":2560,"height":1440,"url":"https:\/\/pr-ide.de\/wp-content\/uploads\/2016\/04\/DSC_1562-1-scaled.jpg","type":"image\/jpeg"}],"author":"Philipp Sack","twitter_misc":{"Written by":"Philipp Sack","Est. reading time":"1 minute"},"schema":{"@context":"https:\/\/schema.org","@graph":[{"@type":"Article","@id":"https:\/\/pr-ide.de\/blog\/2016\/04\/frueher-war-alles-anders\/#article","isPartOf":{"@id":"https:\/\/pr-ide.de\/blog\/2016\/04\/frueher-war-alles-anders\/"},"author":{"name":"Philipp Sack","@id":"https:\/\/pr-ide.de\/#\/schema\/person\/4bb8cb929d552fc1cd7c49d25ef90093"},"headline":"Fr\u00fcher war alles anders","datePublished":"2016-04-18T11:22:33+00:00","mainEntityOfPage":{"@id":"https:\/\/pr-ide.de\/blog\/2016\/04\/frueher-war-alles-anders\/"},"wordCount":219,"commentCount":7,"publisher":{"@id":"https:\/\/pr-ide.de\/#organization"},"image":{"@id":"https:\/\/pr-ide.de\/blog\/2016\/04\/frueher-war-alles-anders\/#primaryimage"},"thumbnailUrl":"https:\/\/pr-ide.de\/wp-content\/uploads\/2016\/04\/DSC_1562-1-scaled.jpg","keywords":["Design","Stromausfall","Telefonzelle"],"articleSection":["Designfehler","Neues aus der Buchstabenfabrik."],"inLanguage":"en-US","potentialAction":[{"@type":"CommentAction","name":"Comment","target":["https:\/\/pr-ide.de\/blog\/2016\/04\/frueher-war-alles-anders\/#respond"]}]},{"@type":"WebPage","@id":"https:\/\/pr-ide.de\/blog\/2016\/04\/frueher-war-alles-anders\/","url":"https:\/\/pr-ide.de\/blog\/2016\/04\/frueher-war-alles-anders\/","name":"Fr\u00fcher war alles anders - pr-ide","isPartOf":{"@id":"https:\/\/pr-ide.de\/#website"},"primaryImageOfPage":{"@id":"https:\/\/pr-ide.de\/blog\/2016\/04\/frueher-war-alles-anders\/#primaryimage"},"image":{"@id":"https:\/\/pr-ide.de\/blog\/2016\/04\/frueher-war-alles-anders\/#primaryimage"},"thumbnailUrl":"https:\/\/pr-ide.de\/wp-content\/uploads\/2016\/04\/DSC_1562-1-scaled.jpg","datePublished":"2016-04-18T11:22:33+00:00","breadcrumb":{"@id":"https:\/\/pr-ide.de\/blog\/2016\/04\/frueher-war-alles-anders\/#breadcrumb"},"inLanguage":"en-US","potentialAction":[{"@type":"ReadAction","target":["https:\/\/pr-ide.de\/blog\/2016\/04\/frueher-war-alles-anders\/"]}]},{"@type":"ImageObject","inLanguage":"en-US","@id":"https:\/\/pr-ide.de\/blog\/2016\/04\/frueher-war-alles-anders\/#primaryimage","url":"https:\/\/pr-ide.de\/wp-content\/uploads\/2016\/04\/DSC_1562-1-scaled.jpg","contentUrl":"https:\/\/pr-ide.de\/wp-content\/uploads\/2016\/04\/DSC_1562-1-scaled.jpg","width":2560,"height":1440,"caption":"DSC_1562 (1)"},{"@type":"BreadcrumbList","@id":"https:\/\/pr-ide.de\/blog\/2016\/04\/frueher-war-alles-anders\/#breadcrumb","itemListElement":[{"@type":"ListItem","position":1,"name":"Home","item":"https:\/\/pr-ide.de\/en\/the-agency-for-creative-success\/"},{"@type":"ListItem","position":2,"name":"Fr\u00fcher war alles anders"}]},{"@type":"WebSite","@id":"https:\/\/pr-ide.de\/#website","url":"https:\/\/pr-ide.de\/","name":"pr-ide","description":"die agentur f\u00fcr kreative erfolge","publisher":{"@id":"https:\/\/pr-ide.de\/#organization"},"potentialAction":[{"@type":"SearchAction","target":{"@type":"EntryPoint","urlTemplate":"https:\/\/pr-ide.de\/?s={search_term_string}"},"query-input":{"@type":"PropertyValueSpecification","valueRequired":true,"valueName":"search_term_string"}}],"inLanguage":"en-US"},{"@type":"Organization","@id":"https:\/\/pr-ide.de\/#organization","name":"pr-ide","url":"https:\/\/pr-ide.de\/","logo":{"@type":"ImageObject","inLanguage":"en-US","@id":"https:\/\/pr-ide.de\/#\/schema\/logo\/image\/","url":"","contentUrl":"","caption":"pr-ide"},"image":{"@id":"https:\/\/pr-ide.de\/#\/schema\/logo\/image\/"},"sameAs":["https:\/\/www.facebook.com\/prideberlin\/","https:\/\/x.com\/pr_ide","https:\/\/www.linkedin.com\/company\/pr-ide-gbr\/"]},{"@type":"Person","@id":"https:\/\/pr-ide.de\/#\/schema\/person\/4bb8cb929d552fc1cd7c49d25ef90093","name":"Philipp Sack","image":{"@type":"ImageObject","inLanguage":"en-US","@id":"https:\/\/secure.gravatar.com\/avatar\/e7d041e5f3b6ec52d1f4dcd0266ccdf14a0b7227561f91f92a474ad68a30da9a?s=96&d=robohash&r=g","url":"https:\/\/secure.gravatar.com\/avatar\/e7d041e5f3b6ec52d1f4dcd0266ccdf14a0b7227561f91f92a474ad68a30da9a?s=96&d=robohash&r=g","contentUrl":"https:\/\/secure.gravatar.com\/avatar\/e7d041e5f3b6ec52d1f4dcd0266ccdf14a0b7227561f91f92a474ad68a30da9a?s=96&d=robohash&r=g","caption":"Philipp Sack"},"description":"CEO und Kreativkopf bei pr-ide. Kreuz und querlenkend, gerne segelnd. Immer auf der Suche nach innovativen L\u00f6sungen - manchmal schon bevor das Problem erkannt wurde.","sameAs":["http:\/\/www.pr-ide.de","https:\/\/www.linkedin.com\/in\/philipp-sack\/"],"url":"https:\/\/pr-ide.de\/en\/blog\/author\/seesack-2-2-2-2-2-2-2-2-2-2-2-2-2-2-2-2-2-2-2-2\/"}]}},"jetpack_featured_media_url":"https:\/\/pr-ide.de\/wp-content\/uploads\/2016\/04\/DSC_1562-1-scaled.jpg","jetpack_sharing_enabled":true,"_links":{"self":[{"href":"https:\/\/pr-ide.de\/en\/wp-json\/wp\/v2\/posts\/16710","targetHints":{"allow":["GET"]}}],"collection":[{"href":"https:\/\/pr-ide.de\/en\/wp-json\/wp\/v2\/posts"}],"about":[{"href":"https:\/\/pr-ide.de\/en\/wp-json\/wp\/v2\/types\/post"}],"author":[{"embeddable":true,"href":"https:\/\/pr-ide.de\/en\/wp-json\/wp\/v2\/users\/15"}],"replies":[{"embeddable":true,"href":"https:\/\/pr-ide.de\/en\/wp-json\/wp\/v2\/comments?post=16710"}],"version-history":[{"count":0,"href":"https:\/\/pr-ide.de\/en\/wp-json\/wp\/v2\/posts\/16710\/revisions"}],"wp:featuredmedia":[{"embeddable":true,"href":"https:\/\/pr-ide.de\/en\/wp-json\/wp\/v2\/media\/16713"}],"wp:attachment":[{"href":"https:\/\/pr-ide.de\/en\/wp-json\/wp\/v2\/media?parent=16710"}],"wp:term":[{"taxonomy":"category","embeddable":true,"href":"https:\/\/pr-ide.de\/en\/wp-json\/wp\/v2\/categories?post=16710"},{"taxonomy":"post_tag","embeddable":true,"href":"https:\/\/pr-ide.de\/en\/wp-json\/wp\/v2\/tags?post=16710"}],"curies":[{"name":"wp","href":"https:\/\/api.w.org\/{rel}","templated":true}]}}