{"id":16753,"date":"2016-05-27T10:57:52","date_gmt":"2016-05-27T09:57:52","guid":{"rendered":"http:\/\/pr-ide.de\/?p=16753"},"modified":"2016-10-16T15:48:57","modified_gmt":"2016-10-16T14:48:57","slug":"dinge-die-nur-uns-deutschen-einfallen","status":"publish","type":"post","link":"https:\/\/pr-ide.de\/en\/blog\/2016\/05\/dinge-die-nur-uns-deutschen-einfallen\/","title":{"rendered":"Dinge, die nur uns Deutschen einfallen"},"content":{"rendered":"<div class=\"fusion-fullwidth fullwidth-box fusion-builder-row-1 hundred-percent-fullwidth non-hundred-percent-height-scrolling\" style=\"--awb-border-radius-top-left:0px;--awb-border-radius-top-right:0px;--awb-border-radius-bottom-right:0px;--awb-border-radius-bottom-left:0px;--awb-overflow:visible;--awb-flex-wrap:wrap;\" ><div class=\"fusion-builder-row fusion-row\"><div class=\"fusion-layout-column fusion_builder_column fusion-builder-column-0 fusion_builder_column_1_1 1_1 fusion-one-full fusion-column-first fusion-column-last fusion-column-no-min-height\" style=\"--awb-bg-size:cover;--awb-margin-bottom:0px;\"><div class=\"fusion-column-wrapper fusion-flex-column-wrapper-legacy\"><div class=\"fusion-text fusion-text-1\"><p>Wer hat schon einmal versucht St\u00f6rerhaftung ins englische zu \u00fcbersetzen, oder besser diesen Begriff einem Ausl\u00e4ndischen Gast zu erkl\u00e4ren?<\/p>\n<p>Wer \u00e4rgert sich nicht \u00fcber ein Probeabo, einen unverbindlichen Test von Produkten, Dienstleistungen oder Medienerzeugnissen bei dem sich nach einiger Zeit herausstellt, das irgendwo in der 3 Punkt Schriftgr\u00f6\u00dfe wei\u00df auf hellgrau gedruckten Vertragsbedingung ein jetzt verpasstes K\u00fcndigungszeitfenster angegeben war. Was ein vererbbares, unk\u00fcndbares und preislich durch den Anbieter variabel gestaltbares Vertragsverh\u00e4ltnis begr\u00fcndet.<\/p>\n<p>Wer wundert sich nicht \u00fcber den Einsatz von Ingenieursleistung, die sich auf die Schwachstellen in Abgasmessprogrammen konzentrieren, sich dabei nicht um das Kernproblem k\u00fcmmern. Schadstoffarm von A nach B!<\/p>\n<p>Pragmatische L\u00f6sungen mutieren immer h\u00e4ufiger zum phlegmatischen Abwarten. In der steten Hoffnung es m\u00f6ge noch ein anderes, neueres und interessanteres Problem kommen, das dann das \u00e4ltere in Vergessenheit geraten l\u00e4sst.<\/p>\n<p><a class=\"fusion-modal-text-link\" data-toggle=\"modal\" data-target=\".fusion-modal.dieterrams\" href=\"#\">Dieter Rams<\/a> hat einmal <a href=\"http:\/\/www.designwissen.net\/seiten\/10-thesen-von-dieter-rams-ueber-gutes-produktdesign\" target=\"_blank\">einige Regeln<\/a> formuliert, nach denen sich gutes Design messen l\u00e4sst. Manchmal w\u00fcnsche ich mir das mehr Produktentwickler sich an einige dieser Regeln halten w\u00fcrden.<\/p>\n<p>Manchmal denke ich auch der Sinn dahinter sollte \u00fcbertagen werden damit, wenn wir an solche Dinge denken die nur uns Deutschen einfallen an etwas Innovatives, Funktionales und \u00c4sthetisches denken!<\/p>\n<p>Nicht an etwas Behinderndes, Tr\u00e4ges, Unn\u00fctzes, Humorloses\u2026.<\/p>\n<\/div><div class=\"fusion-clearfix\"><\/div><\/div><\/div><div class=\"fusion-layout-column fusion_builder_column fusion-builder-column-1 fusion_builder_column_1_1 1_1 fusion-one-full fusion-column-first fusion-column-last fusion-column-no-min-height\" style=\"--awb-bg-size:cover;--awb-margin-bottom:0px;\"><div class=\"fusion-column-wrapper fusion-flex-column-wrapper-legacy\"><div class=\"fusion-modal modal fade modal-1 dieterrams\" tabindex=\"-1\" role=\"dialog\" aria-labelledby=\"modal-heading-1\" aria-hidden=\"true\" style=\"--awb-border-color:#ebebeb;--awb-background:#e5e5e5;\"><div class=\"modal-dialog modal-sm\" role=\"document\"><div class=\"modal-content fusion-modal-content\"><div class=\"modal-header\"><button class=\"close\" type=\"button\" data-dismiss=\"modal\" aria-hidden=\"true\" aria-label=\"Close\">&times;<\/button><h3 class=\"modal-title\" id=\"modal-heading-1\" data-dismiss=\"modal\" aria-hidden=\"true\">Dieter Rams<\/h3><\/div><div class=\"modal-body fusion-clearfix\"><b>Dieter Rams<\/b> (* 20. Mai 1932 in Wiesbaden) ist ein <a title=\"Deutschland\" href=\"https:\/\/de.wikipedia.org\/wiki\/Deutschland\">deutscher<\/a> Industriedesigner der Moderne. Ziel seiner Entw\u00fcrfe ist die Klarheit der Form, Materialgerechtigkeit und einfache Bedienbarkeit. Er steht gestalterisch der Hochschule f\u00fcr Gestaltung Ulm nahe. (<a href=\"https:\/\/de.wikipedia.org\/wiki\/Dieter_Rams\" target=\"_blank\">wikipedia<\/a>)<\/div><div class=\"modal-footer\"><button class=\"fusion-button button-default button-medium button default medium\" type=\"button\" data-dismiss=\"modal\">Close<\/button><\/div><\/div><\/div><\/div><div class=\"fusion-clearfix\"><\/div><\/div><\/div><\/div><\/div>\n","protected":false},"excerpt":{"rendered":"","protected":false},"author":15,"featured_media":16754,"comment_status":"open","ping_status":"closed","sticky":false,"template":"","format":"standard","meta":{"_monsterinsights_skip_tracking":false,"_monsterinsights_sitenote_active":false,"_monsterinsights_sitenote_note":"","_monsterinsights_sitenote_category":0,"_jetpack_memberships_contains_paid_content":false,"footnotes":""},"categories":[1089,673,36],"tags":[1491,1490],"class_list":["post-16753","post","type-post","status-publish","format-standard","has-post-thumbnail","hentry","category-der-siebte-designsinn","category-freitaglinklist","category-unter-den-scanner-geraten","tag-phlegmatismus","tag-stoererhaftung"],"yoast_head":"<!-- This site is optimized with the Yoast SEO plugin v27.2 - https:\/\/yoast.com\/product\/yoast-seo-wordpress\/ -->\n<title>Dinge, die nur uns Deutschen einfallen - pr-ide<\/title>\n<meta name=\"robots\" content=\"index, follow, max-snippet:-1, max-image-preview:large, max-video-preview:-1\" \/>\n<link rel=\"canonical\" href=\"https:\/\/pr-ide.de\/blog\/2016\/05\/dinge-die-nur-uns-deutschen-einfallen\/\" \/>\n<meta property=\"og:locale\" content=\"en_US\" \/>\n<meta property=\"og:type\" content=\"article\" \/>\n<meta property=\"og:title\" content=\"Dinge, die nur uns Deutschen einfallen - pr-ide\" \/>\n<meta property=\"og:url\" content=\"https:\/\/pr-ide.de\/blog\/2016\/05\/dinge-die-nur-uns-deutschen-einfallen\/\" \/>\n<meta property=\"og:site_name\" content=\"pr-ide\" \/>\n<meta property=\"article:publisher\" content=\"https:\/\/www.facebook.com\/prideberlin\/\" \/>\n<meta property=\"article:published_time\" content=\"2016-05-27T09:57:52+00:00\" \/>\n<meta property=\"article:modified_time\" content=\"2016-10-16T14:48:57+00:00\" \/>\n<meta property=\"og:image\" content=\"https:\/\/pr-ide.de\/wp-content\/uploads\/2016\/05\/DSC_1687-e1464342023168-scaled.jpg\" \/>\n\t<meta property=\"og:image:width\" content=\"2560\" \/>\n\t<meta property=\"og:image:height\" content=\"1874\" \/>\n\t<meta property=\"og:image:type\" content=\"image\/jpeg\" \/>\n<meta name=\"author\" content=\"Philipp Sack\" \/>\n<meta name=\"twitter:label1\" content=\"Written by\" \/>\n\t<meta name=\"twitter:data1\" content=\"Philipp Sack\" \/>\n\t<meta name=\"twitter:label2\" content=\"Est. reading time\" \/>\n\t<meta name=\"twitter:data2\" content=\"2 minutes\" \/>\n<script type=\"application\/ld+json\" class=\"yoast-schema-graph\">{\"@context\":\"https:\/\/schema.org\",\"@graph\":[{\"@type\":\"Article\",\"@id\":\"https:\/\/pr-ide.de\/blog\/2016\/05\/dinge-die-nur-uns-deutschen-einfallen\/#article\",\"isPartOf\":{\"@id\":\"https:\/\/pr-ide.de\/blog\/2016\/05\/dinge-die-nur-uns-deutschen-einfallen\/\"},\"author\":{\"name\":\"Philipp Sack\",\"@id\":\"https:\/\/pr-ide.de\/#\/schema\/person\/4bb8cb929d552fc1cd7c49d25ef90093\"},\"headline\":\"Dinge, die nur uns Deutschen einfallen\",\"datePublished\":\"2016-05-27T09:57:52+00:00\",\"dateModified\":\"2016-10-16T14:48:57+00:00\",\"mainEntityOfPage\":{\"@id\":\"https:\/\/pr-ide.de\/blog\/2016\/05\/dinge-die-nur-uns-deutschen-einfallen\/\"},\"wordCount\":414,\"commentCount\":0,\"publisher\":{\"@id\":\"https:\/\/pr-ide.de\/#organization\"},\"image\":{\"@id\":\"https:\/\/pr-ide.de\/blog\/2016\/05\/dinge-die-nur-uns-deutschen-einfallen\/#primaryimage\"},\"thumbnailUrl\":\"https:\/\/pr-ide.de\/wp-content\/uploads\/2016\/05\/DSC_1687-e1464342023168-scaled.jpg\",\"keywords\":[\"Phlegmatismus\",\"St\u00f6rerhaftung\"],\"articleSection\":[\"Der siebte Designsinn\",\"Freitaglinklist\",\"Unter den Scanner geraten\"],\"inLanguage\":\"en-US\",\"potentialAction\":[{\"@type\":\"CommentAction\",\"name\":\"Comment\",\"target\":[\"https:\/\/pr-ide.de\/blog\/2016\/05\/dinge-die-nur-uns-deutschen-einfallen\/#respond\"]}]},{\"@type\":\"WebPage\",\"@id\":\"https:\/\/pr-ide.de\/blog\/2016\/05\/dinge-die-nur-uns-deutschen-einfallen\/\",\"url\":\"https:\/\/pr-ide.de\/blog\/2016\/05\/dinge-die-nur-uns-deutschen-einfallen\/\",\"name\":\"Dinge, die nur uns Deutschen einfallen - pr-ide\",\"isPartOf\":{\"@id\":\"https:\/\/pr-ide.de\/#website\"},\"primaryImageOfPage\":{\"@id\":\"https:\/\/pr-ide.de\/blog\/2016\/05\/dinge-die-nur-uns-deutschen-einfallen\/#primaryimage\"},\"image\":{\"@id\":\"https:\/\/pr-ide.de\/blog\/2016\/05\/dinge-die-nur-uns-deutschen-einfallen\/#primaryimage\"},\"thumbnailUrl\":\"https:\/\/pr-ide.de\/wp-content\/uploads\/2016\/05\/DSC_1687-e1464342023168-scaled.jpg\",\"datePublished\":\"2016-05-27T09:57:52+00:00\",\"dateModified\":\"2016-10-16T14:48:57+00:00\",\"breadcrumb\":{\"@id\":\"https:\/\/pr-ide.de\/blog\/2016\/05\/dinge-die-nur-uns-deutschen-einfallen\/#breadcrumb\"},\"inLanguage\":\"en-US\",\"potentialAction\":[{\"@type\":\"ReadAction\",\"target\":[\"https:\/\/pr-ide.de\/blog\/2016\/05\/dinge-die-nur-uns-deutschen-einfallen\/\"]}]},{\"@type\":\"ImageObject\",\"inLanguage\":\"en-US\",\"@id\":\"https:\/\/pr-ide.de\/blog\/2016\/05\/dinge-die-nur-uns-deutschen-einfallen\/#primaryimage\",\"url\":\"https:\/\/pr-ide.de\/wp-content\/uploads\/2016\/05\/DSC_1687-e1464342023168-scaled.jpg\",\"contentUrl\":\"https:\/\/pr-ide.de\/wp-content\/uploads\/2016\/05\/DSC_1687-e1464342023168-scaled.jpg\",\"width\":2560,\"height\":1874,\"caption\":\"DSC_1687\"},{\"@type\":\"BreadcrumbList\",\"@id\":\"https:\/\/pr-ide.de\/blog\/2016\/05\/dinge-die-nur-uns-deutschen-einfallen\/#breadcrumb\",\"itemListElement\":[{\"@type\":\"ListItem\",\"position\":1,\"name\":\"Home\",\"item\":\"https:\/\/pr-ide.de\/en\/the-agency-for-creative-success\/\"},{\"@type\":\"ListItem\",\"position\":2,\"name\":\"Dinge, die nur uns Deutschen einfallen\"}]},{\"@type\":\"WebSite\",\"@id\":\"https:\/\/pr-ide.de\/#website\",\"url\":\"https:\/\/pr-ide.de\/\",\"name\":\"pr-ide\",\"description\":\"die agentur f\u00fcr kreative erfolge\",\"publisher\":{\"@id\":\"https:\/\/pr-ide.de\/#organization\"},\"potentialAction\":[{\"@type\":\"SearchAction\",\"target\":{\"@type\":\"EntryPoint\",\"urlTemplate\":\"https:\/\/pr-ide.de\/?s={search_term_string}\"},\"query-input\":{\"@type\":\"PropertyValueSpecification\",\"valueRequired\":true,\"valueName\":\"search_term_string\"}}],\"inLanguage\":\"en-US\"},{\"@type\":\"Organization\",\"@id\":\"https:\/\/pr-ide.de\/#organization\",\"name\":\"pr-ide\",\"url\":\"https:\/\/pr-ide.de\/\",\"logo\":{\"@type\":\"ImageObject\",\"inLanguage\":\"en-US\",\"@id\":\"https:\/\/pr-ide.de\/#\/schema\/logo\/image\/\",\"url\":\"\",\"contentUrl\":\"\",\"caption\":\"pr-ide\"},\"image\":{\"@id\":\"https:\/\/pr-ide.de\/#\/schema\/logo\/image\/\"},\"sameAs\":[\"https:\/\/www.facebook.com\/prideberlin\/\",\"https:\/\/x.com\/pr_ide\",\"https:\/\/www.linkedin.com\/company\/pr-ide-gbr\/\"]},{\"@type\":\"Person\",\"@id\":\"https:\/\/pr-ide.de\/#\/schema\/person\/4bb8cb929d552fc1cd7c49d25ef90093\",\"name\":\"Philipp Sack\",\"image\":{\"@type\":\"ImageObject\",\"inLanguage\":\"en-US\",\"@id\":\"https:\/\/secure.gravatar.com\/avatar\/e7d041e5f3b6ec52d1f4dcd0266ccdf14a0b7227561f91f92a474ad68a30da9a?s=96&d=robohash&r=g\",\"url\":\"https:\/\/secure.gravatar.com\/avatar\/e7d041e5f3b6ec52d1f4dcd0266ccdf14a0b7227561f91f92a474ad68a30da9a?s=96&d=robohash&r=g\",\"contentUrl\":\"https:\/\/secure.gravatar.com\/avatar\/e7d041e5f3b6ec52d1f4dcd0266ccdf14a0b7227561f91f92a474ad68a30da9a?s=96&d=robohash&r=g\",\"caption\":\"Philipp Sack\"},\"description\":\"CEO und Kreativkopf bei pr-ide. Kreuz und querlenkend, gerne segelnd. Immer auf der Suche nach innovativen L\u00f6sungen - manchmal schon bevor das Problem erkannt wurde.\",\"sameAs\":[\"http:\/\/www.pr-ide.de\",\"https:\/\/www.linkedin.com\/in\/philipp-sack\/\"],\"url\":\"https:\/\/pr-ide.de\/en\/blog\/author\/seesack-2-2-2-2-2-2-2-2-2-2-2-2-2-2-2-2-2-2-2-2\/\"}]}<\/script>\n<!-- \/ Yoast SEO plugin. -->","yoast_head_json":{"title":"Dinge, die nur uns Deutschen einfallen - pr-ide","robots":{"index":"index","follow":"follow","max-snippet":"max-snippet:-1","max-image-preview":"max-image-preview:large","max-video-preview":"max-video-preview:-1"},"canonical":"https:\/\/pr-ide.de\/blog\/2016\/05\/dinge-die-nur-uns-deutschen-einfallen\/","og_locale":"en_US","og_type":"article","og_title":"Dinge, die nur uns Deutschen einfallen - pr-ide","og_url":"https:\/\/pr-ide.de\/blog\/2016\/05\/dinge-die-nur-uns-deutschen-einfallen\/","og_site_name":"pr-ide","article_publisher":"https:\/\/www.facebook.com\/prideberlin\/","article_published_time":"2016-05-27T09:57:52+00:00","article_modified_time":"2016-10-16T14:48:57+00:00","og_image":[{"width":2560,"height":1874,"url":"https:\/\/pr-ide.de\/wp-content\/uploads\/2016\/05\/DSC_1687-e1464342023168-scaled.jpg","type":"image\/jpeg"}],"author":"Philipp Sack","twitter_misc":{"Written by":"Philipp Sack","Est. reading time":"2 minutes"},"schema":{"@context":"https:\/\/schema.org","@graph":[{"@type":"Article","@id":"https:\/\/pr-ide.de\/blog\/2016\/05\/dinge-die-nur-uns-deutschen-einfallen\/#article","isPartOf":{"@id":"https:\/\/pr-ide.de\/blog\/2016\/05\/dinge-die-nur-uns-deutschen-einfallen\/"},"author":{"name":"Philipp Sack","@id":"https:\/\/pr-ide.de\/#\/schema\/person\/4bb8cb929d552fc1cd7c49d25ef90093"},"headline":"Dinge, die nur uns Deutschen einfallen","datePublished":"2016-05-27T09:57:52+00:00","dateModified":"2016-10-16T14:48:57+00:00","mainEntityOfPage":{"@id":"https:\/\/pr-ide.de\/blog\/2016\/05\/dinge-die-nur-uns-deutschen-einfallen\/"},"wordCount":414,"commentCount":0,"publisher":{"@id":"https:\/\/pr-ide.de\/#organization"},"image":{"@id":"https:\/\/pr-ide.de\/blog\/2016\/05\/dinge-die-nur-uns-deutschen-einfallen\/#primaryimage"},"thumbnailUrl":"https:\/\/pr-ide.de\/wp-content\/uploads\/2016\/05\/DSC_1687-e1464342023168-scaled.jpg","keywords":["Phlegmatismus","St\u00f6rerhaftung"],"articleSection":["Der siebte Designsinn","Freitaglinklist","Unter den Scanner geraten"],"inLanguage":"en-US","potentialAction":[{"@type":"CommentAction","name":"Comment","target":["https:\/\/pr-ide.de\/blog\/2016\/05\/dinge-die-nur-uns-deutschen-einfallen\/#respond"]}]},{"@type":"WebPage","@id":"https:\/\/pr-ide.de\/blog\/2016\/05\/dinge-die-nur-uns-deutschen-einfallen\/","url":"https:\/\/pr-ide.de\/blog\/2016\/05\/dinge-die-nur-uns-deutschen-einfallen\/","name":"Dinge, die nur uns Deutschen einfallen - pr-ide","isPartOf":{"@id":"https:\/\/pr-ide.de\/#website"},"primaryImageOfPage":{"@id":"https:\/\/pr-ide.de\/blog\/2016\/05\/dinge-die-nur-uns-deutschen-einfallen\/#primaryimage"},"image":{"@id":"https:\/\/pr-ide.de\/blog\/2016\/05\/dinge-die-nur-uns-deutschen-einfallen\/#primaryimage"},"thumbnailUrl":"https:\/\/pr-ide.de\/wp-content\/uploads\/2016\/05\/DSC_1687-e1464342023168-scaled.jpg","datePublished":"2016-05-27T09:57:52+00:00","dateModified":"2016-10-16T14:48:57+00:00","breadcrumb":{"@id":"https:\/\/pr-ide.de\/blog\/2016\/05\/dinge-die-nur-uns-deutschen-einfallen\/#breadcrumb"},"inLanguage":"en-US","potentialAction":[{"@type":"ReadAction","target":["https:\/\/pr-ide.de\/blog\/2016\/05\/dinge-die-nur-uns-deutschen-einfallen\/"]}]},{"@type":"ImageObject","inLanguage":"en-US","@id":"https:\/\/pr-ide.de\/blog\/2016\/05\/dinge-die-nur-uns-deutschen-einfallen\/#primaryimage","url":"https:\/\/pr-ide.de\/wp-content\/uploads\/2016\/05\/DSC_1687-e1464342023168-scaled.jpg","contentUrl":"https:\/\/pr-ide.de\/wp-content\/uploads\/2016\/05\/DSC_1687-e1464342023168-scaled.jpg","width":2560,"height":1874,"caption":"DSC_1687"},{"@type":"BreadcrumbList","@id":"https:\/\/pr-ide.de\/blog\/2016\/05\/dinge-die-nur-uns-deutschen-einfallen\/#breadcrumb","itemListElement":[{"@type":"ListItem","position":1,"name":"Home","item":"https:\/\/pr-ide.de\/en\/the-agency-for-creative-success\/"},{"@type":"ListItem","position":2,"name":"Dinge, die nur uns Deutschen einfallen"}]},{"@type":"WebSite","@id":"https:\/\/pr-ide.de\/#website","url":"https:\/\/pr-ide.de\/","name":"pr-ide","description":"die agentur f\u00fcr kreative erfolge","publisher":{"@id":"https:\/\/pr-ide.de\/#organization"},"potentialAction":[{"@type":"SearchAction","target":{"@type":"EntryPoint","urlTemplate":"https:\/\/pr-ide.de\/?s={search_term_string}"},"query-input":{"@type":"PropertyValueSpecification","valueRequired":true,"valueName":"search_term_string"}}],"inLanguage":"en-US"},{"@type":"Organization","@id":"https:\/\/pr-ide.de\/#organization","name":"pr-ide","url":"https:\/\/pr-ide.de\/","logo":{"@type":"ImageObject","inLanguage":"en-US","@id":"https:\/\/pr-ide.de\/#\/schema\/logo\/image\/","url":"","contentUrl":"","caption":"pr-ide"},"image":{"@id":"https:\/\/pr-ide.de\/#\/schema\/logo\/image\/"},"sameAs":["https:\/\/www.facebook.com\/prideberlin\/","https:\/\/x.com\/pr_ide","https:\/\/www.linkedin.com\/company\/pr-ide-gbr\/"]},{"@type":"Person","@id":"https:\/\/pr-ide.de\/#\/schema\/person\/4bb8cb929d552fc1cd7c49d25ef90093","name":"Philipp Sack","image":{"@type":"ImageObject","inLanguage":"en-US","@id":"https:\/\/secure.gravatar.com\/avatar\/e7d041e5f3b6ec52d1f4dcd0266ccdf14a0b7227561f91f92a474ad68a30da9a?s=96&d=robohash&r=g","url":"https:\/\/secure.gravatar.com\/avatar\/e7d041e5f3b6ec52d1f4dcd0266ccdf14a0b7227561f91f92a474ad68a30da9a?s=96&d=robohash&r=g","contentUrl":"https:\/\/secure.gravatar.com\/avatar\/e7d041e5f3b6ec52d1f4dcd0266ccdf14a0b7227561f91f92a474ad68a30da9a?s=96&d=robohash&r=g","caption":"Philipp Sack"},"description":"CEO und Kreativkopf bei pr-ide. Kreuz und querlenkend, gerne segelnd. Immer auf der Suche nach innovativen L\u00f6sungen - manchmal schon bevor das Problem erkannt wurde.","sameAs":["http:\/\/www.pr-ide.de","https:\/\/www.linkedin.com\/in\/philipp-sack\/"],"url":"https:\/\/pr-ide.de\/en\/blog\/author\/seesack-2-2-2-2-2-2-2-2-2-2-2-2-2-2-2-2-2-2-2-2\/"}]}},"jetpack_featured_media_url":"https:\/\/pr-ide.de\/wp-content\/uploads\/2016\/05\/DSC_1687-e1464342023168-scaled.jpg","jetpack_sharing_enabled":true,"_links":{"self":[{"href":"https:\/\/pr-ide.de\/en\/wp-json\/wp\/v2\/posts\/16753","targetHints":{"allow":["GET"]}}],"collection":[{"href":"https:\/\/pr-ide.de\/en\/wp-json\/wp\/v2\/posts"}],"about":[{"href":"https:\/\/pr-ide.de\/en\/wp-json\/wp\/v2\/types\/post"}],"author":[{"embeddable":true,"href":"https:\/\/pr-ide.de\/en\/wp-json\/wp\/v2\/users\/15"}],"replies":[{"embeddable":true,"href":"https:\/\/pr-ide.de\/en\/wp-json\/wp\/v2\/comments?post=16753"}],"version-history":[{"count":0,"href":"https:\/\/pr-ide.de\/en\/wp-json\/wp\/v2\/posts\/16753\/revisions"}],"wp:featuredmedia":[{"embeddable":true,"href":"https:\/\/pr-ide.de\/en\/wp-json\/wp\/v2\/media\/16754"}],"wp:attachment":[{"href":"https:\/\/pr-ide.de\/en\/wp-json\/wp\/v2\/media?parent=16753"}],"wp:term":[{"taxonomy":"category","embeddable":true,"href":"https:\/\/pr-ide.de\/en\/wp-json\/wp\/v2\/categories?post=16753"},{"taxonomy":"post_tag","embeddable":true,"href":"https:\/\/pr-ide.de\/en\/wp-json\/wp\/v2\/tags?post=16753"}],"curies":[{"name":"wp","href":"https:\/\/api.w.org\/{rel}","templated":true}]}}