{"id":16765,"date":"2016-05-29T12:17:24","date_gmt":"2016-05-29T11:17:24","guid":{"rendered":"http:\/\/pr-ide.de\/?p=16765"},"modified":"2016-05-29T12:17:24","modified_gmt":"2016-05-29T11:17:24","slug":"die-wahl-der-richtigen-werkzeuge-und-tools","status":"publish","type":"post","link":"https:\/\/pr-ide.de\/en\/blog\/2016\/05\/die-wahl-der-richtigen-werkzeuge-und-tools\/","title":{"rendered":"Die Wahl der richtigen Werkzeuge und Tools"},"content":{"rendered":"<p>Die Auswahl an Werkzeugen, Hilfsmitteln und kleinen Alltagshelfern ist gro\u00df. Wie es aussieht wenn man eine eingeschr\u00e4nkte Auswahl hat und sich am Automobil Styling versucht, nur mit einer Rosenschere ausger\u00fcstet, das zeigt das Bild oben.<\/p>\n<p>Dennoch das Nachhaltigste im Automobildesign was ich seit langer Zeit gesehen habe . ;)<\/p>\n","protected":false},"excerpt":{"rendered":"<p>Die Auswahl an Werkzeugen, Hilfsmitteln und kleinen Alltagshelfern ist gro\u00df. Wie es aussieht wenn man eine eingeschr\u00e4nkte Auswahl hat und sich am Automobil Styling versucht, nur mit einer Rosenschere ausger\u00fcstet, das zeigt das Bild oben. Dennoch das Nachhaltigste im Automobildesign  [&#8230;]<\/p>\n","protected":false},"author":15,"featured_media":16766,"comment_status":"open","ping_status":"closed","sticky":false,"template":"","format":"standard","meta":{"_monsterinsights_skip_tracking":false,"_monsterinsights_sitenote_active":false,"_monsterinsights_sitenote_note":"","_monsterinsights_sitenote_category":0,"_jetpack_memberships_contains_paid_content":false,"footnotes":""},"categories":[71,817,329],"tags":[1492,1300],"class_list":["post-16765","post","type-post","status-publish","format-standard","has-post-thumbnail","hentry","category-designideen","category-die-welt-erklaert","category-zu-wahr-um-schon-zu-sein","tag-sustainability","tag-sustainable-design"],"yoast_head":"<!-- This site is optimized with the Yoast SEO plugin v27.2 - https:\/\/yoast.com\/product\/yoast-seo-wordpress\/ -->\n<title>Die Wahl der richtigen Werkzeuge und Tools - pr-ide<\/title>\n<meta name=\"robots\" content=\"index, follow, max-snippet:-1, max-image-preview:large, max-video-preview:-1\" \/>\n<link rel=\"canonical\" href=\"https:\/\/pr-ide.de\/blog\/2016\/05\/die-wahl-der-richtigen-werkzeuge-und-tools\/\" \/>\n<meta property=\"og:locale\" content=\"en_US\" \/>\n<meta property=\"og:type\" content=\"article\" \/>\n<meta property=\"og:title\" content=\"Die Wahl der richtigen Werkzeuge und Tools - pr-ide\" \/>\n<meta property=\"og:description\" content=\"Die Auswahl an Werkzeugen, Hilfsmitteln und kleinen Alltagshelfern ist gro\u00df. Wie es aussieht wenn man eine eingeschr\u00e4nkte Auswahl hat und sich am Automobil Styling versucht, nur mit einer Rosenschere ausger\u00fcstet, das zeigt das Bild oben. Dennoch das Nachhaltigste im Automobildesign [...]\" \/>\n<meta property=\"og:url\" content=\"https:\/\/pr-ide.de\/blog\/2016\/05\/die-wahl-der-richtigen-werkzeuge-und-tools\/\" \/>\n<meta property=\"og:site_name\" content=\"pr-ide\" \/>\n<meta property=\"article:publisher\" content=\"https:\/\/www.facebook.com\/prideberlin\/\" \/>\n<meta property=\"article:published_time\" content=\"2016-05-29T11:17:24+00:00\" \/>\n<meta property=\"og:image\" content=\"https:\/\/pr-ide.de\/wp-content\/uploads\/2016\/05\/DSC_1695-01-scaled.jpeg\" \/>\n\t<meta property=\"og:image:width\" content=\"2560\" \/>\n\t<meta property=\"og:image:height\" content=\"1440\" \/>\n\t<meta property=\"og:image:type\" content=\"image\/jpeg\" \/>\n<meta name=\"author\" content=\"Philipp Sack\" \/>\n<meta name=\"twitter:label1\" content=\"Written by\" \/>\n\t<meta name=\"twitter:data1\" content=\"Philipp Sack\" \/>\n<script type=\"application\/ld+json\" class=\"yoast-schema-graph\">{\"@context\":\"https:\/\/schema.org\",\"@graph\":[{\"@type\":\"Article\",\"@id\":\"https:\/\/pr-ide.de\/blog\/2016\/05\/die-wahl-der-richtigen-werkzeuge-und-tools\/#article\",\"isPartOf\":{\"@id\":\"https:\/\/pr-ide.de\/blog\/2016\/05\/die-wahl-der-richtigen-werkzeuge-und-tools\/\"},\"author\":{\"name\":\"Philipp Sack\",\"@id\":\"https:\/\/pr-ide.de\/#\/schema\/person\/4bb8cb929d552fc1cd7c49d25ef90093\"},\"headline\":\"Die Wahl der richtigen Werkzeuge und Tools\",\"datePublished\":\"2016-05-29T11:17:24+00:00\",\"mainEntityOfPage\":{\"@id\":\"https:\/\/pr-ide.de\/blog\/2016\/05\/die-wahl-der-richtigen-werkzeuge-und-tools\/\"},\"wordCount\":56,\"commentCount\":0,\"publisher\":{\"@id\":\"https:\/\/pr-ide.de\/#organization\"},\"image\":{\"@id\":\"https:\/\/pr-ide.de\/blog\/2016\/05\/die-wahl-der-richtigen-werkzeuge-und-tools\/#primaryimage\"},\"thumbnailUrl\":\"https:\/\/pr-ide.de\/wp-content\/uploads\/2016\/05\/DSC_1695-01-scaled.jpeg\",\"keywords\":[\"Sustainability\",\"sustainable design\"],\"articleSection\":[\"Designideen\",\"Die Welt erkl\u00e4rt!\",\"Zu wahr um sch\u00f6n zu sein!\"],\"inLanguage\":\"en-US\",\"potentialAction\":[{\"@type\":\"CommentAction\",\"name\":\"Comment\",\"target\":[\"https:\/\/pr-ide.de\/blog\/2016\/05\/die-wahl-der-richtigen-werkzeuge-und-tools\/#respond\"]}]},{\"@type\":\"WebPage\",\"@id\":\"https:\/\/pr-ide.de\/blog\/2016\/05\/die-wahl-der-richtigen-werkzeuge-und-tools\/\",\"url\":\"https:\/\/pr-ide.de\/blog\/2016\/05\/die-wahl-der-richtigen-werkzeuge-und-tools\/\",\"name\":\"Die Wahl der richtigen Werkzeuge und Tools - pr-ide\",\"isPartOf\":{\"@id\":\"https:\/\/pr-ide.de\/#website\"},\"primaryImageOfPage\":{\"@id\":\"https:\/\/pr-ide.de\/blog\/2016\/05\/die-wahl-der-richtigen-werkzeuge-und-tools\/#primaryimage\"},\"image\":{\"@id\":\"https:\/\/pr-ide.de\/blog\/2016\/05\/die-wahl-der-richtigen-werkzeuge-und-tools\/#primaryimage\"},\"thumbnailUrl\":\"https:\/\/pr-ide.de\/wp-content\/uploads\/2016\/05\/DSC_1695-01-scaled.jpeg\",\"datePublished\":\"2016-05-29T11:17:24+00:00\",\"breadcrumb\":{\"@id\":\"https:\/\/pr-ide.de\/blog\/2016\/05\/die-wahl-der-richtigen-werkzeuge-und-tools\/#breadcrumb\"},\"inLanguage\":\"en-US\",\"potentialAction\":[{\"@type\":\"ReadAction\",\"target\":[\"https:\/\/pr-ide.de\/blog\/2016\/05\/die-wahl-der-richtigen-werkzeuge-und-tools\/\"]}]},{\"@type\":\"ImageObject\",\"inLanguage\":\"en-US\",\"@id\":\"https:\/\/pr-ide.de\/blog\/2016\/05\/die-wahl-der-richtigen-werkzeuge-und-tools\/#primaryimage\",\"url\":\"https:\/\/pr-ide.de\/wp-content\/uploads\/2016\/05\/DSC_1695-01-scaled.jpeg\",\"contentUrl\":\"https:\/\/pr-ide.de\/wp-content\/uploads\/2016\/05\/DSC_1695-01-scaled.jpeg\",\"width\":2560,\"height\":1440,\"caption\":\"DSC_1695-01\"},{\"@type\":\"BreadcrumbList\",\"@id\":\"https:\/\/pr-ide.de\/blog\/2016\/05\/die-wahl-der-richtigen-werkzeuge-und-tools\/#breadcrumb\",\"itemListElement\":[{\"@type\":\"ListItem\",\"position\":1,\"name\":\"Home\",\"item\":\"https:\/\/pr-ide.de\/en\/the-agency-for-creative-success\/\"},{\"@type\":\"ListItem\",\"position\":2,\"name\":\"Die Wahl der richtigen Werkzeuge und Tools\"}]},{\"@type\":\"WebSite\",\"@id\":\"https:\/\/pr-ide.de\/#website\",\"url\":\"https:\/\/pr-ide.de\/\",\"name\":\"pr-ide\",\"description\":\"die agentur f\u00fcr kreative erfolge\",\"publisher\":{\"@id\":\"https:\/\/pr-ide.de\/#organization\"},\"potentialAction\":[{\"@type\":\"SearchAction\",\"target\":{\"@type\":\"EntryPoint\",\"urlTemplate\":\"https:\/\/pr-ide.de\/?s={search_term_string}\"},\"query-input\":{\"@type\":\"PropertyValueSpecification\",\"valueRequired\":true,\"valueName\":\"search_term_string\"}}],\"inLanguage\":\"en-US\"},{\"@type\":\"Organization\",\"@id\":\"https:\/\/pr-ide.de\/#organization\",\"name\":\"pr-ide\",\"url\":\"https:\/\/pr-ide.de\/\",\"logo\":{\"@type\":\"ImageObject\",\"inLanguage\":\"en-US\",\"@id\":\"https:\/\/pr-ide.de\/#\/schema\/logo\/image\/\",\"url\":\"\",\"contentUrl\":\"\",\"caption\":\"pr-ide\"},\"image\":{\"@id\":\"https:\/\/pr-ide.de\/#\/schema\/logo\/image\/\"},\"sameAs\":[\"https:\/\/www.facebook.com\/prideberlin\/\",\"https:\/\/x.com\/pr_ide\",\"https:\/\/www.linkedin.com\/company\/pr-ide-gbr\/\"]},{\"@type\":\"Person\",\"@id\":\"https:\/\/pr-ide.de\/#\/schema\/person\/4bb8cb929d552fc1cd7c49d25ef90093\",\"name\":\"Philipp Sack\",\"image\":{\"@type\":\"ImageObject\",\"inLanguage\":\"en-US\",\"@id\":\"https:\/\/secure.gravatar.com\/avatar\/e7d041e5f3b6ec52d1f4dcd0266ccdf14a0b7227561f91f92a474ad68a30da9a?s=96&d=robohash&r=g\",\"url\":\"https:\/\/secure.gravatar.com\/avatar\/e7d041e5f3b6ec52d1f4dcd0266ccdf14a0b7227561f91f92a474ad68a30da9a?s=96&d=robohash&r=g\",\"contentUrl\":\"https:\/\/secure.gravatar.com\/avatar\/e7d041e5f3b6ec52d1f4dcd0266ccdf14a0b7227561f91f92a474ad68a30da9a?s=96&d=robohash&r=g\",\"caption\":\"Philipp Sack\"},\"description\":\"CEO und Kreativkopf bei pr-ide. Kreuz und querlenkend, gerne segelnd. Immer auf der Suche nach innovativen L\u00f6sungen - manchmal schon bevor das Problem erkannt wurde.\",\"sameAs\":[\"http:\/\/www.pr-ide.de\",\"https:\/\/www.linkedin.com\/in\/philipp-sack\/\"],\"url\":\"https:\/\/pr-ide.de\/en\/blog\/author\/seesack-2-2-2-2-2-2-2-2-2-2-2-2-2-2-2-2-2-2-2-2\/\"}]}<\/script>\n<!-- \/ Yoast SEO plugin. -->","yoast_head_json":{"title":"Die Wahl der richtigen Werkzeuge und Tools - pr-ide","robots":{"index":"index","follow":"follow","max-snippet":"max-snippet:-1","max-image-preview":"max-image-preview:large","max-video-preview":"max-video-preview:-1"},"canonical":"https:\/\/pr-ide.de\/blog\/2016\/05\/die-wahl-der-richtigen-werkzeuge-und-tools\/","og_locale":"en_US","og_type":"article","og_title":"Die Wahl der richtigen Werkzeuge und Tools - pr-ide","og_description":"Die Auswahl an Werkzeugen, Hilfsmitteln und kleinen Alltagshelfern ist gro\u00df. Wie es aussieht wenn man eine eingeschr\u00e4nkte Auswahl hat und sich am Automobil Styling versucht, nur mit einer Rosenschere ausger\u00fcstet, das zeigt das Bild oben. Dennoch das Nachhaltigste im Automobildesign [...]","og_url":"https:\/\/pr-ide.de\/blog\/2016\/05\/die-wahl-der-richtigen-werkzeuge-und-tools\/","og_site_name":"pr-ide","article_publisher":"https:\/\/www.facebook.com\/prideberlin\/","article_published_time":"2016-05-29T11:17:24+00:00","og_image":[{"width":2560,"height":1440,"url":"https:\/\/pr-ide.de\/wp-content\/uploads\/2016\/05\/DSC_1695-01-scaled.jpeg","type":"image\/jpeg"}],"author":"Philipp Sack","twitter_misc":{"Written by":"Philipp Sack"},"schema":{"@context":"https:\/\/schema.org","@graph":[{"@type":"Article","@id":"https:\/\/pr-ide.de\/blog\/2016\/05\/die-wahl-der-richtigen-werkzeuge-und-tools\/#article","isPartOf":{"@id":"https:\/\/pr-ide.de\/blog\/2016\/05\/die-wahl-der-richtigen-werkzeuge-und-tools\/"},"author":{"name":"Philipp Sack","@id":"https:\/\/pr-ide.de\/#\/schema\/person\/4bb8cb929d552fc1cd7c49d25ef90093"},"headline":"Die Wahl der richtigen Werkzeuge und Tools","datePublished":"2016-05-29T11:17:24+00:00","mainEntityOfPage":{"@id":"https:\/\/pr-ide.de\/blog\/2016\/05\/die-wahl-der-richtigen-werkzeuge-und-tools\/"},"wordCount":56,"commentCount":0,"publisher":{"@id":"https:\/\/pr-ide.de\/#organization"},"image":{"@id":"https:\/\/pr-ide.de\/blog\/2016\/05\/die-wahl-der-richtigen-werkzeuge-und-tools\/#primaryimage"},"thumbnailUrl":"https:\/\/pr-ide.de\/wp-content\/uploads\/2016\/05\/DSC_1695-01-scaled.jpeg","keywords":["Sustainability","sustainable design"],"articleSection":["Designideen","Die Welt erkl\u00e4rt!","Zu wahr um sch\u00f6n zu sein!"],"inLanguage":"en-US","potentialAction":[{"@type":"CommentAction","name":"Comment","target":["https:\/\/pr-ide.de\/blog\/2016\/05\/die-wahl-der-richtigen-werkzeuge-und-tools\/#respond"]}]},{"@type":"WebPage","@id":"https:\/\/pr-ide.de\/blog\/2016\/05\/die-wahl-der-richtigen-werkzeuge-und-tools\/","url":"https:\/\/pr-ide.de\/blog\/2016\/05\/die-wahl-der-richtigen-werkzeuge-und-tools\/","name":"Die Wahl der richtigen Werkzeuge und Tools - pr-ide","isPartOf":{"@id":"https:\/\/pr-ide.de\/#website"},"primaryImageOfPage":{"@id":"https:\/\/pr-ide.de\/blog\/2016\/05\/die-wahl-der-richtigen-werkzeuge-und-tools\/#primaryimage"},"image":{"@id":"https:\/\/pr-ide.de\/blog\/2016\/05\/die-wahl-der-richtigen-werkzeuge-und-tools\/#primaryimage"},"thumbnailUrl":"https:\/\/pr-ide.de\/wp-content\/uploads\/2016\/05\/DSC_1695-01-scaled.jpeg","datePublished":"2016-05-29T11:17:24+00:00","breadcrumb":{"@id":"https:\/\/pr-ide.de\/blog\/2016\/05\/die-wahl-der-richtigen-werkzeuge-und-tools\/#breadcrumb"},"inLanguage":"en-US","potentialAction":[{"@type":"ReadAction","target":["https:\/\/pr-ide.de\/blog\/2016\/05\/die-wahl-der-richtigen-werkzeuge-und-tools\/"]}]},{"@type":"ImageObject","inLanguage":"en-US","@id":"https:\/\/pr-ide.de\/blog\/2016\/05\/die-wahl-der-richtigen-werkzeuge-und-tools\/#primaryimage","url":"https:\/\/pr-ide.de\/wp-content\/uploads\/2016\/05\/DSC_1695-01-scaled.jpeg","contentUrl":"https:\/\/pr-ide.de\/wp-content\/uploads\/2016\/05\/DSC_1695-01-scaled.jpeg","width":2560,"height":1440,"caption":"DSC_1695-01"},{"@type":"BreadcrumbList","@id":"https:\/\/pr-ide.de\/blog\/2016\/05\/die-wahl-der-richtigen-werkzeuge-und-tools\/#breadcrumb","itemListElement":[{"@type":"ListItem","position":1,"name":"Home","item":"https:\/\/pr-ide.de\/en\/the-agency-for-creative-success\/"},{"@type":"ListItem","position":2,"name":"Die Wahl der richtigen Werkzeuge und Tools"}]},{"@type":"WebSite","@id":"https:\/\/pr-ide.de\/#website","url":"https:\/\/pr-ide.de\/","name":"pr-ide","description":"die agentur f\u00fcr kreative erfolge","publisher":{"@id":"https:\/\/pr-ide.de\/#organization"},"potentialAction":[{"@type":"SearchAction","target":{"@type":"EntryPoint","urlTemplate":"https:\/\/pr-ide.de\/?s={search_term_string}"},"query-input":{"@type":"PropertyValueSpecification","valueRequired":true,"valueName":"search_term_string"}}],"inLanguage":"en-US"},{"@type":"Organization","@id":"https:\/\/pr-ide.de\/#organization","name":"pr-ide","url":"https:\/\/pr-ide.de\/","logo":{"@type":"ImageObject","inLanguage":"en-US","@id":"https:\/\/pr-ide.de\/#\/schema\/logo\/image\/","url":"","contentUrl":"","caption":"pr-ide"},"image":{"@id":"https:\/\/pr-ide.de\/#\/schema\/logo\/image\/"},"sameAs":["https:\/\/www.facebook.com\/prideberlin\/","https:\/\/x.com\/pr_ide","https:\/\/www.linkedin.com\/company\/pr-ide-gbr\/"]},{"@type":"Person","@id":"https:\/\/pr-ide.de\/#\/schema\/person\/4bb8cb929d552fc1cd7c49d25ef90093","name":"Philipp Sack","image":{"@type":"ImageObject","inLanguage":"en-US","@id":"https:\/\/secure.gravatar.com\/avatar\/e7d041e5f3b6ec52d1f4dcd0266ccdf14a0b7227561f91f92a474ad68a30da9a?s=96&d=robohash&r=g","url":"https:\/\/secure.gravatar.com\/avatar\/e7d041e5f3b6ec52d1f4dcd0266ccdf14a0b7227561f91f92a474ad68a30da9a?s=96&d=robohash&r=g","contentUrl":"https:\/\/secure.gravatar.com\/avatar\/e7d041e5f3b6ec52d1f4dcd0266ccdf14a0b7227561f91f92a474ad68a30da9a?s=96&d=robohash&r=g","caption":"Philipp Sack"},"description":"CEO und Kreativkopf bei pr-ide. Kreuz und querlenkend, gerne segelnd. Immer auf der Suche nach innovativen L\u00f6sungen - manchmal schon bevor das Problem erkannt wurde.","sameAs":["http:\/\/www.pr-ide.de","https:\/\/www.linkedin.com\/in\/philipp-sack\/"],"url":"https:\/\/pr-ide.de\/en\/blog\/author\/seesack-2-2-2-2-2-2-2-2-2-2-2-2-2-2-2-2-2-2-2-2\/"}]}},"jetpack_featured_media_url":"https:\/\/pr-ide.de\/wp-content\/uploads\/2016\/05\/DSC_1695-01-scaled.jpeg","jetpack_sharing_enabled":true,"_links":{"self":[{"href":"https:\/\/pr-ide.de\/en\/wp-json\/wp\/v2\/posts\/16765","targetHints":{"allow":["GET"]}}],"collection":[{"href":"https:\/\/pr-ide.de\/en\/wp-json\/wp\/v2\/posts"}],"about":[{"href":"https:\/\/pr-ide.de\/en\/wp-json\/wp\/v2\/types\/post"}],"author":[{"embeddable":true,"href":"https:\/\/pr-ide.de\/en\/wp-json\/wp\/v2\/users\/15"}],"replies":[{"embeddable":true,"href":"https:\/\/pr-ide.de\/en\/wp-json\/wp\/v2\/comments?post=16765"}],"version-history":[{"count":0,"href":"https:\/\/pr-ide.de\/en\/wp-json\/wp\/v2\/posts\/16765\/revisions"}],"wp:featuredmedia":[{"embeddable":true,"href":"https:\/\/pr-ide.de\/en\/wp-json\/wp\/v2\/media\/16766"}],"wp:attachment":[{"href":"https:\/\/pr-ide.de\/en\/wp-json\/wp\/v2\/media?parent=16765"}],"wp:term":[{"taxonomy":"category","embeddable":true,"href":"https:\/\/pr-ide.de\/en\/wp-json\/wp\/v2\/categories?post=16765"},{"taxonomy":"post_tag","embeddable":true,"href":"https:\/\/pr-ide.de\/en\/wp-json\/wp\/v2\/tags?post=16765"}],"curies":[{"name":"wp","href":"https:\/\/api.w.org\/{rel}","templated":true}]}}