{"id":16825,"date":"2016-07-13T20:52:03","date_gmt":"2016-07-13T19:52:03","guid":{"rendered":"https:\/\/pr-ide.de\/?p=16825"},"modified":"2016-07-13T20:52:03","modified_gmt":"2016-07-13T19:52:03","slug":"das-innere-nach-aussen-kehren","status":"publish","type":"post","link":"https:\/\/pr-ide.de\/en\/blog\/2016\/07\/das-innere-nach-aussen-kehren\/","title":{"rendered":"Das Innere nach Au\u00dfen kehren"},"content":{"rendered":"<p>Gedrehte Normalenvektoren beim Teil 19289\u00a0(innen und au\u00dfen der Oberfl\u00e4che sind vertauscht, was durch Umdrehen der betroffenen Dreiecke behoben wird)<\/p>\n<p>So eine Meldung kann man bekommen, wenn man einen Dienstleister mit einem 3D Druck beauftragt. 3D Druck \u2013 Stereolithografie oder Kunststoffsintern, verklebter Kunststoff oder extrudiertes Acrylnitril-Butadien-Styrol, Thermoplastische Elastomere oder Pulververklebter Gips.<\/p>\n<p>Das sind die neuen Wege mit denen man 3D Daten schnell in etwas Greifbares umwandeln kann. Mal schnell eben.<\/p>\n<p>Das ganze Thema ist hochkomplex. Wer sich noch an Windows 98 und die ersten Word Versionen erinnern kann \u2013 verkauft mit <strong>WYSIWYG<\/strong>. But maybe you see something what you never thought about \u2013 das kam h\u00e4ufiger vor.<\/p>\n<p>Heute k\u00e4mpft man mit dreieckigen Fl\u00e4chen die nicht mehr wissen wo oben und unten ist. Volumenk\u00f6rpern die nicht geschlossen sind, ein Volumen mit unendlich d\u00fcnner Materialst\u00e4rke entsteht.<\/p>\n<p>Wir arbeiten mit Rhino \u2013 selten gibt es hier Schwierigkeiten beim STL Export \u2013 dem bevorzugten Format f\u00fcr die Bespeisung eines 3D Druckers.<\/p>\n<p>Lieb gewonnen wurde dabei netfabb \u2013 ein kleines Helferlein Programm, das schnell und einfach 3D STL Daten auf Fehler \u00fcberpr\u00fcfen kann. Auch ein einfacher Repariermodus ist in der Basis Version enthalten.<\/p>\n<p>What you see is what you print!<\/p>\n<p>&nbsp;<\/p>\n","protected":false},"excerpt":{"rendered":"<p>Gedrehte Normalenvektoren beim Teil 19289\u00a0(innen und au\u00dfen der Oberfl\u00e4che sind vertauscht, was durch Umdrehen der betroffenen Dreiecke behoben wird) So eine Meldung kann man bekommen, wenn man einen Dienstleister mit einem 3D Druck beauftragt. 3D Druck \u2013 Stereolithografie oder Kunststoffsintern,  [&#8230;]<\/p>\n","protected":false},"author":15,"featured_media":16826,"comment_status":"open","ping_status":"closed","sticky":false,"template":"","format":"standard","meta":{"_monsterinsights_skip_tracking":false,"_monsterinsights_sitenote_active":false,"_monsterinsights_sitenote_note":"","_monsterinsights_sitenote_category":0,"_jetpack_memberships_contains_paid_content":false,"footnotes":""},"categories":[1034,36],"tags":[1508,1507],"class_list":["post-16825","post","type-post","status-publish","format-standard","has-post-thumbnail","hentry","category-neues-aus-der-buchstabenfabrik","category-unter-den-scanner-geraten","tag-kunststoffsintern","tag-wysiwyg-stereolithografie"],"yoast_head":"<!-- This site is optimized with the Yoast SEO plugin v27.2 - https:\/\/yoast.com\/product\/yoast-seo-wordpress\/ -->\n<title>Das Innere nach Au\u00dfen kehren - pr-ide<\/title>\n<meta name=\"robots\" content=\"index, follow, max-snippet:-1, max-image-preview:large, max-video-preview:-1\" \/>\n<link rel=\"canonical\" href=\"https:\/\/pr-ide.de\/blog\/2016\/07\/das-innere-nach-aussen-kehren\/\" \/>\n<meta property=\"og:locale\" content=\"en_US\" \/>\n<meta property=\"og:type\" content=\"article\" \/>\n<meta property=\"og:title\" content=\"Das Innere nach Au\u00dfen kehren - pr-ide\" \/>\n<meta property=\"og:description\" content=\"Gedrehte Normalenvektoren beim Teil 19289\u00a0(innen und au\u00dfen der Oberfl\u00e4che sind vertauscht, was durch Umdrehen der betroffenen Dreiecke behoben wird) So eine Meldung kann man bekommen, wenn man einen Dienstleister mit einem 3D Druck beauftragt. 3D Druck \u2013 Stereolithografie oder Kunststoffsintern, [...]\" \/>\n<meta property=\"og:url\" content=\"https:\/\/pr-ide.de\/blog\/2016\/07\/das-innere-nach-aussen-kehren\/\" \/>\n<meta property=\"og:site_name\" content=\"pr-ide\" \/>\n<meta property=\"article:publisher\" content=\"https:\/\/www.facebook.com\/prideberlin\/\" \/>\n<meta property=\"article:published_time\" content=\"2016-07-13T19:52:03+00:00\" \/>\n<meta property=\"og:image\" content=\"https:\/\/pr-ide.de\/wp-content\/uploads\/2016\/07\/2016-07-13-21_35_53-schiff1-002-16723-KB-Rhinoceros-5.0-Commercial-Perspektive.png\" \/>\n\t<meta property=\"og:image:width\" content=\"1428\" \/>\n\t<meta property=\"og:image:height\" content=\"1005\" \/>\n\t<meta property=\"og:image:type\" content=\"image\/png\" \/>\n<meta name=\"author\" content=\"Philipp Sack\" \/>\n<meta name=\"twitter:label1\" content=\"Written by\" \/>\n\t<meta name=\"twitter:data1\" content=\"Philipp Sack\" \/>\n\t<meta name=\"twitter:label2\" content=\"Est. reading time\" \/>\n\t<meta name=\"twitter:data2\" content=\"1 minute\" \/>\n<script type=\"application\/ld+json\" class=\"yoast-schema-graph\">{\"@context\":\"https:\/\/schema.org\",\"@graph\":[{\"@type\":\"Article\",\"@id\":\"https:\/\/pr-ide.de\/blog\/2016\/07\/das-innere-nach-aussen-kehren\/#article\",\"isPartOf\":{\"@id\":\"https:\/\/pr-ide.de\/blog\/2016\/07\/das-innere-nach-aussen-kehren\/\"},\"author\":{\"name\":\"Philipp Sack\",\"@id\":\"https:\/\/pr-ide.de\/#\/schema\/person\/4bb8cb929d552fc1cd7c49d25ef90093\"},\"headline\":\"Das Innere nach Au\u00dfen kehren\",\"datePublished\":\"2016-07-13T19:52:03+00:00\",\"mainEntityOfPage\":{\"@id\":\"https:\/\/pr-ide.de\/blog\/2016\/07\/das-innere-nach-aussen-kehren\/\"},\"wordCount\":204,\"commentCount\":0,\"publisher\":{\"@id\":\"https:\/\/pr-ide.de\/#organization\"},\"image\":{\"@id\":\"https:\/\/pr-ide.de\/blog\/2016\/07\/das-innere-nach-aussen-kehren\/#primaryimage\"},\"thumbnailUrl\":\"https:\/\/pr-ide.de\/wp-content\/uploads\/2016\/07\/2016-07-13-21_35_53-schiff1-002-16723-KB-Rhinoceros-5.0-Commercial-Perspektive.png\",\"keywords\":[\"Kunststoffsintern\",\"WYSIWYG. Stereolithografie\"],\"articleSection\":[\"Neues aus der Buchstabenfabrik.\",\"Unter den Scanner geraten\"],\"inLanguage\":\"en-US\",\"potentialAction\":[{\"@type\":\"CommentAction\",\"name\":\"Comment\",\"target\":[\"https:\/\/pr-ide.de\/blog\/2016\/07\/das-innere-nach-aussen-kehren\/#respond\"]}]},{\"@type\":\"WebPage\",\"@id\":\"https:\/\/pr-ide.de\/blog\/2016\/07\/das-innere-nach-aussen-kehren\/\",\"url\":\"https:\/\/pr-ide.de\/blog\/2016\/07\/das-innere-nach-aussen-kehren\/\",\"name\":\"Das Innere nach Au\u00dfen kehren - pr-ide\",\"isPartOf\":{\"@id\":\"https:\/\/pr-ide.de\/#website\"},\"primaryImageOfPage\":{\"@id\":\"https:\/\/pr-ide.de\/blog\/2016\/07\/das-innere-nach-aussen-kehren\/#primaryimage\"},\"image\":{\"@id\":\"https:\/\/pr-ide.de\/blog\/2016\/07\/das-innere-nach-aussen-kehren\/#primaryimage\"},\"thumbnailUrl\":\"https:\/\/pr-ide.de\/wp-content\/uploads\/2016\/07\/2016-07-13-21_35_53-schiff1-002-16723-KB-Rhinoceros-5.0-Commercial-Perspektive.png\",\"datePublished\":\"2016-07-13T19:52:03+00:00\",\"breadcrumb\":{\"@id\":\"https:\/\/pr-ide.de\/blog\/2016\/07\/das-innere-nach-aussen-kehren\/#breadcrumb\"},\"inLanguage\":\"en-US\",\"potentialAction\":[{\"@type\":\"ReadAction\",\"target\":[\"https:\/\/pr-ide.de\/blog\/2016\/07\/das-innere-nach-aussen-kehren\/\"]}]},{\"@type\":\"ImageObject\",\"inLanguage\":\"en-US\",\"@id\":\"https:\/\/pr-ide.de\/blog\/2016\/07\/das-innere-nach-aussen-kehren\/#primaryimage\",\"url\":\"https:\/\/pr-ide.de\/wp-content\/uploads\/2016\/07\/2016-07-13-21_35_53-schiff1-002-16723-KB-Rhinoceros-5.0-Commercial-Perspektive.png\",\"contentUrl\":\"https:\/\/pr-ide.de\/wp-content\/uploads\/2016\/07\/2016-07-13-21_35_53-schiff1-002-16723-KB-Rhinoceros-5.0-Commercial-Perspektive.png\",\"width\":1428,\"height\":1005,\"caption\":\"3D Druck Schiff\"},{\"@type\":\"BreadcrumbList\",\"@id\":\"https:\/\/pr-ide.de\/blog\/2016\/07\/das-innere-nach-aussen-kehren\/#breadcrumb\",\"itemListElement\":[{\"@type\":\"ListItem\",\"position\":1,\"name\":\"Home\",\"item\":\"https:\/\/pr-ide.de\/en\/the-agency-for-creative-success\/\"},{\"@type\":\"ListItem\",\"position\":2,\"name\":\"Das Innere nach Au\u00dfen kehren\"}]},{\"@type\":\"WebSite\",\"@id\":\"https:\/\/pr-ide.de\/#website\",\"url\":\"https:\/\/pr-ide.de\/\",\"name\":\"pr-ide\",\"description\":\"die agentur f\u00fcr kreative erfolge\",\"publisher\":{\"@id\":\"https:\/\/pr-ide.de\/#organization\"},\"potentialAction\":[{\"@type\":\"SearchAction\",\"target\":{\"@type\":\"EntryPoint\",\"urlTemplate\":\"https:\/\/pr-ide.de\/?s={search_term_string}\"},\"query-input\":{\"@type\":\"PropertyValueSpecification\",\"valueRequired\":true,\"valueName\":\"search_term_string\"}}],\"inLanguage\":\"en-US\"},{\"@type\":\"Organization\",\"@id\":\"https:\/\/pr-ide.de\/#organization\",\"name\":\"pr-ide\",\"url\":\"https:\/\/pr-ide.de\/\",\"logo\":{\"@type\":\"ImageObject\",\"inLanguage\":\"en-US\",\"@id\":\"https:\/\/pr-ide.de\/#\/schema\/logo\/image\/\",\"url\":\"\",\"contentUrl\":\"\",\"caption\":\"pr-ide\"},\"image\":{\"@id\":\"https:\/\/pr-ide.de\/#\/schema\/logo\/image\/\"},\"sameAs\":[\"https:\/\/www.facebook.com\/prideberlin\/\",\"https:\/\/x.com\/pr_ide\",\"https:\/\/www.linkedin.com\/company\/pr-ide-gbr\/\"]},{\"@type\":\"Person\",\"@id\":\"https:\/\/pr-ide.de\/#\/schema\/person\/4bb8cb929d552fc1cd7c49d25ef90093\",\"name\":\"Philipp Sack\",\"image\":{\"@type\":\"ImageObject\",\"inLanguage\":\"en-US\",\"@id\":\"https:\/\/secure.gravatar.com\/avatar\/e7d041e5f3b6ec52d1f4dcd0266ccdf14a0b7227561f91f92a474ad68a30da9a?s=96&d=robohash&r=g\",\"url\":\"https:\/\/secure.gravatar.com\/avatar\/e7d041e5f3b6ec52d1f4dcd0266ccdf14a0b7227561f91f92a474ad68a30da9a?s=96&d=robohash&r=g\",\"contentUrl\":\"https:\/\/secure.gravatar.com\/avatar\/e7d041e5f3b6ec52d1f4dcd0266ccdf14a0b7227561f91f92a474ad68a30da9a?s=96&d=robohash&r=g\",\"caption\":\"Philipp Sack\"},\"description\":\"CEO und Kreativkopf bei pr-ide. Kreuz und querlenkend, gerne segelnd. Immer auf der Suche nach innovativen L\u00f6sungen - manchmal schon bevor das Problem erkannt wurde.\",\"sameAs\":[\"http:\/\/www.pr-ide.de\",\"https:\/\/www.linkedin.com\/in\/philipp-sack\/\"],\"url\":\"https:\/\/pr-ide.de\/en\/blog\/author\/seesack-2-2-2-2-2-2-2-2-2-2-2-2-2-2-2-2-2-2-2-2\/\"}]}<\/script>\n<!-- \/ Yoast SEO plugin. -->","yoast_head_json":{"title":"Das Innere nach Au\u00dfen kehren - pr-ide","robots":{"index":"index","follow":"follow","max-snippet":"max-snippet:-1","max-image-preview":"max-image-preview:large","max-video-preview":"max-video-preview:-1"},"canonical":"https:\/\/pr-ide.de\/blog\/2016\/07\/das-innere-nach-aussen-kehren\/","og_locale":"en_US","og_type":"article","og_title":"Das Innere nach Au\u00dfen kehren - pr-ide","og_description":"Gedrehte Normalenvektoren beim Teil 19289\u00a0(innen und au\u00dfen der Oberfl\u00e4che sind vertauscht, was durch Umdrehen der betroffenen Dreiecke behoben wird) So eine Meldung kann man bekommen, wenn man einen Dienstleister mit einem 3D Druck beauftragt. 3D Druck \u2013 Stereolithografie oder Kunststoffsintern, [...]","og_url":"https:\/\/pr-ide.de\/blog\/2016\/07\/das-innere-nach-aussen-kehren\/","og_site_name":"pr-ide","article_publisher":"https:\/\/www.facebook.com\/prideberlin\/","article_published_time":"2016-07-13T19:52:03+00:00","og_image":[{"width":1428,"height":1005,"url":"https:\/\/pr-ide.de\/wp-content\/uploads\/2016\/07\/2016-07-13-21_35_53-schiff1-002-16723-KB-Rhinoceros-5.0-Commercial-Perspektive.png","type":"image\/png"}],"author":"Philipp Sack","twitter_misc":{"Written by":"Philipp Sack","Est. reading time":"1 minute"},"schema":{"@context":"https:\/\/schema.org","@graph":[{"@type":"Article","@id":"https:\/\/pr-ide.de\/blog\/2016\/07\/das-innere-nach-aussen-kehren\/#article","isPartOf":{"@id":"https:\/\/pr-ide.de\/blog\/2016\/07\/das-innere-nach-aussen-kehren\/"},"author":{"name":"Philipp Sack","@id":"https:\/\/pr-ide.de\/#\/schema\/person\/4bb8cb929d552fc1cd7c49d25ef90093"},"headline":"Das Innere nach Au\u00dfen kehren","datePublished":"2016-07-13T19:52:03+00:00","mainEntityOfPage":{"@id":"https:\/\/pr-ide.de\/blog\/2016\/07\/das-innere-nach-aussen-kehren\/"},"wordCount":204,"commentCount":0,"publisher":{"@id":"https:\/\/pr-ide.de\/#organization"},"image":{"@id":"https:\/\/pr-ide.de\/blog\/2016\/07\/das-innere-nach-aussen-kehren\/#primaryimage"},"thumbnailUrl":"https:\/\/pr-ide.de\/wp-content\/uploads\/2016\/07\/2016-07-13-21_35_53-schiff1-002-16723-KB-Rhinoceros-5.0-Commercial-Perspektive.png","keywords":["Kunststoffsintern","WYSIWYG. Stereolithografie"],"articleSection":["Neues aus der Buchstabenfabrik.","Unter den Scanner geraten"],"inLanguage":"en-US","potentialAction":[{"@type":"CommentAction","name":"Comment","target":["https:\/\/pr-ide.de\/blog\/2016\/07\/das-innere-nach-aussen-kehren\/#respond"]}]},{"@type":"WebPage","@id":"https:\/\/pr-ide.de\/blog\/2016\/07\/das-innere-nach-aussen-kehren\/","url":"https:\/\/pr-ide.de\/blog\/2016\/07\/das-innere-nach-aussen-kehren\/","name":"Das Innere nach Au\u00dfen kehren - pr-ide","isPartOf":{"@id":"https:\/\/pr-ide.de\/#website"},"primaryImageOfPage":{"@id":"https:\/\/pr-ide.de\/blog\/2016\/07\/das-innere-nach-aussen-kehren\/#primaryimage"},"image":{"@id":"https:\/\/pr-ide.de\/blog\/2016\/07\/das-innere-nach-aussen-kehren\/#primaryimage"},"thumbnailUrl":"https:\/\/pr-ide.de\/wp-content\/uploads\/2016\/07\/2016-07-13-21_35_53-schiff1-002-16723-KB-Rhinoceros-5.0-Commercial-Perspektive.png","datePublished":"2016-07-13T19:52:03+00:00","breadcrumb":{"@id":"https:\/\/pr-ide.de\/blog\/2016\/07\/das-innere-nach-aussen-kehren\/#breadcrumb"},"inLanguage":"en-US","potentialAction":[{"@type":"ReadAction","target":["https:\/\/pr-ide.de\/blog\/2016\/07\/das-innere-nach-aussen-kehren\/"]}]},{"@type":"ImageObject","inLanguage":"en-US","@id":"https:\/\/pr-ide.de\/blog\/2016\/07\/das-innere-nach-aussen-kehren\/#primaryimage","url":"https:\/\/pr-ide.de\/wp-content\/uploads\/2016\/07\/2016-07-13-21_35_53-schiff1-002-16723-KB-Rhinoceros-5.0-Commercial-Perspektive.png","contentUrl":"https:\/\/pr-ide.de\/wp-content\/uploads\/2016\/07\/2016-07-13-21_35_53-schiff1-002-16723-KB-Rhinoceros-5.0-Commercial-Perspektive.png","width":1428,"height":1005,"caption":"3D Druck Schiff"},{"@type":"BreadcrumbList","@id":"https:\/\/pr-ide.de\/blog\/2016\/07\/das-innere-nach-aussen-kehren\/#breadcrumb","itemListElement":[{"@type":"ListItem","position":1,"name":"Home","item":"https:\/\/pr-ide.de\/en\/the-agency-for-creative-success\/"},{"@type":"ListItem","position":2,"name":"Das Innere nach Au\u00dfen kehren"}]},{"@type":"WebSite","@id":"https:\/\/pr-ide.de\/#website","url":"https:\/\/pr-ide.de\/","name":"pr-ide","description":"die agentur f\u00fcr kreative erfolge","publisher":{"@id":"https:\/\/pr-ide.de\/#organization"},"potentialAction":[{"@type":"SearchAction","target":{"@type":"EntryPoint","urlTemplate":"https:\/\/pr-ide.de\/?s={search_term_string}"},"query-input":{"@type":"PropertyValueSpecification","valueRequired":true,"valueName":"search_term_string"}}],"inLanguage":"en-US"},{"@type":"Organization","@id":"https:\/\/pr-ide.de\/#organization","name":"pr-ide","url":"https:\/\/pr-ide.de\/","logo":{"@type":"ImageObject","inLanguage":"en-US","@id":"https:\/\/pr-ide.de\/#\/schema\/logo\/image\/","url":"","contentUrl":"","caption":"pr-ide"},"image":{"@id":"https:\/\/pr-ide.de\/#\/schema\/logo\/image\/"},"sameAs":["https:\/\/www.facebook.com\/prideberlin\/","https:\/\/x.com\/pr_ide","https:\/\/www.linkedin.com\/company\/pr-ide-gbr\/"]},{"@type":"Person","@id":"https:\/\/pr-ide.de\/#\/schema\/person\/4bb8cb929d552fc1cd7c49d25ef90093","name":"Philipp Sack","image":{"@type":"ImageObject","inLanguage":"en-US","@id":"https:\/\/secure.gravatar.com\/avatar\/e7d041e5f3b6ec52d1f4dcd0266ccdf14a0b7227561f91f92a474ad68a30da9a?s=96&d=robohash&r=g","url":"https:\/\/secure.gravatar.com\/avatar\/e7d041e5f3b6ec52d1f4dcd0266ccdf14a0b7227561f91f92a474ad68a30da9a?s=96&d=robohash&r=g","contentUrl":"https:\/\/secure.gravatar.com\/avatar\/e7d041e5f3b6ec52d1f4dcd0266ccdf14a0b7227561f91f92a474ad68a30da9a?s=96&d=robohash&r=g","caption":"Philipp Sack"},"description":"CEO und Kreativkopf bei pr-ide. Kreuz und querlenkend, gerne segelnd. Immer auf der Suche nach innovativen L\u00f6sungen - manchmal schon bevor das Problem erkannt wurde.","sameAs":["http:\/\/www.pr-ide.de","https:\/\/www.linkedin.com\/in\/philipp-sack\/"],"url":"https:\/\/pr-ide.de\/en\/blog\/author\/seesack-2-2-2-2-2-2-2-2-2-2-2-2-2-2-2-2-2-2-2-2\/"}]}},"jetpack_featured_media_url":"https:\/\/pr-ide.de\/wp-content\/uploads\/2016\/07\/2016-07-13-21_35_53-schiff1-002-16723-KB-Rhinoceros-5.0-Commercial-Perspektive.png","jetpack_sharing_enabled":true,"_links":{"self":[{"href":"https:\/\/pr-ide.de\/en\/wp-json\/wp\/v2\/posts\/16825","targetHints":{"allow":["GET"]}}],"collection":[{"href":"https:\/\/pr-ide.de\/en\/wp-json\/wp\/v2\/posts"}],"about":[{"href":"https:\/\/pr-ide.de\/en\/wp-json\/wp\/v2\/types\/post"}],"author":[{"embeddable":true,"href":"https:\/\/pr-ide.de\/en\/wp-json\/wp\/v2\/users\/15"}],"replies":[{"embeddable":true,"href":"https:\/\/pr-ide.de\/en\/wp-json\/wp\/v2\/comments?post=16825"}],"version-history":[{"count":0,"href":"https:\/\/pr-ide.de\/en\/wp-json\/wp\/v2\/posts\/16825\/revisions"}],"wp:featuredmedia":[{"embeddable":true,"href":"https:\/\/pr-ide.de\/en\/wp-json\/wp\/v2\/media\/16826"}],"wp:attachment":[{"href":"https:\/\/pr-ide.de\/en\/wp-json\/wp\/v2\/media?parent=16825"}],"wp:term":[{"taxonomy":"category","embeddable":true,"href":"https:\/\/pr-ide.de\/en\/wp-json\/wp\/v2\/categories?post=16825"},{"taxonomy":"post_tag","embeddable":true,"href":"https:\/\/pr-ide.de\/en\/wp-json\/wp\/v2\/tags?post=16825"}],"curies":[{"name":"wp","href":"https:\/\/api.w.org\/{rel}","templated":true}]}}