{"id":16965,"date":"2016-09-12T10:14:13","date_gmt":"2016-09-12T09:14:13","guid":{"rendered":"https:\/\/pr-ide.de\/?p=16965"},"modified":"2016-10-16T15:48:56","modified_gmt":"2016-10-16T14:48:56","slug":"mit-der-schrankwand-unterwegs","status":"publish","type":"post","link":"https:\/\/pr-ide.de\/en\/blog\/2016\/09\/mit-der-schrankwand-unterwegs\/","title":{"rendered":"Mit der Schrankwand unterwegs"},"content":{"rendered":"<p>Wer kennt ihn nicht, <a href=\"http:\/\/www.duckipedia.de\/index.php5?title=Dagobert_Duck\" target=\"_blank\">Dagobert Duck<\/a> \u2013 der etwas kauzige Multitrilliard\u00e4r aus Entenhausen. Bekannt nicht nur wegen seiner permanenten Angst vor den ber\u00fcchtigten Panzerknackern, nein auch wegen seiner, aus hygienischen Gr\u00fcnden etwas fragw\u00fcrdigen, geliebten B\u00e4der im Mammon morgens zur Entspannung.<br \/>\nNun stellen wir uns vor, dass er die neuesten Technologien zur Sicherung verwendet. Nun stellen wir uns weiter vor, Dagobert will sein Bad nehmen \u2013 der Tresor geht nicht auf!<br \/>\nDie elektronische Sperre erkennt den notwendigen Schl\u00fcssel nicht. Schon kann man sich die Kanonenkugeln, Blitze und Sonderzeichen &#8211; die alle keine positiven Gedankeng\u00e4nge vermuten lassen, in der gezeichneten Gedankenblase vorstellen.<br \/>\nSicher gibt es einen Weg das wieder in Stand zu setzen, gegen Einwurf kleiner Scheine in respektabler Menge wird sich der Hersteller der elektronischen Schl\u00fcssel wohl herablassen, einen Austausch der defekten Bauteile mit einem Einkaufswert von wenigen Cent in naher Zukunft vorzunehmen. Der notwendige Transport des Duckschen Geldspeichers geht nat\u00fcrlich nicht zu Lasten des Produzenten.<br \/>\nKlingt unglaubw\u00fcrdig? Nun, jeder der ein Auto f\u00e4hrt das innerhalb der letzten Dekaden produziert wurde, besitzt ein Fahrzeug mit einer elektronischen Wegfahrsperre. Es gen\u00fcgt nicht der Schl\u00fcssel im Schloss \u2013 der Schl\u00fcssel muss auch einen Transponder im Griff haben der von dem Lesering um das mechanische Schloss erfasst, erkannt und best\u00e4tigt werden kann.<br \/>\nWenn der Schl\u00fcssel nicht erkannt wird kann man mit dem Fahrzeug alles machen wozu kein Treibstoff n\u00f6tig ist. Das ist im praktischen Alltag relativ wenig.<br \/>\nWem das passiert \u2013 in dem Fall dem Team der Agentur, unterwegs mit der Agenturschrankwand von einer <a href=\"http:\/\/www.veter-klub.com\/the-successful-conclusion-of-the-diplomatic-regatta-2016.html\" target=\"_blank\">Marina in Slowenien<\/a>, kann sich die entsprechenden Gedankenblasen vorstellen.<br \/>\nAlso ein Gru\u00dfwort an die Konstrukteure und Qualit\u00e4tsmanager bei <strong>Renault<\/strong> (dem Hersteller des bisherigen Vertrauens von Agenturschrankw\u00e4nden), eine Wegfahrsperre die eine Halbwertszeit von ein paar Jahren hat und bei Versagen <strong>einhundert<\/strong> (in Worten: ALLE!) Prozent auch der rechtm\u00e4\u00dfigen Nutzer im bewegungslos gewordenen Automobil sitzen l\u00e4sst, ist wir noch weniger gerne gesehen wie:<\/p>\n<ul>\n<li>wasserl\u00f6sliche Windschutzscheibenbei Regen<\/li>\n<li>l\u00f6chrige Autod\u00e4cher im Winter<\/li>\n<li>auf Alpenp\u00e4ssen einrastende Lenkradschl\u00f6sser<\/li>\n<li>nicht ausschaltbare Klimaanlagen bei Temperaturen unter -18\u00b0 Celsius.<\/li>\n<\/ul>\n<p>Das zur Reparatur Teile ausgetauscht werden m\u00fcssen die den Zeitwert des Fahrzeuges gef\u00fchlt nur knapp \u00fcbersteigen l\u00e4sst einen nat\u00fcrlich wieder tiefenentspannt in den Fahrersitz plumpsen.<\/p>\n","protected":false},"excerpt":{"rendered":"<p>Die elektronische Sperre erkennt den notwendigen Schl\u00fcssel nicht? Schon kann man sich die Kanonenkugeln, Blitze und Sonderzeichen &#8211; die alle keine positiven Gedankeng\u00e4nge vermuten lassen, in der gezeichneten Gedankenblase vorstellen.<\/p>\n","protected":false},"author":15,"featured_media":16966,"comment_status":"open","ping_status":"closed","sticky":false,"template":"","format":"standard","meta":{"_monsterinsights_skip_tracking":false,"_monsterinsights_sitenote_active":false,"_monsterinsights_sitenote_note":"","_monsterinsights_sitenote_category":0,"_jetpack_memberships_contains_paid_content":false,"footnotes":""},"categories":[80,817,81,950,1034,38,400],"tags":[1517,1337,56,1484,1516],"class_list":["post-16965","post","type-post","status-publish","format-standard","has-post-thumbnail","hentry","category-designfehler","category-die-welt-erklaert","category-diesunddas","category-marina","category-neues-aus-der-buchstabenfabrik","category-pr-ide-leaks","category-veranstaltung","tag-dagobert-duck","tag-marina","tag-renault","tag-trafic","tag-wegfahrsperre"],"yoast_head":"<!-- This site is optimized with the Yoast SEO plugin v27.2 - https:\/\/yoast.com\/product\/yoast-seo-wordpress\/ -->\n<title>Mit der Schrankwand unterwegs - pr-ide<\/title>\n<meta name=\"robots\" content=\"index, follow, max-snippet:-1, max-image-preview:large, max-video-preview:-1\" \/>\n<link rel=\"canonical\" href=\"https:\/\/pr-ide.de\/blog\/2016\/09\/mit-der-schrankwand-unterwegs\/\" \/>\n<meta property=\"og:locale\" content=\"en_US\" \/>\n<meta property=\"og:type\" content=\"article\" \/>\n<meta property=\"og:title\" content=\"Mit der Schrankwand unterwegs - pr-ide\" \/>\n<meta property=\"og:description\" content=\"Die elektronische Sperre erkennt den notwendigen Schl\u00fcssel nicht? Schon kann man sich die Kanonenkugeln, Blitze und Sonderzeichen - die alle keine positiven Gedankeng\u00e4nge vermuten lassen, in der gezeichneten Gedankenblase vorstellen.\" \/>\n<meta property=\"og:url\" content=\"https:\/\/pr-ide.de\/blog\/2016\/09\/mit-der-schrankwand-unterwegs\/\" \/>\n<meta property=\"og:site_name\" content=\"pr-ide\" \/>\n<meta property=\"article:publisher\" content=\"https:\/\/www.facebook.com\/prideberlin\/\" \/>\n<meta property=\"article:published_time\" content=\"2016-09-12T09:14:13+00:00\" \/>\n<meta property=\"article:modified_time\" content=\"2016-10-16T14:48:56+00:00\" \/>\n<meta property=\"og:image\" content=\"https:\/\/pr-ide.de\/wp-content\/uploads\/2016\/09\/DSC_4491.jpg\" \/>\n\t<meta property=\"og:image:width\" content=\"2486\" \/>\n\t<meta property=\"og:image:height\" content=\"1644\" \/>\n\t<meta property=\"og:image:type\" content=\"image\/jpeg\" \/>\n<meta name=\"author\" content=\"Philipp Sack\" \/>\n<meta name=\"twitter:label1\" content=\"Written by\" \/>\n\t<meta name=\"twitter:data1\" content=\"Philipp Sack\" \/>\n\t<meta name=\"twitter:label2\" content=\"Est. reading time\" \/>\n\t<meta name=\"twitter:data2\" content=\"2 minutes\" \/>\n<script type=\"application\/ld+json\" class=\"yoast-schema-graph\">{\"@context\":\"https:\/\/schema.org\",\"@graph\":[{\"@type\":\"Article\",\"@id\":\"https:\/\/pr-ide.de\/blog\/2016\/09\/mit-der-schrankwand-unterwegs\/#article\",\"isPartOf\":{\"@id\":\"https:\/\/pr-ide.de\/blog\/2016\/09\/mit-der-schrankwand-unterwegs\/\"},\"author\":{\"name\":\"Philipp Sack\",\"@id\":\"https:\/\/pr-ide.de\/#\/schema\/person\/4bb8cb929d552fc1cd7c49d25ef90093\"},\"headline\":\"Mit der Schrankwand unterwegs\",\"datePublished\":\"2016-09-12T09:14:13+00:00\",\"dateModified\":\"2016-10-16T14:48:56+00:00\",\"mainEntityOfPage\":{\"@id\":\"https:\/\/pr-ide.de\/blog\/2016\/09\/mit-der-schrankwand-unterwegs\/\"},\"wordCount\":386,\"commentCount\":0,\"publisher\":{\"@id\":\"https:\/\/pr-ide.de\/#organization\"},\"image\":{\"@id\":\"https:\/\/pr-ide.de\/blog\/2016\/09\/mit-der-schrankwand-unterwegs\/#primaryimage\"},\"thumbnailUrl\":\"https:\/\/pr-ide.de\/wp-content\/uploads\/2016\/09\/DSC_4491.jpg\",\"keywords\":[\"Dagobert Duck\",\"marina\",\"renault\",\"Trafic\",\"Wegfahrsperre\"],\"articleSection\":[\"Designfehler\",\"Die Welt erkl\u00e4rt!\",\"diesunddas\",\"marina\",\"Neues aus der Buchstabenfabrik.\",\"pr-ide leaks\",\"Veranstaltung\"],\"inLanguage\":\"en-US\",\"potentialAction\":[{\"@type\":\"CommentAction\",\"name\":\"Comment\",\"target\":[\"https:\/\/pr-ide.de\/blog\/2016\/09\/mit-der-schrankwand-unterwegs\/#respond\"]}]},{\"@type\":\"WebPage\",\"@id\":\"https:\/\/pr-ide.de\/blog\/2016\/09\/mit-der-schrankwand-unterwegs\/\",\"url\":\"https:\/\/pr-ide.de\/blog\/2016\/09\/mit-der-schrankwand-unterwegs\/\",\"name\":\"Mit der Schrankwand unterwegs - pr-ide\",\"isPartOf\":{\"@id\":\"https:\/\/pr-ide.de\/#website\"},\"primaryImageOfPage\":{\"@id\":\"https:\/\/pr-ide.de\/blog\/2016\/09\/mit-der-schrankwand-unterwegs\/#primaryimage\"},\"image\":{\"@id\":\"https:\/\/pr-ide.de\/blog\/2016\/09\/mit-der-schrankwand-unterwegs\/#primaryimage\"},\"thumbnailUrl\":\"https:\/\/pr-ide.de\/wp-content\/uploads\/2016\/09\/DSC_4491.jpg\",\"datePublished\":\"2016-09-12T09:14:13+00:00\",\"dateModified\":\"2016-10-16T14:48:56+00:00\",\"breadcrumb\":{\"@id\":\"https:\/\/pr-ide.de\/blog\/2016\/09\/mit-der-schrankwand-unterwegs\/#breadcrumb\"},\"inLanguage\":\"en-US\",\"potentialAction\":[{\"@type\":\"ReadAction\",\"target\":[\"https:\/\/pr-ide.de\/blog\/2016\/09\/mit-der-schrankwand-unterwegs\/\"]}]},{\"@type\":\"ImageObject\",\"inLanguage\":\"en-US\",\"@id\":\"https:\/\/pr-ide.de\/blog\/2016\/09\/mit-der-schrankwand-unterwegs\/#primaryimage\",\"url\":\"https:\/\/pr-ide.de\/wp-content\/uploads\/2016\/09\/DSC_4491.jpg\",\"contentUrl\":\"https:\/\/pr-ide.de\/wp-content\/uploads\/2016\/09\/DSC_4491.jpg\",\"width\":2486,\"height\":1644},{\"@type\":\"BreadcrumbList\",\"@id\":\"https:\/\/pr-ide.de\/blog\/2016\/09\/mit-der-schrankwand-unterwegs\/#breadcrumb\",\"itemListElement\":[{\"@type\":\"ListItem\",\"position\":1,\"name\":\"Home\",\"item\":\"https:\/\/pr-ide.de\/en\/the-agency-for-creative-success\/\"},{\"@type\":\"ListItem\",\"position\":2,\"name\":\"Mit der Schrankwand unterwegs\"}]},{\"@type\":\"WebSite\",\"@id\":\"https:\/\/pr-ide.de\/#website\",\"url\":\"https:\/\/pr-ide.de\/\",\"name\":\"pr-ide\",\"description\":\"die agentur f\u00fcr kreative erfolge\",\"publisher\":{\"@id\":\"https:\/\/pr-ide.de\/#organization\"},\"potentialAction\":[{\"@type\":\"SearchAction\",\"target\":{\"@type\":\"EntryPoint\",\"urlTemplate\":\"https:\/\/pr-ide.de\/?s={search_term_string}\"},\"query-input\":{\"@type\":\"PropertyValueSpecification\",\"valueRequired\":true,\"valueName\":\"search_term_string\"}}],\"inLanguage\":\"en-US\"},{\"@type\":\"Organization\",\"@id\":\"https:\/\/pr-ide.de\/#organization\",\"name\":\"pr-ide\",\"url\":\"https:\/\/pr-ide.de\/\",\"logo\":{\"@type\":\"ImageObject\",\"inLanguage\":\"en-US\",\"@id\":\"https:\/\/pr-ide.de\/#\/schema\/logo\/image\/\",\"url\":\"\",\"contentUrl\":\"\",\"caption\":\"pr-ide\"},\"image\":{\"@id\":\"https:\/\/pr-ide.de\/#\/schema\/logo\/image\/\"},\"sameAs\":[\"https:\/\/www.facebook.com\/prideberlin\/\",\"https:\/\/x.com\/pr_ide\",\"https:\/\/www.linkedin.com\/company\/pr-ide-gbr\/\"]},{\"@type\":\"Person\",\"@id\":\"https:\/\/pr-ide.de\/#\/schema\/person\/4bb8cb929d552fc1cd7c49d25ef90093\",\"name\":\"Philipp Sack\",\"image\":{\"@type\":\"ImageObject\",\"inLanguage\":\"en-US\",\"@id\":\"https:\/\/secure.gravatar.com\/avatar\/e7d041e5f3b6ec52d1f4dcd0266ccdf14a0b7227561f91f92a474ad68a30da9a?s=96&d=robohash&r=g\",\"url\":\"https:\/\/secure.gravatar.com\/avatar\/e7d041e5f3b6ec52d1f4dcd0266ccdf14a0b7227561f91f92a474ad68a30da9a?s=96&d=robohash&r=g\",\"contentUrl\":\"https:\/\/secure.gravatar.com\/avatar\/e7d041e5f3b6ec52d1f4dcd0266ccdf14a0b7227561f91f92a474ad68a30da9a?s=96&d=robohash&r=g\",\"caption\":\"Philipp Sack\"},\"description\":\"CEO und Kreativkopf bei pr-ide. Kreuz und querlenkend, gerne segelnd. Immer auf der Suche nach innovativen L\u00f6sungen - manchmal schon bevor das Problem erkannt wurde.\",\"sameAs\":[\"http:\/\/www.pr-ide.de\",\"https:\/\/www.linkedin.com\/in\/philipp-sack\/\"],\"url\":\"https:\/\/pr-ide.de\/en\/blog\/author\/seesack-2-2-2-2-2-2-2-2-2-2-2-2-2-2-2-2-2-2-2-2\/\"}]}<\/script>\n<!-- \/ Yoast SEO plugin. -->","yoast_head_json":{"title":"Mit der Schrankwand unterwegs - pr-ide","robots":{"index":"index","follow":"follow","max-snippet":"max-snippet:-1","max-image-preview":"max-image-preview:large","max-video-preview":"max-video-preview:-1"},"canonical":"https:\/\/pr-ide.de\/blog\/2016\/09\/mit-der-schrankwand-unterwegs\/","og_locale":"en_US","og_type":"article","og_title":"Mit der Schrankwand unterwegs - pr-ide","og_description":"Die elektronische Sperre erkennt den notwendigen Schl\u00fcssel nicht? Schon kann man sich die Kanonenkugeln, Blitze und Sonderzeichen - die alle keine positiven Gedankeng\u00e4nge vermuten lassen, in der gezeichneten Gedankenblase vorstellen.","og_url":"https:\/\/pr-ide.de\/blog\/2016\/09\/mit-der-schrankwand-unterwegs\/","og_site_name":"pr-ide","article_publisher":"https:\/\/www.facebook.com\/prideberlin\/","article_published_time":"2016-09-12T09:14:13+00:00","article_modified_time":"2016-10-16T14:48:56+00:00","og_image":[{"width":2486,"height":1644,"url":"https:\/\/pr-ide.de\/wp-content\/uploads\/2016\/09\/DSC_4491.jpg","type":"image\/jpeg"}],"author":"Philipp Sack","twitter_misc":{"Written by":"Philipp Sack","Est. reading time":"2 minutes"},"schema":{"@context":"https:\/\/schema.org","@graph":[{"@type":"Article","@id":"https:\/\/pr-ide.de\/blog\/2016\/09\/mit-der-schrankwand-unterwegs\/#article","isPartOf":{"@id":"https:\/\/pr-ide.de\/blog\/2016\/09\/mit-der-schrankwand-unterwegs\/"},"author":{"name":"Philipp Sack","@id":"https:\/\/pr-ide.de\/#\/schema\/person\/4bb8cb929d552fc1cd7c49d25ef90093"},"headline":"Mit der Schrankwand unterwegs","datePublished":"2016-09-12T09:14:13+00:00","dateModified":"2016-10-16T14:48:56+00:00","mainEntityOfPage":{"@id":"https:\/\/pr-ide.de\/blog\/2016\/09\/mit-der-schrankwand-unterwegs\/"},"wordCount":386,"commentCount":0,"publisher":{"@id":"https:\/\/pr-ide.de\/#organization"},"image":{"@id":"https:\/\/pr-ide.de\/blog\/2016\/09\/mit-der-schrankwand-unterwegs\/#primaryimage"},"thumbnailUrl":"https:\/\/pr-ide.de\/wp-content\/uploads\/2016\/09\/DSC_4491.jpg","keywords":["Dagobert Duck","marina","renault","Trafic","Wegfahrsperre"],"articleSection":["Designfehler","Die Welt erkl\u00e4rt!","diesunddas","marina","Neues aus der Buchstabenfabrik.","pr-ide leaks","Veranstaltung"],"inLanguage":"en-US","potentialAction":[{"@type":"CommentAction","name":"Comment","target":["https:\/\/pr-ide.de\/blog\/2016\/09\/mit-der-schrankwand-unterwegs\/#respond"]}]},{"@type":"WebPage","@id":"https:\/\/pr-ide.de\/blog\/2016\/09\/mit-der-schrankwand-unterwegs\/","url":"https:\/\/pr-ide.de\/blog\/2016\/09\/mit-der-schrankwand-unterwegs\/","name":"Mit der Schrankwand unterwegs - pr-ide","isPartOf":{"@id":"https:\/\/pr-ide.de\/#website"},"primaryImageOfPage":{"@id":"https:\/\/pr-ide.de\/blog\/2016\/09\/mit-der-schrankwand-unterwegs\/#primaryimage"},"image":{"@id":"https:\/\/pr-ide.de\/blog\/2016\/09\/mit-der-schrankwand-unterwegs\/#primaryimage"},"thumbnailUrl":"https:\/\/pr-ide.de\/wp-content\/uploads\/2016\/09\/DSC_4491.jpg","datePublished":"2016-09-12T09:14:13+00:00","dateModified":"2016-10-16T14:48:56+00:00","breadcrumb":{"@id":"https:\/\/pr-ide.de\/blog\/2016\/09\/mit-der-schrankwand-unterwegs\/#breadcrumb"},"inLanguage":"en-US","potentialAction":[{"@type":"ReadAction","target":["https:\/\/pr-ide.de\/blog\/2016\/09\/mit-der-schrankwand-unterwegs\/"]}]},{"@type":"ImageObject","inLanguage":"en-US","@id":"https:\/\/pr-ide.de\/blog\/2016\/09\/mit-der-schrankwand-unterwegs\/#primaryimage","url":"https:\/\/pr-ide.de\/wp-content\/uploads\/2016\/09\/DSC_4491.jpg","contentUrl":"https:\/\/pr-ide.de\/wp-content\/uploads\/2016\/09\/DSC_4491.jpg","width":2486,"height":1644},{"@type":"BreadcrumbList","@id":"https:\/\/pr-ide.de\/blog\/2016\/09\/mit-der-schrankwand-unterwegs\/#breadcrumb","itemListElement":[{"@type":"ListItem","position":1,"name":"Home","item":"https:\/\/pr-ide.de\/en\/the-agency-for-creative-success\/"},{"@type":"ListItem","position":2,"name":"Mit der Schrankwand unterwegs"}]},{"@type":"WebSite","@id":"https:\/\/pr-ide.de\/#website","url":"https:\/\/pr-ide.de\/","name":"pr-ide","description":"die agentur f\u00fcr kreative erfolge","publisher":{"@id":"https:\/\/pr-ide.de\/#organization"},"potentialAction":[{"@type":"SearchAction","target":{"@type":"EntryPoint","urlTemplate":"https:\/\/pr-ide.de\/?s={search_term_string}"},"query-input":{"@type":"PropertyValueSpecification","valueRequired":true,"valueName":"search_term_string"}}],"inLanguage":"en-US"},{"@type":"Organization","@id":"https:\/\/pr-ide.de\/#organization","name":"pr-ide","url":"https:\/\/pr-ide.de\/","logo":{"@type":"ImageObject","inLanguage":"en-US","@id":"https:\/\/pr-ide.de\/#\/schema\/logo\/image\/","url":"","contentUrl":"","caption":"pr-ide"},"image":{"@id":"https:\/\/pr-ide.de\/#\/schema\/logo\/image\/"},"sameAs":["https:\/\/www.facebook.com\/prideberlin\/","https:\/\/x.com\/pr_ide","https:\/\/www.linkedin.com\/company\/pr-ide-gbr\/"]},{"@type":"Person","@id":"https:\/\/pr-ide.de\/#\/schema\/person\/4bb8cb929d552fc1cd7c49d25ef90093","name":"Philipp Sack","image":{"@type":"ImageObject","inLanguage":"en-US","@id":"https:\/\/secure.gravatar.com\/avatar\/e7d041e5f3b6ec52d1f4dcd0266ccdf14a0b7227561f91f92a474ad68a30da9a?s=96&d=robohash&r=g","url":"https:\/\/secure.gravatar.com\/avatar\/e7d041e5f3b6ec52d1f4dcd0266ccdf14a0b7227561f91f92a474ad68a30da9a?s=96&d=robohash&r=g","contentUrl":"https:\/\/secure.gravatar.com\/avatar\/e7d041e5f3b6ec52d1f4dcd0266ccdf14a0b7227561f91f92a474ad68a30da9a?s=96&d=robohash&r=g","caption":"Philipp Sack"},"description":"CEO und Kreativkopf bei pr-ide. Kreuz und querlenkend, gerne segelnd. Immer auf der Suche nach innovativen L\u00f6sungen - manchmal schon bevor das Problem erkannt wurde.","sameAs":["http:\/\/www.pr-ide.de","https:\/\/www.linkedin.com\/in\/philipp-sack\/"],"url":"https:\/\/pr-ide.de\/en\/blog\/author\/seesack-2-2-2-2-2-2-2-2-2-2-2-2-2-2-2-2-2-2-2-2\/"}]}},"jetpack_featured_media_url":"https:\/\/pr-ide.de\/wp-content\/uploads\/2016\/09\/DSC_4491.jpg","jetpack_sharing_enabled":true,"_links":{"self":[{"href":"https:\/\/pr-ide.de\/en\/wp-json\/wp\/v2\/posts\/16965","targetHints":{"allow":["GET"]}}],"collection":[{"href":"https:\/\/pr-ide.de\/en\/wp-json\/wp\/v2\/posts"}],"about":[{"href":"https:\/\/pr-ide.de\/en\/wp-json\/wp\/v2\/types\/post"}],"author":[{"embeddable":true,"href":"https:\/\/pr-ide.de\/en\/wp-json\/wp\/v2\/users\/15"}],"replies":[{"embeddable":true,"href":"https:\/\/pr-ide.de\/en\/wp-json\/wp\/v2\/comments?post=16965"}],"version-history":[{"count":0,"href":"https:\/\/pr-ide.de\/en\/wp-json\/wp\/v2\/posts\/16965\/revisions"}],"wp:featuredmedia":[{"embeddable":true,"href":"https:\/\/pr-ide.de\/en\/wp-json\/wp\/v2\/media\/16966"}],"wp:attachment":[{"href":"https:\/\/pr-ide.de\/en\/wp-json\/wp\/v2\/media?parent=16965"}],"wp:term":[{"taxonomy":"category","embeddable":true,"href":"https:\/\/pr-ide.de\/en\/wp-json\/wp\/v2\/categories?post=16965"},{"taxonomy":"post_tag","embeddable":true,"href":"https:\/\/pr-ide.de\/en\/wp-json\/wp\/v2\/tags?post=16965"}],"curies":[{"name":"wp","href":"https:\/\/api.w.org\/{rel}","templated":true}]}}