{"id":16979,"date":"2016-09-13T09:57:34","date_gmt":"2016-09-13T08:57:34","guid":{"rendered":"https:\/\/pr-ide.de\/?p=16979"},"modified":"2016-10-16T15:48:56","modified_gmt":"2016-10-16T14:48:56","slug":"designprozess","status":"publish","type":"post","link":"https:\/\/pr-ide.de\/en\/blog\/2016\/09\/designprozess\/","title":{"rendered":"Designprozess"},"content":{"rendered":"<p>Produkt oder Industrial Design ist ein Prozess, w\u00e4hrend dessen ein Gegenstand eine f\u00fcr seinen Gebrauch und sein Umfeld sinnf\u00e4llige Form bekommt. Firmen dient dieser Prozess auch dazu, ihr Produkt von denen der Mitbewerber abzuheben oder unterscheidbar zu machen.<\/p>\n<p>Man kann diesen Prozess auch sehr minimalistisch angehen\u2026.<\/p>\n<div class=\"fusion-fullwidth fullwidth-box fusion-builder-row-1 hundred-percent-fullwidth non-hundred-percent-height-scrolling\" style=\"--awb-border-radius-top-left:0px;--awb-border-radius-top-right:0px;--awb-border-radius-bottom-right:0px;--awb-border-radius-bottom-left:0px;--awb-overflow:visible;--awb-flex-wrap:wrap;\" ><div class=\"fusion-builder-row fusion-row\"><div class=\"fusion-layout-column fusion_builder_column fusion-builder-column-0 fusion_builder_column_1_1 1_1 fusion-one-full fusion-column-first fusion-column-last fusion-column-no-min-height\" style=\"--awb-bg-size:cover;--awb-margin-bottom:0px;\"><div class=\"fusion-column-wrapper fusion-flex-column-wrapper-legacy\"><div id=\"attachment_16978\" style=\"width: 1034px\" class=\"wp-caption alignnone\"><a href=\"https:\/\/pr-ide.de\/wp-content\/uploads\/2016\/09\/dsc_4525-01.jpeg\"><img decoding=\"async\" aria-describedby=\"caption-attachment-16978\" class=\"lazyload wp-image-16978 size-large\" src=\"https:\/\/pr-ide.de\/wp-content\/uploads\/2016\/09\/dsc_4525-01-1024x576.jpeg\" data-orig-src=\"https:\/\/pr-ide.de\/wp-content\/uploads\/2016\/09\/dsc_4525-01-1024x576.jpeg\" alt=\"USB Festplatte\" width=\"1024\" height=\"576\" srcset=\"data:image\/svg+xml,%3Csvg%20xmlns%3D%27http%3A%2F%2Fwww.w3.org%2F2000%2Fsvg%27%20width%3D%271024%27%20height%3D%27576%27%20viewBox%3D%270%200%201024%20576%27%3E%3Crect%20width%3D%271024%27%20height%3D%27576%27%20fill-opacity%3D%220%22%2F%3E%3C%2Fsvg%3E\" data-srcset=\"https:\/\/pr-ide.de\/wp-content\/uploads\/2016\/09\/dsc_4525-01-200x113.jpeg 200w, https:\/\/pr-ide.de\/wp-content\/uploads\/2016\/09\/dsc_4525-01-300x169.jpeg 300w, https:\/\/pr-ide.de\/wp-content\/uploads\/2016\/09\/dsc_4525-01-400x225.jpeg 400w, https:\/\/pr-ide.de\/wp-content\/uploads\/2016\/09\/dsc_4525-01-500x281.jpeg 500w, https:\/\/pr-ide.de\/wp-content\/uploads\/2016\/09\/dsc_4525-01-600x338.jpeg 600w, https:\/\/pr-ide.de\/wp-content\/uploads\/2016\/09\/dsc_4525-01-768x432.jpeg 768w, https:\/\/pr-ide.de\/wp-content\/uploads\/2016\/09\/dsc_4525-01-800x450.jpeg 800w, https:\/\/pr-ide.de\/wp-content\/uploads\/2016\/09\/dsc_4525-01-1024x576.jpeg 1024w, https:\/\/pr-ide.de\/wp-content\/uploads\/2016\/09\/dsc_4525-01-1200x675.jpeg 1200w\" data-sizes=\"auto\" data-orig-sizes=\"(max-width: 1024px) 100vw, 1024px\" \/><\/a><p id=\"caption-attachment-16978\" class=\"wp-caption-text\">SAXTOR oder MAMSUNG?<\/p><\/div><div class=\"fusion-clearfix\"><\/div><\/div><\/div><\/div><\/div>\n","protected":false},"excerpt":{"rendered":"<p>Produkt oder Industrial Design ist ein Prozess, w\u00e4hrend dessen ein Gegenstand eine f\u00fcr seinen Gebrauch und sein Umfeld sinnf\u00e4llige Form bekommt. Firmen dient dieser Prozess auch dazu, ihr Produkt von denen der Mitbewerber abzuheben oder unterscheidbar zu machen. Man kann  [&#8230;]<\/p>\n","protected":false},"author":15,"featured_media":0,"comment_status":"open","ping_status":"closed","sticky":false,"template":"","format":"standard","meta":{"_monsterinsights_skip_tracking":false,"_monsterinsights_sitenote_active":false,"_monsterinsights_sitenote_note":"","_monsterinsights_sitenote_category":0,"_jetpack_memberships_contains_paid_content":false,"footnotes":""},"categories":[1034,36],"tags":[1298,1522,1523],"class_list":["post-16979","post","type-post","status-publish","format-standard","hentry","category-neues-aus-der-buchstabenfabrik","category-unter-den-scanner-geraten","tag-design","tag-gestaltung","tag-industrial-design"],"yoast_head":"<!-- This site is optimized with the Yoast SEO plugin v27.2 - https:\/\/yoast.com\/product\/yoast-seo-wordpress\/ -->\n<title>Designprozess - pr-ide<\/title>\n<meta name=\"robots\" content=\"index, follow, max-snippet:-1, max-image-preview:large, max-video-preview:-1\" \/>\n<link rel=\"canonical\" href=\"https:\/\/pr-ide.de\/blog\/2016\/09\/designprozess\/\" \/>\n<meta property=\"og:locale\" content=\"en_US\" \/>\n<meta property=\"og:type\" content=\"article\" \/>\n<meta property=\"og:title\" content=\"Designprozess - pr-ide\" \/>\n<meta property=\"og:description\" content=\"Produkt oder Industrial Design ist ein Prozess, w\u00e4hrend dessen ein Gegenstand eine f\u00fcr seinen Gebrauch und sein Umfeld sinnf\u00e4llige Form bekommt. Firmen dient dieser Prozess auch dazu, ihr Produkt von denen der Mitbewerber abzuheben oder unterscheidbar zu machen. Man kann [...]\" \/>\n<meta property=\"og:url\" content=\"https:\/\/pr-ide.de\/blog\/2016\/09\/designprozess\/\" \/>\n<meta property=\"og:site_name\" content=\"pr-ide\" \/>\n<meta property=\"article:publisher\" content=\"https:\/\/www.facebook.com\/prideberlin\/\" \/>\n<meta property=\"article:published_time\" content=\"2016-09-13T08:57:34+00:00\" \/>\n<meta property=\"article:modified_time\" content=\"2016-10-16T14:48:56+00:00\" \/>\n<meta property=\"og:image\" content=\"https:\/\/pr-ide.de\/wp-content\/uploads\/2016\/09\/dsc_4525-01-1024x576.jpeg\" \/>\n<meta name=\"author\" content=\"Philipp Sack\" \/>\n<meta name=\"twitter:label1\" content=\"Written by\" \/>\n\t<meta name=\"twitter:data1\" content=\"Philipp Sack\" \/>\n\t<meta name=\"twitter:label2\" content=\"Est. reading time\" \/>\n\t<meta name=\"twitter:data2\" content=\"1 minute\" \/>\n<script type=\"application\/ld+json\" class=\"yoast-schema-graph\">{\"@context\":\"https:\/\/schema.org\",\"@graph\":[{\"@type\":\"Article\",\"@id\":\"https:\/\/pr-ide.de\/blog\/2016\/09\/designprozess\/#article\",\"isPartOf\":{\"@id\":\"https:\/\/pr-ide.de\/blog\/2016\/09\/designprozess\/\"},\"author\":{\"name\":\"Philipp Sack\",\"@id\":\"https:\/\/pr-ide.de\/#\/schema\/person\/4bb8cb929d552fc1cd7c49d25ef90093\"},\"headline\":\"Designprozess\",\"datePublished\":\"2016-09-13T08:57:34+00:00\",\"dateModified\":\"2016-10-16T14:48:56+00:00\",\"mainEntityOfPage\":{\"@id\":\"https:\/\/pr-ide.de\/blog\/2016\/09\/designprozess\/\"},\"wordCount\":130,\"commentCount\":0,\"publisher\":{\"@id\":\"https:\/\/pr-ide.de\/#organization\"},\"image\":{\"@id\":\"https:\/\/pr-ide.de\/blog\/2016\/09\/designprozess\/#primaryimage\"},\"thumbnailUrl\":\"https:\/\/pr-ide.de\/wp-content\/uploads\/2016\/09\/dsc_4525-01-1024x576.jpeg\",\"keywords\":[\"Design\",\"Gestaltung\",\"Industrial Design\"],\"articleSection\":[\"Neues aus der Buchstabenfabrik.\",\"Unter den Scanner geraten\"],\"inLanguage\":\"en-US\",\"potentialAction\":[{\"@type\":\"CommentAction\",\"name\":\"Comment\",\"target\":[\"https:\/\/pr-ide.de\/blog\/2016\/09\/designprozess\/#respond\"]}]},{\"@type\":\"WebPage\",\"@id\":\"https:\/\/pr-ide.de\/blog\/2016\/09\/designprozess\/\",\"url\":\"https:\/\/pr-ide.de\/blog\/2016\/09\/designprozess\/\",\"name\":\"Designprozess - pr-ide\",\"isPartOf\":{\"@id\":\"https:\/\/pr-ide.de\/#website\"},\"primaryImageOfPage\":{\"@id\":\"https:\/\/pr-ide.de\/blog\/2016\/09\/designprozess\/#primaryimage\"},\"image\":{\"@id\":\"https:\/\/pr-ide.de\/blog\/2016\/09\/designprozess\/#primaryimage\"},\"thumbnailUrl\":\"https:\/\/pr-ide.de\/wp-content\/uploads\/2016\/09\/dsc_4525-01-1024x576.jpeg\",\"datePublished\":\"2016-09-13T08:57:34+00:00\",\"dateModified\":\"2016-10-16T14:48:56+00:00\",\"breadcrumb\":{\"@id\":\"https:\/\/pr-ide.de\/blog\/2016\/09\/designprozess\/#breadcrumb\"},\"inLanguage\":\"en-US\",\"potentialAction\":[{\"@type\":\"ReadAction\",\"target\":[\"https:\/\/pr-ide.de\/blog\/2016\/09\/designprozess\/\"]}]},{\"@type\":\"ImageObject\",\"inLanguage\":\"en-US\",\"@id\":\"https:\/\/pr-ide.de\/blog\/2016\/09\/designprozess\/#primaryimage\",\"url\":\"https:\/\/pr-ide.de\/wp-content\/uploads\/2016\/09\/dsc_4525-01-1024x576.jpeg\",\"contentUrl\":\"https:\/\/pr-ide.de\/wp-content\/uploads\/2016\/09\/dsc_4525-01-1024x576.jpeg\"},{\"@type\":\"BreadcrumbList\",\"@id\":\"https:\/\/pr-ide.de\/blog\/2016\/09\/designprozess\/#breadcrumb\",\"itemListElement\":[{\"@type\":\"ListItem\",\"position\":1,\"name\":\"Home\",\"item\":\"https:\/\/pr-ide.de\/en\/the-agency-for-creative-success\/\"},{\"@type\":\"ListItem\",\"position\":2,\"name\":\"Designprozess\"}]},{\"@type\":\"WebSite\",\"@id\":\"https:\/\/pr-ide.de\/#website\",\"url\":\"https:\/\/pr-ide.de\/\",\"name\":\"pr-ide\",\"description\":\"die agentur f\u00fcr kreative erfolge\",\"publisher\":{\"@id\":\"https:\/\/pr-ide.de\/#organization\"},\"potentialAction\":[{\"@type\":\"SearchAction\",\"target\":{\"@type\":\"EntryPoint\",\"urlTemplate\":\"https:\/\/pr-ide.de\/?s={search_term_string}\"},\"query-input\":{\"@type\":\"PropertyValueSpecification\",\"valueRequired\":true,\"valueName\":\"search_term_string\"}}],\"inLanguage\":\"en-US\"},{\"@type\":\"Organization\",\"@id\":\"https:\/\/pr-ide.de\/#organization\",\"name\":\"pr-ide\",\"url\":\"https:\/\/pr-ide.de\/\",\"logo\":{\"@type\":\"ImageObject\",\"inLanguage\":\"en-US\",\"@id\":\"https:\/\/pr-ide.de\/#\/schema\/logo\/image\/\",\"url\":\"\",\"contentUrl\":\"\",\"caption\":\"pr-ide\"},\"image\":{\"@id\":\"https:\/\/pr-ide.de\/#\/schema\/logo\/image\/\"},\"sameAs\":[\"https:\/\/www.facebook.com\/prideberlin\/\",\"https:\/\/x.com\/pr_ide\",\"https:\/\/www.linkedin.com\/company\/pr-ide-gbr\/\"]},{\"@type\":\"Person\",\"@id\":\"https:\/\/pr-ide.de\/#\/schema\/person\/4bb8cb929d552fc1cd7c49d25ef90093\",\"name\":\"Philipp Sack\",\"image\":{\"@type\":\"ImageObject\",\"inLanguage\":\"en-US\",\"@id\":\"https:\/\/secure.gravatar.com\/avatar\/e7d041e5f3b6ec52d1f4dcd0266ccdf14a0b7227561f91f92a474ad68a30da9a?s=96&d=robohash&r=g\",\"url\":\"https:\/\/secure.gravatar.com\/avatar\/e7d041e5f3b6ec52d1f4dcd0266ccdf14a0b7227561f91f92a474ad68a30da9a?s=96&d=robohash&r=g\",\"contentUrl\":\"https:\/\/secure.gravatar.com\/avatar\/e7d041e5f3b6ec52d1f4dcd0266ccdf14a0b7227561f91f92a474ad68a30da9a?s=96&d=robohash&r=g\",\"caption\":\"Philipp Sack\"},\"description\":\"CEO und Kreativkopf bei pr-ide. Kreuz und querlenkend, gerne segelnd. Immer auf der Suche nach innovativen L\u00f6sungen - manchmal schon bevor das Problem erkannt wurde.\",\"sameAs\":[\"http:\/\/www.pr-ide.de\",\"https:\/\/www.linkedin.com\/in\/philipp-sack\/\"],\"url\":\"https:\/\/pr-ide.de\/en\/blog\/author\/seesack-2-2-2-2-2-2-2-2-2-2-2-2-2-2-2-2-2-2-2-2\/\"}]}<\/script>\n<!-- \/ Yoast SEO plugin. -->","yoast_head_json":{"title":"Designprozess - pr-ide","robots":{"index":"index","follow":"follow","max-snippet":"max-snippet:-1","max-image-preview":"max-image-preview:large","max-video-preview":"max-video-preview:-1"},"canonical":"https:\/\/pr-ide.de\/blog\/2016\/09\/designprozess\/","og_locale":"en_US","og_type":"article","og_title":"Designprozess - pr-ide","og_description":"Produkt oder Industrial Design ist ein Prozess, w\u00e4hrend dessen ein Gegenstand eine f\u00fcr seinen Gebrauch und sein Umfeld sinnf\u00e4llige Form bekommt. Firmen dient dieser Prozess auch dazu, ihr Produkt von denen der Mitbewerber abzuheben oder unterscheidbar zu machen. Man kann [...]","og_url":"https:\/\/pr-ide.de\/blog\/2016\/09\/designprozess\/","og_site_name":"pr-ide","article_publisher":"https:\/\/www.facebook.com\/prideberlin\/","article_published_time":"2016-09-13T08:57:34+00:00","article_modified_time":"2016-10-16T14:48:56+00:00","og_image":[{"url":"https:\/\/pr-ide.de\/wp-content\/uploads\/2016\/09\/dsc_4525-01-1024x576.jpeg","type":"","width":"","height":""}],"author":"Philipp Sack","twitter_misc":{"Written by":"Philipp Sack","Est. reading time":"1 minute"},"schema":{"@context":"https:\/\/schema.org","@graph":[{"@type":"Article","@id":"https:\/\/pr-ide.de\/blog\/2016\/09\/designprozess\/#article","isPartOf":{"@id":"https:\/\/pr-ide.de\/blog\/2016\/09\/designprozess\/"},"author":{"name":"Philipp Sack","@id":"https:\/\/pr-ide.de\/#\/schema\/person\/4bb8cb929d552fc1cd7c49d25ef90093"},"headline":"Designprozess","datePublished":"2016-09-13T08:57:34+00:00","dateModified":"2016-10-16T14:48:56+00:00","mainEntityOfPage":{"@id":"https:\/\/pr-ide.de\/blog\/2016\/09\/designprozess\/"},"wordCount":130,"commentCount":0,"publisher":{"@id":"https:\/\/pr-ide.de\/#organization"},"image":{"@id":"https:\/\/pr-ide.de\/blog\/2016\/09\/designprozess\/#primaryimage"},"thumbnailUrl":"https:\/\/pr-ide.de\/wp-content\/uploads\/2016\/09\/dsc_4525-01-1024x576.jpeg","keywords":["Design","Gestaltung","Industrial Design"],"articleSection":["Neues aus der Buchstabenfabrik.","Unter den Scanner geraten"],"inLanguage":"en-US","potentialAction":[{"@type":"CommentAction","name":"Comment","target":["https:\/\/pr-ide.de\/blog\/2016\/09\/designprozess\/#respond"]}]},{"@type":"WebPage","@id":"https:\/\/pr-ide.de\/blog\/2016\/09\/designprozess\/","url":"https:\/\/pr-ide.de\/blog\/2016\/09\/designprozess\/","name":"Designprozess - pr-ide","isPartOf":{"@id":"https:\/\/pr-ide.de\/#website"},"primaryImageOfPage":{"@id":"https:\/\/pr-ide.de\/blog\/2016\/09\/designprozess\/#primaryimage"},"image":{"@id":"https:\/\/pr-ide.de\/blog\/2016\/09\/designprozess\/#primaryimage"},"thumbnailUrl":"https:\/\/pr-ide.de\/wp-content\/uploads\/2016\/09\/dsc_4525-01-1024x576.jpeg","datePublished":"2016-09-13T08:57:34+00:00","dateModified":"2016-10-16T14:48:56+00:00","breadcrumb":{"@id":"https:\/\/pr-ide.de\/blog\/2016\/09\/designprozess\/#breadcrumb"},"inLanguage":"en-US","potentialAction":[{"@type":"ReadAction","target":["https:\/\/pr-ide.de\/blog\/2016\/09\/designprozess\/"]}]},{"@type":"ImageObject","inLanguage":"en-US","@id":"https:\/\/pr-ide.de\/blog\/2016\/09\/designprozess\/#primaryimage","url":"https:\/\/pr-ide.de\/wp-content\/uploads\/2016\/09\/dsc_4525-01-1024x576.jpeg","contentUrl":"https:\/\/pr-ide.de\/wp-content\/uploads\/2016\/09\/dsc_4525-01-1024x576.jpeg"},{"@type":"BreadcrumbList","@id":"https:\/\/pr-ide.de\/blog\/2016\/09\/designprozess\/#breadcrumb","itemListElement":[{"@type":"ListItem","position":1,"name":"Home","item":"https:\/\/pr-ide.de\/en\/the-agency-for-creative-success\/"},{"@type":"ListItem","position":2,"name":"Designprozess"}]},{"@type":"WebSite","@id":"https:\/\/pr-ide.de\/#website","url":"https:\/\/pr-ide.de\/","name":"pr-ide","description":"die agentur f\u00fcr kreative erfolge","publisher":{"@id":"https:\/\/pr-ide.de\/#organization"},"potentialAction":[{"@type":"SearchAction","target":{"@type":"EntryPoint","urlTemplate":"https:\/\/pr-ide.de\/?s={search_term_string}"},"query-input":{"@type":"PropertyValueSpecification","valueRequired":true,"valueName":"search_term_string"}}],"inLanguage":"en-US"},{"@type":"Organization","@id":"https:\/\/pr-ide.de\/#organization","name":"pr-ide","url":"https:\/\/pr-ide.de\/","logo":{"@type":"ImageObject","inLanguage":"en-US","@id":"https:\/\/pr-ide.de\/#\/schema\/logo\/image\/","url":"","contentUrl":"","caption":"pr-ide"},"image":{"@id":"https:\/\/pr-ide.de\/#\/schema\/logo\/image\/"},"sameAs":["https:\/\/www.facebook.com\/prideberlin\/","https:\/\/x.com\/pr_ide","https:\/\/www.linkedin.com\/company\/pr-ide-gbr\/"]},{"@type":"Person","@id":"https:\/\/pr-ide.de\/#\/schema\/person\/4bb8cb929d552fc1cd7c49d25ef90093","name":"Philipp Sack","image":{"@type":"ImageObject","inLanguage":"en-US","@id":"https:\/\/secure.gravatar.com\/avatar\/e7d041e5f3b6ec52d1f4dcd0266ccdf14a0b7227561f91f92a474ad68a30da9a?s=96&d=robohash&r=g","url":"https:\/\/secure.gravatar.com\/avatar\/e7d041e5f3b6ec52d1f4dcd0266ccdf14a0b7227561f91f92a474ad68a30da9a?s=96&d=robohash&r=g","contentUrl":"https:\/\/secure.gravatar.com\/avatar\/e7d041e5f3b6ec52d1f4dcd0266ccdf14a0b7227561f91f92a474ad68a30da9a?s=96&d=robohash&r=g","caption":"Philipp Sack"},"description":"CEO und Kreativkopf bei pr-ide. Kreuz und querlenkend, gerne segelnd. Immer auf der Suche nach innovativen L\u00f6sungen - manchmal schon bevor das Problem erkannt wurde.","sameAs":["http:\/\/www.pr-ide.de","https:\/\/www.linkedin.com\/in\/philipp-sack\/"],"url":"https:\/\/pr-ide.de\/en\/blog\/author\/seesack-2-2-2-2-2-2-2-2-2-2-2-2-2-2-2-2-2-2-2-2\/"}]}},"jetpack_featured_media_url":"","jetpack_sharing_enabled":true,"_links":{"self":[{"href":"https:\/\/pr-ide.de\/en\/wp-json\/wp\/v2\/posts\/16979","targetHints":{"allow":["GET"]}}],"collection":[{"href":"https:\/\/pr-ide.de\/en\/wp-json\/wp\/v2\/posts"}],"about":[{"href":"https:\/\/pr-ide.de\/en\/wp-json\/wp\/v2\/types\/post"}],"author":[{"embeddable":true,"href":"https:\/\/pr-ide.de\/en\/wp-json\/wp\/v2\/users\/15"}],"replies":[{"embeddable":true,"href":"https:\/\/pr-ide.de\/en\/wp-json\/wp\/v2\/comments?post=16979"}],"version-history":[{"count":0,"href":"https:\/\/pr-ide.de\/en\/wp-json\/wp\/v2\/posts\/16979\/revisions"}],"wp:attachment":[{"href":"https:\/\/pr-ide.de\/en\/wp-json\/wp\/v2\/media?parent=16979"}],"wp:term":[{"taxonomy":"category","embeddable":true,"href":"https:\/\/pr-ide.de\/en\/wp-json\/wp\/v2\/categories?post=16979"},{"taxonomy":"post_tag","embeddable":true,"href":"https:\/\/pr-ide.de\/en\/wp-json\/wp\/v2\/tags?post=16979"}],"curies":[{"name":"wp","href":"https:\/\/api.w.org\/{rel}","templated":true}]}}