{"id":17000,"date":"2016-09-26T13:42:02","date_gmt":"2016-09-26T12:42:02","guid":{"rendered":"https:\/\/pr-ide.de\/?p=17000"},"modified":"2016-10-16T15:48:52","modified_gmt":"2016-10-16T14:48:52","slug":"das-eckige-muss-ins-runde","status":"publish","type":"post","link":"https:\/\/pr-ide.de\/en\/blog\/2016\/09\/das-eckige-muss-ins-runde\/","title":{"rendered":"Das Eckige muss ins Runde"},"content":{"rendered":"<p>Wenn man auf einem \u2013 mittlerweile altert\u00fcmlichen \u2013 4:3 Monitor Filme im <a href=\"http:\/\/www.dvdlog.de\/filmformate\/filmformate.htm\" target=\"_blank\">Breitbildformat <\/a>anschaut, dann stellt man fest: Mindestens zwei Drittel der Technik sind umsonst eingesetzt.<\/p>\n<p>Oben und unten dicker schwarzer Streifen.<\/p>\n<p>Besonders f\u00e4llt es auf bei Filmen wie zum Beispiel Tarantinos \u201e<a href=\"https:\/\/www.youtube.com\/watch?v=gnRbXn4-Yis\" target=\"_blank\">The Hateful Eight<\/a>\u201c mit einem Seitenverh\u00e4ltnis von 2,76 : 1.<\/p>\n<p>Verwunderlich sind solche \u00fcberbreiten Leinw\u00e4nde oder Bildschirme, wenn man sich ansieht wie wir sehen. Unser Auge ist rund, ein Ball, transparent. Eine fast halbkugelf\u00f6rmige Projektionsfl\u00e4che hinter der Linse. Keine schwarzen Balken, keine Breitwand.<\/p>\n<div class=\"fusion-fullwidth fullwidth-box fusion-builder-row-1 hundred-percent-fullwidth non-hundred-percent-height-scrolling\" style=\"--awb-border-radius-top-left:0px;--awb-border-radius-top-right:0px;--awb-border-radius-bottom-right:0px;--awb-border-radius-bottom-left:0px;--awb-overflow:visible;--awb-flex-wrap:wrap;\" ><div class=\"fusion-builder-row fusion-row\"><div class=\"fusion-layout-column fusion_builder_column fusion-builder-column-0 fusion_builder_column_1_1 1_1 fusion-one-full fusion-column-first fusion-column-last fusion-column-no-min-height\" style=\"--awb-bg-size:cover;--awb-margin-bottom:0px;\"><div class=\"fusion-column-wrapper fusion-flex-column-wrapper-legacy\"><div id=\"attachment_17001\" style=\"width: 1034px\" class=\"wp-caption alignnone\"><img decoding=\"async\" aria-describedby=\"caption-attachment-17001\" class=\"lazyload size-large wp-image-17001\" src=\"https:\/\/pr-ide.de\/wp-content\/uploads\/2016\/09\/Normal_right_eye_visual_fild_by_campimeter-1024x721.jpg\" data-orig-src=\"https:\/\/pr-ide.de\/wp-content\/uploads\/2016\/09\/Normal_right_eye_visual_fild_by_campimeter-1024x721.jpg\" alt=\"By Pignol23 (Own work) &#091;CC BY 3.0 (http:\/\/creativecommons.org\/licenses\/by\/3.0)&#093;, via Wikimedia Commons\" width=\"1024\" height=\"721\" srcset=\"data:image\/svg+xml,%3Csvg%20xmlns%3D%27http%3A%2F%2Fwww.w3.org%2F2000%2Fsvg%27%20width%3D%271024%27%20height%3D%27721%27%20viewBox%3D%270%200%201024%20721%27%3E%3Crect%20width%3D%271024%27%20height%3D%27721%27%20fill-opacity%3D%220%22%2F%3E%3C%2Fsvg%3E\" data-srcset=\"https:\/\/pr-ide.de\/wp-content\/uploads\/2016\/09\/Normal_right_eye_visual_fild_by_campimeter-200x141.jpg 200w, https:\/\/pr-ide.de\/wp-content\/uploads\/2016\/09\/Normal_right_eye_visual_fild_by_campimeter-300x211.jpg 300w, https:\/\/pr-ide.de\/wp-content\/uploads\/2016\/09\/Normal_right_eye_visual_fild_by_campimeter-400x282.jpg 400w, https:\/\/pr-ide.de\/wp-content\/uploads\/2016\/09\/Normal_right_eye_visual_fild_by_campimeter-500x352.jpg 500w, https:\/\/pr-ide.de\/wp-content\/uploads\/2016\/09\/Normal_right_eye_visual_fild_by_campimeter-600x423.jpg 600w, https:\/\/pr-ide.de\/wp-content\/uploads\/2016\/09\/Normal_right_eye_visual_fild_by_campimeter-768x541.jpg 768w, https:\/\/pr-ide.de\/wp-content\/uploads\/2016\/09\/Normal_right_eye_visual_fild_by_campimeter-800x564.jpg 800w, https:\/\/pr-ide.de\/wp-content\/uploads\/2016\/09\/Normal_right_eye_visual_fild_by_campimeter-1024x721.jpg 1024w, https:\/\/pr-ide.de\/wp-content\/uploads\/2016\/09\/Normal_right_eye_visual_fild_by_campimeter-1200x845.jpg 1200w, https:\/\/pr-ide.de\/wp-content\/uploads\/2016\/09\/Normal_right_eye_visual_fild_by_campimeter.jpg 1249w\" data-sizes=\"auto\" data-orig-sizes=\"(max-width: 1024px) 100vw, 1024px\" \/><p id=\"caption-attachment-17001\" class=\"wp-caption-text\">By Pignol23 (Own work) [CC BY 3.0 (http:\/\/creativecommons.org\/licenses\/by\/3.0)], via Wikimedia Commons<\/p><\/div>Wenn wir also nicht sehr nahe an einem Breitbild stehen, dann vergr\u00f6\u00dfert sich bei einem in einer Dimension wachsenden Bildfl\u00e4che bei Betrachtung eigentlich nur der sichtbare Anteil dessen, was wir nicht darstellen wollen. Der Hintergrund.<\/p>\n<p>Bleibt abzuwarten wann die ersten Mobilen Endger\u00e4te dann mit rundem Bildschirm auftauchen, wann wir uns den ersten Kreisprojektor ins Wohnzimmer stellen. ;)<div class=\"fusion-clearfix\"><\/div><\/div><\/div><\/div><\/div>\n","protected":false},"excerpt":{"rendered":"<p>Wenn man auf einem \u2013 mittlerweile altert\u00fcmlichen \u2013 4:3 Monitor Filme im Breitbildformat anschaut, dann stellt man fest: Mindestens zwei Drittel der Technik sind umsonst eingesetzt. Oben und unten dicker schwarzer Streifen. Besonders f\u00e4llt es auf bei Filmen wie zum  [&#8230;]<\/p>\n","protected":false},"author":15,"featured_media":17002,"comment_status":"open","ping_status":"closed","sticky":false,"template":"","format":"standard","meta":{"_monsterinsights_skip_tracking":false,"_monsterinsights_sitenote_active":false,"_monsterinsights_sitenote_note":"","_monsterinsights_sitenote_category":0,"_jetpack_memberships_contains_paid_content":false,"footnotes":""},"categories":[71,1034],"tags":[1529,1528,1530],"class_list":["post-17000","post","type-post","status-publish","format-standard","has-post-thumbnail","hentry","category-designideen","category-neues-aus-der-buchstabenfabrik","tag-breitbild","tag-breitwand","tag-sehstoerung"],"yoast_head":"<!-- This site is optimized with the Yoast SEO plugin v27.2 - https:\/\/yoast.com\/product\/yoast-seo-wordpress\/ -->\n<title>Das Eckige muss ins Runde - pr-ide<\/title>\n<meta name=\"robots\" content=\"index, follow, max-snippet:-1, max-image-preview:large, max-video-preview:-1\" \/>\n<link rel=\"canonical\" href=\"https:\/\/pr-ide.de\/blog\/2016\/09\/das-eckige-muss-ins-runde\/\" \/>\n<meta property=\"og:locale\" content=\"en_US\" \/>\n<meta property=\"og:type\" content=\"article\" \/>\n<meta property=\"og:title\" content=\"Das Eckige muss ins Runde - pr-ide\" \/>\n<meta property=\"og:description\" content=\"Wenn man auf einem \u2013 mittlerweile altert\u00fcmlichen \u2013 4:3 Monitor Filme im Breitbildformat anschaut, dann stellt man fest: Mindestens zwei Drittel der Technik sind umsonst eingesetzt. Oben und unten dicker schwarzer Streifen. Besonders f\u00e4llt es auf bei Filmen wie zum [...]\" \/>\n<meta property=\"og:url\" content=\"https:\/\/pr-ide.de\/blog\/2016\/09\/das-eckige-muss-ins-runde\/\" \/>\n<meta property=\"og:site_name\" content=\"pr-ide\" \/>\n<meta property=\"article:publisher\" content=\"https:\/\/www.facebook.com\/prideberlin\/\" \/>\n<meta property=\"article:published_time\" content=\"2016-09-26T12:42:02+00:00\" \/>\n<meta property=\"article:modified_time\" content=\"2016-10-16T14:48:52+00:00\" \/>\n<meta property=\"og:image\" content=\"https:\/\/pr-ide.de\/wp-content\/uploads\/2016\/09\/mobile-round.jpg\" \/>\n\t<meta property=\"og:image:width\" content=\"1916\" \/>\n\t<meta property=\"og:image:height\" content=\"1114\" \/>\n\t<meta property=\"og:image:type\" content=\"image\/jpeg\" \/>\n<meta name=\"author\" content=\"Philipp Sack\" \/>\n<meta name=\"twitter:label1\" content=\"Written by\" \/>\n\t<meta name=\"twitter:data1\" content=\"Philipp Sack\" \/>\n\t<meta name=\"twitter:label2\" content=\"Est. reading time\" \/>\n\t<meta name=\"twitter:data2\" content=\"1 minute\" \/>\n<script type=\"application\/ld+json\" class=\"yoast-schema-graph\">{\"@context\":\"https:\/\/schema.org\",\"@graph\":[{\"@type\":\"Article\",\"@id\":\"https:\/\/pr-ide.de\/blog\/2016\/09\/das-eckige-muss-ins-runde\/#article\",\"isPartOf\":{\"@id\":\"https:\/\/pr-ide.de\/blog\/2016\/09\/das-eckige-muss-ins-runde\/\"},\"author\":{\"name\":\"Philipp Sack\",\"@id\":\"https:\/\/pr-ide.de\/#\/schema\/person\/4bb8cb929d552fc1cd7c49d25ef90093\"},\"headline\":\"Das Eckige muss ins Runde\",\"datePublished\":\"2016-09-26T12:42:02+00:00\",\"dateModified\":\"2016-10-16T14:48:52+00:00\",\"mainEntityOfPage\":{\"@id\":\"https:\/\/pr-ide.de\/blog\/2016\/09\/das-eckige-muss-ins-runde\/\"},\"wordCount\":240,\"commentCount\":0,\"publisher\":{\"@id\":\"https:\/\/pr-ide.de\/#organization\"},\"image\":{\"@id\":\"https:\/\/pr-ide.de\/blog\/2016\/09\/das-eckige-muss-ins-runde\/#primaryimage\"},\"thumbnailUrl\":\"https:\/\/pr-ide.de\/wp-content\/uploads\/2016\/09\/mobile-round.jpg\",\"keywords\":[\"Breitbild\",\"Breitwand\",\"Sehst\u00f6rung\"],\"articleSection\":[\"Designideen\",\"Neues aus der Buchstabenfabrik.\"],\"inLanguage\":\"en-US\",\"potentialAction\":[{\"@type\":\"CommentAction\",\"name\":\"Comment\",\"target\":[\"https:\/\/pr-ide.de\/blog\/2016\/09\/das-eckige-muss-ins-runde\/#respond\"]}]},{\"@type\":\"WebPage\",\"@id\":\"https:\/\/pr-ide.de\/blog\/2016\/09\/das-eckige-muss-ins-runde\/\",\"url\":\"https:\/\/pr-ide.de\/blog\/2016\/09\/das-eckige-muss-ins-runde\/\",\"name\":\"Das Eckige muss ins Runde - pr-ide\",\"isPartOf\":{\"@id\":\"https:\/\/pr-ide.de\/#website\"},\"primaryImageOfPage\":{\"@id\":\"https:\/\/pr-ide.de\/blog\/2016\/09\/das-eckige-muss-ins-runde\/#primaryimage\"},\"image\":{\"@id\":\"https:\/\/pr-ide.de\/blog\/2016\/09\/das-eckige-muss-ins-runde\/#primaryimage\"},\"thumbnailUrl\":\"https:\/\/pr-ide.de\/wp-content\/uploads\/2016\/09\/mobile-round.jpg\",\"datePublished\":\"2016-09-26T12:42:02+00:00\",\"dateModified\":\"2016-10-16T14:48:52+00:00\",\"breadcrumb\":{\"@id\":\"https:\/\/pr-ide.de\/blog\/2016\/09\/das-eckige-muss-ins-runde\/#breadcrumb\"},\"inLanguage\":\"en-US\",\"potentialAction\":[{\"@type\":\"ReadAction\",\"target\":[\"https:\/\/pr-ide.de\/blog\/2016\/09\/das-eckige-muss-ins-runde\/\"]}]},{\"@type\":\"ImageObject\",\"inLanguage\":\"en-US\",\"@id\":\"https:\/\/pr-ide.de\/blog\/2016\/09\/das-eckige-muss-ins-runde\/#primaryimage\",\"url\":\"https:\/\/pr-ide.de\/wp-content\/uploads\/2016\/09\/mobile-round.jpg\",\"contentUrl\":\"https:\/\/pr-ide.de\/wp-content\/uploads\/2016\/09\/mobile-round.jpg\",\"width\":1916,\"height\":1114},{\"@type\":\"BreadcrumbList\",\"@id\":\"https:\/\/pr-ide.de\/blog\/2016\/09\/das-eckige-muss-ins-runde\/#breadcrumb\",\"itemListElement\":[{\"@type\":\"ListItem\",\"position\":1,\"name\":\"Home\",\"item\":\"https:\/\/pr-ide.de\/en\/the-agency-for-creative-success\/\"},{\"@type\":\"ListItem\",\"position\":2,\"name\":\"Das Eckige muss ins Runde\"}]},{\"@type\":\"WebSite\",\"@id\":\"https:\/\/pr-ide.de\/#website\",\"url\":\"https:\/\/pr-ide.de\/\",\"name\":\"pr-ide\",\"description\":\"die agentur f\u00fcr kreative erfolge\",\"publisher\":{\"@id\":\"https:\/\/pr-ide.de\/#organization\"},\"potentialAction\":[{\"@type\":\"SearchAction\",\"target\":{\"@type\":\"EntryPoint\",\"urlTemplate\":\"https:\/\/pr-ide.de\/?s={search_term_string}\"},\"query-input\":{\"@type\":\"PropertyValueSpecification\",\"valueRequired\":true,\"valueName\":\"search_term_string\"}}],\"inLanguage\":\"en-US\"},{\"@type\":\"Organization\",\"@id\":\"https:\/\/pr-ide.de\/#organization\",\"name\":\"pr-ide\",\"url\":\"https:\/\/pr-ide.de\/\",\"logo\":{\"@type\":\"ImageObject\",\"inLanguage\":\"en-US\",\"@id\":\"https:\/\/pr-ide.de\/#\/schema\/logo\/image\/\",\"url\":\"\",\"contentUrl\":\"\",\"caption\":\"pr-ide\"},\"image\":{\"@id\":\"https:\/\/pr-ide.de\/#\/schema\/logo\/image\/\"},\"sameAs\":[\"https:\/\/www.facebook.com\/prideberlin\/\",\"https:\/\/x.com\/pr_ide\",\"https:\/\/www.linkedin.com\/company\/pr-ide-gbr\/\"]},{\"@type\":\"Person\",\"@id\":\"https:\/\/pr-ide.de\/#\/schema\/person\/4bb8cb929d552fc1cd7c49d25ef90093\",\"name\":\"Philipp Sack\",\"image\":{\"@type\":\"ImageObject\",\"inLanguage\":\"en-US\",\"@id\":\"https:\/\/secure.gravatar.com\/avatar\/e7d041e5f3b6ec52d1f4dcd0266ccdf14a0b7227561f91f92a474ad68a30da9a?s=96&d=robohash&r=g\",\"url\":\"https:\/\/secure.gravatar.com\/avatar\/e7d041e5f3b6ec52d1f4dcd0266ccdf14a0b7227561f91f92a474ad68a30da9a?s=96&d=robohash&r=g\",\"contentUrl\":\"https:\/\/secure.gravatar.com\/avatar\/e7d041e5f3b6ec52d1f4dcd0266ccdf14a0b7227561f91f92a474ad68a30da9a?s=96&d=robohash&r=g\",\"caption\":\"Philipp Sack\"},\"description\":\"CEO und Kreativkopf bei pr-ide. Kreuz und querlenkend, gerne segelnd. Immer auf der Suche nach innovativen L\u00f6sungen - manchmal schon bevor das Problem erkannt wurde.\",\"sameAs\":[\"http:\/\/www.pr-ide.de\",\"https:\/\/www.linkedin.com\/in\/philipp-sack\/\"],\"url\":\"https:\/\/pr-ide.de\/en\/blog\/author\/seesack-2-2-2-2-2-2-2-2-2-2-2-2-2-2-2-2-2-2-2-2\/\"}]}<\/script>\n<!-- \/ Yoast SEO plugin. -->","yoast_head_json":{"title":"Das Eckige muss ins Runde - pr-ide","robots":{"index":"index","follow":"follow","max-snippet":"max-snippet:-1","max-image-preview":"max-image-preview:large","max-video-preview":"max-video-preview:-1"},"canonical":"https:\/\/pr-ide.de\/blog\/2016\/09\/das-eckige-muss-ins-runde\/","og_locale":"en_US","og_type":"article","og_title":"Das Eckige muss ins Runde - pr-ide","og_description":"Wenn man auf einem \u2013 mittlerweile altert\u00fcmlichen \u2013 4:3 Monitor Filme im Breitbildformat anschaut, dann stellt man fest: Mindestens zwei Drittel der Technik sind umsonst eingesetzt. Oben und unten dicker schwarzer Streifen. Besonders f\u00e4llt es auf bei Filmen wie zum [...]","og_url":"https:\/\/pr-ide.de\/blog\/2016\/09\/das-eckige-muss-ins-runde\/","og_site_name":"pr-ide","article_publisher":"https:\/\/www.facebook.com\/prideberlin\/","article_published_time":"2016-09-26T12:42:02+00:00","article_modified_time":"2016-10-16T14:48:52+00:00","og_image":[{"width":1916,"height":1114,"url":"https:\/\/pr-ide.de\/wp-content\/uploads\/2016\/09\/mobile-round.jpg","type":"image\/jpeg"}],"author":"Philipp Sack","twitter_misc":{"Written by":"Philipp Sack","Est. reading time":"1 minute"},"schema":{"@context":"https:\/\/schema.org","@graph":[{"@type":"Article","@id":"https:\/\/pr-ide.de\/blog\/2016\/09\/das-eckige-muss-ins-runde\/#article","isPartOf":{"@id":"https:\/\/pr-ide.de\/blog\/2016\/09\/das-eckige-muss-ins-runde\/"},"author":{"name":"Philipp Sack","@id":"https:\/\/pr-ide.de\/#\/schema\/person\/4bb8cb929d552fc1cd7c49d25ef90093"},"headline":"Das Eckige muss ins Runde","datePublished":"2016-09-26T12:42:02+00:00","dateModified":"2016-10-16T14:48:52+00:00","mainEntityOfPage":{"@id":"https:\/\/pr-ide.de\/blog\/2016\/09\/das-eckige-muss-ins-runde\/"},"wordCount":240,"commentCount":0,"publisher":{"@id":"https:\/\/pr-ide.de\/#organization"},"image":{"@id":"https:\/\/pr-ide.de\/blog\/2016\/09\/das-eckige-muss-ins-runde\/#primaryimage"},"thumbnailUrl":"https:\/\/pr-ide.de\/wp-content\/uploads\/2016\/09\/mobile-round.jpg","keywords":["Breitbild","Breitwand","Sehst\u00f6rung"],"articleSection":["Designideen","Neues aus der Buchstabenfabrik."],"inLanguage":"en-US","potentialAction":[{"@type":"CommentAction","name":"Comment","target":["https:\/\/pr-ide.de\/blog\/2016\/09\/das-eckige-muss-ins-runde\/#respond"]}]},{"@type":"WebPage","@id":"https:\/\/pr-ide.de\/blog\/2016\/09\/das-eckige-muss-ins-runde\/","url":"https:\/\/pr-ide.de\/blog\/2016\/09\/das-eckige-muss-ins-runde\/","name":"Das Eckige muss ins Runde - pr-ide","isPartOf":{"@id":"https:\/\/pr-ide.de\/#website"},"primaryImageOfPage":{"@id":"https:\/\/pr-ide.de\/blog\/2016\/09\/das-eckige-muss-ins-runde\/#primaryimage"},"image":{"@id":"https:\/\/pr-ide.de\/blog\/2016\/09\/das-eckige-muss-ins-runde\/#primaryimage"},"thumbnailUrl":"https:\/\/pr-ide.de\/wp-content\/uploads\/2016\/09\/mobile-round.jpg","datePublished":"2016-09-26T12:42:02+00:00","dateModified":"2016-10-16T14:48:52+00:00","breadcrumb":{"@id":"https:\/\/pr-ide.de\/blog\/2016\/09\/das-eckige-muss-ins-runde\/#breadcrumb"},"inLanguage":"en-US","potentialAction":[{"@type":"ReadAction","target":["https:\/\/pr-ide.de\/blog\/2016\/09\/das-eckige-muss-ins-runde\/"]}]},{"@type":"ImageObject","inLanguage":"en-US","@id":"https:\/\/pr-ide.de\/blog\/2016\/09\/das-eckige-muss-ins-runde\/#primaryimage","url":"https:\/\/pr-ide.de\/wp-content\/uploads\/2016\/09\/mobile-round.jpg","contentUrl":"https:\/\/pr-ide.de\/wp-content\/uploads\/2016\/09\/mobile-round.jpg","width":1916,"height":1114},{"@type":"BreadcrumbList","@id":"https:\/\/pr-ide.de\/blog\/2016\/09\/das-eckige-muss-ins-runde\/#breadcrumb","itemListElement":[{"@type":"ListItem","position":1,"name":"Home","item":"https:\/\/pr-ide.de\/en\/the-agency-for-creative-success\/"},{"@type":"ListItem","position":2,"name":"Das Eckige muss ins Runde"}]},{"@type":"WebSite","@id":"https:\/\/pr-ide.de\/#website","url":"https:\/\/pr-ide.de\/","name":"pr-ide","description":"die agentur f\u00fcr kreative erfolge","publisher":{"@id":"https:\/\/pr-ide.de\/#organization"},"potentialAction":[{"@type":"SearchAction","target":{"@type":"EntryPoint","urlTemplate":"https:\/\/pr-ide.de\/?s={search_term_string}"},"query-input":{"@type":"PropertyValueSpecification","valueRequired":true,"valueName":"search_term_string"}}],"inLanguage":"en-US"},{"@type":"Organization","@id":"https:\/\/pr-ide.de\/#organization","name":"pr-ide","url":"https:\/\/pr-ide.de\/","logo":{"@type":"ImageObject","inLanguage":"en-US","@id":"https:\/\/pr-ide.de\/#\/schema\/logo\/image\/","url":"","contentUrl":"","caption":"pr-ide"},"image":{"@id":"https:\/\/pr-ide.de\/#\/schema\/logo\/image\/"},"sameAs":["https:\/\/www.facebook.com\/prideberlin\/","https:\/\/x.com\/pr_ide","https:\/\/www.linkedin.com\/company\/pr-ide-gbr\/"]},{"@type":"Person","@id":"https:\/\/pr-ide.de\/#\/schema\/person\/4bb8cb929d552fc1cd7c49d25ef90093","name":"Philipp Sack","image":{"@type":"ImageObject","inLanguage":"en-US","@id":"https:\/\/secure.gravatar.com\/avatar\/e7d041e5f3b6ec52d1f4dcd0266ccdf14a0b7227561f91f92a474ad68a30da9a?s=96&d=robohash&r=g","url":"https:\/\/secure.gravatar.com\/avatar\/e7d041e5f3b6ec52d1f4dcd0266ccdf14a0b7227561f91f92a474ad68a30da9a?s=96&d=robohash&r=g","contentUrl":"https:\/\/secure.gravatar.com\/avatar\/e7d041e5f3b6ec52d1f4dcd0266ccdf14a0b7227561f91f92a474ad68a30da9a?s=96&d=robohash&r=g","caption":"Philipp Sack"},"description":"CEO und Kreativkopf bei pr-ide. Kreuz und querlenkend, gerne segelnd. Immer auf der Suche nach innovativen L\u00f6sungen - manchmal schon bevor das Problem erkannt wurde.","sameAs":["http:\/\/www.pr-ide.de","https:\/\/www.linkedin.com\/in\/philipp-sack\/"],"url":"https:\/\/pr-ide.de\/en\/blog\/author\/seesack-2-2-2-2-2-2-2-2-2-2-2-2-2-2-2-2-2-2-2-2\/"}]}},"jetpack_featured_media_url":"https:\/\/pr-ide.de\/wp-content\/uploads\/2016\/09\/mobile-round.jpg","jetpack_sharing_enabled":true,"_links":{"self":[{"href":"https:\/\/pr-ide.de\/en\/wp-json\/wp\/v2\/posts\/17000","targetHints":{"allow":["GET"]}}],"collection":[{"href":"https:\/\/pr-ide.de\/en\/wp-json\/wp\/v2\/posts"}],"about":[{"href":"https:\/\/pr-ide.de\/en\/wp-json\/wp\/v2\/types\/post"}],"author":[{"embeddable":true,"href":"https:\/\/pr-ide.de\/en\/wp-json\/wp\/v2\/users\/15"}],"replies":[{"embeddable":true,"href":"https:\/\/pr-ide.de\/en\/wp-json\/wp\/v2\/comments?post=17000"}],"version-history":[{"count":0,"href":"https:\/\/pr-ide.de\/en\/wp-json\/wp\/v2\/posts\/17000\/revisions"}],"wp:featuredmedia":[{"embeddable":true,"href":"https:\/\/pr-ide.de\/en\/wp-json\/wp\/v2\/media\/17002"}],"wp:attachment":[{"href":"https:\/\/pr-ide.de\/en\/wp-json\/wp\/v2\/media?parent=17000"}],"wp:term":[{"taxonomy":"category","embeddable":true,"href":"https:\/\/pr-ide.de\/en\/wp-json\/wp\/v2\/categories?post=17000"},{"taxonomy":"post_tag","embeddable":true,"href":"https:\/\/pr-ide.de\/en\/wp-json\/wp\/v2\/tags?post=17000"}],"curies":[{"name":"wp","href":"https:\/\/api.w.org\/{rel}","templated":true}]}}