{"id":17838,"date":"2020-03-31T16:06:44","date_gmt":"2020-03-31T14:06:44","guid":{"rendered":"https:\/\/pr-ide.de\/?p=17838"},"modified":"2020-03-31T16:06:44","modified_gmt":"2020-03-31T14:06:44","slug":"public-relations-was-sich-aendern-wird","status":"publish","type":"post","link":"https:\/\/pr-ide.de\/en\/blog\/2020\/03\/public-relations-was-sich-aendern-wird\/","title":{"rendered":"Public Relations &#8211; was sich \u00e4ndern wird"},"content":{"rendered":"<p><span style=\"font-weight: 400;\">Messen, Veranstaltungen, Meetings und Ferien sind auf unbestimmte Zeit verschoben. Das Jahr 2020 stellt Unternehmen vor neue Herausforderungen. Die Welt des Digitalen geht schon jetzt als Gewinnerin der Krise hervor. Wer online gut aufgestellt ist und zudem gute Ideen entwickelt, um eine Zwangs-Schlie\u00dfung oder die Arbeit vom Homeoffice heraus zu meistern, wird sicher jetzt einen gro\u00dfen Marktvorteil sichern k\u00f6nnen. Und, die die es noch nicht in die online Welt geschafft haben, werden sicherlich jetzt die Notwendigkeit verstehen, diesen Schritt zu gehen.<\/span><\/p>\n<p><span style=\"font-weight: 400;\">Was aber hei\u00dft gut aufgestellt zu sein? Es gibt unterschiedliche Ebenen im Unternehmen, die digital ausgesch\u00f6pft werden k\u00f6nnen:<\/span><\/p>\n<p><b>Die Pr\u00e4sentation des Unternehmens.<\/b><span style=\"font-weight: 400;\"> L\u00e4ngst nicht mehr nur die Website allein ist der Dreh- und Angelpunkt. Gefragt sind Stories in Form von Bewegtbild, Podcast\u00a0 und interaktiver Animation, die auf vielen Kan\u00e4len abrufbar sein sollten. Das Unternehmen wird zu einem virtuellen Erlebnis.\u00a0<\/span><\/p>\n<p><b>Messen, Meetings und Veranstaltungen.<\/b><span style=\"font-weight: 400;\"> L\u00e4ngst schon sind die kr\u00e4ftezehrenden und ressourcenintensiven Kommunikations-Plattformen auf dem Pr\u00fcfstand. Nun gibt es keine andere\u00a0 Wahl und die Notwendigkeit auf Alternativplattformen zu setzen. Die Tools f\u00fcr cloudbasierte Konferenzen, Trainings und Veranstaltungen bis hin zu Konzerten sind gefragt wie nie.\u00a0 Noch ist nicht abzusehen, ob sie die pers\u00f6nlichen Treffen ersetzen werden. Doch viele Stimmen werden laut, f\u00fcr die es eine Erleichterung bedeutet, zeitaufwendige Fahrtzeiten f\u00fcr kurze Meetings gegen ein unkompliziertes Video-Meeting abzuhalten. Sogar gr\u00f6\u00dfere Veranstaltungen und Konferenzen finden ihren Weg ins Netz. F\u00fcr viele bedeutet das eine erhebliche Kostenersparnis: Reise- und \u00dcbernachtungen \u2013 zumeist zu \u00fcberh\u00f6hten Preisen w\u00e4hrend Messen und Kongressen \u2013 entfallen g\u00e4nzlich. Es ist eine riesige Chance f\u00fcr Unternehmen, in dieser Beziehung agiler und flexibler zu werden.\u00a0<\/span><\/p>\n<p><b>Homeoffice<\/b><span style=\"font-weight: 400;\">. F\u00fcr viele Unternehmen ist das Homeoffice der Inbegriff des Unproduktiven und der Freizeitveranstaltung. Es zeigt sich aber gerade jetzt, dass das genau das Gegenteil ist. Im Homeoffice zu sein, bedeutet f\u00fcr viele ein h\u00f6heres Ma\u00df an Konzentration zu erreichen und somit oft effektiver zu arbeiten, weil die spontanen Zwischendurch-Gespr\u00e4che mit Kollegen entfallen. Verabredungen f\u00fcr den pers\u00f6nlichen Kontakt m\u00fcssen und sollten unbedingt geplant werden. Die Online-Meeting-Tools bieten eine unendliche F\u00fclle an Kontaktm\u00f6glichkeiten f\u00fcr die interne Kommunikation. Selbst der Griff zum Telefonh\u00f6rer kommt wieder in Mode.\u00a0<\/span><\/p>\n<p><span style=\"font-weight: 400;\">Bei aller Tragik dieser COVID-19 Zeiten, ist es der Moment, sich neu zu besinnen und althergebrachte Kommunikationsmethoden zu \u00fcberdenken und neuzugestalten.<\/span><\/p>\n<p><span style=\"font-weight: 400;\">Die Welt kann nur dann zusammenhalten, wenn die Menschen miteinander kommunizieren k\u00f6nnen. Die digitalen M\u00f6glichkeiten bieten daf\u00fcr die besten Voraussetzungen.<\/span><\/p>\n<p>&nbsp;<\/p>\n","protected":false},"excerpt":{"rendered":"<p>Messen, Veranstaltungen, Meetings und Ferien sind auf unbestimmte Zeit verschoben. Das Jahr 2020 stellt Unternehmen vor neue Herausforderungen. Die Welt des Digitalen geht schon jetzt als Gewinnerin der Krise hervor. Wer online gut aufgestellt ist und zudem gute Ideen entwickelt,  [&#8230;]<\/p>\n","protected":false},"author":2,"featured_media":17839,"comment_status":"open","ping_status":"closed","sticky":false,"template":"","format":"standard","meta":{"_monsterinsights_skip_tracking":false,"_monsterinsights_sitenote_active":false,"_monsterinsights_sitenote_note":"","_monsterinsights_sitenote_category":0,"_jetpack_memberships_contains_paid_content":false,"footnotes":""},"categories":[13,1619,100],"tags":[1620,1621,1305],"class_list":["post-17838","post","type-post","status-publish","format-standard","has-post-thumbnail","hentry","category-allgemein","category-pr","category-pr-ide","tag-corona","tag-krise","tag-pr"],"yoast_head":"<!-- This site is optimized with the Yoast SEO plugin v27.2 - https:\/\/yoast.com\/product\/yoast-seo-wordpress\/ -->\n<title>Public Relations - was sich \u00e4ndern wird - pr-ide<\/title>\n<meta name=\"robots\" content=\"index, follow, max-snippet:-1, max-image-preview:large, max-video-preview:-1\" \/>\n<link rel=\"canonical\" href=\"https:\/\/pr-ide.de\/blog\/2020\/03\/public-relations-was-sich-aendern-wird\/\" \/>\n<meta property=\"og:locale\" content=\"en_US\" \/>\n<meta property=\"og:type\" content=\"article\" \/>\n<meta property=\"og:title\" content=\"Public Relations - was sich \u00e4ndern wird - pr-ide\" \/>\n<meta property=\"og:description\" content=\"Messen, Veranstaltungen, Meetings und Ferien sind auf unbestimmte Zeit verschoben. Das Jahr 2020 stellt Unternehmen vor neue Herausforderungen. Die Welt des Digitalen geht schon jetzt als Gewinnerin der Krise hervor. Wer online gut aufgestellt ist und zudem gute Ideen entwickelt, [...]\" \/>\n<meta property=\"og:url\" content=\"https:\/\/pr-ide.de\/blog\/2020\/03\/public-relations-was-sich-aendern-wird\/\" \/>\n<meta property=\"og:site_name\" content=\"pr-ide\" \/>\n<meta property=\"article:publisher\" content=\"https:\/\/www.facebook.com\/prideberlin\/\" \/>\n<meta property=\"article:published_time\" content=\"2020-03-31T14:06:44+00:00\" \/>\n<meta property=\"og:image\" content=\"https:\/\/pr-ide.de\/wp-content\/uploads\/2020\/03\/IMG_20200324_083609_511.jpg\" \/>\n\t<meta property=\"og:image:width\" content=\"1080\" \/>\n\t<meta property=\"og:image:height\" content=\"1080\" \/>\n\t<meta property=\"og:image:type\" content=\"image\/jpeg\" \/>\n<meta name=\"author\" content=\"Martina M\u00fcller\" \/>\n<meta name=\"twitter:label1\" content=\"Written by\" \/>\n\t<meta name=\"twitter:data1\" content=\"Martina M\u00fcller\" \/>\n\t<meta name=\"twitter:label2\" content=\"Est. reading time\" \/>\n\t<meta name=\"twitter:data2\" content=\"2 minutes\" \/>\n<script type=\"application\/ld+json\" class=\"yoast-schema-graph\">{\"@context\":\"https:\/\/schema.org\",\"@graph\":[{\"@type\":\"Article\",\"@id\":\"https:\/\/pr-ide.de\/blog\/2020\/03\/public-relations-was-sich-aendern-wird\/#article\",\"isPartOf\":{\"@id\":\"https:\/\/pr-ide.de\/blog\/2020\/03\/public-relations-was-sich-aendern-wird\/\"},\"author\":{\"name\":\"Martina M\u00fcller\",\"@id\":\"https:\/\/pr-ide.de\/#\/schema\/person\/7cff3097f838f10886a8ddb4a1dfedce\"},\"headline\":\"Public Relations &#8211; was sich \u00e4ndern wird\",\"datePublished\":\"2020-03-31T14:06:44+00:00\",\"mainEntityOfPage\":{\"@id\":\"https:\/\/pr-ide.de\/blog\/2020\/03\/public-relations-was-sich-aendern-wird\/\"},\"wordCount\":430,\"commentCount\":0,\"publisher\":{\"@id\":\"https:\/\/pr-ide.de\/#organization\"},\"image\":{\"@id\":\"https:\/\/pr-ide.de\/blog\/2020\/03\/public-relations-was-sich-aendern-wird\/#primaryimage\"},\"thumbnailUrl\":\"https:\/\/pr-ide.de\/wp-content\/uploads\/2020\/03\/IMG_20200324_083609_511.jpg\",\"keywords\":[\"corona\",\"krise\",\"PR\"],\"articleSection\":[\"allgemein\",\"PR\",\"pr-ide\"],\"inLanguage\":\"en-US\",\"potentialAction\":[{\"@type\":\"CommentAction\",\"name\":\"Comment\",\"target\":[\"https:\/\/pr-ide.de\/blog\/2020\/03\/public-relations-was-sich-aendern-wird\/#respond\"]}]},{\"@type\":\"WebPage\",\"@id\":\"https:\/\/pr-ide.de\/blog\/2020\/03\/public-relations-was-sich-aendern-wird\/\",\"url\":\"https:\/\/pr-ide.de\/blog\/2020\/03\/public-relations-was-sich-aendern-wird\/\",\"name\":\"Public Relations - was sich \u00e4ndern wird - pr-ide\",\"isPartOf\":{\"@id\":\"https:\/\/pr-ide.de\/#website\"},\"primaryImageOfPage\":{\"@id\":\"https:\/\/pr-ide.de\/blog\/2020\/03\/public-relations-was-sich-aendern-wird\/#primaryimage\"},\"image\":{\"@id\":\"https:\/\/pr-ide.de\/blog\/2020\/03\/public-relations-was-sich-aendern-wird\/#primaryimage\"},\"thumbnailUrl\":\"https:\/\/pr-ide.de\/wp-content\/uploads\/2020\/03\/IMG_20200324_083609_511.jpg\",\"datePublished\":\"2020-03-31T14:06:44+00:00\",\"breadcrumb\":{\"@id\":\"https:\/\/pr-ide.de\/blog\/2020\/03\/public-relations-was-sich-aendern-wird\/#breadcrumb\"},\"inLanguage\":\"en-US\",\"potentialAction\":[{\"@type\":\"ReadAction\",\"target\":[\"https:\/\/pr-ide.de\/blog\/2020\/03\/public-relations-was-sich-aendern-wird\/\"]}]},{\"@type\":\"ImageObject\",\"inLanguage\":\"en-US\",\"@id\":\"https:\/\/pr-ide.de\/blog\/2020\/03\/public-relations-was-sich-aendern-wird\/#primaryimage\",\"url\":\"https:\/\/pr-ide.de\/wp-content\/uploads\/2020\/03\/IMG_20200324_083609_511.jpg\",\"contentUrl\":\"https:\/\/pr-ide.de\/wp-content\/uploads\/2020\/03\/IMG_20200324_083609_511.jpg\",\"width\":1080,\"height\":1080,\"caption\":\"Home-Office\"},{\"@type\":\"BreadcrumbList\",\"@id\":\"https:\/\/pr-ide.de\/blog\/2020\/03\/public-relations-was-sich-aendern-wird\/#breadcrumb\",\"itemListElement\":[{\"@type\":\"ListItem\",\"position\":1,\"name\":\"Home\",\"item\":\"https:\/\/pr-ide.de\/en\/the-agency-for-creative-success\/\"},{\"@type\":\"ListItem\",\"position\":2,\"name\":\"Public Relations &#8211; was sich \u00e4ndern wird\"}]},{\"@type\":\"WebSite\",\"@id\":\"https:\/\/pr-ide.de\/#website\",\"url\":\"https:\/\/pr-ide.de\/\",\"name\":\"pr-ide\",\"description\":\"die agentur f\u00fcr kreative erfolge\",\"publisher\":{\"@id\":\"https:\/\/pr-ide.de\/#organization\"},\"potentialAction\":[{\"@type\":\"SearchAction\",\"target\":{\"@type\":\"EntryPoint\",\"urlTemplate\":\"https:\/\/pr-ide.de\/?s={search_term_string}\"},\"query-input\":{\"@type\":\"PropertyValueSpecification\",\"valueRequired\":true,\"valueName\":\"search_term_string\"}}],\"inLanguage\":\"en-US\"},{\"@type\":\"Organization\",\"@id\":\"https:\/\/pr-ide.de\/#organization\",\"name\":\"pr-ide\",\"url\":\"https:\/\/pr-ide.de\/\",\"logo\":{\"@type\":\"ImageObject\",\"inLanguage\":\"en-US\",\"@id\":\"https:\/\/pr-ide.de\/#\/schema\/logo\/image\/\",\"url\":\"\",\"contentUrl\":\"\",\"caption\":\"pr-ide\"},\"image\":{\"@id\":\"https:\/\/pr-ide.de\/#\/schema\/logo\/image\/\"},\"sameAs\":[\"https:\/\/www.facebook.com\/prideberlin\/\",\"https:\/\/x.com\/pr_ide\",\"https:\/\/www.linkedin.com\/company\/pr-ide-gbr\/\"]},{\"@type\":\"Person\",\"@id\":\"https:\/\/pr-ide.de\/#\/schema\/person\/7cff3097f838f10886a8ddb4a1dfedce\",\"name\":\"Martina M\u00fcller\",\"image\":{\"@type\":\"ImageObject\",\"inLanguage\":\"en-US\",\"@id\":\"https:\/\/secure.gravatar.com\/avatar\/561aa09b9e87187e01da837e323f730f46e80fa427035fd00502b3dc65ba1dfd?s=96&d=robohash&r=g\",\"url\":\"https:\/\/secure.gravatar.com\/avatar\/561aa09b9e87187e01da837e323f730f46e80fa427035fd00502b3dc65ba1dfd?s=96&d=robohash&r=g\",\"contentUrl\":\"https:\/\/secure.gravatar.com\/avatar\/561aa09b9e87187e01da837e323f730f46e80fa427035fd00502b3dc65ba1dfd?s=96&d=robohash&r=g\",\"caption\":\"Martina M\u00fcller\"},\"description\":\"Martina M\u00fcller; PR Referentin, Berlin Seit 2001 Inhaberin von pr-ide pr &amp; industrial design, studierte Italienisch und Russisch und ist als PR-Referentin zertifiziert. Ihr Schwerpunkt bei pr-ide: Public Relations (klassische Medienarbeit und Aufbau einer Online-Reputation). Ihr Know How steht f\u00fcr kreative Konzepte und professionelle Umsetzung. IhreSt\u00e4rken sind ein ausgepr\u00e4gtes Organisationstalent und eine hohe Effektivit\u00e4t. Sie h\u00e4lt Vortr\u00e4ge und f\u00fchrt Seminar und Workshops zum Thema Online-Marketing durch.\",\"url\":\"https:\/\/pr-ide.de\/en\/blog\/author\/mmueller-2-2-2-2-2\/\"}]}<\/script>\n<!-- \/ Yoast SEO plugin. -->","yoast_head_json":{"title":"Public Relations - was sich \u00e4ndern wird - pr-ide","robots":{"index":"index","follow":"follow","max-snippet":"max-snippet:-1","max-image-preview":"max-image-preview:large","max-video-preview":"max-video-preview:-1"},"canonical":"https:\/\/pr-ide.de\/blog\/2020\/03\/public-relations-was-sich-aendern-wird\/","og_locale":"en_US","og_type":"article","og_title":"Public Relations - was sich \u00e4ndern wird - pr-ide","og_description":"Messen, Veranstaltungen, Meetings und Ferien sind auf unbestimmte Zeit verschoben. Das Jahr 2020 stellt Unternehmen vor neue Herausforderungen. Die Welt des Digitalen geht schon jetzt als Gewinnerin der Krise hervor. Wer online gut aufgestellt ist und zudem gute Ideen entwickelt, [...]","og_url":"https:\/\/pr-ide.de\/blog\/2020\/03\/public-relations-was-sich-aendern-wird\/","og_site_name":"pr-ide","article_publisher":"https:\/\/www.facebook.com\/prideberlin\/","article_published_time":"2020-03-31T14:06:44+00:00","og_image":[{"width":1080,"height":1080,"url":"https:\/\/pr-ide.de\/wp-content\/uploads\/2020\/03\/IMG_20200324_083609_511.jpg","type":"image\/jpeg"}],"author":"Martina M\u00fcller","twitter_misc":{"Written by":"Martina M\u00fcller","Est. reading time":"2 minutes"},"schema":{"@context":"https:\/\/schema.org","@graph":[{"@type":"Article","@id":"https:\/\/pr-ide.de\/blog\/2020\/03\/public-relations-was-sich-aendern-wird\/#article","isPartOf":{"@id":"https:\/\/pr-ide.de\/blog\/2020\/03\/public-relations-was-sich-aendern-wird\/"},"author":{"name":"Martina M\u00fcller","@id":"https:\/\/pr-ide.de\/#\/schema\/person\/7cff3097f838f10886a8ddb4a1dfedce"},"headline":"Public Relations &#8211; was sich \u00e4ndern wird","datePublished":"2020-03-31T14:06:44+00:00","mainEntityOfPage":{"@id":"https:\/\/pr-ide.de\/blog\/2020\/03\/public-relations-was-sich-aendern-wird\/"},"wordCount":430,"commentCount":0,"publisher":{"@id":"https:\/\/pr-ide.de\/#organization"},"image":{"@id":"https:\/\/pr-ide.de\/blog\/2020\/03\/public-relations-was-sich-aendern-wird\/#primaryimage"},"thumbnailUrl":"https:\/\/pr-ide.de\/wp-content\/uploads\/2020\/03\/IMG_20200324_083609_511.jpg","keywords":["corona","krise","PR"],"articleSection":["allgemein","PR","pr-ide"],"inLanguage":"en-US","potentialAction":[{"@type":"CommentAction","name":"Comment","target":["https:\/\/pr-ide.de\/blog\/2020\/03\/public-relations-was-sich-aendern-wird\/#respond"]}]},{"@type":"WebPage","@id":"https:\/\/pr-ide.de\/blog\/2020\/03\/public-relations-was-sich-aendern-wird\/","url":"https:\/\/pr-ide.de\/blog\/2020\/03\/public-relations-was-sich-aendern-wird\/","name":"Public Relations - was sich \u00e4ndern wird - pr-ide","isPartOf":{"@id":"https:\/\/pr-ide.de\/#website"},"primaryImageOfPage":{"@id":"https:\/\/pr-ide.de\/blog\/2020\/03\/public-relations-was-sich-aendern-wird\/#primaryimage"},"image":{"@id":"https:\/\/pr-ide.de\/blog\/2020\/03\/public-relations-was-sich-aendern-wird\/#primaryimage"},"thumbnailUrl":"https:\/\/pr-ide.de\/wp-content\/uploads\/2020\/03\/IMG_20200324_083609_511.jpg","datePublished":"2020-03-31T14:06:44+00:00","breadcrumb":{"@id":"https:\/\/pr-ide.de\/blog\/2020\/03\/public-relations-was-sich-aendern-wird\/#breadcrumb"},"inLanguage":"en-US","potentialAction":[{"@type":"ReadAction","target":["https:\/\/pr-ide.de\/blog\/2020\/03\/public-relations-was-sich-aendern-wird\/"]}]},{"@type":"ImageObject","inLanguage":"en-US","@id":"https:\/\/pr-ide.de\/blog\/2020\/03\/public-relations-was-sich-aendern-wird\/#primaryimage","url":"https:\/\/pr-ide.de\/wp-content\/uploads\/2020\/03\/IMG_20200324_083609_511.jpg","contentUrl":"https:\/\/pr-ide.de\/wp-content\/uploads\/2020\/03\/IMG_20200324_083609_511.jpg","width":1080,"height":1080,"caption":"Home-Office"},{"@type":"BreadcrumbList","@id":"https:\/\/pr-ide.de\/blog\/2020\/03\/public-relations-was-sich-aendern-wird\/#breadcrumb","itemListElement":[{"@type":"ListItem","position":1,"name":"Home","item":"https:\/\/pr-ide.de\/en\/the-agency-for-creative-success\/"},{"@type":"ListItem","position":2,"name":"Public Relations &#8211; was sich \u00e4ndern wird"}]},{"@type":"WebSite","@id":"https:\/\/pr-ide.de\/#website","url":"https:\/\/pr-ide.de\/","name":"pr-ide","description":"die agentur f\u00fcr kreative erfolge","publisher":{"@id":"https:\/\/pr-ide.de\/#organization"},"potentialAction":[{"@type":"SearchAction","target":{"@type":"EntryPoint","urlTemplate":"https:\/\/pr-ide.de\/?s={search_term_string}"},"query-input":{"@type":"PropertyValueSpecification","valueRequired":true,"valueName":"search_term_string"}}],"inLanguage":"en-US"},{"@type":"Organization","@id":"https:\/\/pr-ide.de\/#organization","name":"pr-ide","url":"https:\/\/pr-ide.de\/","logo":{"@type":"ImageObject","inLanguage":"en-US","@id":"https:\/\/pr-ide.de\/#\/schema\/logo\/image\/","url":"","contentUrl":"","caption":"pr-ide"},"image":{"@id":"https:\/\/pr-ide.de\/#\/schema\/logo\/image\/"},"sameAs":["https:\/\/www.facebook.com\/prideberlin\/","https:\/\/x.com\/pr_ide","https:\/\/www.linkedin.com\/company\/pr-ide-gbr\/"]},{"@type":"Person","@id":"https:\/\/pr-ide.de\/#\/schema\/person\/7cff3097f838f10886a8ddb4a1dfedce","name":"Martina M\u00fcller","image":{"@type":"ImageObject","inLanguage":"en-US","@id":"https:\/\/secure.gravatar.com\/avatar\/561aa09b9e87187e01da837e323f730f46e80fa427035fd00502b3dc65ba1dfd?s=96&d=robohash&r=g","url":"https:\/\/secure.gravatar.com\/avatar\/561aa09b9e87187e01da837e323f730f46e80fa427035fd00502b3dc65ba1dfd?s=96&d=robohash&r=g","contentUrl":"https:\/\/secure.gravatar.com\/avatar\/561aa09b9e87187e01da837e323f730f46e80fa427035fd00502b3dc65ba1dfd?s=96&d=robohash&r=g","caption":"Martina M\u00fcller"},"description":"Martina M\u00fcller; PR Referentin, Berlin Seit 2001 Inhaberin von pr-ide pr &amp; industrial design, studierte Italienisch und Russisch und ist als PR-Referentin zertifiziert. Ihr Schwerpunkt bei pr-ide: Public Relations (klassische Medienarbeit und Aufbau einer Online-Reputation). Ihr Know How steht f\u00fcr kreative Konzepte und professionelle Umsetzung. IhreSt\u00e4rken sind ein ausgepr\u00e4gtes Organisationstalent und eine hohe Effektivit\u00e4t. Sie h\u00e4lt Vortr\u00e4ge und f\u00fchrt Seminar und Workshops zum Thema Online-Marketing durch.","url":"https:\/\/pr-ide.de\/en\/blog\/author\/mmueller-2-2-2-2-2\/"}]}},"jetpack_featured_media_url":"https:\/\/pr-ide.de\/wp-content\/uploads\/2020\/03\/IMG_20200324_083609_511.jpg","jetpack_sharing_enabled":true,"_links":{"self":[{"href":"https:\/\/pr-ide.de\/en\/wp-json\/wp\/v2\/posts\/17838","targetHints":{"allow":["GET"]}}],"collection":[{"href":"https:\/\/pr-ide.de\/en\/wp-json\/wp\/v2\/posts"}],"about":[{"href":"https:\/\/pr-ide.de\/en\/wp-json\/wp\/v2\/types\/post"}],"author":[{"embeddable":true,"href":"https:\/\/pr-ide.de\/en\/wp-json\/wp\/v2\/users\/2"}],"replies":[{"embeddable":true,"href":"https:\/\/pr-ide.de\/en\/wp-json\/wp\/v2\/comments?post=17838"}],"version-history":[{"count":0,"href":"https:\/\/pr-ide.de\/en\/wp-json\/wp\/v2\/posts\/17838\/revisions"}],"wp:featuredmedia":[{"embeddable":true,"href":"https:\/\/pr-ide.de\/en\/wp-json\/wp\/v2\/media\/17839"}],"wp:attachment":[{"href":"https:\/\/pr-ide.de\/en\/wp-json\/wp\/v2\/media?parent=17838"}],"wp:term":[{"taxonomy":"category","embeddable":true,"href":"https:\/\/pr-ide.de\/en\/wp-json\/wp\/v2\/categories?post=17838"},{"taxonomy":"post_tag","embeddable":true,"href":"https:\/\/pr-ide.de\/en\/wp-json\/wp\/v2\/tags?post=17838"}],"curies":[{"name":"wp","href":"https:\/\/api.w.org\/{rel}","templated":true}]}}