{"id":17843,"date":"2020-04-15T12:59:11","date_gmt":"2020-04-15T10:59:11","guid":{"rendered":"https:\/\/pr-ide.de\/?p=17843"},"modified":"2020-04-15T12:59:11","modified_gmt":"2020-04-15T10:59:11","slug":"die-neue-sachlichkeit","status":"publish","type":"post","link":"https:\/\/pr-ide.de\/en\/blog\/2020\/04\/die-neue-sachlichkeit\/","title":{"rendered":"Die neue Sachlichkeit"},"content":{"rendered":"<p>In diesen Tagen fragen sich viele, wie und wann wird es weiter gehen, nach der Corona Krise. Mit dem Arbeiten im Home-Office, indem Kontakte vermieden werden, wird ein jeder ein St\u00fcck weit auf sich zur\u00fcckgeworfen. Es gibt mehr Zeit f\u00fcr Kontakte \u00fcbers Telefon, \u00fcber die sozialen Medien, \u00fcber Video-Konferenzen, vielleicht sogar mehr als zuvor. Denn Restaurant-, Kneipen, Konzert-, Theaterbesuche und dergleichen fallen aus. So erkennen vielleicht einige, dass manche Dinge gar nicht mehr so wichtig sind, dass allein die Gesundheit z\u00e4hlt, dass soziale Kontakte unsere Gesellschaft ausmachen. Es w\u00e4re sch\u00f6n, wenn sich diese Erkenntnis \u00fcber das Ende der Krise hinaus retten w\u00fcrde. Konsumieren wie wir es gekannt haben, existiert schlicht nicht mehr.\u00a0 Das Internet mit langen Lieferzeiten wird zum Kaufhaus dieser Zeit. Das kann auch die Sichtweise\u00a0\u00e4ndern, die Erwartung, die wir in ein Produkt haben.<\/p>\n<p>Wesentliches, Essentielles und weniger Konsum r\u00fccken in den Vordergrund. Die Hoffnung auf ein ge\u00e4ndertes Verhalten und ein st\u00e4rkeres Bewusstsein f\u00fcr nachhaltige Produkte nach der Krise w\u00e4chst mit jedem Tag, an dem die Gesch\u00e4fte geschlossen bleiben m\u00fcssen.<\/p>\n<p>Ist das gar der Moment einer neuen Sachlichkeit? \u201eEs k\u00f6nnte sein, dass viele sich des \u00dcberflusses bewusst geworden sind und k\u00fcnftig auf \u00fcberm\u00e4\u00dfiges Kaufen und immer billiger werdende Produkte verzichten. Vielleicht auch mehr darauf achten, dass Produkte keine langen Lieferketten hinter sich haben und im Inland produziert werden\u201c, so klingt der Industriedesigner Philipp Sack mit einem optimistischen Blick in die Kristallkugel, der oft schon \u2013 meist als die Zeit noch viel zu fr\u00fch daf\u00fcr war &#8211; einen aktuellen Trend erkannte.<\/p>\n","protected":false},"excerpt":{"rendered":"<p>In diesen Tagen fragen sich viele, wie und wann wird es weiter gehen, nach der Corona Krise. Mit dem Arbeiten im Home-Office, indem Kontakte vermieden werden, wird ein jeder ein St\u00fcck weit auf sich zur\u00fcckgeworfen. Es gibt mehr Zeit f\u00fcr  [&#8230;]<\/p>\n","protected":false},"author":15,"featured_media":17845,"comment_status":"open","ping_status":"closed","sticky":false,"template":"","format":"standard","meta":{"_monsterinsights_skip_tracking":false,"_monsterinsights_sitenote_active":false,"_monsterinsights_sitenote_note":"","_monsterinsights_sitenote_category":0,"_jetpack_memberships_contains_paid_content":false,"footnotes":""},"categories":[835,559,81,1034,70,36],"tags":[],"class_list":["post-17843","post","type-post","status-publish","format-standard","has-post-thumbnail","hentry","category-aufgeschrieben","category-designmanagement","category-diesunddas","category-neues-aus-der-buchstabenfabrik","category-sustainable-design","category-unter-den-scanner-geraten"],"yoast_head":"<!-- This site is optimized with the Yoast SEO plugin v27.2 - https:\/\/yoast.com\/product\/yoast-seo-wordpress\/ -->\n<title>Die neue Sachlichkeit - pr-ide<\/title>\n<meta name=\"robots\" content=\"index, follow, max-snippet:-1, max-image-preview:large, max-video-preview:-1\" \/>\n<link rel=\"canonical\" href=\"https:\/\/pr-ide.de\/en\/blog\/2020\/04\/die-neue-sachlichkeit\/\" \/>\n<meta property=\"og:locale\" content=\"en_US\" \/>\n<meta property=\"og:type\" content=\"article\" \/>\n<meta property=\"og:title\" content=\"Die neue Sachlichkeit - pr-ide\" \/>\n<meta property=\"og:description\" content=\"In diesen Tagen fragen sich viele, wie und wann wird es weiter gehen, nach der Corona Krise. Mit dem Arbeiten im Home-Office, indem Kontakte vermieden werden, wird ein jeder ein St\u00fcck weit auf sich zur\u00fcckgeworfen. Es gibt mehr Zeit f\u00fcr [...]\" \/>\n<meta property=\"og:url\" content=\"https:\/\/pr-ide.de\/en\/blog\/2020\/04\/die-neue-sachlichkeit\/\" \/>\n<meta property=\"og:site_name\" content=\"pr-ide\" \/>\n<meta property=\"article:publisher\" content=\"https:\/\/www.facebook.com\/prideberlin\/\" \/>\n<meta property=\"article:published_time\" content=\"2020-04-15T10:59:11+00:00\" \/>\n<meta property=\"og:image\" content=\"https:\/\/pr-ide.de\/wp-content\/uploads\/2020\/04\/IMG-20200407-WA0002.jpg\" \/>\n\t<meta property=\"og:image:width\" content=\"1024\" \/>\n\t<meta property=\"og:image:height\" content=\"768\" \/>\n\t<meta property=\"og:image:type\" content=\"image\/jpeg\" \/>\n<meta name=\"author\" content=\"Philipp Sack\" \/>\n<meta name=\"twitter:label1\" content=\"Written by\" \/>\n\t<meta name=\"twitter:data1\" content=\"Philipp Sack\" \/>\n\t<meta name=\"twitter:label2\" content=\"Est. reading time\" \/>\n\t<meta name=\"twitter:data2\" content=\"1 minute\" \/>\n<script type=\"application\/ld+json\" class=\"yoast-schema-graph\">{\"@context\":\"https:\/\/schema.org\",\"@graph\":[{\"@type\":\"Article\",\"@id\":\"https:\/\/pr-ide.de\/en\/blog\/2020\/04\/die-neue-sachlichkeit\/#article\",\"isPartOf\":{\"@id\":\"https:\/\/pr-ide.de\/en\/blog\/2020\/04\/die-neue-sachlichkeit\/\"},\"author\":{\"name\":\"Philipp Sack\",\"@id\":\"https:\/\/pr-ide.de\/#\/schema\/person\/4bb8cb929d552fc1cd7c49d25ef90093\"},\"headline\":\"Die neue Sachlichkeit\",\"datePublished\":\"2020-04-15T10:59:11+00:00\",\"mainEntityOfPage\":{\"@id\":\"https:\/\/pr-ide.de\/en\/blog\/2020\/04\/die-neue-sachlichkeit\/\"},\"wordCount\":273,\"commentCount\":0,\"publisher\":{\"@id\":\"https:\/\/pr-ide.de\/#organization\"},\"image\":{\"@id\":\"https:\/\/pr-ide.de\/en\/blog\/2020\/04\/die-neue-sachlichkeit\/#primaryimage\"},\"thumbnailUrl\":\"https:\/\/pr-ide.de\/wp-content\/uploads\/2020\/04\/IMG-20200407-WA0002.jpg\",\"articleSection\":[\"aufgeschrieben\",\"Designmanagement\",\"diesunddas\",\"Neues aus der Buchstabenfabrik.\",\"sustainable design\",\"Unter den Scanner geraten\"],\"inLanguage\":\"en-US\",\"potentialAction\":[{\"@type\":\"CommentAction\",\"name\":\"Comment\",\"target\":[\"https:\/\/pr-ide.de\/en\/blog\/2020\/04\/die-neue-sachlichkeit\/#respond\"]}]},{\"@type\":\"WebPage\",\"@id\":\"https:\/\/pr-ide.de\/en\/blog\/2020\/04\/die-neue-sachlichkeit\/\",\"url\":\"https:\/\/pr-ide.de\/en\/blog\/2020\/04\/die-neue-sachlichkeit\/\",\"name\":\"Die neue Sachlichkeit - pr-ide\",\"isPartOf\":{\"@id\":\"https:\/\/pr-ide.de\/#website\"},\"primaryImageOfPage\":{\"@id\":\"https:\/\/pr-ide.de\/en\/blog\/2020\/04\/die-neue-sachlichkeit\/#primaryimage\"},\"image\":{\"@id\":\"https:\/\/pr-ide.de\/en\/blog\/2020\/04\/die-neue-sachlichkeit\/#primaryimage\"},\"thumbnailUrl\":\"https:\/\/pr-ide.de\/wp-content\/uploads\/2020\/04\/IMG-20200407-WA0002.jpg\",\"datePublished\":\"2020-04-15T10:59:11+00:00\",\"breadcrumb\":{\"@id\":\"https:\/\/pr-ide.de\/en\/blog\/2020\/04\/die-neue-sachlichkeit\/#breadcrumb\"},\"inLanguage\":\"en-US\",\"potentialAction\":[{\"@type\":\"ReadAction\",\"target\":[\"https:\/\/pr-ide.de\/en\/blog\/2020\/04\/die-neue-sachlichkeit\/\"]}]},{\"@type\":\"ImageObject\",\"inLanguage\":\"en-US\",\"@id\":\"https:\/\/pr-ide.de\/en\/blog\/2020\/04\/die-neue-sachlichkeit\/#primaryimage\",\"url\":\"https:\/\/pr-ide.de\/wp-content\/uploads\/2020\/04\/IMG-20200407-WA0002.jpg\",\"contentUrl\":\"https:\/\/pr-ide.de\/wp-content\/uploads\/2020\/04\/IMG-20200407-WA0002.jpg\",\"width\":1024,\"height\":768},{\"@type\":\"BreadcrumbList\",\"@id\":\"https:\/\/pr-ide.de\/en\/blog\/2020\/04\/die-neue-sachlichkeit\/#breadcrumb\",\"itemListElement\":[{\"@type\":\"ListItem\",\"position\":1,\"name\":\"Home\",\"item\":\"https:\/\/pr-ide.de\/en\/the-agency-for-creative-success\/\"},{\"@type\":\"ListItem\",\"position\":2,\"name\":\"Die neue Sachlichkeit\"}]},{\"@type\":\"WebSite\",\"@id\":\"https:\/\/pr-ide.de\/#website\",\"url\":\"https:\/\/pr-ide.de\/\",\"name\":\"pr-ide\",\"description\":\"die agentur f\u00fcr kreative erfolge\",\"publisher\":{\"@id\":\"https:\/\/pr-ide.de\/#organization\"},\"potentialAction\":[{\"@type\":\"SearchAction\",\"target\":{\"@type\":\"EntryPoint\",\"urlTemplate\":\"https:\/\/pr-ide.de\/?s={search_term_string}\"},\"query-input\":{\"@type\":\"PropertyValueSpecification\",\"valueRequired\":true,\"valueName\":\"search_term_string\"}}],\"inLanguage\":\"en-US\"},{\"@type\":\"Organization\",\"@id\":\"https:\/\/pr-ide.de\/#organization\",\"name\":\"pr-ide\",\"url\":\"https:\/\/pr-ide.de\/\",\"logo\":{\"@type\":\"ImageObject\",\"inLanguage\":\"en-US\",\"@id\":\"https:\/\/pr-ide.de\/#\/schema\/logo\/image\/\",\"url\":\"\",\"contentUrl\":\"\",\"caption\":\"pr-ide\"},\"image\":{\"@id\":\"https:\/\/pr-ide.de\/#\/schema\/logo\/image\/\"},\"sameAs\":[\"https:\/\/www.facebook.com\/prideberlin\/\",\"https:\/\/x.com\/pr_ide\",\"https:\/\/www.linkedin.com\/company\/pr-ide-gbr\/\"]},{\"@type\":\"Person\",\"@id\":\"https:\/\/pr-ide.de\/#\/schema\/person\/4bb8cb929d552fc1cd7c49d25ef90093\",\"name\":\"Philipp Sack\",\"image\":{\"@type\":\"ImageObject\",\"inLanguage\":\"en-US\",\"@id\":\"https:\/\/secure.gravatar.com\/avatar\/e7d041e5f3b6ec52d1f4dcd0266ccdf14a0b7227561f91f92a474ad68a30da9a?s=96&d=robohash&r=g\",\"url\":\"https:\/\/secure.gravatar.com\/avatar\/e7d041e5f3b6ec52d1f4dcd0266ccdf14a0b7227561f91f92a474ad68a30da9a?s=96&d=robohash&r=g\",\"contentUrl\":\"https:\/\/secure.gravatar.com\/avatar\/e7d041e5f3b6ec52d1f4dcd0266ccdf14a0b7227561f91f92a474ad68a30da9a?s=96&d=robohash&r=g\",\"caption\":\"Philipp Sack\"},\"description\":\"CEO und Kreativkopf bei pr-ide. Kreuz und querlenkend, gerne segelnd. Immer auf der Suche nach innovativen L\u00f6sungen - manchmal schon bevor das Problem erkannt wurde.\",\"sameAs\":[\"http:\/\/www.pr-ide.de\",\"https:\/\/www.linkedin.com\/in\/philipp-sack\/\"],\"url\":\"https:\/\/pr-ide.de\/en\/blog\/author\/seesack-2-2-2-2-2-2-2-2-2-2-2-2-2-2-2-2-2-2-2-2\/\"}]}<\/script>\n<!-- \/ Yoast SEO plugin. -->","yoast_head_json":{"title":"Die neue Sachlichkeit - pr-ide","robots":{"index":"index","follow":"follow","max-snippet":"max-snippet:-1","max-image-preview":"max-image-preview:large","max-video-preview":"max-video-preview:-1"},"canonical":"https:\/\/pr-ide.de\/en\/blog\/2020\/04\/die-neue-sachlichkeit\/","og_locale":"en_US","og_type":"article","og_title":"Die neue Sachlichkeit - pr-ide","og_description":"In diesen Tagen fragen sich viele, wie und wann wird es weiter gehen, nach der Corona Krise. Mit dem Arbeiten im Home-Office, indem Kontakte vermieden werden, wird ein jeder ein St\u00fcck weit auf sich zur\u00fcckgeworfen. Es gibt mehr Zeit f\u00fcr [...]","og_url":"https:\/\/pr-ide.de\/en\/blog\/2020\/04\/die-neue-sachlichkeit\/","og_site_name":"pr-ide","article_publisher":"https:\/\/www.facebook.com\/prideberlin\/","article_published_time":"2020-04-15T10:59:11+00:00","og_image":[{"width":1024,"height":768,"url":"https:\/\/pr-ide.de\/wp-content\/uploads\/2020\/04\/IMG-20200407-WA0002.jpg","type":"image\/jpeg"}],"author":"Philipp Sack","twitter_misc":{"Written by":"Philipp Sack","Est. reading time":"1 minute"},"schema":{"@context":"https:\/\/schema.org","@graph":[{"@type":"Article","@id":"https:\/\/pr-ide.de\/en\/blog\/2020\/04\/die-neue-sachlichkeit\/#article","isPartOf":{"@id":"https:\/\/pr-ide.de\/en\/blog\/2020\/04\/die-neue-sachlichkeit\/"},"author":{"name":"Philipp Sack","@id":"https:\/\/pr-ide.de\/#\/schema\/person\/4bb8cb929d552fc1cd7c49d25ef90093"},"headline":"Die neue Sachlichkeit","datePublished":"2020-04-15T10:59:11+00:00","mainEntityOfPage":{"@id":"https:\/\/pr-ide.de\/en\/blog\/2020\/04\/die-neue-sachlichkeit\/"},"wordCount":273,"commentCount":0,"publisher":{"@id":"https:\/\/pr-ide.de\/#organization"},"image":{"@id":"https:\/\/pr-ide.de\/en\/blog\/2020\/04\/die-neue-sachlichkeit\/#primaryimage"},"thumbnailUrl":"https:\/\/pr-ide.de\/wp-content\/uploads\/2020\/04\/IMG-20200407-WA0002.jpg","articleSection":["aufgeschrieben","Designmanagement","diesunddas","Neues aus der Buchstabenfabrik.","sustainable design","Unter den Scanner geraten"],"inLanguage":"en-US","potentialAction":[{"@type":"CommentAction","name":"Comment","target":["https:\/\/pr-ide.de\/en\/blog\/2020\/04\/die-neue-sachlichkeit\/#respond"]}]},{"@type":"WebPage","@id":"https:\/\/pr-ide.de\/en\/blog\/2020\/04\/die-neue-sachlichkeit\/","url":"https:\/\/pr-ide.de\/en\/blog\/2020\/04\/die-neue-sachlichkeit\/","name":"Die neue Sachlichkeit - pr-ide","isPartOf":{"@id":"https:\/\/pr-ide.de\/#website"},"primaryImageOfPage":{"@id":"https:\/\/pr-ide.de\/en\/blog\/2020\/04\/die-neue-sachlichkeit\/#primaryimage"},"image":{"@id":"https:\/\/pr-ide.de\/en\/blog\/2020\/04\/die-neue-sachlichkeit\/#primaryimage"},"thumbnailUrl":"https:\/\/pr-ide.de\/wp-content\/uploads\/2020\/04\/IMG-20200407-WA0002.jpg","datePublished":"2020-04-15T10:59:11+00:00","breadcrumb":{"@id":"https:\/\/pr-ide.de\/en\/blog\/2020\/04\/die-neue-sachlichkeit\/#breadcrumb"},"inLanguage":"en-US","potentialAction":[{"@type":"ReadAction","target":["https:\/\/pr-ide.de\/en\/blog\/2020\/04\/die-neue-sachlichkeit\/"]}]},{"@type":"ImageObject","inLanguage":"en-US","@id":"https:\/\/pr-ide.de\/en\/blog\/2020\/04\/die-neue-sachlichkeit\/#primaryimage","url":"https:\/\/pr-ide.de\/wp-content\/uploads\/2020\/04\/IMG-20200407-WA0002.jpg","contentUrl":"https:\/\/pr-ide.de\/wp-content\/uploads\/2020\/04\/IMG-20200407-WA0002.jpg","width":1024,"height":768},{"@type":"BreadcrumbList","@id":"https:\/\/pr-ide.de\/en\/blog\/2020\/04\/die-neue-sachlichkeit\/#breadcrumb","itemListElement":[{"@type":"ListItem","position":1,"name":"Home","item":"https:\/\/pr-ide.de\/en\/the-agency-for-creative-success\/"},{"@type":"ListItem","position":2,"name":"Die neue Sachlichkeit"}]},{"@type":"WebSite","@id":"https:\/\/pr-ide.de\/#website","url":"https:\/\/pr-ide.de\/","name":"pr-ide","description":"die agentur f\u00fcr kreative erfolge","publisher":{"@id":"https:\/\/pr-ide.de\/#organization"},"potentialAction":[{"@type":"SearchAction","target":{"@type":"EntryPoint","urlTemplate":"https:\/\/pr-ide.de\/?s={search_term_string}"},"query-input":{"@type":"PropertyValueSpecification","valueRequired":true,"valueName":"search_term_string"}}],"inLanguage":"en-US"},{"@type":"Organization","@id":"https:\/\/pr-ide.de\/#organization","name":"pr-ide","url":"https:\/\/pr-ide.de\/","logo":{"@type":"ImageObject","inLanguage":"en-US","@id":"https:\/\/pr-ide.de\/#\/schema\/logo\/image\/","url":"","contentUrl":"","caption":"pr-ide"},"image":{"@id":"https:\/\/pr-ide.de\/#\/schema\/logo\/image\/"},"sameAs":["https:\/\/www.facebook.com\/prideberlin\/","https:\/\/x.com\/pr_ide","https:\/\/www.linkedin.com\/company\/pr-ide-gbr\/"]},{"@type":"Person","@id":"https:\/\/pr-ide.de\/#\/schema\/person\/4bb8cb929d552fc1cd7c49d25ef90093","name":"Philipp Sack","image":{"@type":"ImageObject","inLanguage":"en-US","@id":"https:\/\/secure.gravatar.com\/avatar\/e7d041e5f3b6ec52d1f4dcd0266ccdf14a0b7227561f91f92a474ad68a30da9a?s=96&d=robohash&r=g","url":"https:\/\/secure.gravatar.com\/avatar\/e7d041e5f3b6ec52d1f4dcd0266ccdf14a0b7227561f91f92a474ad68a30da9a?s=96&d=robohash&r=g","contentUrl":"https:\/\/secure.gravatar.com\/avatar\/e7d041e5f3b6ec52d1f4dcd0266ccdf14a0b7227561f91f92a474ad68a30da9a?s=96&d=robohash&r=g","caption":"Philipp Sack"},"description":"CEO und Kreativkopf bei pr-ide. Kreuz und querlenkend, gerne segelnd. Immer auf der Suche nach innovativen L\u00f6sungen - manchmal schon bevor das Problem erkannt wurde.","sameAs":["http:\/\/www.pr-ide.de","https:\/\/www.linkedin.com\/in\/philipp-sack\/"],"url":"https:\/\/pr-ide.de\/en\/blog\/author\/seesack-2-2-2-2-2-2-2-2-2-2-2-2-2-2-2-2-2-2-2-2\/"}]}},"jetpack_featured_media_url":"https:\/\/pr-ide.de\/wp-content\/uploads\/2020\/04\/IMG-20200407-WA0002.jpg","jetpack_sharing_enabled":true,"_links":{"self":[{"href":"https:\/\/pr-ide.de\/en\/wp-json\/wp\/v2\/posts\/17843","targetHints":{"allow":["GET"]}}],"collection":[{"href":"https:\/\/pr-ide.de\/en\/wp-json\/wp\/v2\/posts"}],"about":[{"href":"https:\/\/pr-ide.de\/en\/wp-json\/wp\/v2\/types\/post"}],"author":[{"embeddable":true,"href":"https:\/\/pr-ide.de\/en\/wp-json\/wp\/v2\/users\/15"}],"replies":[{"embeddable":true,"href":"https:\/\/pr-ide.de\/en\/wp-json\/wp\/v2\/comments?post=17843"}],"version-history":[{"count":0,"href":"https:\/\/pr-ide.de\/en\/wp-json\/wp\/v2\/posts\/17843\/revisions"}],"wp:featuredmedia":[{"embeddable":true,"href":"https:\/\/pr-ide.de\/en\/wp-json\/wp\/v2\/media\/17845"}],"wp:attachment":[{"href":"https:\/\/pr-ide.de\/en\/wp-json\/wp\/v2\/media?parent=17843"}],"wp:term":[{"taxonomy":"category","embeddable":true,"href":"https:\/\/pr-ide.de\/en\/wp-json\/wp\/v2\/categories?post=17843"},{"taxonomy":"post_tag","embeddable":true,"href":"https:\/\/pr-ide.de\/en\/wp-json\/wp\/v2\/tags?post=17843"}],"curies":[{"name":"wp","href":"https:\/\/api.w.org\/{rel}","templated":true}]}}