{"id":1942,"date":"2011-11-02T15:04:39","date_gmt":"2011-11-02T14:04:39","guid":{"rendered":"http:\/\/blog.pr-ide.de\/?p=1942"},"modified":"2016-10-16T15:52:20","modified_gmt":"2016-10-16T14:52:20","slug":"trackingverdacht","status":"publish","type":"post","link":"https:\/\/pr-ide.de\/en\/blog\/2011\/11\/trackingverdacht\/","title":{"rendered":"Trackingverdacht"},"content":{"rendered":"<p><a href=\"http:\/\/pr-ide.com\/wp-content\/uploads\/2011\/11\/fb_cookie21.jpg\"><img decoding=\"async\" class=\"lazyload alignleft size-thumbnail wp-image-1949\" title=\"fb_cookie2\" src=\"data:image\/svg+xml,%3Csvg%20xmlns%3D%27http%3A%2F%2Fwww.w3.org%2F2000%2Fsvg%27%20width%3D%27150%27%20height%3D%27150%27%20viewBox%3D%270%200%20150%20150%27%3E%3Crect%20width%3D%27150%27%20height%3D%27150%27%20fill-opacity%3D%220%22%2F%3E%3C%2Fsvg%3E\" data-orig-src=\"http:\/\/pr-ide.com\/wp-content\/uploads\/2011\/11\/fb_cookie2-150x150.jpg\" alt=\"\" width=\"150\" height=\"150\" \/><\/a>facebook (FB) steht ja in der letzten Zeit h\u00e4ufiger unter der Kritik der Datensch\u00fctzer. Aktuell erhebt der\u00a0\u00a0Hamburgische Beauftragte f\u00fcr Datenschutz und Informationsfreiheit <a title=\"Vorw\u00fcrfe Trackingverdacht\" href=\"http:\/\/www.datenschutz-hamburg.de\/news\/detail\/article\/trackingverdacht-bei-facebook.html\" target=\"_blank\">Vorw\u00fcrfe <\/a>gegen FB wegen <a title=\"Trackingverdacht bei Facebook\" href=\"http:\/\/www.datenschutz-hamburg.de\/news\/detail\/article\/trackingverdacht-bei-facebook.html\" target=\"_blank\">Trackingverdacht<\/a>. Das hat nat\u00fcrlich das eigene Interesse gweckt was wohl dran ist an der Geschichte. Also den Cookie Speicher von Chrome und Firefox mal unter die Lupe genommen.<\/p>\n<p>Bei Chrome muss man dazu auf den kleinen<!--more--> Schraubenschl\u00fcssel auf der rechten Seite klicken &#8211;<\/p>\n<p><a href=\"http:\/\/pr-ide.com\/wp-content\/uploads\/2011\/11\/11.jpg\"><img decoding=\"async\" class=\"lazyload size-full wp-image-1943 alignnone\" title=\"1\" src=\"data:image\/svg+xml,%3Csvg%20xmlns%3D%27http%3A%2F%2Fwww.w3.org%2F2000%2Fsvg%27%20width%3D%27472%27%20height%3D%27588%27%20viewBox%3D%270%200%20472%20588%27%3E%3Crect%20width%3D%27472%27%20height%3D%27588%27%20fill-opacity%3D%220%22%2F%3E%3C%2Fsvg%3E\" data-orig-src=\"http:\/\/pr-ide.com\/wp-content\/uploads\/2011\/11\/1.jpg\" alt=\"\" width=\"472\" height=\"588\" \/><\/a><\/p>\n<p>dann kommt man in nur 5 Schritten zu den Cookies.<\/p>\n<p><a href=\"http:\/\/pr-ide.com\/wp-content\/uploads\/2011\/11\/21.jpg\"><img decoding=\"async\" class=\"lazyload alignnone size-full wp-image-1944\" title=\"2\" src=\"data:image\/svg+xml,%3Csvg%20xmlns%3D%27http%3A%2F%2Fwww.w3.org%2F2000%2Fsvg%27%20width%3D%27472%27%20height%3D%27588%27%20viewBox%3D%270%200%20472%20588%27%3E%3Crect%20width%3D%27472%27%20height%3D%27588%27%20fill-opacity%3D%220%22%2F%3E%3C%2Fsvg%3E\" data-orig-src=\"http:\/\/pr-ide.com\/wp-content\/uploads\/2011\/11\/2.jpg\" alt=\"\" width=\"472\" height=\"588\" \/><\/a><a href=\"http:\/\/pr-ide.com\/wp-content\/uploads\/2011\/11\/31.jpg\"><img decoding=\"async\" class=\"lazyload alignnone size-full wp-image-1945\" title=\"3\" src=\"data:image\/svg+xml,%3Csvg%20xmlns%3D%27http%3A%2F%2Fwww.w3.org%2F2000%2Fsvg%27%20width%3D%27472%27%20height%3D%27588%27%20viewBox%3D%270%200%20472%20588%27%3E%3Crect%20width%3D%27472%27%20height%3D%27588%27%20fill-opacity%3D%220%22%2F%3E%3C%2Fsvg%3E\" data-orig-src=\"http:\/\/pr-ide.com\/wp-content\/uploads\/2011\/11\/3.jpg\" alt=\"\" width=\"472\" height=\"588\" \/><\/a><a href=\"http:\/\/pr-ide.com\/wp-content\/uploads\/2011\/11\/41.jpg\"><img class=\"lazyload\" decoding=\"async\" title=\"4\" src=\"data:image\/svg+xml,%3Csvg%20xmlns%3D%27http%3A%2F%2Fwww.w3.org%2F2000%2Fsvg%27%20width%3D%27472%27%20height%3D%27588%27%20viewBox%3D%270%200%20472%20588%27%3E%3Crect%20width%3D%27472%27%20height%3D%27588%27%20fill-opacity%3D%220%22%2F%3E%3C%2Fsvg%3E\" data-orig-src=\"http:\/\/pr-ide.com\/wp-content\/uploads\/2011\/11\/4.jpg\" alt=\"\" width=\"472\" height=\"588\" \/><\/a><\/p>\n<p><a href=\"http:\/\/pr-ide.com\/wp-content\/uploads\/2011\/11\/51.jpg\"><img class=\"lazyload\" decoding=\"async\" title=\"5\" src=\"data:image\/svg+xml,%3Csvg%20xmlns%3D%27http%3A%2F%2Fwww.w3.org%2F2000%2Fsvg%27%20width%3D%27472%27%20height%3D%27588%27%20viewBox%3D%270%200%20472%20588%27%3E%3Crect%20width%3D%27472%27%20height%3D%27588%27%20fill-opacity%3D%220%22%2F%3E%3C%2Fsvg%3E\" data-orig-src=\"http:\/\/pr-ide.com\/wp-content\/uploads\/2011\/11\/5.jpg\" alt=\"\" width=\"472\" height=\"588\" \/><\/a><\/p>\n<p>&nbsp;<\/p>\n<p>Was sich dann zeigt ist ein Cookie der sich zwei Jahre lang h\u00e4lt, eine individuelle Erkennungsnummer hat (was sich daran zeigt dass die selbe Nummer im Firefox verwendet wird)<\/p>\n<p><a href=\"http:\/\/pr-ide.com\/wp-content\/uploads\/2011\/11\/fb_cookie21.jpg\"><img class=\"lazyload\" decoding=\"async\" title=\"fb_cookie2\" src=\"data:image\/svg+xml,%3Csvg%20xmlns%3D%27http%3A%2F%2Fwww.w3.org%2F2000%2Fsvg%27%20width%3D%27584%27%20height%3D%27305%27%20viewBox%3D%270%200%20584%20305%27%3E%3Crect%20width%3D%27584%27%20height%3D%27305%27%20fill-opacity%3D%220%22%2F%3E%3C%2Fsvg%3E\" data-orig-src=\"http:\/\/pr-ide.com\/wp-content\/uploads\/2011\/11\/fb_cookie2-900x471.jpg\" alt=\"\" width=\"584\" height=\"305\" \/><\/a>Was auch immer das bedeutet &#8211; ab und an den Cookie-Cache l\u00f6schen kann ja nier schaden ;)<\/p>\n<p>Noch ein kleiner Nachtrag &#8211; bei Firefox kommt man etwas schneller an die Cookie-Verwaltung, in der Menueleiste Einstellungen und dann Datenschutz &#8211; schon hat man die Wahl:<\/p>\n<p><a href=\"http:\/\/pr-ide.com\/wp-content\/uploads\/2011\/11\/61.jpg\"><img decoding=\"async\" class=\"lazyload alignnone size-full wp-image-1948\" title=\"6\" src=\"data:image\/svg+xml,%3Csvg%20xmlns%3D%27http%3A%2F%2Fwww.w3.org%2F2000%2Fsvg%27%20width%3D%27574%27%20height%3D%27559%27%20viewBox%3D%270%200%20574%20559%27%3E%3Crect%20width%3D%27574%27%20height%3D%27559%27%20fill-opacity%3D%220%22%2F%3E%3C%2Fsvg%3E\" data-orig-src=\"http:\/\/pr-ide.com\/wp-content\/uploads\/2011\/11\/6.jpg\" alt=\"\" width=\"574\" height=\"559\" \/><\/a><\/p>\n<p>Viel Erfolg beim waren der Privatsph\u00e4re!<\/p>\n","protected":false},"excerpt":{"rendered":"<p>facebook (FB) steht ja in der letzten Zeit h\u00e4ufiger unter der Kritik der Datensch\u00fctzer. Aktuell erhebt der\u00a0\u00a0Hamburgische Beauftragte f\u00fcr Datenschutz und Informationsfreiheit Vorw\u00fcrfe gegen FB wegen Trackingverdacht. Das hat nat\u00fcrlich das eigene Interesse gweckt was wohl dran ist an der  [&#8230;]<\/p>\n","protected":false},"author":15,"featured_media":1949,"comment_status":"open","ping_status":"open","sticky":false,"template":"","format":"standard","meta":{"_monsterinsights_skip_tracking":false,"_monsterinsights_sitenote_active":false,"_monsterinsights_sitenote_note":"","_monsterinsights_sitenote_category":0,"_jetpack_memberships_contains_paid_content":false,"footnotes":""},"categories":[38],"tags":[495,256,496],"class_list":["post-1942","post","type-post","status-publish","format-standard","has-post-thumbnail","hentry","category-pr-ide-leaks","tag-cookies","tag-facebook","tag-privatspare"],"yoast_head":"<!-- This site is optimized with the Yoast SEO plugin v27.2 - https:\/\/yoast.com\/product\/yoast-seo-wordpress\/ -->\n<title>Trackingverdacht - pr-ide<\/title>\n<meta name=\"robots\" content=\"index, follow, max-snippet:-1, max-image-preview:large, max-video-preview:-1\" \/>\n<link rel=\"canonical\" href=\"https:\/\/pr-ide.de\/blog\/2011\/11\/trackingverdacht\/\" \/>\n<meta property=\"og:locale\" content=\"en_US\" \/>\n<meta property=\"og:type\" content=\"article\" \/>\n<meta property=\"og:title\" content=\"Trackingverdacht - pr-ide\" \/>\n<meta property=\"og:description\" content=\"facebook (FB) steht ja in der letzten Zeit h\u00e4ufiger unter der Kritik der Datensch\u00fctzer. Aktuell erhebt der\u00a0\u00a0Hamburgische Beauftragte f\u00fcr Datenschutz und Informationsfreiheit Vorw\u00fcrfe gegen FB wegen Trackingverdacht. Das hat nat\u00fcrlich das eigene Interesse gweckt was wohl dran ist an der [...]\" \/>\n<meta property=\"og:url\" content=\"https:\/\/pr-ide.de\/blog\/2011\/11\/trackingverdacht\/\" \/>\n<meta property=\"og:site_name\" content=\"pr-ide\" \/>\n<meta property=\"article:publisher\" content=\"https:\/\/www.facebook.com\/prideberlin\/\" \/>\n<meta property=\"article:published_time\" content=\"2011-11-02T14:04:39+00:00\" \/>\n<meta property=\"article:modified_time\" content=\"2016-10-16T14:52:20+00:00\" \/>\n<meta name=\"author\" content=\"Philipp Sack\" \/>\n<meta name=\"twitter:label1\" content=\"Written by\" \/>\n\t<meta name=\"twitter:data1\" content=\"Philipp Sack\" \/>\n\t<meta name=\"twitter:label2\" content=\"Est. reading time\" \/>\n\t<meta name=\"twitter:data2\" content=\"1 minute\" \/>\n<script type=\"application\/ld+json\" class=\"yoast-schema-graph\">{\"@context\":\"https:\/\/schema.org\",\"@graph\":[{\"@type\":\"Article\",\"@id\":\"https:\/\/pr-ide.de\/blog\/2011\/11\/trackingverdacht\/#article\",\"isPartOf\":{\"@id\":\"https:\/\/pr-ide.de\/blog\/2011\/11\/trackingverdacht\/\"},\"author\":{\"name\":\"Philipp Sack\",\"@id\":\"https:\/\/pr-ide.de\/#\/schema\/person\/4bb8cb929d552fc1cd7c49d25ef90093\"},\"headline\":\"Trackingverdacht\",\"datePublished\":\"2011-11-02T14:04:39+00:00\",\"dateModified\":\"2016-10-16T14:52:20+00:00\",\"mainEntityOfPage\":{\"@id\":\"https:\/\/pr-ide.de\/blog\/2011\/11\/trackingverdacht\/\"},\"wordCount\":168,\"commentCount\":0,\"publisher\":{\"@id\":\"https:\/\/pr-ide.de\/#organization\"},\"image\":{\"@id\":\"https:\/\/pr-ide.de\/blog\/2011\/11\/trackingverdacht\/#primaryimage\"},\"thumbnailUrl\":\"\",\"keywords\":[\"cookies\",\"facebook\",\"privatsp\u00e4re\"],\"articleSection\":[\"pr-ide leaks\"],\"inLanguage\":\"en-US\",\"potentialAction\":[{\"@type\":\"CommentAction\",\"name\":\"Comment\",\"target\":[\"https:\/\/pr-ide.de\/blog\/2011\/11\/trackingverdacht\/#respond\"]}]},{\"@type\":\"WebPage\",\"@id\":\"https:\/\/pr-ide.de\/blog\/2011\/11\/trackingverdacht\/\",\"url\":\"https:\/\/pr-ide.de\/blog\/2011\/11\/trackingverdacht\/\",\"name\":\"Trackingverdacht - pr-ide\",\"isPartOf\":{\"@id\":\"https:\/\/pr-ide.de\/#website\"},\"primaryImageOfPage\":{\"@id\":\"https:\/\/pr-ide.de\/blog\/2011\/11\/trackingverdacht\/#primaryimage\"},\"image\":{\"@id\":\"https:\/\/pr-ide.de\/blog\/2011\/11\/trackingverdacht\/#primaryimage\"},\"thumbnailUrl\":\"\",\"datePublished\":\"2011-11-02T14:04:39+00:00\",\"dateModified\":\"2016-10-16T14:52:20+00:00\",\"breadcrumb\":{\"@id\":\"https:\/\/pr-ide.de\/blog\/2011\/11\/trackingverdacht\/#breadcrumb\"},\"inLanguage\":\"en-US\",\"potentialAction\":[{\"@type\":\"ReadAction\",\"target\":[\"https:\/\/pr-ide.de\/blog\/2011\/11\/trackingverdacht\/\"]}]},{\"@type\":\"ImageObject\",\"inLanguage\":\"en-US\",\"@id\":\"https:\/\/pr-ide.de\/blog\/2011\/11\/trackingverdacht\/#primaryimage\",\"url\":\"\",\"contentUrl\":\"\"},{\"@type\":\"BreadcrumbList\",\"@id\":\"https:\/\/pr-ide.de\/blog\/2011\/11\/trackingverdacht\/#breadcrumb\",\"itemListElement\":[{\"@type\":\"ListItem\",\"position\":1,\"name\":\"Home\",\"item\":\"https:\/\/pr-ide.de\/en\/the-agency-for-creative-success\/\"},{\"@type\":\"ListItem\",\"position\":2,\"name\":\"Trackingverdacht\"}]},{\"@type\":\"WebSite\",\"@id\":\"https:\/\/pr-ide.de\/#website\",\"url\":\"https:\/\/pr-ide.de\/\",\"name\":\"pr-ide\",\"description\":\"die agentur f\u00fcr kreative erfolge\",\"publisher\":{\"@id\":\"https:\/\/pr-ide.de\/#organization\"},\"potentialAction\":[{\"@type\":\"SearchAction\",\"target\":{\"@type\":\"EntryPoint\",\"urlTemplate\":\"https:\/\/pr-ide.de\/?s={search_term_string}\"},\"query-input\":{\"@type\":\"PropertyValueSpecification\",\"valueRequired\":true,\"valueName\":\"search_term_string\"}}],\"inLanguage\":\"en-US\"},{\"@type\":\"Organization\",\"@id\":\"https:\/\/pr-ide.de\/#organization\",\"name\":\"pr-ide\",\"url\":\"https:\/\/pr-ide.de\/\",\"logo\":{\"@type\":\"ImageObject\",\"inLanguage\":\"en-US\",\"@id\":\"https:\/\/pr-ide.de\/#\/schema\/logo\/image\/\",\"url\":\"\",\"contentUrl\":\"\",\"caption\":\"pr-ide\"},\"image\":{\"@id\":\"https:\/\/pr-ide.de\/#\/schema\/logo\/image\/\"},\"sameAs\":[\"https:\/\/www.facebook.com\/prideberlin\/\",\"https:\/\/x.com\/pr_ide\",\"https:\/\/www.linkedin.com\/company\/pr-ide-gbr\/\"]},{\"@type\":\"Person\",\"@id\":\"https:\/\/pr-ide.de\/#\/schema\/person\/4bb8cb929d552fc1cd7c49d25ef90093\",\"name\":\"Philipp Sack\",\"image\":{\"@type\":\"ImageObject\",\"inLanguage\":\"en-US\",\"@id\":\"https:\/\/secure.gravatar.com\/avatar\/e7d041e5f3b6ec52d1f4dcd0266ccdf14a0b7227561f91f92a474ad68a30da9a?s=96&d=robohash&r=g\",\"url\":\"https:\/\/secure.gravatar.com\/avatar\/e7d041e5f3b6ec52d1f4dcd0266ccdf14a0b7227561f91f92a474ad68a30da9a?s=96&d=robohash&r=g\",\"contentUrl\":\"https:\/\/secure.gravatar.com\/avatar\/e7d041e5f3b6ec52d1f4dcd0266ccdf14a0b7227561f91f92a474ad68a30da9a?s=96&d=robohash&r=g\",\"caption\":\"Philipp Sack\"},\"description\":\"CEO und Kreativkopf bei pr-ide. Kreuz und querlenkend, gerne segelnd. Immer auf der Suche nach innovativen L\u00f6sungen - manchmal schon bevor das Problem erkannt wurde.\",\"sameAs\":[\"http:\/\/www.pr-ide.de\",\"https:\/\/www.linkedin.com\/in\/philipp-sack\/\"],\"url\":\"https:\/\/pr-ide.de\/en\/blog\/author\/seesack-2-2-2-2-2-2-2-2-2-2-2-2-2-2-2-2-2-2-2-2\/\"}]}<\/script>\n<!-- \/ Yoast SEO plugin. -->","yoast_head_json":{"title":"Trackingverdacht - pr-ide","robots":{"index":"index","follow":"follow","max-snippet":"max-snippet:-1","max-image-preview":"max-image-preview:large","max-video-preview":"max-video-preview:-1"},"canonical":"https:\/\/pr-ide.de\/blog\/2011\/11\/trackingverdacht\/","og_locale":"en_US","og_type":"article","og_title":"Trackingverdacht - pr-ide","og_description":"facebook (FB) steht ja in der letzten Zeit h\u00e4ufiger unter der Kritik der Datensch\u00fctzer. Aktuell erhebt der\u00a0\u00a0Hamburgische Beauftragte f\u00fcr Datenschutz und Informationsfreiheit Vorw\u00fcrfe gegen FB wegen Trackingverdacht. Das hat nat\u00fcrlich das eigene Interesse gweckt was wohl dran ist an der [...]","og_url":"https:\/\/pr-ide.de\/blog\/2011\/11\/trackingverdacht\/","og_site_name":"pr-ide","article_publisher":"https:\/\/www.facebook.com\/prideberlin\/","article_published_time":"2011-11-02T14:04:39+00:00","article_modified_time":"2016-10-16T14:52:20+00:00","author":"Philipp Sack","twitter_misc":{"Written by":"Philipp Sack","Est. reading time":"1 minute"},"schema":{"@context":"https:\/\/schema.org","@graph":[{"@type":"Article","@id":"https:\/\/pr-ide.de\/blog\/2011\/11\/trackingverdacht\/#article","isPartOf":{"@id":"https:\/\/pr-ide.de\/blog\/2011\/11\/trackingverdacht\/"},"author":{"name":"Philipp Sack","@id":"https:\/\/pr-ide.de\/#\/schema\/person\/4bb8cb929d552fc1cd7c49d25ef90093"},"headline":"Trackingverdacht","datePublished":"2011-11-02T14:04:39+00:00","dateModified":"2016-10-16T14:52:20+00:00","mainEntityOfPage":{"@id":"https:\/\/pr-ide.de\/blog\/2011\/11\/trackingverdacht\/"},"wordCount":168,"commentCount":0,"publisher":{"@id":"https:\/\/pr-ide.de\/#organization"},"image":{"@id":"https:\/\/pr-ide.de\/blog\/2011\/11\/trackingverdacht\/#primaryimage"},"thumbnailUrl":"","keywords":["cookies","facebook","privatsp\u00e4re"],"articleSection":["pr-ide leaks"],"inLanguage":"en-US","potentialAction":[{"@type":"CommentAction","name":"Comment","target":["https:\/\/pr-ide.de\/blog\/2011\/11\/trackingverdacht\/#respond"]}]},{"@type":"WebPage","@id":"https:\/\/pr-ide.de\/blog\/2011\/11\/trackingverdacht\/","url":"https:\/\/pr-ide.de\/blog\/2011\/11\/trackingverdacht\/","name":"Trackingverdacht - pr-ide","isPartOf":{"@id":"https:\/\/pr-ide.de\/#website"},"primaryImageOfPage":{"@id":"https:\/\/pr-ide.de\/blog\/2011\/11\/trackingverdacht\/#primaryimage"},"image":{"@id":"https:\/\/pr-ide.de\/blog\/2011\/11\/trackingverdacht\/#primaryimage"},"thumbnailUrl":"","datePublished":"2011-11-02T14:04:39+00:00","dateModified":"2016-10-16T14:52:20+00:00","breadcrumb":{"@id":"https:\/\/pr-ide.de\/blog\/2011\/11\/trackingverdacht\/#breadcrumb"},"inLanguage":"en-US","potentialAction":[{"@type":"ReadAction","target":["https:\/\/pr-ide.de\/blog\/2011\/11\/trackingverdacht\/"]}]},{"@type":"ImageObject","inLanguage":"en-US","@id":"https:\/\/pr-ide.de\/blog\/2011\/11\/trackingverdacht\/#primaryimage","url":"","contentUrl":""},{"@type":"BreadcrumbList","@id":"https:\/\/pr-ide.de\/blog\/2011\/11\/trackingverdacht\/#breadcrumb","itemListElement":[{"@type":"ListItem","position":1,"name":"Home","item":"https:\/\/pr-ide.de\/en\/the-agency-for-creative-success\/"},{"@type":"ListItem","position":2,"name":"Trackingverdacht"}]},{"@type":"WebSite","@id":"https:\/\/pr-ide.de\/#website","url":"https:\/\/pr-ide.de\/","name":"pr-ide","description":"die agentur f\u00fcr kreative erfolge","publisher":{"@id":"https:\/\/pr-ide.de\/#organization"},"potentialAction":[{"@type":"SearchAction","target":{"@type":"EntryPoint","urlTemplate":"https:\/\/pr-ide.de\/?s={search_term_string}"},"query-input":{"@type":"PropertyValueSpecification","valueRequired":true,"valueName":"search_term_string"}}],"inLanguage":"en-US"},{"@type":"Organization","@id":"https:\/\/pr-ide.de\/#organization","name":"pr-ide","url":"https:\/\/pr-ide.de\/","logo":{"@type":"ImageObject","inLanguage":"en-US","@id":"https:\/\/pr-ide.de\/#\/schema\/logo\/image\/","url":"","contentUrl":"","caption":"pr-ide"},"image":{"@id":"https:\/\/pr-ide.de\/#\/schema\/logo\/image\/"},"sameAs":["https:\/\/www.facebook.com\/prideberlin\/","https:\/\/x.com\/pr_ide","https:\/\/www.linkedin.com\/company\/pr-ide-gbr\/"]},{"@type":"Person","@id":"https:\/\/pr-ide.de\/#\/schema\/person\/4bb8cb929d552fc1cd7c49d25ef90093","name":"Philipp Sack","image":{"@type":"ImageObject","inLanguage":"en-US","@id":"https:\/\/secure.gravatar.com\/avatar\/e7d041e5f3b6ec52d1f4dcd0266ccdf14a0b7227561f91f92a474ad68a30da9a?s=96&d=robohash&r=g","url":"https:\/\/secure.gravatar.com\/avatar\/e7d041e5f3b6ec52d1f4dcd0266ccdf14a0b7227561f91f92a474ad68a30da9a?s=96&d=robohash&r=g","contentUrl":"https:\/\/secure.gravatar.com\/avatar\/e7d041e5f3b6ec52d1f4dcd0266ccdf14a0b7227561f91f92a474ad68a30da9a?s=96&d=robohash&r=g","caption":"Philipp Sack"},"description":"CEO und Kreativkopf bei pr-ide. Kreuz und querlenkend, gerne segelnd. Immer auf der Suche nach innovativen L\u00f6sungen - manchmal schon bevor das Problem erkannt wurde.","sameAs":["http:\/\/www.pr-ide.de","https:\/\/www.linkedin.com\/in\/philipp-sack\/"],"url":"https:\/\/pr-ide.de\/en\/blog\/author\/seesack-2-2-2-2-2-2-2-2-2-2-2-2-2-2-2-2-2-2-2-2\/"}]}},"jetpack_featured_media_url":"","jetpack_sharing_enabled":true,"_links":{"self":[{"href":"https:\/\/pr-ide.de\/en\/wp-json\/wp\/v2\/posts\/1942","targetHints":{"allow":["GET"]}}],"collection":[{"href":"https:\/\/pr-ide.de\/en\/wp-json\/wp\/v2\/posts"}],"about":[{"href":"https:\/\/pr-ide.de\/en\/wp-json\/wp\/v2\/types\/post"}],"author":[{"embeddable":true,"href":"https:\/\/pr-ide.de\/en\/wp-json\/wp\/v2\/users\/15"}],"replies":[{"embeddable":true,"href":"https:\/\/pr-ide.de\/en\/wp-json\/wp\/v2\/comments?post=1942"}],"version-history":[{"count":0,"href":"https:\/\/pr-ide.de\/en\/wp-json\/wp\/v2\/posts\/1942\/revisions"}],"wp:featuredmedia":[{"embeddable":true,"href":"https:\/\/pr-ide.de\/en\/wp-json\/"}],"wp:attachment":[{"href":"https:\/\/pr-ide.de\/en\/wp-json\/wp\/v2\/media?parent=1942"}],"wp:term":[{"taxonomy":"category","embeddable":true,"href":"https:\/\/pr-ide.de\/en\/wp-json\/wp\/v2\/categories?post=1942"},{"taxonomy":"post_tag","embeddable":true,"href":"https:\/\/pr-ide.de\/en\/wp-json\/wp\/v2\/tags?post=1942"}],"curies":[{"name":"wp","href":"https:\/\/api.w.org\/{rel}","templated":true}]}}