{"id":1980,"date":"2011-11-29T19:34:35","date_gmt":"2011-11-29T18:34:35","guid":{"rendered":"http:\/\/blog.pr-ide.de\/?p=1980"},"modified":"2016-10-16T15:52:19","modified_gmt":"2016-10-16T14:52:19","slug":"geolt","status":"publish","type":"post","link":"https:\/\/pr-ide.de\/en\/blog\/2011\/11\/geolt\/","title":{"rendered":"Wie ge\u00f6lt!"},"content":{"rendered":"<p><a href=\"http:\/\/blog.pr-ide.de\/wp-content\/uploads\/2011\/11\/1211545_75852720.jpg\"><img decoding=\"async\" class=\"lazyload alignleft size-thumbnail wp-image-1981\" title=\"1211545_75852720\" src=\"data:image\/svg+xml,%3Csvg%20xmlns%3D%27http%3A%2F%2Fwww.w3.org%2F2000%2Fsvg%27%20width%3D%27150%27%20height%3D%27150%27%20viewBox%3D%270%200%20150%20150%27%3E%3Crect%20width%3D%27150%27%20height%3D%27150%27%20fill-opacity%3D%220%22%2F%3E%3C%2Fsvg%3E\" data-orig-src=\"http:\/\/pr-ide.com\/wp-content\/uploads\/2011\/11\/1211545_75852720-150x150.jpg\" alt=\"\" width=\"150\" height=\"150\" \/><\/a>&#8220;Ein Tropfen \u00d6l tut Wunder!&#8221; &#8211; in alter Familientradition wurde dies h\u00e4ufig als L\u00f6sungsansatz f\u00fcr mechanische Probleme erw\u00e4hnt.<\/p>\n<p>Eine ganz andere Bedeutung bekommt diese Aussage aber wenn man den Blick zum kulinarischen Horizont schweifen l\u00e4sst.<\/p>\n<p>Wer wei\u00df schon etwas \u00fcber <a href=\"http:\/\/www.oelix.de\/samen-und-kernoele\/mohnoel\">Mohn\u00f6l <\/a>und seine Eignung zur Zubereitung von S\u00fc\u00dfspeisen? Oder <a href=\"http:\/\/www.oelix.de\/samen-und-kernoele\/schwarzkuemmeloel\">Schwarzk\u00fcmmel\u00f6l<\/a>? Kaltgepresst hat es mit seinem hohen Anteil an Omega-3 und Omega-6 Fetts\u00e4uren einen leicht pfeffrigen Geschmack, gut passend zum Beispiel f\u00fcr Salate. (Mehr <a href=\"http:\/\/www.oelix.de\/informatives\/rezepte\">Rezepte hier..<\/a>)<\/p>\n<p>Dass es diese Produkte dann auch noch aus der regionalen Umgebung gibt ist sch\u00f6n, schont die Umwelt durch kurze Transportwege und st\u00e4rkt die lokale Wirtschaft.<\/p>\n<p>Nur wird der Discounter des Vertrauens bei Kanower K\u00fcrbiskern\u00f6l wohl eher mit der Schulter zucken als das gew\u00fcnschte Produkt aus dem Regal zu zaubern &#8211; geholfen werden kann einem nat\u00fcrlich trotzdem, online &#8211; wie auch sonst ;) &#8211; nur schreien muss man nicht wenn man Pakete von <a href=\"http:\/\/www.oelix.de\/\">Oelix <\/a>erh\u00e4lt.<\/p>\n<p>Das Design des Webshops kommt, nebenbei bemerkt, \u00a0von einer hinreichend bekannten <a href=\"http:\/\/www.pr-ide.de\">Berliner Agentur<\/a>&#8230;&#8230;. ;)<\/p>\n","protected":false},"excerpt":{"rendered":"<p>&#8220;Ein Tropfen \u00d6l tut Wunder!&#8221; &#8211; in alter Familientradition wurde dies h\u00e4ufig als L\u00f6sungsansatz f\u00fcr mechanische Probleme erw\u00e4hnt. Eine ganz andere Bedeutung bekommt diese Aussage aber wenn man den Blick zum kulinarischen Horizont schweifen l\u00e4sst. Wer wei\u00df schon etwas \u00fcber  [&#8230;]<\/p>\n","protected":false},"author":15,"featured_media":1981,"comment_status":"open","ping_status":"open","sticky":false,"template":"","format":"standard","meta":{"_monsterinsights_skip_tracking":false,"_monsterinsights_sitenote_active":false,"_monsterinsights_sitenote_note":"","_monsterinsights_sitenote_category":0,"_jetpack_memberships_contains_paid_content":false,"footnotes":""},"categories":[13],"tags":[501,502],"class_list":["post-1980","post","type-post","status-publish","format-standard","has-post-thumbnail","hentry","category-allgemein","tag-ol","tag-region"],"yoast_head":"<!-- This site is optimized with the Yoast SEO plugin v27.2 - https:\/\/yoast.com\/product\/yoast-seo-wordpress\/ -->\n<title>Wie ge\u00f6lt! - pr-ide<\/title>\n<meta name=\"robots\" content=\"index, follow, max-snippet:-1, max-image-preview:large, max-video-preview:-1\" \/>\n<link rel=\"canonical\" href=\"https:\/\/pr-ide.de\/blog\/2011\/11\/geolt\/\" \/>\n<meta property=\"og:locale\" content=\"en_US\" \/>\n<meta property=\"og:type\" content=\"article\" \/>\n<meta property=\"og:title\" content=\"Wie ge\u00f6lt! - pr-ide\" \/>\n<meta property=\"og:description\" content=\"&#8220;Ein Tropfen \u00d6l tut Wunder!&#8221; &#8211; in alter Familientradition wurde dies h\u00e4ufig als L\u00f6sungsansatz f\u00fcr mechanische Probleme erw\u00e4hnt. Eine ganz andere Bedeutung bekommt diese Aussage aber wenn man den Blick zum kulinarischen Horizont schweifen l\u00e4sst. Wer wei\u00df schon etwas \u00fcber [...]\" \/>\n<meta property=\"og:url\" content=\"https:\/\/pr-ide.de\/blog\/2011\/11\/geolt\/\" \/>\n<meta property=\"og:site_name\" content=\"pr-ide\" \/>\n<meta property=\"article:publisher\" content=\"https:\/\/www.facebook.com\/prideberlin\/\" \/>\n<meta property=\"article:published_time\" content=\"2011-11-29T18:34:35+00:00\" \/>\n<meta property=\"article:modified_time\" content=\"2016-10-16T14:52:19+00:00\" \/>\n<meta name=\"author\" content=\"Philipp Sack\" \/>\n<meta name=\"twitter:label1\" content=\"Written by\" \/>\n\t<meta name=\"twitter:data1\" content=\"Philipp Sack\" \/>\n\t<meta name=\"twitter:label2\" content=\"Est. reading time\" \/>\n\t<meta name=\"twitter:data2\" content=\"1 minute\" \/>\n<script type=\"application\/ld+json\" class=\"yoast-schema-graph\">{\"@context\":\"https:\/\/schema.org\",\"@graph\":[{\"@type\":\"Article\",\"@id\":\"https:\/\/pr-ide.de\/blog\/2011\/11\/geolt\/#article\",\"isPartOf\":{\"@id\":\"https:\/\/pr-ide.de\/blog\/2011\/11\/geolt\/\"},\"author\":{\"name\":\"Philipp Sack\",\"@id\":\"https:\/\/pr-ide.de\/#\/schema\/person\/4bb8cb929d552fc1cd7c49d25ef90093\"},\"headline\":\"Wie ge\u00f6lt!\",\"datePublished\":\"2011-11-29T18:34:35+00:00\",\"dateModified\":\"2016-10-16T14:52:19+00:00\",\"mainEntityOfPage\":{\"@id\":\"https:\/\/pr-ide.de\/blog\/2011\/11\/geolt\/\"},\"wordCount\":182,\"commentCount\":1,\"publisher\":{\"@id\":\"https:\/\/pr-ide.de\/#organization\"},\"image\":{\"@id\":\"https:\/\/pr-ide.de\/blog\/2011\/11\/geolt\/#primaryimage\"},\"thumbnailUrl\":\"\",\"keywords\":[\"\u00d6l\",\"Region\"],\"articleSection\":[\"allgemein\"],\"inLanguage\":\"en-US\",\"potentialAction\":[{\"@type\":\"CommentAction\",\"name\":\"Comment\",\"target\":[\"https:\/\/pr-ide.de\/blog\/2011\/11\/geolt\/#respond\"]}]},{\"@type\":\"WebPage\",\"@id\":\"https:\/\/pr-ide.de\/blog\/2011\/11\/geolt\/\",\"url\":\"https:\/\/pr-ide.de\/blog\/2011\/11\/geolt\/\",\"name\":\"Wie ge\u00f6lt! - pr-ide\",\"isPartOf\":{\"@id\":\"https:\/\/pr-ide.de\/#website\"},\"primaryImageOfPage\":{\"@id\":\"https:\/\/pr-ide.de\/blog\/2011\/11\/geolt\/#primaryimage\"},\"image\":{\"@id\":\"https:\/\/pr-ide.de\/blog\/2011\/11\/geolt\/#primaryimage\"},\"thumbnailUrl\":\"\",\"datePublished\":\"2011-11-29T18:34:35+00:00\",\"dateModified\":\"2016-10-16T14:52:19+00:00\",\"breadcrumb\":{\"@id\":\"https:\/\/pr-ide.de\/blog\/2011\/11\/geolt\/#breadcrumb\"},\"inLanguage\":\"en-US\",\"potentialAction\":[{\"@type\":\"ReadAction\",\"target\":[\"https:\/\/pr-ide.de\/blog\/2011\/11\/geolt\/\"]}]},{\"@type\":\"ImageObject\",\"inLanguage\":\"en-US\",\"@id\":\"https:\/\/pr-ide.de\/blog\/2011\/11\/geolt\/#primaryimage\",\"url\":\"\",\"contentUrl\":\"\"},{\"@type\":\"BreadcrumbList\",\"@id\":\"https:\/\/pr-ide.de\/blog\/2011\/11\/geolt\/#breadcrumb\",\"itemListElement\":[{\"@type\":\"ListItem\",\"position\":1,\"name\":\"Home\",\"item\":\"https:\/\/pr-ide.de\/en\/the-agency-for-creative-success\/\"},{\"@type\":\"ListItem\",\"position\":2,\"name\":\"Wie ge\u00f6lt!\"}]},{\"@type\":\"WebSite\",\"@id\":\"https:\/\/pr-ide.de\/#website\",\"url\":\"https:\/\/pr-ide.de\/\",\"name\":\"pr-ide\",\"description\":\"die agentur f\u00fcr kreative erfolge\",\"publisher\":{\"@id\":\"https:\/\/pr-ide.de\/#organization\"},\"potentialAction\":[{\"@type\":\"SearchAction\",\"target\":{\"@type\":\"EntryPoint\",\"urlTemplate\":\"https:\/\/pr-ide.de\/?s={search_term_string}\"},\"query-input\":{\"@type\":\"PropertyValueSpecification\",\"valueRequired\":true,\"valueName\":\"search_term_string\"}}],\"inLanguage\":\"en-US\"},{\"@type\":\"Organization\",\"@id\":\"https:\/\/pr-ide.de\/#organization\",\"name\":\"pr-ide\",\"url\":\"https:\/\/pr-ide.de\/\",\"logo\":{\"@type\":\"ImageObject\",\"inLanguage\":\"en-US\",\"@id\":\"https:\/\/pr-ide.de\/#\/schema\/logo\/image\/\",\"url\":\"\",\"contentUrl\":\"\",\"caption\":\"pr-ide\"},\"image\":{\"@id\":\"https:\/\/pr-ide.de\/#\/schema\/logo\/image\/\"},\"sameAs\":[\"https:\/\/www.facebook.com\/prideberlin\/\",\"https:\/\/x.com\/pr_ide\",\"https:\/\/www.linkedin.com\/company\/pr-ide-gbr\/\"]},{\"@type\":\"Person\",\"@id\":\"https:\/\/pr-ide.de\/#\/schema\/person\/4bb8cb929d552fc1cd7c49d25ef90093\",\"name\":\"Philipp Sack\",\"image\":{\"@type\":\"ImageObject\",\"inLanguage\":\"en-US\",\"@id\":\"https:\/\/secure.gravatar.com\/avatar\/e7d041e5f3b6ec52d1f4dcd0266ccdf14a0b7227561f91f92a474ad68a30da9a?s=96&d=robohash&r=g\",\"url\":\"https:\/\/secure.gravatar.com\/avatar\/e7d041e5f3b6ec52d1f4dcd0266ccdf14a0b7227561f91f92a474ad68a30da9a?s=96&d=robohash&r=g\",\"contentUrl\":\"https:\/\/secure.gravatar.com\/avatar\/e7d041e5f3b6ec52d1f4dcd0266ccdf14a0b7227561f91f92a474ad68a30da9a?s=96&d=robohash&r=g\",\"caption\":\"Philipp Sack\"},\"description\":\"CEO und Kreativkopf bei pr-ide. Kreuz und querlenkend, gerne segelnd. Immer auf der Suche nach innovativen L\u00f6sungen - manchmal schon bevor das Problem erkannt wurde.\",\"sameAs\":[\"http:\/\/www.pr-ide.de\",\"https:\/\/www.linkedin.com\/in\/philipp-sack\/\"],\"url\":\"https:\/\/pr-ide.de\/en\/blog\/author\/seesack-2-2-2-2-2-2-2-2-2-2-2-2-2-2-2-2-2-2-2-2\/\"}]}<\/script>\n<!-- \/ Yoast SEO plugin. -->","yoast_head_json":{"title":"Wie ge\u00f6lt! - pr-ide","robots":{"index":"index","follow":"follow","max-snippet":"max-snippet:-1","max-image-preview":"max-image-preview:large","max-video-preview":"max-video-preview:-1"},"canonical":"https:\/\/pr-ide.de\/blog\/2011\/11\/geolt\/","og_locale":"en_US","og_type":"article","og_title":"Wie ge\u00f6lt! - pr-ide","og_description":"&#8220;Ein Tropfen \u00d6l tut Wunder!&#8221; &#8211; in alter Familientradition wurde dies h\u00e4ufig als L\u00f6sungsansatz f\u00fcr mechanische Probleme erw\u00e4hnt. Eine ganz andere Bedeutung bekommt diese Aussage aber wenn man den Blick zum kulinarischen Horizont schweifen l\u00e4sst. Wer wei\u00df schon etwas \u00fcber [...]","og_url":"https:\/\/pr-ide.de\/blog\/2011\/11\/geolt\/","og_site_name":"pr-ide","article_publisher":"https:\/\/www.facebook.com\/prideberlin\/","article_published_time":"2011-11-29T18:34:35+00:00","article_modified_time":"2016-10-16T14:52:19+00:00","author":"Philipp Sack","twitter_misc":{"Written by":"Philipp Sack","Est. reading time":"1 minute"},"schema":{"@context":"https:\/\/schema.org","@graph":[{"@type":"Article","@id":"https:\/\/pr-ide.de\/blog\/2011\/11\/geolt\/#article","isPartOf":{"@id":"https:\/\/pr-ide.de\/blog\/2011\/11\/geolt\/"},"author":{"name":"Philipp Sack","@id":"https:\/\/pr-ide.de\/#\/schema\/person\/4bb8cb929d552fc1cd7c49d25ef90093"},"headline":"Wie ge\u00f6lt!","datePublished":"2011-11-29T18:34:35+00:00","dateModified":"2016-10-16T14:52:19+00:00","mainEntityOfPage":{"@id":"https:\/\/pr-ide.de\/blog\/2011\/11\/geolt\/"},"wordCount":182,"commentCount":1,"publisher":{"@id":"https:\/\/pr-ide.de\/#organization"},"image":{"@id":"https:\/\/pr-ide.de\/blog\/2011\/11\/geolt\/#primaryimage"},"thumbnailUrl":"","keywords":["\u00d6l","Region"],"articleSection":["allgemein"],"inLanguage":"en-US","potentialAction":[{"@type":"CommentAction","name":"Comment","target":["https:\/\/pr-ide.de\/blog\/2011\/11\/geolt\/#respond"]}]},{"@type":"WebPage","@id":"https:\/\/pr-ide.de\/blog\/2011\/11\/geolt\/","url":"https:\/\/pr-ide.de\/blog\/2011\/11\/geolt\/","name":"Wie ge\u00f6lt! - pr-ide","isPartOf":{"@id":"https:\/\/pr-ide.de\/#website"},"primaryImageOfPage":{"@id":"https:\/\/pr-ide.de\/blog\/2011\/11\/geolt\/#primaryimage"},"image":{"@id":"https:\/\/pr-ide.de\/blog\/2011\/11\/geolt\/#primaryimage"},"thumbnailUrl":"","datePublished":"2011-11-29T18:34:35+00:00","dateModified":"2016-10-16T14:52:19+00:00","breadcrumb":{"@id":"https:\/\/pr-ide.de\/blog\/2011\/11\/geolt\/#breadcrumb"},"inLanguage":"en-US","potentialAction":[{"@type":"ReadAction","target":["https:\/\/pr-ide.de\/blog\/2011\/11\/geolt\/"]}]},{"@type":"ImageObject","inLanguage":"en-US","@id":"https:\/\/pr-ide.de\/blog\/2011\/11\/geolt\/#primaryimage","url":"","contentUrl":""},{"@type":"BreadcrumbList","@id":"https:\/\/pr-ide.de\/blog\/2011\/11\/geolt\/#breadcrumb","itemListElement":[{"@type":"ListItem","position":1,"name":"Home","item":"https:\/\/pr-ide.de\/en\/the-agency-for-creative-success\/"},{"@type":"ListItem","position":2,"name":"Wie ge\u00f6lt!"}]},{"@type":"WebSite","@id":"https:\/\/pr-ide.de\/#website","url":"https:\/\/pr-ide.de\/","name":"pr-ide","description":"die agentur f\u00fcr kreative erfolge","publisher":{"@id":"https:\/\/pr-ide.de\/#organization"},"potentialAction":[{"@type":"SearchAction","target":{"@type":"EntryPoint","urlTemplate":"https:\/\/pr-ide.de\/?s={search_term_string}"},"query-input":{"@type":"PropertyValueSpecification","valueRequired":true,"valueName":"search_term_string"}}],"inLanguage":"en-US"},{"@type":"Organization","@id":"https:\/\/pr-ide.de\/#organization","name":"pr-ide","url":"https:\/\/pr-ide.de\/","logo":{"@type":"ImageObject","inLanguage":"en-US","@id":"https:\/\/pr-ide.de\/#\/schema\/logo\/image\/","url":"","contentUrl":"","caption":"pr-ide"},"image":{"@id":"https:\/\/pr-ide.de\/#\/schema\/logo\/image\/"},"sameAs":["https:\/\/www.facebook.com\/prideberlin\/","https:\/\/x.com\/pr_ide","https:\/\/www.linkedin.com\/company\/pr-ide-gbr\/"]},{"@type":"Person","@id":"https:\/\/pr-ide.de\/#\/schema\/person\/4bb8cb929d552fc1cd7c49d25ef90093","name":"Philipp Sack","image":{"@type":"ImageObject","inLanguage":"en-US","@id":"https:\/\/secure.gravatar.com\/avatar\/e7d041e5f3b6ec52d1f4dcd0266ccdf14a0b7227561f91f92a474ad68a30da9a?s=96&d=robohash&r=g","url":"https:\/\/secure.gravatar.com\/avatar\/e7d041e5f3b6ec52d1f4dcd0266ccdf14a0b7227561f91f92a474ad68a30da9a?s=96&d=robohash&r=g","contentUrl":"https:\/\/secure.gravatar.com\/avatar\/e7d041e5f3b6ec52d1f4dcd0266ccdf14a0b7227561f91f92a474ad68a30da9a?s=96&d=robohash&r=g","caption":"Philipp Sack"},"description":"CEO und Kreativkopf bei pr-ide. Kreuz und querlenkend, gerne segelnd. Immer auf der Suche nach innovativen L\u00f6sungen - manchmal schon bevor das Problem erkannt wurde.","sameAs":["http:\/\/www.pr-ide.de","https:\/\/www.linkedin.com\/in\/philipp-sack\/"],"url":"https:\/\/pr-ide.de\/en\/blog\/author\/seesack-2-2-2-2-2-2-2-2-2-2-2-2-2-2-2-2-2-2-2-2\/"}]}},"jetpack_featured_media_url":"","jetpack_sharing_enabled":true,"_links":{"self":[{"href":"https:\/\/pr-ide.de\/en\/wp-json\/wp\/v2\/posts\/1980","targetHints":{"allow":["GET"]}}],"collection":[{"href":"https:\/\/pr-ide.de\/en\/wp-json\/wp\/v2\/posts"}],"about":[{"href":"https:\/\/pr-ide.de\/en\/wp-json\/wp\/v2\/types\/post"}],"author":[{"embeddable":true,"href":"https:\/\/pr-ide.de\/en\/wp-json\/wp\/v2\/users\/15"}],"replies":[{"embeddable":true,"href":"https:\/\/pr-ide.de\/en\/wp-json\/wp\/v2\/comments?post=1980"}],"version-history":[{"count":0,"href":"https:\/\/pr-ide.de\/en\/wp-json\/wp\/v2\/posts\/1980\/revisions"}],"wp:featuredmedia":[{"embeddable":true,"href":"https:\/\/pr-ide.de\/en\/wp-json\/"}],"wp:attachment":[{"href":"https:\/\/pr-ide.de\/en\/wp-json\/wp\/v2\/media?parent=1980"}],"wp:term":[{"taxonomy":"category","embeddable":true,"href":"https:\/\/pr-ide.de\/en\/wp-json\/wp\/v2\/categories?post=1980"},{"taxonomy":"post_tag","embeddable":true,"href":"https:\/\/pr-ide.de\/en\/wp-json\/wp\/v2\/tags?post=1980"}],"curies":[{"name":"wp","href":"https:\/\/api.w.org\/{rel}","templated":true}]}}