{"id":2261,"date":"2012-04-01T00:00:57","date_gmt":"2012-03-31T23:00:57","guid":{"rendered":"http:\/\/blog.pr-ide.de\/?p=2261"},"modified":"2016-10-16T15:52:04","modified_gmt":"2016-10-16T14:52:04","slug":"elektrische-oberleitung-der-spanischen-allee","status":"publish","type":"post","link":"https:\/\/pr-ide.de\/en\/blog\/2012\/04\/elektrische-oberleitung-der-spanischen-allee\/","title":{"rendered":"elektrische Oberleitung in der Spanischen Allee"},"content":{"rendered":"<p><a href=\"http:\/\/pr-ide.com\/wp-content\/uploads\/2012\/04\/mill1.jpg\"><img decoding=\"async\" class=\"lazyload alignleft size-thumbnail wp-image-2262\" title=\"mill1\" src=\"data:image\/svg+xml,%3Csvg%20xmlns%3D%27http%3A%2F%2Fwww.w3.org%2F2000%2Fsvg%27%20width%3D%27150%27%20height%3D%27150%27%20viewBox%3D%270%200%20150%20150%27%3E%3Crect%20width%3D%27150%27%20height%3D%27150%27%20fill-opacity%3D%220%22%2F%3E%3C%2Fsvg%3E\" data-orig-src=\"http:\/\/pr-ide.com\/wp-content\/uploads\/2012\/03\/mill1-150x150.jpg\" alt=\"\" width=\"150\" height=\"150\" \/><\/a>Ein neues Piloptprojekt des Energieunternehmens <strong>e<\/strong>G<strong>on<\/strong> startet in der Spanischen Allee. Begleitet durch eine Konzept-Initiative der Kreativ Grupe von pr-ide. Hintergrund der Aktion ist eine langj\u00e4hrige Untersuchung der Nutzungsprofile diverser Firmenfahrzeuge &#8211; darunter auch die &#8220;Agenturschrankwand&#8221; (Renault Trafic Generation) von pr-ide.<\/p>\n<p>Obwohl diese im Vergleich zu manchen \u00a0SUVs &#8211; die auch gerne im Bezirk zum Besuch der \u00d6kom\u00e4rkte genutzt werden &#8211; nat\u00fcrlich sensationell g\u00fcnstige Verbrauchswerte je <!--more-->Mitfahrer aufweist, wurden weder Kosten noch M\u00fchen gescheut diese \u00d6kologisch sinnvoll umzugestalten.<\/p>\n<p>Durch einen genialen Umbausatz des Anlassermotors kann dieser als Erstantrieb bis zu einer Geschwindigkeit von 68 km\/h genutzt werden. Wird die Geschwindigkeit \u00fcberschritten oder reicht die Ladung der Zusatzbatterien nicht aus wird automatisch die Diesel-Einspritzung ausgel\u00f6st.<\/p>\n<p>Da in oben genannter Untersuchung festgestellt wurde, dass nahezu 100% aller Fahrten der Firmen-Schrankwand entweder bei der Agentur pr-ide starten oder dort enden war es letztendlich naheliegend die Startstrecke f\u00fcr den Oberleitungsbetrieb auszuw\u00e4hlen. Da zeitgleich der Belag der Avus gegen einen ger\u00e4uschd\u00e4mmenden Belag aus nachwachsenden Rohstoffen und zerkleinerten Eierkartons ausgewechselt wird, kann die AVUS-Strecke bis zum Ende der Bauarbeiten im Sp\u00e4therbst 2028 auf Oberleitungsbetrieb umgestellt werden.<\/p>\n<p>Bei Fahrten innerhalb des Oberleitungsnetzes werden die Hauptbatterien des Versuchsfahrzeuges automatisch abgeschaltet und die Energieversorgung erfolgt zu 100% aus dem Strom aus den Oberleitungen.<\/p>\n<p>Dieser wird \u00fcbrigens aus Windkraft der k\u00fcrzlich geplanten WK-Anlage Fernsehturm gewonnen. (Artikelfoto)<\/p>\n","protected":false},"excerpt":{"rendered":"<p>Ein neues Piloptprojekt des Energieunternehmens eGon startet in der Spanischen Allee. Begleitet durch eine Konzept-Initiative der Kreativ Grupe von pr-ide. Hintergrund der Aktion ist eine langj\u00e4hrige Untersuchung der Nutzungsprofile diverser Firmenfahrzeuge &#8211; darunter auch die &#8220;Agenturschrankwand&#8221; (Renault Trafic Generation) von  [&#8230;]<\/p>\n","protected":false},"author":15,"featured_media":2263,"comment_status":"open","ping_status":"open","sticky":false,"template":"","format":"standard","meta":{"_monsterinsights_skip_tracking":false,"_monsterinsights_sitenote_active":false,"_monsterinsights_sitenote_note":"","_monsterinsights_sitenote_category":0,"_jetpack_memberships_contains_paid_content":false,"footnotes":""},"categories":[13,329],"tags":[192,67,540],"class_list":["post-2261","post","type-post","status-publish","format-standard","has-post-thumbnail","hentry","category-allgemein","category-zu-wahr-um-schon-zu-sein","tag-april","tag-avus","tag-windkraft"],"yoast_head":"<!-- This site is optimized with the Yoast SEO plugin v27.2 - https:\/\/yoast.com\/product\/yoast-seo-wordpress\/ -->\n<title>elektrische Oberleitung in der Spanischen Allee - pr-ide<\/title>\n<meta name=\"robots\" content=\"index, follow, max-snippet:-1, max-image-preview:large, max-video-preview:-1\" \/>\n<link rel=\"canonical\" href=\"https:\/\/pr-ide.de\/blog\/2012\/04\/elektrische-oberleitung-der-spanischen-allee\/\" \/>\n<meta property=\"og:locale\" content=\"en_US\" \/>\n<meta property=\"og:type\" content=\"article\" \/>\n<meta property=\"og:title\" content=\"elektrische Oberleitung in der Spanischen Allee - pr-ide\" \/>\n<meta property=\"og:description\" content=\"Ein neues Piloptprojekt des Energieunternehmens eGon startet in der Spanischen Allee. Begleitet durch eine Konzept-Initiative der Kreativ Grupe von pr-ide. Hintergrund der Aktion ist eine langj\u00e4hrige Untersuchung der Nutzungsprofile diverser Firmenfahrzeuge &#8211; darunter auch die &#8220;Agenturschrankwand&#8221; (Renault Trafic Generation) von [...]\" \/>\n<meta property=\"og:url\" content=\"https:\/\/pr-ide.de\/blog\/2012\/04\/elektrische-oberleitung-der-spanischen-allee\/\" \/>\n<meta property=\"og:site_name\" content=\"pr-ide\" \/>\n<meta property=\"article:publisher\" content=\"https:\/\/www.facebook.com\/prideberlin\/\" \/>\n<meta property=\"article:published_time\" content=\"2012-03-31T23:00:57+00:00\" \/>\n<meta property=\"article:modified_time\" content=\"2016-10-16T14:52:04+00:00\" \/>\n<meta name=\"author\" content=\"Philipp Sack\" \/>\n<meta name=\"twitter:label1\" content=\"Written by\" \/>\n\t<meta name=\"twitter:data1\" content=\"Philipp Sack\" \/>\n\t<meta name=\"twitter:label2\" content=\"Est. reading time\" \/>\n\t<meta name=\"twitter:data2\" content=\"1 minute\" \/>\n<script type=\"application\/ld+json\" class=\"yoast-schema-graph\">{\"@context\":\"https:\/\/schema.org\",\"@graph\":[{\"@type\":\"Article\",\"@id\":\"https:\/\/pr-ide.de\/blog\/2012\/04\/elektrische-oberleitung-der-spanischen-allee\/#article\",\"isPartOf\":{\"@id\":\"https:\/\/pr-ide.de\/blog\/2012\/04\/elektrische-oberleitung-der-spanischen-allee\/\"},\"author\":{\"name\":\"Philipp Sack\",\"@id\":\"https:\/\/pr-ide.de\/#\/schema\/person\/4bb8cb929d552fc1cd7c49d25ef90093\"},\"headline\":\"elektrische Oberleitung in der Spanischen Allee\",\"datePublished\":\"2012-03-31T23:00:57+00:00\",\"dateModified\":\"2016-10-16T14:52:04+00:00\",\"mainEntityOfPage\":{\"@id\":\"https:\/\/pr-ide.de\/blog\/2012\/04\/elektrische-oberleitung-der-spanischen-allee\/\"},\"wordCount\":231,\"commentCount\":2,\"publisher\":{\"@id\":\"https:\/\/pr-ide.de\/#organization\"},\"image\":{\"@id\":\"https:\/\/pr-ide.de\/blog\/2012\/04\/elektrische-oberleitung-der-spanischen-allee\/#primaryimage\"},\"thumbnailUrl\":\"\",\"keywords\":[\"april\",\"avus\",\"windkraft\"],\"articleSection\":[\"allgemein\",\"Zu wahr um sch\u00f6n zu sein!\"],\"inLanguage\":\"en-US\",\"potentialAction\":[{\"@type\":\"CommentAction\",\"name\":\"Comment\",\"target\":[\"https:\/\/pr-ide.de\/blog\/2012\/04\/elektrische-oberleitung-der-spanischen-allee\/#respond\"]}]},{\"@type\":\"WebPage\",\"@id\":\"https:\/\/pr-ide.de\/blog\/2012\/04\/elektrische-oberleitung-der-spanischen-allee\/\",\"url\":\"https:\/\/pr-ide.de\/blog\/2012\/04\/elektrische-oberleitung-der-spanischen-allee\/\",\"name\":\"elektrische Oberleitung in der Spanischen Allee - pr-ide\",\"isPartOf\":{\"@id\":\"https:\/\/pr-ide.de\/#website\"},\"primaryImageOfPage\":{\"@id\":\"https:\/\/pr-ide.de\/blog\/2012\/04\/elektrische-oberleitung-der-spanischen-allee\/#primaryimage\"},\"image\":{\"@id\":\"https:\/\/pr-ide.de\/blog\/2012\/04\/elektrische-oberleitung-der-spanischen-allee\/#primaryimage\"},\"thumbnailUrl\":\"\",\"datePublished\":\"2012-03-31T23:00:57+00:00\",\"dateModified\":\"2016-10-16T14:52:04+00:00\",\"breadcrumb\":{\"@id\":\"https:\/\/pr-ide.de\/blog\/2012\/04\/elektrische-oberleitung-der-spanischen-allee\/#breadcrumb\"},\"inLanguage\":\"en-US\",\"potentialAction\":[{\"@type\":\"ReadAction\",\"target\":[\"https:\/\/pr-ide.de\/blog\/2012\/04\/elektrische-oberleitung-der-spanischen-allee\/\"]}]},{\"@type\":\"ImageObject\",\"inLanguage\":\"en-US\",\"@id\":\"https:\/\/pr-ide.de\/blog\/2012\/04\/elektrische-oberleitung-der-spanischen-allee\/#primaryimage\",\"url\":\"\",\"contentUrl\":\"\"},{\"@type\":\"BreadcrumbList\",\"@id\":\"https:\/\/pr-ide.de\/blog\/2012\/04\/elektrische-oberleitung-der-spanischen-allee\/#breadcrumb\",\"itemListElement\":[{\"@type\":\"ListItem\",\"position\":1,\"name\":\"Home\",\"item\":\"https:\/\/pr-ide.de\/en\/the-agency-for-creative-success\/\"},{\"@type\":\"ListItem\",\"position\":2,\"name\":\"elektrische Oberleitung in der Spanischen Allee\"}]},{\"@type\":\"WebSite\",\"@id\":\"https:\/\/pr-ide.de\/#website\",\"url\":\"https:\/\/pr-ide.de\/\",\"name\":\"pr-ide\",\"description\":\"die agentur f\u00fcr kreative erfolge\",\"publisher\":{\"@id\":\"https:\/\/pr-ide.de\/#organization\"},\"potentialAction\":[{\"@type\":\"SearchAction\",\"target\":{\"@type\":\"EntryPoint\",\"urlTemplate\":\"https:\/\/pr-ide.de\/?s={search_term_string}\"},\"query-input\":{\"@type\":\"PropertyValueSpecification\",\"valueRequired\":true,\"valueName\":\"search_term_string\"}}],\"inLanguage\":\"en-US\"},{\"@type\":\"Organization\",\"@id\":\"https:\/\/pr-ide.de\/#organization\",\"name\":\"pr-ide\",\"url\":\"https:\/\/pr-ide.de\/\",\"logo\":{\"@type\":\"ImageObject\",\"inLanguage\":\"en-US\",\"@id\":\"https:\/\/pr-ide.de\/#\/schema\/logo\/image\/\",\"url\":\"\",\"contentUrl\":\"\",\"caption\":\"pr-ide\"},\"image\":{\"@id\":\"https:\/\/pr-ide.de\/#\/schema\/logo\/image\/\"},\"sameAs\":[\"https:\/\/www.facebook.com\/prideberlin\/\",\"https:\/\/x.com\/pr_ide\",\"https:\/\/www.linkedin.com\/company\/pr-ide-gbr\/\"]},{\"@type\":\"Person\",\"@id\":\"https:\/\/pr-ide.de\/#\/schema\/person\/4bb8cb929d552fc1cd7c49d25ef90093\",\"name\":\"Philipp Sack\",\"image\":{\"@type\":\"ImageObject\",\"inLanguage\":\"en-US\",\"@id\":\"https:\/\/secure.gravatar.com\/avatar\/e7d041e5f3b6ec52d1f4dcd0266ccdf14a0b7227561f91f92a474ad68a30da9a?s=96&d=robohash&r=g\",\"url\":\"https:\/\/secure.gravatar.com\/avatar\/e7d041e5f3b6ec52d1f4dcd0266ccdf14a0b7227561f91f92a474ad68a30da9a?s=96&d=robohash&r=g\",\"contentUrl\":\"https:\/\/secure.gravatar.com\/avatar\/e7d041e5f3b6ec52d1f4dcd0266ccdf14a0b7227561f91f92a474ad68a30da9a?s=96&d=robohash&r=g\",\"caption\":\"Philipp Sack\"},\"description\":\"CEO und Kreativkopf bei pr-ide. Kreuz und querlenkend, gerne segelnd. Immer auf der Suche nach innovativen L\u00f6sungen - manchmal schon bevor das Problem erkannt wurde.\",\"sameAs\":[\"http:\/\/www.pr-ide.de\",\"https:\/\/www.linkedin.com\/in\/philipp-sack\/\"],\"url\":\"https:\/\/pr-ide.de\/en\/blog\/author\/seesack-2-2-2-2-2-2-2-2-2-2-2-2-2-2-2-2-2-2-2-2\/\"}]}<\/script>\n<!-- \/ Yoast SEO plugin. -->","yoast_head_json":{"title":"elektrische Oberleitung in der Spanischen Allee - pr-ide","robots":{"index":"index","follow":"follow","max-snippet":"max-snippet:-1","max-image-preview":"max-image-preview:large","max-video-preview":"max-video-preview:-1"},"canonical":"https:\/\/pr-ide.de\/blog\/2012\/04\/elektrische-oberleitung-der-spanischen-allee\/","og_locale":"en_US","og_type":"article","og_title":"elektrische Oberleitung in der Spanischen Allee - pr-ide","og_description":"Ein neues Piloptprojekt des Energieunternehmens eGon startet in der Spanischen Allee. Begleitet durch eine Konzept-Initiative der Kreativ Grupe von pr-ide. Hintergrund der Aktion ist eine langj\u00e4hrige Untersuchung der Nutzungsprofile diverser Firmenfahrzeuge &#8211; darunter auch die &#8220;Agenturschrankwand&#8221; (Renault Trafic Generation) von [...]","og_url":"https:\/\/pr-ide.de\/blog\/2012\/04\/elektrische-oberleitung-der-spanischen-allee\/","og_site_name":"pr-ide","article_publisher":"https:\/\/www.facebook.com\/prideberlin\/","article_published_time":"2012-03-31T23:00:57+00:00","article_modified_time":"2016-10-16T14:52:04+00:00","author":"Philipp Sack","twitter_misc":{"Written by":"Philipp Sack","Est. reading time":"1 minute"},"schema":{"@context":"https:\/\/schema.org","@graph":[{"@type":"Article","@id":"https:\/\/pr-ide.de\/blog\/2012\/04\/elektrische-oberleitung-der-spanischen-allee\/#article","isPartOf":{"@id":"https:\/\/pr-ide.de\/blog\/2012\/04\/elektrische-oberleitung-der-spanischen-allee\/"},"author":{"name":"Philipp Sack","@id":"https:\/\/pr-ide.de\/#\/schema\/person\/4bb8cb929d552fc1cd7c49d25ef90093"},"headline":"elektrische Oberleitung in der Spanischen Allee","datePublished":"2012-03-31T23:00:57+00:00","dateModified":"2016-10-16T14:52:04+00:00","mainEntityOfPage":{"@id":"https:\/\/pr-ide.de\/blog\/2012\/04\/elektrische-oberleitung-der-spanischen-allee\/"},"wordCount":231,"commentCount":2,"publisher":{"@id":"https:\/\/pr-ide.de\/#organization"},"image":{"@id":"https:\/\/pr-ide.de\/blog\/2012\/04\/elektrische-oberleitung-der-spanischen-allee\/#primaryimage"},"thumbnailUrl":"","keywords":["april","avus","windkraft"],"articleSection":["allgemein","Zu wahr um sch\u00f6n zu sein!"],"inLanguage":"en-US","potentialAction":[{"@type":"CommentAction","name":"Comment","target":["https:\/\/pr-ide.de\/blog\/2012\/04\/elektrische-oberleitung-der-spanischen-allee\/#respond"]}]},{"@type":"WebPage","@id":"https:\/\/pr-ide.de\/blog\/2012\/04\/elektrische-oberleitung-der-spanischen-allee\/","url":"https:\/\/pr-ide.de\/blog\/2012\/04\/elektrische-oberleitung-der-spanischen-allee\/","name":"elektrische Oberleitung in der Spanischen Allee - pr-ide","isPartOf":{"@id":"https:\/\/pr-ide.de\/#website"},"primaryImageOfPage":{"@id":"https:\/\/pr-ide.de\/blog\/2012\/04\/elektrische-oberleitung-der-spanischen-allee\/#primaryimage"},"image":{"@id":"https:\/\/pr-ide.de\/blog\/2012\/04\/elektrische-oberleitung-der-spanischen-allee\/#primaryimage"},"thumbnailUrl":"","datePublished":"2012-03-31T23:00:57+00:00","dateModified":"2016-10-16T14:52:04+00:00","breadcrumb":{"@id":"https:\/\/pr-ide.de\/blog\/2012\/04\/elektrische-oberleitung-der-spanischen-allee\/#breadcrumb"},"inLanguage":"en-US","potentialAction":[{"@type":"ReadAction","target":["https:\/\/pr-ide.de\/blog\/2012\/04\/elektrische-oberleitung-der-spanischen-allee\/"]}]},{"@type":"ImageObject","inLanguage":"en-US","@id":"https:\/\/pr-ide.de\/blog\/2012\/04\/elektrische-oberleitung-der-spanischen-allee\/#primaryimage","url":"","contentUrl":""},{"@type":"BreadcrumbList","@id":"https:\/\/pr-ide.de\/blog\/2012\/04\/elektrische-oberleitung-der-spanischen-allee\/#breadcrumb","itemListElement":[{"@type":"ListItem","position":1,"name":"Home","item":"https:\/\/pr-ide.de\/en\/the-agency-for-creative-success\/"},{"@type":"ListItem","position":2,"name":"elektrische Oberleitung in der Spanischen Allee"}]},{"@type":"WebSite","@id":"https:\/\/pr-ide.de\/#website","url":"https:\/\/pr-ide.de\/","name":"pr-ide","description":"die agentur f\u00fcr kreative erfolge","publisher":{"@id":"https:\/\/pr-ide.de\/#organization"},"potentialAction":[{"@type":"SearchAction","target":{"@type":"EntryPoint","urlTemplate":"https:\/\/pr-ide.de\/?s={search_term_string}"},"query-input":{"@type":"PropertyValueSpecification","valueRequired":true,"valueName":"search_term_string"}}],"inLanguage":"en-US"},{"@type":"Organization","@id":"https:\/\/pr-ide.de\/#organization","name":"pr-ide","url":"https:\/\/pr-ide.de\/","logo":{"@type":"ImageObject","inLanguage":"en-US","@id":"https:\/\/pr-ide.de\/#\/schema\/logo\/image\/","url":"","contentUrl":"","caption":"pr-ide"},"image":{"@id":"https:\/\/pr-ide.de\/#\/schema\/logo\/image\/"},"sameAs":["https:\/\/www.facebook.com\/prideberlin\/","https:\/\/x.com\/pr_ide","https:\/\/www.linkedin.com\/company\/pr-ide-gbr\/"]},{"@type":"Person","@id":"https:\/\/pr-ide.de\/#\/schema\/person\/4bb8cb929d552fc1cd7c49d25ef90093","name":"Philipp Sack","image":{"@type":"ImageObject","inLanguage":"en-US","@id":"https:\/\/secure.gravatar.com\/avatar\/e7d041e5f3b6ec52d1f4dcd0266ccdf14a0b7227561f91f92a474ad68a30da9a?s=96&d=robohash&r=g","url":"https:\/\/secure.gravatar.com\/avatar\/e7d041e5f3b6ec52d1f4dcd0266ccdf14a0b7227561f91f92a474ad68a30da9a?s=96&d=robohash&r=g","contentUrl":"https:\/\/secure.gravatar.com\/avatar\/e7d041e5f3b6ec52d1f4dcd0266ccdf14a0b7227561f91f92a474ad68a30da9a?s=96&d=robohash&r=g","caption":"Philipp Sack"},"description":"CEO und Kreativkopf bei pr-ide. Kreuz und querlenkend, gerne segelnd. Immer auf der Suche nach innovativen L\u00f6sungen - manchmal schon bevor das Problem erkannt wurde.","sameAs":["http:\/\/www.pr-ide.de","https:\/\/www.linkedin.com\/in\/philipp-sack\/"],"url":"https:\/\/pr-ide.de\/en\/blog\/author\/seesack-2-2-2-2-2-2-2-2-2-2-2-2-2-2-2-2-2-2-2-2\/"}]}},"jetpack_featured_media_url":"","jetpack_sharing_enabled":true,"_links":{"self":[{"href":"https:\/\/pr-ide.de\/en\/wp-json\/wp\/v2\/posts\/2261","targetHints":{"allow":["GET"]}}],"collection":[{"href":"https:\/\/pr-ide.de\/en\/wp-json\/wp\/v2\/posts"}],"about":[{"href":"https:\/\/pr-ide.de\/en\/wp-json\/wp\/v2\/types\/post"}],"author":[{"embeddable":true,"href":"https:\/\/pr-ide.de\/en\/wp-json\/wp\/v2\/users\/15"}],"replies":[{"embeddable":true,"href":"https:\/\/pr-ide.de\/en\/wp-json\/wp\/v2\/comments?post=2261"}],"version-history":[{"count":0,"href":"https:\/\/pr-ide.de\/en\/wp-json\/wp\/v2\/posts\/2261\/revisions"}],"wp:featuredmedia":[{"embeddable":true,"href":"https:\/\/pr-ide.de\/en\/wp-json\/"}],"wp:attachment":[{"href":"https:\/\/pr-ide.de\/en\/wp-json\/wp\/v2\/media?parent=2261"}],"wp:term":[{"taxonomy":"category","embeddable":true,"href":"https:\/\/pr-ide.de\/en\/wp-json\/wp\/v2\/categories?post=2261"},{"taxonomy":"post_tag","embeddable":true,"href":"https:\/\/pr-ide.de\/en\/wp-json\/wp\/v2\/tags?post=2261"}],"curies":[{"name":"wp","href":"https:\/\/api.w.org\/{rel}","templated":true}]}}