{"id":2476,"date":"2012-06-13T14:47:11","date_gmt":"2012-06-13T13:47:11","guid":{"rendered":"http:\/\/blog.pr-ide.de\/?p=2476"},"modified":"2016-10-16T15:51:58","modified_gmt":"2016-10-16T14:51:58","slug":"groser-tag-icann-gibt-die-neuen-top-level-domains-bekannt","status":"publish","type":"post","link":"https:\/\/pr-ide.de\/en\/blog\/2012\/06\/groser-tag-icann-gibt-die-neuen-top-level-domains-bekannt\/","title":{"rendered":"ICANN gibt die Bewerber um neue Top Level Domains bekannt"},"content":{"rendered":"<p>Die\u00a0 ICANN gab am 13. Juni bekannt, wer sich um die neuen Top Level Domains beworben hat. Die <a title=\"List of the New Top Level Domains\" href=\"http:\/\/newgtlds.icann.org\/en\/program-status\/application-results\/strings-1200utc-13jun12-en\">Liste<\/a> der 1930 Bewerber wurde von der ICANN ver\u00f6ffentlicht.<\/p>\n<p>Einige der Top Level Domains sind der Renner: Allein f\u00fcr .app gibt es 13 Bewerber f\u00fcr .art sind gleich 10 Bewerber, gefolgt von .blog mit 9 Bewerbern. Allerdings ist bei der F\u00fclle an Bewerbungen nicht ganz klar, wann letztlich die die neuen Top Level Domains realisiert werden. Auch werden nicht alle Domains gleichzeitig realisiert werden. \u00dcber die tats\u00e4chliche Realisierung entscheidet ein sogenanntes Batchverfahren. F\u00fcr einige Bewerber k\u00f6nnte das bedeuten, dass sie lange warten m\u00fcssen, weil ihre Domain in einem der letzten &#8220;Batch&#8221;-Pakete gelandet ist.<\/p>\n","protected":false},"excerpt":{"rendered":"<p>Die\u00a0 ICANN gab am 13. Juni bekannt, wer sich um die neuen Top Level Domains beworben hat. Die Liste der 1930 Bewerber wurde von der ICANN ver\u00f6ffentlicht. Einige der Top Level Domains sind der Renner: Allein f\u00fcr .app gibt es  [&#8230;]<\/p>\n","protected":false},"author":2,"featured_media":0,"comment_status":"open","ping_status":"open","sticky":false,"template":"","format":"standard","meta":{"_monsterinsights_skip_tracking":false,"_monsterinsights_sitenote_active":false,"_monsterinsights_sitenote_note":"","_monsterinsights_sitenote_category":0,"_jetpack_memberships_contains_paid_content":false,"footnotes":""},"categories":[13],"tags":[550],"class_list":["post-2476","post","type-post","status-publish","format-standard","hentry","category-allgemein","tag-icann"],"yoast_head":"<!-- This site is optimized with the Yoast SEO plugin v27.2 - https:\/\/yoast.com\/product\/yoast-seo-wordpress\/ -->\n<title>ICANN gibt die Bewerber um neue Top Level Domains bekannt - pr-ide<\/title>\n<meta name=\"robots\" content=\"index, follow, max-snippet:-1, max-image-preview:large, max-video-preview:-1\" \/>\n<link rel=\"canonical\" href=\"https:\/\/pr-ide.de\/en\/blog\/2012\/06\/groser-tag-icann-gibt-die-neuen-top-level-domains-bekannt\/\" \/>\n<meta property=\"og:locale\" content=\"en_US\" \/>\n<meta property=\"og:type\" content=\"article\" \/>\n<meta property=\"og:title\" content=\"ICANN gibt die Bewerber um neue Top Level Domains bekannt - pr-ide\" \/>\n<meta property=\"og:description\" content=\"Die\u00a0 ICANN gab am 13. Juni bekannt, wer sich um die neuen Top Level Domains beworben hat. Die Liste der 1930 Bewerber wurde von der ICANN ver\u00f6ffentlicht. Einige der Top Level Domains sind der Renner: Allein f\u00fcr .app gibt es [...]\" \/>\n<meta property=\"og:url\" content=\"https:\/\/pr-ide.de\/en\/blog\/2012\/06\/groser-tag-icann-gibt-die-neuen-top-level-domains-bekannt\/\" \/>\n<meta property=\"og:site_name\" content=\"pr-ide\" \/>\n<meta property=\"article:publisher\" content=\"https:\/\/www.facebook.com\/prideberlin\/\" \/>\n<meta property=\"article:published_time\" content=\"2012-06-13T13:47:11+00:00\" \/>\n<meta property=\"article:modified_time\" content=\"2016-10-16T14:51:58+00:00\" \/>\n<meta name=\"author\" content=\"Martina M\u00fcller\" \/>\n<meta name=\"twitter:label1\" content=\"Written by\" \/>\n\t<meta name=\"twitter:data1\" content=\"Martina M\u00fcller\" \/>\n\t<meta name=\"twitter:label2\" content=\"Est. reading time\" \/>\n\t<meta name=\"twitter:data2\" content=\"1 minute\" \/>\n<script type=\"application\/ld+json\" class=\"yoast-schema-graph\">{\"@context\":\"https:\/\/schema.org\",\"@graph\":[{\"@type\":\"Article\",\"@id\":\"https:\/\/pr-ide.de\/en\/blog\/2012\/06\/groser-tag-icann-gibt-die-neuen-top-level-domains-bekannt\/#article\",\"isPartOf\":{\"@id\":\"https:\/\/pr-ide.de\/en\/blog\/2012\/06\/groser-tag-icann-gibt-die-neuen-top-level-domains-bekannt\/\"},\"author\":{\"name\":\"Martina M\u00fcller\",\"@id\":\"https:\/\/pr-ide.de\/#\/schema\/person\/7cff3097f838f10886a8ddb4a1dfedce\"},\"headline\":\"ICANN gibt die Bewerber um neue Top Level Domains bekannt\",\"datePublished\":\"2012-06-13T13:47:11+00:00\",\"dateModified\":\"2016-10-16T14:51:58+00:00\",\"mainEntityOfPage\":{\"@id\":\"https:\/\/pr-ide.de\/en\/blog\/2012\/06\/groser-tag-icann-gibt-die-neuen-top-level-domains-bekannt\/\"},\"wordCount\":125,\"commentCount\":0,\"publisher\":{\"@id\":\"https:\/\/pr-ide.de\/#organization\"},\"keywords\":[\"ICANN\"],\"articleSection\":[\"allgemein\"],\"inLanguage\":\"en-US\",\"potentialAction\":[{\"@type\":\"CommentAction\",\"name\":\"Comment\",\"target\":[\"https:\/\/pr-ide.de\/en\/blog\/2012\/06\/groser-tag-icann-gibt-die-neuen-top-level-domains-bekannt\/#respond\"]}]},{\"@type\":\"WebPage\",\"@id\":\"https:\/\/pr-ide.de\/en\/blog\/2012\/06\/groser-tag-icann-gibt-die-neuen-top-level-domains-bekannt\/\",\"url\":\"https:\/\/pr-ide.de\/en\/blog\/2012\/06\/groser-tag-icann-gibt-die-neuen-top-level-domains-bekannt\/\",\"name\":\"ICANN gibt die Bewerber um neue Top Level Domains bekannt - pr-ide\",\"isPartOf\":{\"@id\":\"https:\/\/pr-ide.de\/#website\"},\"datePublished\":\"2012-06-13T13:47:11+00:00\",\"dateModified\":\"2016-10-16T14:51:58+00:00\",\"breadcrumb\":{\"@id\":\"https:\/\/pr-ide.de\/en\/blog\/2012\/06\/groser-tag-icann-gibt-die-neuen-top-level-domains-bekannt\/#breadcrumb\"},\"inLanguage\":\"en-US\",\"potentialAction\":[{\"@type\":\"ReadAction\",\"target\":[\"https:\/\/pr-ide.de\/en\/blog\/2012\/06\/groser-tag-icann-gibt-die-neuen-top-level-domains-bekannt\/\"]}]},{\"@type\":\"BreadcrumbList\",\"@id\":\"https:\/\/pr-ide.de\/en\/blog\/2012\/06\/groser-tag-icann-gibt-die-neuen-top-level-domains-bekannt\/#breadcrumb\",\"itemListElement\":[{\"@type\":\"ListItem\",\"position\":1,\"name\":\"Home\",\"item\":\"https:\/\/pr-ide.de\/en\/the-agency-for-creative-success\/\"},{\"@type\":\"ListItem\",\"position\":2,\"name\":\"ICANN gibt die Bewerber um neue Top Level Domains bekannt\"}]},{\"@type\":\"WebSite\",\"@id\":\"https:\/\/pr-ide.de\/#website\",\"url\":\"https:\/\/pr-ide.de\/\",\"name\":\"pr-ide\",\"description\":\"die agentur f\u00fcr kreative erfolge\",\"publisher\":{\"@id\":\"https:\/\/pr-ide.de\/#organization\"},\"potentialAction\":[{\"@type\":\"SearchAction\",\"target\":{\"@type\":\"EntryPoint\",\"urlTemplate\":\"https:\/\/pr-ide.de\/?s={search_term_string}\"},\"query-input\":{\"@type\":\"PropertyValueSpecification\",\"valueRequired\":true,\"valueName\":\"search_term_string\"}}],\"inLanguage\":\"en-US\"},{\"@type\":\"Organization\",\"@id\":\"https:\/\/pr-ide.de\/#organization\",\"name\":\"pr-ide\",\"url\":\"https:\/\/pr-ide.de\/\",\"logo\":{\"@type\":\"ImageObject\",\"inLanguage\":\"en-US\",\"@id\":\"https:\/\/pr-ide.de\/#\/schema\/logo\/image\/\",\"url\":\"\",\"contentUrl\":\"\",\"caption\":\"pr-ide\"},\"image\":{\"@id\":\"https:\/\/pr-ide.de\/#\/schema\/logo\/image\/\"},\"sameAs\":[\"https:\/\/www.facebook.com\/prideberlin\/\",\"https:\/\/x.com\/pr_ide\",\"https:\/\/www.linkedin.com\/company\/pr-ide-gbr\/\"]},{\"@type\":\"Person\",\"@id\":\"https:\/\/pr-ide.de\/#\/schema\/person\/7cff3097f838f10886a8ddb4a1dfedce\",\"name\":\"Martina M\u00fcller\",\"image\":{\"@type\":\"ImageObject\",\"inLanguage\":\"en-US\",\"@id\":\"https:\/\/secure.gravatar.com\/avatar\/561aa09b9e87187e01da837e323f730f46e80fa427035fd00502b3dc65ba1dfd?s=96&d=robohash&r=g\",\"url\":\"https:\/\/secure.gravatar.com\/avatar\/561aa09b9e87187e01da837e323f730f46e80fa427035fd00502b3dc65ba1dfd?s=96&d=robohash&r=g\",\"contentUrl\":\"https:\/\/secure.gravatar.com\/avatar\/561aa09b9e87187e01da837e323f730f46e80fa427035fd00502b3dc65ba1dfd?s=96&d=robohash&r=g\",\"caption\":\"Martina M\u00fcller\"},\"description\":\"Martina M\u00fcller; PR Referentin, Berlin Seit 2001 Inhaberin von pr-ide pr &amp; industrial design, studierte Italienisch und Russisch und ist als PR-Referentin zertifiziert. Ihr Schwerpunkt bei pr-ide: Public Relations (klassische Medienarbeit und Aufbau einer Online-Reputation). Ihr Know How steht f\u00fcr kreative Konzepte und professionelle Umsetzung. IhreSt\u00e4rken sind ein ausgepr\u00e4gtes Organisationstalent und eine hohe Effektivit\u00e4t. Sie h\u00e4lt Vortr\u00e4ge und f\u00fchrt Seminar und Workshops zum Thema Online-Marketing durch.\",\"url\":\"https:\/\/pr-ide.de\/en\/blog\/author\/mmueller-2-2-2-2-2\/\"}]}<\/script>\n<!-- \/ Yoast SEO plugin. -->","yoast_head_json":{"title":"ICANN gibt die Bewerber um neue Top Level Domains bekannt - pr-ide","robots":{"index":"index","follow":"follow","max-snippet":"max-snippet:-1","max-image-preview":"max-image-preview:large","max-video-preview":"max-video-preview:-1"},"canonical":"https:\/\/pr-ide.de\/en\/blog\/2012\/06\/groser-tag-icann-gibt-die-neuen-top-level-domains-bekannt\/","og_locale":"en_US","og_type":"article","og_title":"ICANN gibt die Bewerber um neue Top Level Domains bekannt - pr-ide","og_description":"Die\u00a0 ICANN gab am 13. Juni bekannt, wer sich um die neuen Top Level Domains beworben hat. Die Liste der 1930 Bewerber wurde von der ICANN ver\u00f6ffentlicht. Einige der Top Level Domains sind der Renner: Allein f\u00fcr .app gibt es [...]","og_url":"https:\/\/pr-ide.de\/en\/blog\/2012\/06\/groser-tag-icann-gibt-die-neuen-top-level-domains-bekannt\/","og_site_name":"pr-ide","article_publisher":"https:\/\/www.facebook.com\/prideberlin\/","article_published_time":"2012-06-13T13:47:11+00:00","article_modified_time":"2016-10-16T14:51:58+00:00","author":"Martina M\u00fcller","twitter_misc":{"Written by":"Martina M\u00fcller","Est. reading time":"1 minute"},"schema":{"@context":"https:\/\/schema.org","@graph":[{"@type":"Article","@id":"https:\/\/pr-ide.de\/en\/blog\/2012\/06\/groser-tag-icann-gibt-die-neuen-top-level-domains-bekannt\/#article","isPartOf":{"@id":"https:\/\/pr-ide.de\/en\/blog\/2012\/06\/groser-tag-icann-gibt-die-neuen-top-level-domains-bekannt\/"},"author":{"name":"Martina M\u00fcller","@id":"https:\/\/pr-ide.de\/#\/schema\/person\/7cff3097f838f10886a8ddb4a1dfedce"},"headline":"ICANN gibt die Bewerber um neue Top Level Domains bekannt","datePublished":"2012-06-13T13:47:11+00:00","dateModified":"2016-10-16T14:51:58+00:00","mainEntityOfPage":{"@id":"https:\/\/pr-ide.de\/en\/blog\/2012\/06\/groser-tag-icann-gibt-die-neuen-top-level-domains-bekannt\/"},"wordCount":125,"commentCount":0,"publisher":{"@id":"https:\/\/pr-ide.de\/#organization"},"keywords":["ICANN"],"articleSection":["allgemein"],"inLanguage":"en-US","potentialAction":[{"@type":"CommentAction","name":"Comment","target":["https:\/\/pr-ide.de\/en\/blog\/2012\/06\/groser-tag-icann-gibt-die-neuen-top-level-domains-bekannt\/#respond"]}]},{"@type":"WebPage","@id":"https:\/\/pr-ide.de\/en\/blog\/2012\/06\/groser-tag-icann-gibt-die-neuen-top-level-domains-bekannt\/","url":"https:\/\/pr-ide.de\/en\/blog\/2012\/06\/groser-tag-icann-gibt-die-neuen-top-level-domains-bekannt\/","name":"ICANN gibt die Bewerber um neue Top Level Domains bekannt - pr-ide","isPartOf":{"@id":"https:\/\/pr-ide.de\/#website"},"datePublished":"2012-06-13T13:47:11+00:00","dateModified":"2016-10-16T14:51:58+00:00","breadcrumb":{"@id":"https:\/\/pr-ide.de\/en\/blog\/2012\/06\/groser-tag-icann-gibt-die-neuen-top-level-domains-bekannt\/#breadcrumb"},"inLanguage":"en-US","potentialAction":[{"@type":"ReadAction","target":["https:\/\/pr-ide.de\/en\/blog\/2012\/06\/groser-tag-icann-gibt-die-neuen-top-level-domains-bekannt\/"]}]},{"@type":"BreadcrumbList","@id":"https:\/\/pr-ide.de\/en\/blog\/2012\/06\/groser-tag-icann-gibt-die-neuen-top-level-domains-bekannt\/#breadcrumb","itemListElement":[{"@type":"ListItem","position":1,"name":"Home","item":"https:\/\/pr-ide.de\/en\/the-agency-for-creative-success\/"},{"@type":"ListItem","position":2,"name":"ICANN gibt die Bewerber um neue Top Level Domains bekannt"}]},{"@type":"WebSite","@id":"https:\/\/pr-ide.de\/#website","url":"https:\/\/pr-ide.de\/","name":"pr-ide","description":"die agentur f\u00fcr kreative erfolge","publisher":{"@id":"https:\/\/pr-ide.de\/#organization"},"potentialAction":[{"@type":"SearchAction","target":{"@type":"EntryPoint","urlTemplate":"https:\/\/pr-ide.de\/?s={search_term_string}"},"query-input":{"@type":"PropertyValueSpecification","valueRequired":true,"valueName":"search_term_string"}}],"inLanguage":"en-US"},{"@type":"Organization","@id":"https:\/\/pr-ide.de\/#organization","name":"pr-ide","url":"https:\/\/pr-ide.de\/","logo":{"@type":"ImageObject","inLanguage":"en-US","@id":"https:\/\/pr-ide.de\/#\/schema\/logo\/image\/","url":"","contentUrl":"","caption":"pr-ide"},"image":{"@id":"https:\/\/pr-ide.de\/#\/schema\/logo\/image\/"},"sameAs":["https:\/\/www.facebook.com\/prideberlin\/","https:\/\/x.com\/pr_ide","https:\/\/www.linkedin.com\/company\/pr-ide-gbr\/"]},{"@type":"Person","@id":"https:\/\/pr-ide.de\/#\/schema\/person\/7cff3097f838f10886a8ddb4a1dfedce","name":"Martina M\u00fcller","image":{"@type":"ImageObject","inLanguage":"en-US","@id":"https:\/\/secure.gravatar.com\/avatar\/561aa09b9e87187e01da837e323f730f46e80fa427035fd00502b3dc65ba1dfd?s=96&d=robohash&r=g","url":"https:\/\/secure.gravatar.com\/avatar\/561aa09b9e87187e01da837e323f730f46e80fa427035fd00502b3dc65ba1dfd?s=96&d=robohash&r=g","contentUrl":"https:\/\/secure.gravatar.com\/avatar\/561aa09b9e87187e01da837e323f730f46e80fa427035fd00502b3dc65ba1dfd?s=96&d=robohash&r=g","caption":"Martina M\u00fcller"},"description":"Martina M\u00fcller; PR Referentin, Berlin Seit 2001 Inhaberin von pr-ide pr &amp; industrial design, studierte Italienisch und Russisch und ist als PR-Referentin zertifiziert. Ihr Schwerpunkt bei pr-ide: Public Relations (klassische Medienarbeit und Aufbau einer Online-Reputation). Ihr Know How steht f\u00fcr kreative Konzepte und professionelle Umsetzung. IhreSt\u00e4rken sind ein ausgepr\u00e4gtes Organisationstalent und eine hohe Effektivit\u00e4t. Sie h\u00e4lt Vortr\u00e4ge und f\u00fchrt Seminar und Workshops zum Thema Online-Marketing durch.","url":"https:\/\/pr-ide.de\/en\/blog\/author\/mmueller-2-2-2-2-2\/"}]}},"jetpack_featured_media_url":"","jetpack_sharing_enabled":true,"_links":{"self":[{"href":"https:\/\/pr-ide.de\/en\/wp-json\/wp\/v2\/posts\/2476","targetHints":{"allow":["GET"]}}],"collection":[{"href":"https:\/\/pr-ide.de\/en\/wp-json\/wp\/v2\/posts"}],"about":[{"href":"https:\/\/pr-ide.de\/en\/wp-json\/wp\/v2\/types\/post"}],"author":[{"embeddable":true,"href":"https:\/\/pr-ide.de\/en\/wp-json\/wp\/v2\/users\/2"}],"replies":[{"embeddable":true,"href":"https:\/\/pr-ide.de\/en\/wp-json\/wp\/v2\/comments?post=2476"}],"version-history":[{"count":0,"href":"https:\/\/pr-ide.de\/en\/wp-json\/wp\/v2\/posts\/2476\/revisions"}],"wp:attachment":[{"href":"https:\/\/pr-ide.de\/en\/wp-json\/wp\/v2\/media?parent=2476"}],"wp:term":[{"taxonomy":"category","embeddable":true,"href":"https:\/\/pr-ide.de\/en\/wp-json\/wp\/v2\/categories?post=2476"},{"taxonomy":"post_tag","embeddable":true,"href":"https:\/\/pr-ide.de\/en\/wp-json\/wp\/v2\/tags?post=2476"}],"curies":[{"name":"wp","href":"https:\/\/api.w.org\/{rel}","templated":true}]}}