{"id":3180,"date":"2012-12-05T00:01:03","date_gmt":"2012-12-04T23:01:03","guid":{"rendered":"http:\/\/blog.pr-ide.de\/?p=3180"},"modified":"2016-10-16T15:51:34","modified_gmt":"2016-10-16T14:51:34","slug":"5","status":"publish","type":"post","link":"https:\/\/pr-ide.de\/en\/blog\/2012\/12\/5\/","title":{"rendered":"#5"},"content":{"rendered":"<p align=\"left\"><img decoding=\"async\" class=\"lazyload alignleft size-thumbnail wp-image-3181\" title=\"5\" src=\"data:image\/svg+xml,%3Csvg%20xmlns%3D%27http%3A%2F%2Fwww.w3.org%2F2000%2Fsvg%27%20width%3D%27150%27%20height%3D%27150%27%20viewBox%3D%270%200%20150%20150%27%3E%3Crect%20width%3D%27150%27%20height%3D%27150%27%20fill-opacity%3D%220%22%2F%3E%3C%2Fsvg%3E\" data-orig-src=\"http:\/\/pr-ide.com\/wp-content\/uploads\/2012\/11\/5-150x150.jpg\" alt=\"\" width=\"150\" height=\"150\" \/>Um dem Einkausstress der kommenden Adventswochenenden zu entgehen sollte man sich mit der gestrig erstellten Liste zu einem ersten Geschenkebesorgungstag aufmachen. Wichtig ist es Ruhe zu bewahren, wenn man feststellt das sich die Paierserviette mitsamt der Hose vom gestrigen Tag wahrscheinlich gerade im Hauptwaschgang der Waschmaschine zu Hause befindet. Die Wahrscheinlichkeit das die Notizen bei Beendigung des 60 Grad Waschganges noch lesbar sind ist gegen Null tendierend. Zum Trost, bei 30 Grad w\u00e4re der Ketchup Fleck vom Vortag bestimt umweltfreundlicher entfernt worden, die Papierserviette h\u00e4tte sich dennoch aufgel\u00f6st.<\/p>\n","protected":false},"excerpt":{"rendered":"<p>Um dem Einkausstress der kommenden Adventswochenenden zu entgehen sollte man sich mit der gestrig erstellten Liste zu einem ersten Geschenkebesorgungstag aufmachen. Wichtig ist es Ruhe zu bewahren, wenn man feststellt das sich die Paierserviette mitsamt der Hose vom gestrigen Tag  [&#8230;]<\/p>\n","protected":false},"author":15,"featured_media":3181,"comment_status":"open","ping_status":"open","sticky":false,"template":"","format":"standard","meta":{"_monsterinsights_skip_tracking":false,"_monsterinsights_sitenote_active":false,"_monsterinsights_sitenote_note":"","_monsterinsights_sitenote_category":0,"_jetpack_memberships_contains_paid_content":false,"footnotes":""},"categories":[604],"tags":[609,610],"class_list":["post-3180","post","type-post","status-publish","format-standard","has-post-thumbnail","hentry","category-24-dinge-die-man-vor-weihnachten-gemacht-haben-sollte","tag-adventswochenende","tag-papierserviette"],"yoast_head":"<!-- This site is optimized with the Yoast SEO plugin v27.2 - https:\/\/yoast.com\/product\/yoast-seo-wordpress\/ -->\n<title>#5 - pr-ide<\/title>\n<meta name=\"robots\" content=\"index, follow, max-snippet:-1, max-image-preview:large, max-video-preview:-1\" \/>\n<link rel=\"canonical\" href=\"https:\/\/pr-ide.de\/en\/blog\/2012\/12\/5\/\" \/>\n<meta property=\"og:locale\" content=\"en_US\" \/>\n<meta property=\"og:type\" content=\"article\" \/>\n<meta property=\"og:title\" content=\"#5 - pr-ide\" \/>\n<meta property=\"og:description\" content=\"Um dem Einkausstress der kommenden Adventswochenenden zu entgehen sollte man sich mit der gestrig erstellten Liste zu einem ersten Geschenkebesorgungstag aufmachen. Wichtig ist es Ruhe zu bewahren, wenn man feststellt das sich die Paierserviette mitsamt der Hose vom gestrigen Tag [...]\" \/>\n<meta property=\"og:url\" content=\"https:\/\/pr-ide.de\/en\/blog\/2012\/12\/5\/\" \/>\n<meta property=\"og:site_name\" content=\"pr-ide\" \/>\n<meta property=\"article:publisher\" content=\"https:\/\/www.facebook.com\/prideberlin\/\" \/>\n<meta property=\"article:published_time\" content=\"2012-12-04T23:01:03+00:00\" \/>\n<meta property=\"article:modified_time\" content=\"2016-10-16T14:51:34+00:00\" \/>\n<meta name=\"author\" content=\"Philipp Sack\" \/>\n<meta name=\"twitter:label1\" content=\"Written by\" \/>\n\t<meta name=\"twitter:data1\" content=\"Philipp Sack\" \/>\n<script type=\"application\/ld+json\" class=\"yoast-schema-graph\">{\"@context\":\"https:\/\/schema.org\",\"@graph\":[{\"@type\":\"Article\",\"@id\":\"https:\/\/pr-ide.de\/en\/blog\/2012\/12\/5\/#article\",\"isPartOf\":{\"@id\":\"https:\/\/pr-ide.de\/en\/blog\/2012\/12\/5\/\"},\"author\":{\"name\":\"Philipp Sack\",\"@id\":\"https:\/\/pr-ide.de\/#\/schema\/person\/4bb8cb929d552fc1cd7c49d25ef90093\"},\"headline\":\"#5\",\"datePublished\":\"2012-12-04T23:01:03+00:00\",\"dateModified\":\"2016-10-16T14:51:34+00:00\",\"mainEntityOfPage\":{\"@id\":\"https:\/\/pr-ide.de\/en\/blog\/2012\/12\/5\/\"},\"wordCount\":89,\"commentCount\":2,\"publisher\":{\"@id\":\"https:\/\/pr-ide.de\/#organization\"},\"image\":{\"@id\":\"https:\/\/pr-ide.de\/en\/blog\/2012\/12\/5\/#primaryimage\"},\"thumbnailUrl\":\"\",\"keywords\":[\"Adventswochenende\",\"Papierserviette\"],\"articleSection\":[\"24 Dinge die man vor Weihnachten gemacht haben sollte\"],\"inLanguage\":\"en-US\",\"potentialAction\":[{\"@type\":\"CommentAction\",\"name\":\"Comment\",\"target\":[\"https:\/\/pr-ide.de\/en\/blog\/2012\/12\/5\/#respond\"]}]},{\"@type\":\"WebPage\",\"@id\":\"https:\/\/pr-ide.de\/en\/blog\/2012\/12\/5\/\",\"url\":\"https:\/\/pr-ide.de\/en\/blog\/2012\/12\/5\/\",\"name\":\"#5 - pr-ide\",\"isPartOf\":{\"@id\":\"https:\/\/pr-ide.de\/#website\"},\"primaryImageOfPage\":{\"@id\":\"https:\/\/pr-ide.de\/en\/blog\/2012\/12\/5\/#primaryimage\"},\"image\":{\"@id\":\"https:\/\/pr-ide.de\/en\/blog\/2012\/12\/5\/#primaryimage\"},\"thumbnailUrl\":\"\",\"datePublished\":\"2012-12-04T23:01:03+00:00\",\"dateModified\":\"2016-10-16T14:51:34+00:00\",\"breadcrumb\":{\"@id\":\"https:\/\/pr-ide.de\/en\/blog\/2012\/12\/5\/#breadcrumb\"},\"inLanguage\":\"en-US\",\"potentialAction\":[{\"@type\":\"ReadAction\",\"target\":[\"https:\/\/pr-ide.de\/en\/blog\/2012\/12\/5\/\"]}]},{\"@type\":\"ImageObject\",\"inLanguage\":\"en-US\",\"@id\":\"https:\/\/pr-ide.de\/en\/blog\/2012\/12\/5\/#primaryimage\",\"url\":\"\",\"contentUrl\":\"\"},{\"@type\":\"BreadcrumbList\",\"@id\":\"https:\/\/pr-ide.de\/en\/blog\/2012\/12\/5\/#breadcrumb\",\"itemListElement\":[{\"@type\":\"ListItem\",\"position\":1,\"name\":\"Home\",\"item\":\"https:\/\/pr-ide.de\/en\/the-agency-for-creative-success\/\"},{\"@type\":\"ListItem\",\"position\":2,\"name\":\"#5\"}]},{\"@type\":\"WebSite\",\"@id\":\"https:\/\/pr-ide.de\/#website\",\"url\":\"https:\/\/pr-ide.de\/\",\"name\":\"pr-ide\",\"description\":\"die agentur f\u00fcr kreative erfolge\",\"publisher\":{\"@id\":\"https:\/\/pr-ide.de\/#organization\"},\"potentialAction\":[{\"@type\":\"SearchAction\",\"target\":{\"@type\":\"EntryPoint\",\"urlTemplate\":\"https:\/\/pr-ide.de\/?s={search_term_string}\"},\"query-input\":{\"@type\":\"PropertyValueSpecification\",\"valueRequired\":true,\"valueName\":\"search_term_string\"}}],\"inLanguage\":\"en-US\"},{\"@type\":\"Organization\",\"@id\":\"https:\/\/pr-ide.de\/#organization\",\"name\":\"pr-ide\",\"url\":\"https:\/\/pr-ide.de\/\",\"logo\":{\"@type\":\"ImageObject\",\"inLanguage\":\"en-US\",\"@id\":\"https:\/\/pr-ide.de\/#\/schema\/logo\/image\/\",\"url\":\"\",\"contentUrl\":\"\",\"caption\":\"pr-ide\"},\"image\":{\"@id\":\"https:\/\/pr-ide.de\/#\/schema\/logo\/image\/\"},\"sameAs\":[\"https:\/\/www.facebook.com\/prideberlin\/\",\"https:\/\/x.com\/pr_ide\",\"https:\/\/www.linkedin.com\/company\/pr-ide-gbr\/\"]},{\"@type\":\"Person\",\"@id\":\"https:\/\/pr-ide.de\/#\/schema\/person\/4bb8cb929d552fc1cd7c49d25ef90093\",\"name\":\"Philipp Sack\",\"image\":{\"@type\":\"ImageObject\",\"inLanguage\":\"en-US\",\"@id\":\"https:\/\/secure.gravatar.com\/avatar\/e7d041e5f3b6ec52d1f4dcd0266ccdf14a0b7227561f91f92a474ad68a30da9a?s=96&d=robohash&r=g\",\"url\":\"https:\/\/secure.gravatar.com\/avatar\/e7d041e5f3b6ec52d1f4dcd0266ccdf14a0b7227561f91f92a474ad68a30da9a?s=96&d=robohash&r=g\",\"contentUrl\":\"https:\/\/secure.gravatar.com\/avatar\/e7d041e5f3b6ec52d1f4dcd0266ccdf14a0b7227561f91f92a474ad68a30da9a?s=96&d=robohash&r=g\",\"caption\":\"Philipp Sack\"},\"description\":\"CEO und Kreativkopf bei pr-ide. Kreuz und querlenkend, gerne segelnd. Immer auf der Suche nach innovativen L\u00f6sungen - manchmal schon bevor das Problem erkannt wurde.\",\"sameAs\":[\"http:\/\/www.pr-ide.de\",\"https:\/\/www.linkedin.com\/in\/philipp-sack\/\"],\"url\":\"https:\/\/pr-ide.de\/en\/blog\/author\/seesack-2-2-2-2-2-2-2-2-2-2-2-2-2-2-2-2-2-2-2-2\/\"}]}<\/script>\n<!-- \/ Yoast SEO plugin. -->","yoast_head_json":{"title":"#5 - pr-ide","robots":{"index":"index","follow":"follow","max-snippet":"max-snippet:-1","max-image-preview":"max-image-preview:large","max-video-preview":"max-video-preview:-1"},"canonical":"https:\/\/pr-ide.de\/en\/blog\/2012\/12\/5\/","og_locale":"en_US","og_type":"article","og_title":"#5 - pr-ide","og_description":"Um dem Einkausstress der kommenden Adventswochenenden zu entgehen sollte man sich mit der gestrig erstellten Liste zu einem ersten Geschenkebesorgungstag aufmachen. Wichtig ist es Ruhe zu bewahren, wenn man feststellt das sich die Paierserviette mitsamt der Hose vom gestrigen Tag [...]","og_url":"https:\/\/pr-ide.de\/en\/blog\/2012\/12\/5\/","og_site_name":"pr-ide","article_publisher":"https:\/\/www.facebook.com\/prideberlin\/","article_published_time":"2012-12-04T23:01:03+00:00","article_modified_time":"2016-10-16T14:51:34+00:00","author":"Philipp Sack","twitter_misc":{"Written by":"Philipp Sack"},"schema":{"@context":"https:\/\/schema.org","@graph":[{"@type":"Article","@id":"https:\/\/pr-ide.de\/en\/blog\/2012\/12\/5\/#article","isPartOf":{"@id":"https:\/\/pr-ide.de\/en\/blog\/2012\/12\/5\/"},"author":{"name":"Philipp Sack","@id":"https:\/\/pr-ide.de\/#\/schema\/person\/4bb8cb929d552fc1cd7c49d25ef90093"},"headline":"#5","datePublished":"2012-12-04T23:01:03+00:00","dateModified":"2016-10-16T14:51:34+00:00","mainEntityOfPage":{"@id":"https:\/\/pr-ide.de\/en\/blog\/2012\/12\/5\/"},"wordCount":89,"commentCount":2,"publisher":{"@id":"https:\/\/pr-ide.de\/#organization"},"image":{"@id":"https:\/\/pr-ide.de\/en\/blog\/2012\/12\/5\/#primaryimage"},"thumbnailUrl":"","keywords":["Adventswochenende","Papierserviette"],"articleSection":["24 Dinge die man vor Weihnachten gemacht haben sollte"],"inLanguage":"en-US","potentialAction":[{"@type":"CommentAction","name":"Comment","target":["https:\/\/pr-ide.de\/en\/blog\/2012\/12\/5\/#respond"]}]},{"@type":"WebPage","@id":"https:\/\/pr-ide.de\/en\/blog\/2012\/12\/5\/","url":"https:\/\/pr-ide.de\/en\/blog\/2012\/12\/5\/","name":"#5 - pr-ide","isPartOf":{"@id":"https:\/\/pr-ide.de\/#website"},"primaryImageOfPage":{"@id":"https:\/\/pr-ide.de\/en\/blog\/2012\/12\/5\/#primaryimage"},"image":{"@id":"https:\/\/pr-ide.de\/en\/blog\/2012\/12\/5\/#primaryimage"},"thumbnailUrl":"","datePublished":"2012-12-04T23:01:03+00:00","dateModified":"2016-10-16T14:51:34+00:00","breadcrumb":{"@id":"https:\/\/pr-ide.de\/en\/blog\/2012\/12\/5\/#breadcrumb"},"inLanguage":"en-US","potentialAction":[{"@type":"ReadAction","target":["https:\/\/pr-ide.de\/en\/blog\/2012\/12\/5\/"]}]},{"@type":"ImageObject","inLanguage":"en-US","@id":"https:\/\/pr-ide.de\/en\/blog\/2012\/12\/5\/#primaryimage","url":"","contentUrl":""},{"@type":"BreadcrumbList","@id":"https:\/\/pr-ide.de\/en\/blog\/2012\/12\/5\/#breadcrumb","itemListElement":[{"@type":"ListItem","position":1,"name":"Home","item":"https:\/\/pr-ide.de\/en\/the-agency-for-creative-success\/"},{"@type":"ListItem","position":2,"name":"#5"}]},{"@type":"WebSite","@id":"https:\/\/pr-ide.de\/#website","url":"https:\/\/pr-ide.de\/","name":"pr-ide","description":"die agentur f\u00fcr kreative erfolge","publisher":{"@id":"https:\/\/pr-ide.de\/#organization"},"potentialAction":[{"@type":"SearchAction","target":{"@type":"EntryPoint","urlTemplate":"https:\/\/pr-ide.de\/?s={search_term_string}"},"query-input":{"@type":"PropertyValueSpecification","valueRequired":true,"valueName":"search_term_string"}}],"inLanguage":"en-US"},{"@type":"Organization","@id":"https:\/\/pr-ide.de\/#organization","name":"pr-ide","url":"https:\/\/pr-ide.de\/","logo":{"@type":"ImageObject","inLanguage":"en-US","@id":"https:\/\/pr-ide.de\/#\/schema\/logo\/image\/","url":"","contentUrl":"","caption":"pr-ide"},"image":{"@id":"https:\/\/pr-ide.de\/#\/schema\/logo\/image\/"},"sameAs":["https:\/\/www.facebook.com\/prideberlin\/","https:\/\/x.com\/pr_ide","https:\/\/www.linkedin.com\/company\/pr-ide-gbr\/"]},{"@type":"Person","@id":"https:\/\/pr-ide.de\/#\/schema\/person\/4bb8cb929d552fc1cd7c49d25ef90093","name":"Philipp Sack","image":{"@type":"ImageObject","inLanguage":"en-US","@id":"https:\/\/secure.gravatar.com\/avatar\/e7d041e5f3b6ec52d1f4dcd0266ccdf14a0b7227561f91f92a474ad68a30da9a?s=96&d=robohash&r=g","url":"https:\/\/secure.gravatar.com\/avatar\/e7d041e5f3b6ec52d1f4dcd0266ccdf14a0b7227561f91f92a474ad68a30da9a?s=96&d=robohash&r=g","contentUrl":"https:\/\/secure.gravatar.com\/avatar\/e7d041e5f3b6ec52d1f4dcd0266ccdf14a0b7227561f91f92a474ad68a30da9a?s=96&d=robohash&r=g","caption":"Philipp Sack"},"description":"CEO und Kreativkopf bei pr-ide. Kreuz und querlenkend, gerne segelnd. Immer auf der Suche nach innovativen L\u00f6sungen - manchmal schon bevor das Problem erkannt wurde.","sameAs":["http:\/\/www.pr-ide.de","https:\/\/www.linkedin.com\/in\/philipp-sack\/"],"url":"https:\/\/pr-ide.de\/en\/blog\/author\/seesack-2-2-2-2-2-2-2-2-2-2-2-2-2-2-2-2-2-2-2-2\/"}]}},"jetpack_featured_media_url":"","jetpack_sharing_enabled":true,"_links":{"self":[{"href":"https:\/\/pr-ide.de\/en\/wp-json\/wp\/v2\/posts\/3180","targetHints":{"allow":["GET"]}}],"collection":[{"href":"https:\/\/pr-ide.de\/en\/wp-json\/wp\/v2\/posts"}],"about":[{"href":"https:\/\/pr-ide.de\/en\/wp-json\/wp\/v2\/types\/post"}],"author":[{"embeddable":true,"href":"https:\/\/pr-ide.de\/en\/wp-json\/wp\/v2\/users\/15"}],"replies":[{"embeddable":true,"href":"https:\/\/pr-ide.de\/en\/wp-json\/wp\/v2\/comments?post=3180"}],"version-history":[{"count":0,"href":"https:\/\/pr-ide.de\/en\/wp-json\/wp\/v2\/posts\/3180\/revisions"}],"wp:featuredmedia":[{"embeddable":true,"href":"https:\/\/pr-ide.de\/en\/wp-json\/"}],"wp:attachment":[{"href":"https:\/\/pr-ide.de\/en\/wp-json\/wp\/v2\/media?parent=3180"}],"wp:term":[{"taxonomy":"category","embeddable":true,"href":"https:\/\/pr-ide.de\/en\/wp-json\/wp\/v2\/categories?post=3180"},{"taxonomy":"post_tag","embeddable":true,"href":"https:\/\/pr-ide.de\/en\/wp-json\/wp\/v2\/tags?post=3180"}],"curies":[{"name":"wp","href":"https:\/\/api.w.org\/{rel}","templated":true}]}}