{"id":3339,"date":"2012-12-28T20:17:11","date_gmt":"2012-12-28T19:17:11","guid":{"rendered":"http:\/\/blog.pr-ide.de\/?p=3339"},"modified":"2016-10-16T15:51:24","modified_gmt":"2016-10-16T14:51:24","slug":"mein-haus-mein-auto-meine-guten-vorsatze","status":"publish","type":"post","link":"https:\/\/pr-ide.de\/en\/blog\/2012\/12\/mein-haus-mein-auto-meine-guten-vorsatze\/","title":{"rendered":"Mein Haus, mein Auto, meine guten Vors\u00e4tze"},"content":{"rendered":"<p><a href=\"http:\/\/pr-ide.com\/2012\/12\/28\/mein-haus-mein-auto-meine-guten-vorsatze\/imag0869\/\" rel=\"attachment wp-att-3333\"><img decoding=\"async\" class=\"lazyload alignleft size-thumbnail wp-image-3333\" alt=\"IMAG0869\" src=\"data:image\/svg+xml,%3Csvg%20xmlns%3D%27http%3A%2F%2Fwww.w3.org%2F2000%2Fsvg%27%20width%3D%27150%27%20height%3D%27150%27%20viewBox%3D%270%200%20150%20150%27%3E%3Crect%20width%3D%27150%27%20height%3D%27150%27%20fill-opacity%3D%220%22%2F%3E%3C%2Fsvg%3E\" data-orig-src=\"http:\/\/pr-ide.com\/wp-content\/uploads\/2012\/12\/IMAG0869-150x150.jpg\" width=\"150\" height=\"150\" \/><\/a><\/p>\n<p>Zwanzigzw\u00f6lf n\u00e4hert sich dem Ende. Der Weltuntergang blieb aus, Prognosen f\u00fcr einen neuen sind sicherlich schon in der Vorbereitung!<\/p>\n<p>Auch im n\u00e4chsten Jahr wird man mit Kreativit\u00e4t L\u00f6sungen und Ideen f\u00fcr neue Herausforderungen finden, da sind wir zuversichtlich! ;)<\/p>\n<p>Wir w\u00fcnschen allen Lesern des Blog, Freunden und Gesch\u00e4ftspartnern einen guten Rutsch ins Zwanzigdreizehn!<\/p>\n","protected":false},"excerpt":{"rendered":"<p>Zwanzigzw\u00f6lf n\u00e4hert sich dem Ende. Der Weltuntergang blieb aus, Prognosen f\u00fcr einen neuen sind sicherlich schon in der Vorbereitung! Auch im n\u00e4chsten Jahr wird man mit Kreativit\u00e4t L\u00f6sungen und Ideen f\u00fcr neue Herausforderungen finden, da sind wir zuversichtlich! ;) Wir  [&#8230;]<\/p>\n","protected":false},"author":15,"featured_media":3340,"comment_status":"open","ping_status":"open","sticky":false,"template":"","format":"standard","meta":{"_monsterinsights_skip_tracking":false,"_monsterinsights_sitenote_active":false,"_monsterinsights_sitenote_note":"","_monsterinsights_sitenote_category":0,"_jetpack_memberships_contains_paid_content":false,"footnotes":""},"categories":[329],"tags":[],"class_list":["post-3339","post","type-post","status-publish","format-standard","has-post-thumbnail","hentry","category-zu-wahr-um-schon-zu-sein"],"yoast_head":"<!-- This site is optimized with the Yoast SEO plugin v27.2 - https:\/\/yoast.com\/product\/yoast-seo-wordpress\/ -->\n<title>Mein Haus, mein Auto, meine guten Vors\u00e4tze - pr-ide<\/title>\n<meta name=\"robots\" content=\"index, follow, max-snippet:-1, max-image-preview:large, max-video-preview:-1\" \/>\n<link rel=\"canonical\" href=\"https:\/\/pr-ide.de\/blog\/2012\/12\/mein-haus-mein-auto-meine-guten-vorsatze\/\" \/>\n<meta property=\"og:locale\" content=\"en_US\" \/>\n<meta property=\"og:type\" content=\"article\" \/>\n<meta property=\"og:title\" content=\"Mein Haus, mein Auto, meine guten Vors\u00e4tze - pr-ide\" \/>\n<meta property=\"og:description\" content=\"Zwanzigzw\u00f6lf n\u00e4hert sich dem Ende. Der Weltuntergang blieb aus, Prognosen f\u00fcr einen neuen sind sicherlich schon in der Vorbereitung! Auch im n\u00e4chsten Jahr wird man mit Kreativit\u00e4t L\u00f6sungen und Ideen f\u00fcr neue Herausforderungen finden, da sind wir zuversichtlich! ;) Wir [...]\" \/>\n<meta property=\"og:url\" content=\"https:\/\/pr-ide.de\/blog\/2012\/12\/mein-haus-mein-auto-meine-guten-vorsatze\/\" \/>\n<meta property=\"og:site_name\" content=\"pr-ide\" \/>\n<meta property=\"article:publisher\" content=\"https:\/\/www.facebook.com\/prideberlin\/\" \/>\n<meta property=\"article:published_time\" content=\"2012-12-28T19:17:11+00:00\" \/>\n<meta property=\"article:modified_time\" content=\"2016-10-16T14:51:24+00:00\" \/>\n<meta name=\"author\" content=\"Philipp Sack\" \/>\n<meta name=\"twitter:label1\" content=\"Written by\" \/>\n\t<meta name=\"twitter:data1\" content=\"Philipp Sack\" \/>\n<script type=\"application\/ld+json\" class=\"yoast-schema-graph\">{\"@context\":\"https:\/\/schema.org\",\"@graph\":[{\"@type\":\"Article\",\"@id\":\"https:\/\/pr-ide.de\/blog\/2012\/12\/mein-haus-mein-auto-meine-guten-vorsatze\/#article\",\"isPartOf\":{\"@id\":\"https:\/\/pr-ide.de\/blog\/2012\/12\/mein-haus-mein-auto-meine-guten-vorsatze\/\"},\"author\":{\"name\":\"Philipp Sack\",\"@id\":\"https:\/\/pr-ide.de\/#\/schema\/person\/4bb8cb929d552fc1cd7c49d25ef90093\"},\"headline\":\"Mein Haus, mein Auto, meine guten Vors\u00e4tze\",\"datePublished\":\"2012-12-28T19:17:11+00:00\",\"dateModified\":\"2016-10-16T14:51:24+00:00\",\"mainEntityOfPage\":{\"@id\":\"https:\/\/pr-ide.de\/blog\/2012\/12\/mein-haus-mein-auto-meine-guten-vorsatze\/\"},\"wordCount\":69,\"commentCount\":0,\"publisher\":{\"@id\":\"https:\/\/pr-ide.de\/#organization\"},\"image\":{\"@id\":\"https:\/\/pr-ide.de\/blog\/2012\/12\/mein-haus-mein-auto-meine-guten-vorsatze\/#primaryimage\"},\"thumbnailUrl\":\"\",\"articleSection\":[\"Zu wahr um sch\u00f6n zu sein!\"],\"inLanguage\":\"en-US\",\"potentialAction\":[{\"@type\":\"CommentAction\",\"name\":\"Comment\",\"target\":[\"https:\/\/pr-ide.de\/blog\/2012\/12\/mein-haus-mein-auto-meine-guten-vorsatze\/#respond\"]}]},{\"@type\":\"WebPage\",\"@id\":\"https:\/\/pr-ide.de\/blog\/2012\/12\/mein-haus-mein-auto-meine-guten-vorsatze\/\",\"url\":\"https:\/\/pr-ide.de\/blog\/2012\/12\/mein-haus-mein-auto-meine-guten-vorsatze\/\",\"name\":\"Mein Haus, mein Auto, meine guten Vors\u00e4tze - pr-ide\",\"isPartOf\":{\"@id\":\"https:\/\/pr-ide.de\/#website\"},\"primaryImageOfPage\":{\"@id\":\"https:\/\/pr-ide.de\/blog\/2012\/12\/mein-haus-mein-auto-meine-guten-vorsatze\/#primaryimage\"},\"image\":{\"@id\":\"https:\/\/pr-ide.de\/blog\/2012\/12\/mein-haus-mein-auto-meine-guten-vorsatze\/#primaryimage\"},\"thumbnailUrl\":\"\",\"datePublished\":\"2012-12-28T19:17:11+00:00\",\"dateModified\":\"2016-10-16T14:51:24+00:00\",\"breadcrumb\":{\"@id\":\"https:\/\/pr-ide.de\/blog\/2012\/12\/mein-haus-mein-auto-meine-guten-vorsatze\/#breadcrumb\"},\"inLanguage\":\"en-US\",\"potentialAction\":[{\"@type\":\"ReadAction\",\"target\":[\"https:\/\/pr-ide.de\/blog\/2012\/12\/mein-haus-mein-auto-meine-guten-vorsatze\/\"]}]},{\"@type\":\"ImageObject\",\"inLanguage\":\"en-US\",\"@id\":\"https:\/\/pr-ide.de\/blog\/2012\/12\/mein-haus-mein-auto-meine-guten-vorsatze\/#primaryimage\",\"url\":\"\",\"contentUrl\":\"\"},{\"@type\":\"BreadcrumbList\",\"@id\":\"https:\/\/pr-ide.de\/blog\/2012\/12\/mein-haus-mein-auto-meine-guten-vorsatze\/#breadcrumb\",\"itemListElement\":[{\"@type\":\"ListItem\",\"position\":1,\"name\":\"Home\",\"item\":\"https:\/\/pr-ide.de\/en\/the-agency-for-creative-success\/\"},{\"@type\":\"ListItem\",\"position\":2,\"name\":\"Mein Haus, mein Auto, meine guten Vors\u00e4tze\"}]},{\"@type\":\"WebSite\",\"@id\":\"https:\/\/pr-ide.de\/#website\",\"url\":\"https:\/\/pr-ide.de\/\",\"name\":\"pr-ide\",\"description\":\"die agentur f\u00fcr kreative erfolge\",\"publisher\":{\"@id\":\"https:\/\/pr-ide.de\/#organization\"},\"potentialAction\":[{\"@type\":\"SearchAction\",\"target\":{\"@type\":\"EntryPoint\",\"urlTemplate\":\"https:\/\/pr-ide.de\/?s={search_term_string}\"},\"query-input\":{\"@type\":\"PropertyValueSpecification\",\"valueRequired\":true,\"valueName\":\"search_term_string\"}}],\"inLanguage\":\"en-US\"},{\"@type\":\"Organization\",\"@id\":\"https:\/\/pr-ide.de\/#organization\",\"name\":\"pr-ide\",\"url\":\"https:\/\/pr-ide.de\/\",\"logo\":{\"@type\":\"ImageObject\",\"inLanguage\":\"en-US\",\"@id\":\"https:\/\/pr-ide.de\/#\/schema\/logo\/image\/\",\"url\":\"\",\"contentUrl\":\"\",\"caption\":\"pr-ide\"},\"image\":{\"@id\":\"https:\/\/pr-ide.de\/#\/schema\/logo\/image\/\"},\"sameAs\":[\"https:\/\/www.facebook.com\/prideberlin\/\",\"https:\/\/x.com\/pr_ide\",\"https:\/\/www.linkedin.com\/company\/pr-ide-gbr\/\"]},{\"@type\":\"Person\",\"@id\":\"https:\/\/pr-ide.de\/#\/schema\/person\/4bb8cb929d552fc1cd7c49d25ef90093\",\"name\":\"Philipp Sack\",\"image\":{\"@type\":\"ImageObject\",\"inLanguage\":\"en-US\",\"@id\":\"https:\/\/secure.gravatar.com\/avatar\/e7d041e5f3b6ec52d1f4dcd0266ccdf14a0b7227561f91f92a474ad68a30da9a?s=96&d=robohash&r=g\",\"url\":\"https:\/\/secure.gravatar.com\/avatar\/e7d041e5f3b6ec52d1f4dcd0266ccdf14a0b7227561f91f92a474ad68a30da9a?s=96&d=robohash&r=g\",\"contentUrl\":\"https:\/\/secure.gravatar.com\/avatar\/e7d041e5f3b6ec52d1f4dcd0266ccdf14a0b7227561f91f92a474ad68a30da9a?s=96&d=robohash&r=g\",\"caption\":\"Philipp Sack\"},\"description\":\"CEO und Kreativkopf bei pr-ide. Kreuz und querlenkend, gerne segelnd. Immer auf der Suche nach innovativen L\u00f6sungen - manchmal schon bevor das Problem erkannt wurde.\",\"sameAs\":[\"http:\/\/www.pr-ide.de\",\"https:\/\/www.linkedin.com\/in\/philipp-sack\/\"],\"url\":\"https:\/\/pr-ide.de\/en\/blog\/author\/seesack-2-2-2-2-2-2-2-2-2-2-2-2-2-2-2-2-2-2-2-2\/\"}]}<\/script>\n<!-- \/ Yoast SEO plugin. -->","yoast_head_json":{"title":"Mein Haus, mein Auto, meine guten Vors\u00e4tze - pr-ide","robots":{"index":"index","follow":"follow","max-snippet":"max-snippet:-1","max-image-preview":"max-image-preview:large","max-video-preview":"max-video-preview:-1"},"canonical":"https:\/\/pr-ide.de\/blog\/2012\/12\/mein-haus-mein-auto-meine-guten-vorsatze\/","og_locale":"en_US","og_type":"article","og_title":"Mein Haus, mein Auto, meine guten Vors\u00e4tze - pr-ide","og_description":"Zwanzigzw\u00f6lf n\u00e4hert sich dem Ende. Der Weltuntergang blieb aus, Prognosen f\u00fcr einen neuen sind sicherlich schon in der Vorbereitung! Auch im n\u00e4chsten Jahr wird man mit Kreativit\u00e4t L\u00f6sungen und Ideen f\u00fcr neue Herausforderungen finden, da sind wir zuversichtlich! ;) Wir [...]","og_url":"https:\/\/pr-ide.de\/blog\/2012\/12\/mein-haus-mein-auto-meine-guten-vorsatze\/","og_site_name":"pr-ide","article_publisher":"https:\/\/www.facebook.com\/prideberlin\/","article_published_time":"2012-12-28T19:17:11+00:00","article_modified_time":"2016-10-16T14:51:24+00:00","author":"Philipp Sack","twitter_misc":{"Written by":"Philipp Sack"},"schema":{"@context":"https:\/\/schema.org","@graph":[{"@type":"Article","@id":"https:\/\/pr-ide.de\/blog\/2012\/12\/mein-haus-mein-auto-meine-guten-vorsatze\/#article","isPartOf":{"@id":"https:\/\/pr-ide.de\/blog\/2012\/12\/mein-haus-mein-auto-meine-guten-vorsatze\/"},"author":{"name":"Philipp Sack","@id":"https:\/\/pr-ide.de\/#\/schema\/person\/4bb8cb929d552fc1cd7c49d25ef90093"},"headline":"Mein Haus, mein Auto, meine guten Vors\u00e4tze","datePublished":"2012-12-28T19:17:11+00:00","dateModified":"2016-10-16T14:51:24+00:00","mainEntityOfPage":{"@id":"https:\/\/pr-ide.de\/blog\/2012\/12\/mein-haus-mein-auto-meine-guten-vorsatze\/"},"wordCount":69,"commentCount":0,"publisher":{"@id":"https:\/\/pr-ide.de\/#organization"},"image":{"@id":"https:\/\/pr-ide.de\/blog\/2012\/12\/mein-haus-mein-auto-meine-guten-vorsatze\/#primaryimage"},"thumbnailUrl":"","articleSection":["Zu wahr um sch\u00f6n zu sein!"],"inLanguage":"en-US","potentialAction":[{"@type":"CommentAction","name":"Comment","target":["https:\/\/pr-ide.de\/blog\/2012\/12\/mein-haus-mein-auto-meine-guten-vorsatze\/#respond"]}]},{"@type":"WebPage","@id":"https:\/\/pr-ide.de\/blog\/2012\/12\/mein-haus-mein-auto-meine-guten-vorsatze\/","url":"https:\/\/pr-ide.de\/blog\/2012\/12\/mein-haus-mein-auto-meine-guten-vorsatze\/","name":"Mein Haus, mein Auto, meine guten Vors\u00e4tze - pr-ide","isPartOf":{"@id":"https:\/\/pr-ide.de\/#website"},"primaryImageOfPage":{"@id":"https:\/\/pr-ide.de\/blog\/2012\/12\/mein-haus-mein-auto-meine-guten-vorsatze\/#primaryimage"},"image":{"@id":"https:\/\/pr-ide.de\/blog\/2012\/12\/mein-haus-mein-auto-meine-guten-vorsatze\/#primaryimage"},"thumbnailUrl":"","datePublished":"2012-12-28T19:17:11+00:00","dateModified":"2016-10-16T14:51:24+00:00","breadcrumb":{"@id":"https:\/\/pr-ide.de\/blog\/2012\/12\/mein-haus-mein-auto-meine-guten-vorsatze\/#breadcrumb"},"inLanguage":"en-US","potentialAction":[{"@type":"ReadAction","target":["https:\/\/pr-ide.de\/blog\/2012\/12\/mein-haus-mein-auto-meine-guten-vorsatze\/"]}]},{"@type":"ImageObject","inLanguage":"en-US","@id":"https:\/\/pr-ide.de\/blog\/2012\/12\/mein-haus-mein-auto-meine-guten-vorsatze\/#primaryimage","url":"","contentUrl":""},{"@type":"BreadcrumbList","@id":"https:\/\/pr-ide.de\/blog\/2012\/12\/mein-haus-mein-auto-meine-guten-vorsatze\/#breadcrumb","itemListElement":[{"@type":"ListItem","position":1,"name":"Home","item":"https:\/\/pr-ide.de\/en\/the-agency-for-creative-success\/"},{"@type":"ListItem","position":2,"name":"Mein Haus, mein Auto, meine guten Vors\u00e4tze"}]},{"@type":"WebSite","@id":"https:\/\/pr-ide.de\/#website","url":"https:\/\/pr-ide.de\/","name":"pr-ide","description":"die agentur f\u00fcr kreative erfolge","publisher":{"@id":"https:\/\/pr-ide.de\/#organization"},"potentialAction":[{"@type":"SearchAction","target":{"@type":"EntryPoint","urlTemplate":"https:\/\/pr-ide.de\/?s={search_term_string}"},"query-input":{"@type":"PropertyValueSpecification","valueRequired":true,"valueName":"search_term_string"}}],"inLanguage":"en-US"},{"@type":"Organization","@id":"https:\/\/pr-ide.de\/#organization","name":"pr-ide","url":"https:\/\/pr-ide.de\/","logo":{"@type":"ImageObject","inLanguage":"en-US","@id":"https:\/\/pr-ide.de\/#\/schema\/logo\/image\/","url":"","contentUrl":"","caption":"pr-ide"},"image":{"@id":"https:\/\/pr-ide.de\/#\/schema\/logo\/image\/"},"sameAs":["https:\/\/www.facebook.com\/prideberlin\/","https:\/\/x.com\/pr_ide","https:\/\/www.linkedin.com\/company\/pr-ide-gbr\/"]},{"@type":"Person","@id":"https:\/\/pr-ide.de\/#\/schema\/person\/4bb8cb929d552fc1cd7c49d25ef90093","name":"Philipp Sack","image":{"@type":"ImageObject","inLanguage":"en-US","@id":"https:\/\/secure.gravatar.com\/avatar\/e7d041e5f3b6ec52d1f4dcd0266ccdf14a0b7227561f91f92a474ad68a30da9a?s=96&d=robohash&r=g","url":"https:\/\/secure.gravatar.com\/avatar\/e7d041e5f3b6ec52d1f4dcd0266ccdf14a0b7227561f91f92a474ad68a30da9a?s=96&d=robohash&r=g","contentUrl":"https:\/\/secure.gravatar.com\/avatar\/e7d041e5f3b6ec52d1f4dcd0266ccdf14a0b7227561f91f92a474ad68a30da9a?s=96&d=robohash&r=g","caption":"Philipp Sack"},"description":"CEO und Kreativkopf bei pr-ide. Kreuz und querlenkend, gerne segelnd. Immer auf der Suche nach innovativen L\u00f6sungen - manchmal schon bevor das Problem erkannt wurde.","sameAs":["http:\/\/www.pr-ide.de","https:\/\/www.linkedin.com\/in\/philipp-sack\/"],"url":"https:\/\/pr-ide.de\/en\/blog\/author\/seesack-2-2-2-2-2-2-2-2-2-2-2-2-2-2-2-2-2-2-2-2\/"}]}},"jetpack_featured_media_url":"","jetpack_sharing_enabled":true,"_links":{"self":[{"href":"https:\/\/pr-ide.de\/en\/wp-json\/wp\/v2\/posts\/3339","targetHints":{"allow":["GET"]}}],"collection":[{"href":"https:\/\/pr-ide.de\/en\/wp-json\/wp\/v2\/posts"}],"about":[{"href":"https:\/\/pr-ide.de\/en\/wp-json\/wp\/v2\/types\/post"}],"author":[{"embeddable":true,"href":"https:\/\/pr-ide.de\/en\/wp-json\/wp\/v2\/users\/15"}],"replies":[{"embeddable":true,"href":"https:\/\/pr-ide.de\/en\/wp-json\/wp\/v2\/comments?post=3339"}],"version-history":[{"count":0,"href":"https:\/\/pr-ide.de\/en\/wp-json\/wp\/v2\/posts\/3339\/revisions"}],"wp:featuredmedia":[{"embeddable":true,"href":"https:\/\/pr-ide.de\/en\/wp-json\/"}],"wp:attachment":[{"href":"https:\/\/pr-ide.de\/en\/wp-json\/wp\/v2\/media?parent=3339"}],"wp:term":[{"taxonomy":"category","embeddable":true,"href":"https:\/\/pr-ide.de\/en\/wp-json\/wp\/v2\/categories?post=3339"},{"taxonomy":"post_tag","embeddable":true,"href":"https:\/\/pr-ide.de\/en\/wp-json\/wp\/v2\/tags?post=3339"}],"curies":[{"name":"wp","href":"https:\/\/api.w.org\/{rel}","templated":true}]}}