{"id":3433,"date":"2013-01-11T13:26:36","date_gmt":"2013-01-11T12:26:36","guid":{"rendered":"http:\/\/blog.pr-ide.de\/?p=3433"},"modified":"2016-10-16T15:51:23","modified_gmt":"2016-10-16T14:51:23","slug":"solum-pistor-invenit-berlin-oder-warum-uns-amerikaner-beinahe-wurst-sind","status":"publish","type":"post","link":"https:\/\/pr-ide.de\/en\/blog\/2013\/01\/solum-pistor-invenit-berlin-oder-warum-uns-amerikaner-beinahe-wurst-sind\/","title":{"rendered":"Solum pistor invenit Berlin &#8211; oder warum uns Amerikaner beinahe Wurst sind!"},"content":{"rendered":"<p><a href=\"http:\/\/pr-ide.com\/2012\/07\/16\/schilder-eines-wochenendes\/ruegen2-007\/\" rel=\"attachment wp-att-2604\"><img decoding=\"async\" class=\"lazyload alignleft size-thumbnail wp-image-2604\" alt=\"ruegen2 007\" src=\"data:image\/svg+xml,%3Csvg%20xmlns%3D%27http%3A%2F%2Fwww.w3.org%2F2000%2Fsvg%27%20width%3D%27150%27%20height%3D%27150%27%20viewBox%3D%270%200%20150%20150%27%3E%3Crect%20width%3D%27150%27%20height%3D%27150%27%20fill-opacity%3D%220%22%2F%3E%3C%2Fsvg%3E\" data-orig-src=\"http:\/\/pr-ide.com\/wp-content\/uploads\/2012\/07\/ruegen2-007-150x150.jpg\" width=\"150\" height=\"150\" \/><\/a>Kurz vor Bayern &#8211; von hier aus gesehen &#8211; liegt der sogenannte Wei\u00dfwurst\u00e4quator. Die Grenze zwischen den Norddeutschen im allgemeinen und den\u00a0 Angeh\u00f6rigen des Wei\u00dfwurtsverzehrer Stammes &#8211; um es mal \u00fcbertrieben auszudr\u00fccken. Nicht zu verwechseln \u00fcbrigens mit dem R\u00f6stigraben! Der seine Namen nicht davon hat, das jenseits der Grabengrenzen Bankgeheimnis Verr\u00e4ter ger\u00f6stet werden! Nein &#8211; R\u00f6stigraben ist die eing\u00e4ngigere Variante der Br\u00fcnig-Napf-Reuss-Linie!<\/p>\n<p>Die M\u00fcnchner legen die Wei\u00dfwurstgrenze in einem gedachten Radius von 100 Kilometern <!--more-->um ihre Stadt &#8211; die \u00fcberwiegende Mehrheit zieht die Wurstgrenze entlang der Donau, manche nehmen den 49ten Breitengrad.<\/p>\n<p>Nun fragt sich der Schreiber &#8211; was gibt es ebenb\u00fcrtiges f\u00fcr die Hauptstadt? Gibt es \u00fcberhaupt eine Kulturgrenze zwischen den Berlinern und dem Umfeld? Oder steckt gar in jedem von uns ein Berliner?<\/p>\n<p>Das immerhin hatte ja schon John F. Kennedy erkannt als er im kalten Krieg verk\u00fcndete auch seine Berliner Stammzellen entdeckt zu haben.<\/p>\n<p>Alle Schwaben und auch Scheinschwaben werden ja zur Zeit Quasi Zwangsberlinisiert, aus Gr\u00fcnden der &#8220;Political Correctness&#8221; lassen wir diese Diskussion aber mal lieber au\u00dfen vor.<\/p>\n<p>Nahrunsmittelverzehrvorlieben als Abgrenzung zu nehmen ist f\u00fcr Berlin auch nicht so einfach. Wo soll die Grenze verlaufen? \u00a0Dort wo sich D\u00f6ner und Currywurst Gute Nacht sagen?<\/p>\n<p>Nein &#8211; Berlin h\u00f6rt da auf wo es langsam wird, je l\u00e4nger die Ampelphasen werden desto \u00a0weiter ist man entfernt. Je flacher die Pfannkuchen werden umso gr\u00f6sser die Chance Berliner beim B\u00e4cker zu finden, wo sich die Amerikaner verzogen haben, Platz gemacht den Hamburgern &#8211; von denen aber wiederum kaum einer beim B\u00e4cker ist.<\/p>\n<p>Damit ist die Erkenntnis zum Wochenende: Berlin ist nicht Wurst, Berlin ist eine Backangelegenheit Da helfen auch keine Schupfnudeln!<\/p>\n","protected":false},"excerpt":{"rendered":"<p>Kurz vor Bayern &#8211; von hier aus gesehen &#8211; liegt der sogenannte Wei\u00dfwurst\u00e4quator. Die Grenze zwischen den Norddeutschen im allgemeinen und den\u00a0 Angeh\u00f6rigen des Wei\u00dfwurtsverzehrer Stammes &#8211; um es mal \u00fcbertrieben auszudr\u00fccken. Nicht zu verwechseln \u00fcbrigens mit dem R\u00f6stigraben! Der  [&#8230;]<\/p>\n","protected":false},"author":15,"featured_media":3435,"comment_status":"open","ping_status":"open","sticky":false,"template":"","format":"standard","meta":{"_monsterinsights_skip_tracking":false,"_monsterinsights_sitenote_active":false,"_monsterinsights_sitenote_note":"","_monsterinsights_sitenote_category":0,"_jetpack_memberships_contains_paid_content":false,"footnotes":""},"categories":[13],"tags":[642,643,644,645],"class_list":["post-3433","post","type-post","status-publish","format-standard","has-post-thumbnail","hentry","category-allgemein","tag-doner","tag-pfannkuchen","tag-schupfnudeln","tag-selters"],"yoast_head":"<!-- This site is optimized with the Yoast SEO plugin v27.2 - https:\/\/yoast.com\/product\/yoast-seo-wordpress\/ -->\n<title>Solum pistor invenit Berlin - oder warum uns Amerikaner beinahe Wurst sind! - pr-ide<\/title>\n<meta name=\"robots\" content=\"index, follow, max-snippet:-1, max-image-preview:large, max-video-preview:-1\" \/>\n<link rel=\"canonical\" href=\"https:\/\/pr-ide.de\/blog\/2013\/01\/solum-pistor-invenit-berlin-oder-warum-uns-amerikaner-beinahe-wurst-sind\/\" \/>\n<meta property=\"og:locale\" content=\"en_US\" \/>\n<meta property=\"og:type\" content=\"article\" \/>\n<meta property=\"og:title\" content=\"Solum pistor invenit Berlin - oder warum uns Amerikaner beinahe Wurst sind! - pr-ide\" \/>\n<meta property=\"og:description\" content=\"Kurz vor Bayern &#8211; von hier aus gesehen &#8211; liegt der sogenannte Wei\u00dfwurst\u00e4quator. Die Grenze zwischen den Norddeutschen im allgemeinen und den\u00a0 Angeh\u00f6rigen des Wei\u00dfwurtsverzehrer Stammes &#8211; um es mal \u00fcbertrieben auszudr\u00fccken. Nicht zu verwechseln \u00fcbrigens mit dem R\u00f6stigraben! Der [...]\" \/>\n<meta property=\"og:url\" content=\"https:\/\/pr-ide.de\/blog\/2013\/01\/solum-pistor-invenit-berlin-oder-warum-uns-amerikaner-beinahe-wurst-sind\/\" \/>\n<meta property=\"og:site_name\" content=\"pr-ide\" \/>\n<meta property=\"article:publisher\" content=\"https:\/\/www.facebook.com\/prideberlin\/\" \/>\n<meta property=\"article:published_time\" content=\"2013-01-11T12:26:36+00:00\" \/>\n<meta property=\"article:modified_time\" content=\"2016-10-16T14:51:23+00:00\" \/>\n<meta name=\"author\" content=\"Philipp Sack\" \/>\n<meta name=\"twitter:label1\" content=\"Written by\" \/>\n\t<meta name=\"twitter:data1\" content=\"Philipp Sack\" \/>\n\t<meta name=\"twitter:label2\" content=\"Est. reading time\" \/>\n\t<meta name=\"twitter:data2\" content=\"1 minute\" \/>\n<script type=\"application\/ld+json\" class=\"yoast-schema-graph\">{\"@context\":\"https:\/\/schema.org\",\"@graph\":[{\"@type\":\"Article\",\"@id\":\"https:\/\/pr-ide.de\/blog\/2013\/01\/solum-pistor-invenit-berlin-oder-warum-uns-amerikaner-beinahe-wurst-sind\/#article\",\"isPartOf\":{\"@id\":\"https:\/\/pr-ide.de\/blog\/2013\/01\/solum-pistor-invenit-berlin-oder-warum-uns-amerikaner-beinahe-wurst-sind\/\"},\"author\":{\"name\":\"Philipp Sack\",\"@id\":\"https:\/\/pr-ide.de\/#\/schema\/person\/4bb8cb929d552fc1cd7c49d25ef90093\"},\"headline\":\"Solum pistor invenit Berlin &#8211; oder warum uns Amerikaner beinahe Wurst sind!\",\"datePublished\":\"2013-01-11T12:26:36+00:00\",\"dateModified\":\"2016-10-16T14:51:23+00:00\",\"mainEntityOfPage\":{\"@id\":\"https:\/\/pr-ide.de\/blog\/2013\/01\/solum-pistor-invenit-berlin-oder-warum-uns-amerikaner-beinahe-wurst-sind\/\"},\"wordCount\":307,\"commentCount\":0,\"publisher\":{\"@id\":\"https:\/\/pr-ide.de\/#organization\"},\"image\":{\"@id\":\"https:\/\/pr-ide.de\/blog\/2013\/01\/solum-pistor-invenit-berlin-oder-warum-uns-amerikaner-beinahe-wurst-sind\/#primaryimage\"},\"thumbnailUrl\":\"\",\"keywords\":[\"D\u00f6ner\",\"Pfannkuchen\",\"Schupfnudeln\",\"Selters\"],\"articleSection\":[\"allgemein\"],\"inLanguage\":\"en-US\",\"potentialAction\":[{\"@type\":\"CommentAction\",\"name\":\"Comment\",\"target\":[\"https:\/\/pr-ide.de\/blog\/2013\/01\/solum-pistor-invenit-berlin-oder-warum-uns-amerikaner-beinahe-wurst-sind\/#respond\"]}]},{\"@type\":\"WebPage\",\"@id\":\"https:\/\/pr-ide.de\/blog\/2013\/01\/solum-pistor-invenit-berlin-oder-warum-uns-amerikaner-beinahe-wurst-sind\/\",\"url\":\"https:\/\/pr-ide.de\/blog\/2013\/01\/solum-pistor-invenit-berlin-oder-warum-uns-amerikaner-beinahe-wurst-sind\/\",\"name\":\"Solum pistor invenit Berlin - oder warum uns Amerikaner beinahe Wurst sind! - pr-ide\",\"isPartOf\":{\"@id\":\"https:\/\/pr-ide.de\/#website\"},\"primaryImageOfPage\":{\"@id\":\"https:\/\/pr-ide.de\/blog\/2013\/01\/solum-pistor-invenit-berlin-oder-warum-uns-amerikaner-beinahe-wurst-sind\/#primaryimage\"},\"image\":{\"@id\":\"https:\/\/pr-ide.de\/blog\/2013\/01\/solum-pistor-invenit-berlin-oder-warum-uns-amerikaner-beinahe-wurst-sind\/#primaryimage\"},\"thumbnailUrl\":\"\",\"datePublished\":\"2013-01-11T12:26:36+00:00\",\"dateModified\":\"2016-10-16T14:51:23+00:00\",\"breadcrumb\":{\"@id\":\"https:\/\/pr-ide.de\/blog\/2013\/01\/solum-pistor-invenit-berlin-oder-warum-uns-amerikaner-beinahe-wurst-sind\/#breadcrumb\"},\"inLanguage\":\"en-US\",\"potentialAction\":[{\"@type\":\"ReadAction\",\"target\":[\"https:\/\/pr-ide.de\/blog\/2013\/01\/solum-pistor-invenit-berlin-oder-warum-uns-amerikaner-beinahe-wurst-sind\/\"]}]},{\"@type\":\"ImageObject\",\"inLanguage\":\"en-US\",\"@id\":\"https:\/\/pr-ide.de\/blog\/2013\/01\/solum-pistor-invenit-berlin-oder-warum-uns-amerikaner-beinahe-wurst-sind\/#primaryimage\",\"url\":\"\",\"contentUrl\":\"\"},{\"@type\":\"BreadcrumbList\",\"@id\":\"https:\/\/pr-ide.de\/blog\/2013\/01\/solum-pistor-invenit-berlin-oder-warum-uns-amerikaner-beinahe-wurst-sind\/#breadcrumb\",\"itemListElement\":[{\"@type\":\"ListItem\",\"position\":1,\"name\":\"Home\",\"item\":\"https:\/\/pr-ide.de\/en\/the-agency-for-creative-success\/\"},{\"@type\":\"ListItem\",\"position\":2,\"name\":\"Solum pistor invenit Berlin &#8211; oder warum uns Amerikaner beinahe Wurst sind!\"}]},{\"@type\":\"WebSite\",\"@id\":\"https:\/\/pr-ide.de\/#website\",\"url\":\"https:\/\/pr-ide.de\/\",\"name\":\"pr-ide\",\"description\":\"die agentur f\u00fcr kreative erfolge\",\"publisher\":{\"@id\":\"https:\/\/pr-ide.de\/#organization\"},\"potentialAction\":[{\"@type\":\"SearchAction\",\"target\":{\"@type\":\"EntryPoint\",\"urlTemplate\":\"https:\/\/pr-ide.de\/?s={search_term_string}\"},\"query-input\":{\"@type\":\"PropertyValueSpecification\",\"valueRequired\":true,\"valueName\":\"search_term_string\"}}],\"inLanguage\":\"en-US\"},{\"@type\":\"Organization\",\"@id\":\"https:\/\/pr-ide.de\/#organization\",\"name\":\"pr-ide\",\"url\":\"https:\/\/pr-ide.de\/\",\"logo\":{\"@type\":\"ImageObject\",\"inLanguage\":\"en-US\",\"@id\":\"https:\/\/pr-ide.de\/#\/schema\/logo\/image\/\",\"url\":\"\",\"contentUrl\":\"\",\"caption\":\"pr-ide\"},\"image\":{\"@id\":\"https:\/\/pr-ide.de\/#\/schema\/logo\/image\/\"},\"sameAs\":[\"https:\/\/www.facebook.com\/prideberlin\/\",\"https:\/\/x.com\/pr_ide\",\"https:\/\/www.linkedin.com\/company\/pr-ide-gbr\/\"]},{\"@type\":\"Person\",\"@id\":\"https:\/\/pr-ide.de\/#\/schema\/person\/4bb8cb929d552fc1cd7c49d25ef90093\",\"name\":\"Philipp Sack\",\"image\":{\"@type\":\"ImageObject\",\"inLanguage\":\"en-US\",\"@id\":\"https:\/\/secure.gravatar.com\/avatar\/e7d041e5f3b6ec52d1f4dcd0266ccdf14a0b7227561f91f92a474ad68a30da9a?s=96&d=robohash&r=g\",\"url\":\"https:\/\/secure.gravatar.com\/avatar\/e7d041e5f3b6ec52d1f4dcd0266ccdf14a0b7227561f91f92a474ad68a30da9a?s=96&d=robohash&r=g\",\"contentUrl\":\"https:\/\/secure.gravatar.com\/avatar\/e7d041e5f3b6ec52d1f4dcd0266ccdf14a0b7227561f91f92a474ad68a30da9a?s=96&d=robohash&r=g\",\"caption\":\"Philipp Sack\"},\"description\":\"CEO und Kreativkopf bei pr-ide. Kreuz und querlenkend, gerne segelnd. Immer auf der Suche nach innovativen L\u00f6sungen - manchmal schon bevor das Problem erkannt wurde.\",\"sameAs\":[\"http:\/\/www.pr-ide.de\",\"https:\/\/www.linkedin.com\/in\/philipp-sack\/\"],\"url\":\"https:\/\/pr-ide.de\/en\/blog\/author\/seesack-2-2-2-2-2-2-2-2-2-2-2-2-2-2-2-2-2-2-2-2\/\"}]}<\/script>\n<!-- \/ Yoast SEO plugin. -->","yoast_head_json":{"title":"Solum pistor invenit Berlin - oder warum uns Amerikaner beinahe Wurst sind! - pr-ide","robots":{"index":"index","follow":"follow","max-snippet":"max-snippet:-1","max-image-preview":"max-image-preview:large","max-video-preview":"max-video-preview:-1"},"canonical":"https:\/\/pr-ide.de\/blog\/2013\/01\/solum-pistor-invenit-berlin-oder-warum-uns-amerikaner-beinahe-wurst-sind\/","og_locale":"en_US","og_type":"article","og_title":"Solum pistor invenit Berlin - oder warum uns Amerikaner beinahe Wurst sind! - pr-ide","og_description":"Kurz vor Bayern &#8211; von hier aus gesehen &#8211; liegt der sogenannte Wei\u00dfwurst\u00e4quator. Die Grenze zwischen den Norddeutschen im allgemeinen und den\u00a0 Angeh\u00f6rigen des Wei\u00dfwurtsverzehrer Stammes &#8211; um es mal \u00fcbertrieben auszudr\u00fccken. Nicht zu verwechseln \u00fcbrigens mit dem R\u00f6stigraben! Der [...]","og_url":"https:\/\/pr-ide.de\/blog\/2013\/01\/solum-pistor-invenit-berlin-oder-warum-uns-amerikaner-beinahe-wurst-sind\/","og_site_name":"pr-ide","article_publisher":"https:\/\/www.facebook.com\/prideberlin\/","article_published_time":"2013-01-11T12:26:36+00:00","article_modified_time":"2016-10-16T14:51:23+00:00","author":"Philipp Sack","twitter_misc":{"Written by":"Philipp Sack","Est. reading time":"1 minute"},"schema":{"@context":"https:\/\/schema.org","@graph":[{"@type":"Article","@id":"https:\/\/pr-ide.de\/blog\/2013\/01\/solum-pistor-invenit-berlin-oder-warum-uns-amerikaner-beinahe-wurst-sind\/#article","isPartOf":{"@id":"https:\/\/pr-ide.de\/blog\/2013\/01\/solum-pistor-invenit-berlin-oder-warum-uns-amerikaner-beinahe-wurst-sind\/"},"author":{"name":"Philipp Sack","@id":"https:\/\/pr-ide.de\/#\/schema\/person\/4bb8cb929d552fc1cd7c49d25ef90093"},"headline":"Solum pistor invenit Berlin &#8211; oder warum uns Amerikaner beinahe Wurst sind!","datePublished":"2013-01-11T12:26:36+00:00","dateModified":"2016-10-16T14:51:23+00:00","mainEntityOfPage":{"@id":"https:\/\/pr-ide.de\/blog\/2013\/01\/solum-pistor-invenit-berlin-oder-warum-uns-amerikaner-beinahe-wurst-sind\/"},"wordCount":307,"commentCount":0,"publisher":{"@id":"https:\/\/pr-ide.de\/#organization"},"image":{"@id":"https:\/\/pr-ide.de\/blog\/2013\/01\/solum-pistor-invenit-berlin-oder-warum-uns-amerikaner-beinahe-wurst-sind\/#primaryimage"},"thumbnailUrl":"","keywords":["D\u00f6ner","Pfannkuchen","Schupfnudeln","Selters"],"articleSection":["allgemein"],"inLanguage":"en-US","potentialAction":[{"@type":"CommentAction","name":"Comment","target":["https:\/\/pr-ide.de\/blog\/2013\/01\/solum-pistor-invenit-berlin-oder-warum-uns-amerikaner-beinahe-wurst-sind\/#respond"]}]},{"@type":"WebPage","@id":"https:\/\/pr-ide.de\/blog\/2013\/01\/solum-pistor-invenit-berlin-oder-warum-uns-amerikaner-beinahe-wurst-sind\/","url":"https:\/\/pr-ide.de\/blog\/2013\/01\/solum-pistor-invenit-berlin-oder-warum-uns-amerikaner-beinahe-wurst-sind\/","name":"Solum pistor invenit Berlin - oder warum uns Amerikaner beinahe Wurst sind! - pr-ide","isPartOf":{"@id":"https:\/\/pr-ide.de\/#website"},"primaryImageOfPage":{"@id":"https:\/\/pr-ide.de\/blog\/2013\/01\/solum-pistor-invenit-berlin-oder-warum-uns-amerikaner-beinahe-wurst-sind\/#primaryimage"},"image":{"@id":"https:\/\/pr-ide.de\/blog\/2013\/01\/solum-pistor-invenit-berlin-oder-warum-uns-amerikaner-beinahe-wurst-sind\/#primaryimage"},"thumbnailUrl":"","datePublished":"2013-01-11T12:26:36+00:00","dateModified":"2016-10-16T14:51:23+00:00","breadcrumb":{"@id":"https:\/\/pr-ide.de\/blog\/2013\/01\/solum-pistor-invenit-berlin-oder-warum-uns-amerikaner-beinahe-wurst-sind\/#breadcrumb"},"inLanguage":"en-US","potentialAction":[{"@type":"ReadAction","target":["https:\/\/pr-ide.de\/blog\/2013\/01\/solum-pistor-invenit-berlin-oder-warum-uns-amerikaner-beinahe-wurst-sind\/"]}]},{"@type":"ImageObject","inLanguage":"en-US","@id":"https:\/\/pr-ide.de\/blog\/2013\/01\/solum-pistor-invenit-berlin-oder-warum-uns-amerikaner-beinahe-wurst-sind\/#primaryimage","url":"","contentUrl":""},{"@type":"BreadcrumbList","@id":"https:\/\/pr-ide.de\/blog\/2013\/01\/solum-pistor-invenit-berlin-oder-warum-uns-amerikaner-beinahe-wurst-sind\/#breadcrumb","itemListElement":[{"@type":"ListItem","position":1,"name":"Home","item":"https:\/\/pr-ide.de\/en\/the-agency-for-creative-success\/"},{"@type":"ListItem","position":2,"name":"Solum pistor invenit Berlin &#8211; oder warum uns Amerikaner beinahe Wurst sind!"}]},{"@type":"WebSite","@id":"https:\/\/pr-ide.de\/#website","url":"https:\/\/pr-ide.de\/","name":"pr-ide","description":"die agentur f\u00fcr kreative erfolge","publisher":{"@id":"https:\/\/pr-ide.de\/#organization"},"potentialAction":[{"@type":"SearchAction","target":{"@type":"EntryPoint","urlTemplate":"https:\/\/pr-ide.de\/?s={search_term_string}"},"query-input":{"@type":"PropertyValueSpecification","valueRequired":true,"valueName":"search_term_string"}}],"inLanguage":"en-US"},{"@type":"Organization","@id":"https:\/\/pr-ide.de\/#organization","name":"pr-ide","url":"https:\/\/pr-ide.de\/","logo":{"@type":"ImageObject","inLanguage":"en-US","@id":"https:\/\/pr-ide.de\/#\/schema\/logo\/image\/","url":"","contentUrl":"","caption":"pr-ide"},"image":{"@id":"https:\/\/pr-ide.de\/#\/schema\/logo\/image\/"},"sameAs":["https:\/\/www.facebook.com\/prideberlin\/","https:\/\/x.com\/pr_ide","https:\/\/www.linkedin.com\/company\/pr-ide-gbr\/"]},{"@type":"Person","@id":"https:\/\/pr-ide.de\/#\/schema\/person\/4bb8cb929d552fc1cd7c49d25ef90093","name":"Philipp Sack","image":{"@type":"ImageObject","inLanguage":"en-US","@id":"https:\/\/secure.gravatar.com\/avatar\/e7d041e5f3b6ec52d1f4dcd0266ccdf14a0b7227561f91f92a474ad68a30da9a?s=96&d=robohash&r=g","url":"https:\/\/secure.gravatar.com\/avatar\/e7d041e5f3b6ec52d1f4dcd0266ccdf14a0b7227561f91f92a474ad68a30da9a?s=96&d=robohash&r=g","contentUrl":"https:\/\/secure.gravatar.com\/avatar\/e7d041e5f3b6ec52d1f4dcd0266ccdf14a0b7227561f91f92a474ad68a30da9a?s=96&d=robohash&r=g","caption":"Philipp Sack"},"description":"CEO und Kreativkopf bei pr-ide. Kreuz und querlenkend, gerne segelnd. Immer auf der Suche nach innovativen L\u00f6sungen - manchmal schon bevor das Problem erkannt wurde.","sameAs":["http:\/\/www.pr-ide.de","https:\/\/www.linkedin.com\/in\/philipp-sack\/"],"url":"https:\/\/pr-ide.de\/en\/blog\/author\/seesack-2-2-2-2-2-2-2-2-2-2-2-2-2-2-2-2-2-2-2-2\/"}]}},"jetpack_featured_media_url":"","jetpack_sharing_enabled":true,"_links":{"self":[{"href":"https:\/\/pr-ide.de\/en\/wp-json\/wp\/v2\/posts\/3433","targetHints":{"allow":["GET"]}}],"collection":[{"href":"https:\/\/pr-ide.de\/en\/wp-json\/wp\/v2\/posts"}],"about":[{"href":"https:\/\/pr-ide.de\/en\/wp-json\/wp\/v2\/types\/post"}],"author":[{"embeddable":true,"href":"https:\/\/pr-ide.de\/en\/wp-json\/wp\/v2\/users\/15"}],"replies":[{"embeddable":true,"href":"https:\/\/pr-ide.de\/en\/wp-json\/wp\/v2\/comments?post=3433"}],"version-history":[{"count":0,"href":"https:\/\/pr-ide.de\/en\/wp-json\/wp\/v2\/posts\/3433\/revisions"}],"wp:featuredmedia":[{"embeddable":true,"href":"https:\/\/pr-ide.de\/en\/wp-json\/"}],"wp:attachment":[{"href":"https:\/\/pr-ide.de\/en\/wp-json\/wp\/v2\/media?parent=3433"}],"wp:term":[{"taxonomy":"category","embeddable":true,"href":"https:\/\/pr-ide.de\/en\/wp-json\/wp\/v2\/categories?post=3433"},{"taxonomy":"post_tag","embeddable":true,"href":"https:\/\/pr-ide.de\/en\/wp-json\/wp\/v2\/tags?post=3433"}],"curies":[{"name":"wp","href":"https:\/\/api.w.org\/{rel}","templated":true}]}}