{"id":3445,"date":"2013-01-18T07:49:45","date_gmt":"2013-01-18T06:49:45","guid":{"rendered":"http:\/\/blog.pr-ide.de\/?p=3445"},"modified":"2016-10-16T15:51:22","modified_gmt":"2016-10-16T14:51:22","slug":"mobil-ins-netz","status":"publish","type":"post","link":"https:\/\/pr-ide.de\/en\/blog\/2013\/01\/mobil-ins-netz\/","title":{"rendered":"Mobil ins Netz"},"content":{"rendered":"<p><a href=\"http:\/\/blog.pr-ide.de\/?attachment_id=3446\" rel=\"attachment wp-att-3446\"><img decoding=\"async\" class=\"lazyload alignleft size-thumbnail wp-image-3446\" alt=\"Screenshot_2013-01-16-19-46-54\" src=\"data:image\/svg+xml,%3Csvg%20xmlns%3D%27http%3A%2F%2Fwww.w3.org%2F2000%2Fsvg%27%20width%3D%27150%27%20height%3D%27150%27%20viewBox%3D%270%200%20150%20150%27%3E%3Crect%20width%3D%27150%27%20height%3D%27150%27%20fill-opacity%3D%220%22%2F%3E%3C%2Fsvg%3E\" data-orig-src=\"http:\/\/pr-ide.com\/wp-content\/uploads\/2013\/01\/Screenshot_2013-01-16-19-46-54-150x150.png\" width=\"150\" height=\"150\" \/><\/a>Mit dem Smartfon kann man ins Netz, das findet auch der schreibende Designer praktisch. Mails, Bahntickets, Segelwetter, Anfahrt zum Kunden &#8211; alles online m\u00f6glich.<\/p>\n<p>Verwunderlich nur die Geschwindigkeit! In einem mittel bis hochpreisig angesiedelten Vertrag kann man sich mit einer Flatrate schnell und unbek\u00fcmmert im Netz tummeln, bis &#8211; ja bis das maximale Volumen erreicht worden ist. Die Definition <!--more-->von Flatrate aus der Sicht aller dem Schreiber bekannten Provider hei\u00dft also nichts weiter wie: im Prinzip ist das Internet permanent (flat eben) erreichbar. Wenn das Internet also mal wieder nicht b\u00f6swillig gel\u00f6scht wurde, k\u00f6nnte man glatt einen permanenten Zugang annehmen &#8211; wenn da der Punkt der Verbindungsgeschwindigkeit nicht w\u00e4re.<\/p>\n<p>Sprich mit einem preiswerten Tarif kann man sich bis zu einem \u00fcbermittelten Datenvolumen, welches einer mittelaufl\u00f6senden Darstellung der blauen Mauritius entspricht mit Hochgeschwindigkeit im Netzt tummeln, also ungef\u00e4hr 2 Stunden! Mit einem etwas h\u00f6her preisigen\u00a0 kann dieser Zeitraum etwas gestreckt werden. Danach bewegt man sich im Netz mit einer gedrosselten Geschwindigkeit &#8211; was nichts anders bedeutet wie: rheumatische Brieftauben im Blindflug sowie torkelnde Weinbergschnecken \u00a0k\u00f6nnen eine hundertfach h\u00f6here Datenverbindung herstellen.<\/p>\n<p>Fast k\u00f6nnte man den Providern die Argumentation abnehmen &#8211; Datenvolumen kostet eben!<\/p>\n<p>Nur besteht hier offenbar ein Denkfehler, denn das Datenvolumen wird vom Monatsanfang an gerechnet! Ab jeden ersten surft also die ganze Nation unter \u00e4chzenden LTE, GPRS, UMTS oder HSPA Verbindungen im Netz herum. Peu a peu werden diese dann gekappt und am Monatsende d\u00fcmpelt man dann im 4bit\/h Modus herum.<\/p>\n<p>Mit anderen Worten &#8211; sp\u00e4testens ab der dritten Monatswoche ist die Entscheidungsgeschwindigkeit aller mobilen Internettler dramatisch reduziert!<\/p>\n<p>Ist unser mobiles digitales Leben am Monatsende generell gel\u00e4hmt?<\/p>\n","protected":false},"excerpt":{"rendered":"<p>Mit dem Smartfon kann man ins Netz, das findet auch der schreibende Designer praktisch. Mails, Bahntickets, Segelwetter, Anfahrt zum Kunden &#8211; alles online m\u00f6glich. Verwunderlich nur die Geschwindigkeit! In einem mittel bis hochpreisig angesiedelten Vertrag kann man sich mit einer  [&#8230;]<\/p>\n","protected":false},"author":15,"featured_media":3446,"comment_status":"open","ping_status":"open","sticky":false,"template":"","format":"standard","meta":{"_monsterinsights_skip_tracking":false,"_monsterinsights_sitenote_active":false,"_monsterinsights_sitenote_note":"","_monsterinsights_sitenote_category":0,"_jetpack_memberships_contains_paid_content":false,"footnotes":""},"categories":[38,36,329],"tags":[646,647],"class_list":["post-3445","post","type-post","status-publish","format-standard","has-post-thumbnail","hentry","category-pr-ide-leaks","category-unter-den-scanner-geraten","category-zu-wahr-um-schon-zu-sein","tag-datenvolumen","tag-mobil-ins-netz"],"yoast_head":"<!-- This site is optimized with the Yoast SEO plugin v27.2 - https:\/\/yoast.com\/product\/yoast-seo-wordpress\/ -->\n<title>Mobil ins Netz - pr-ide<\/title>\n<meta name=\"robots\" content=\"index, follow, max-snippet:-1, max-image-preview:large, max-video-preview:-1\" \/>\n<link rel=\"canonical\" href=\"https:\/\/pr-ide.de\/blog\/2013\/01\/mobil-ins-netz\/\" \/>\n<meta property=\"og:locale\" content=\"en_US\" \/>\n<meta property=\"og:type\" content=\"article\" \/>\n<meta property=\"og:title\" content=\"Mobil ins Netz - pr-ide\" \/>\n<meta property=\"og:description\" content=\"Mit dem Smartfon kann man ins Netz, das findet auch der schreibende Designer praktisch. Mails, Bahntickets, Segelwetter, Anfahrt zum Kunden &#8211; alles online m\u00f6glich. Verwunderlich nur die Geschwindigkeit! In einem mittel bis hochpreisig angesiedelten Vertrag kann man sich mit einer [...]\" \/>\n<meta property=\"og:url\" content=\"https:\/\/pr-ide.de\/blog\/2013\/01\/mobil-ins-netz\/\" \/>\n<meta property=\"og:site_name\" content=\"pr-ide\" \/>\n<meta property=\"article:publisher\" content=\"https:\/\/www.facebook.com\/prideberlin\/\" \/>\n<meta property=\"article:published_time\" content=\"2013-01-18T06:49:45+00:00\" \/>\n<meta property=\"article:modified_time\" content=\"2016-10-16T14:51:22+00:00\" \/>\n<meta name=\"author\" content=\"Philipp Sack\" \/>\n<meta name=\"twitter:label1\" content=\"Written by\" \/>\n\t<meta name=\"twitter:data1\" content=\"Philipp Sack\" \/>\n\t<meta name=\"twitter:label2\" content=\"Est. reading time\" \/>\n\t<meta name=\"twitter:data2\" content=\"1 minute\" \/>\n<script type=\"application\/ld+json\" class=\"yoast-schema-graph\">{\"@context\":\"https:\/\/schema.org\",\"@graph\":[{\"@type\":\"Article\",\"@id\":\"https:\/\/pr-ide.de\/blog\/2013\/01\/mobil-ins-netz\/#article\",\"isPartOf\":{\"@id\":\"https:\/\/pr-ide.de\/blog\/2013\/01\/mobil-ins-netz\/\"},\"author\":{\"name\":\"Philipp Sack\",\"@id\":\"https:\/\/pr-ide.de\/#\/schema\/person\/4bb8cb929d552fc1cd7c49d25ef90093\"},\"headline\":\"Mobil ins Netz\",\"datePublished\":\"2013-01-18T06:49:45+00:00\",\"dateModified\":\"2016-10-16T14:51:22+00:00\",\"mainEntityOfPage\":{\"@id\":\"https:\/\/pr-ide.de\/blog\/2013\/01\/mobil-ins-netz\/\"},\"wordCount\":286,\"commentCount\":2,\"publisher\":{\"@id\":\"https:\/\/pr-ide.de\/#organization\"},\"image\":{\"@id\":\"https:\/\/pr-ide.de\/blog\/2013\/01\/mobil-ins-netz\/#primaryimage\"},\"thumbnailUrl\":\"\",\"keywords\":[\"Datenvolumen\",\"Mobil ins Netz\"],\"articleSection\":[\"pr-ide leaks\",\"Unter den Scanner geraten\",\"Zu wahr um sch\u00f6n zu sein!\"],\"inLanguage\":\"en-US\",\"potentialAction\":[{\"@type\":\"CommentAction\",\"name\":\"Comment\",\"target\":[\"https:\/\/pr-ide.de\/blog\/2013\/01\/mobil-ins-netz\/#respond\"]}]},{\"@type\":\"WebPage\",\"@id\":\"https:\/\/pr-ide.de\/blog\/2013\/01\/mobil-ins-netz\/\",\"url\":\"https:\/\/pr-ide.de\/blog\/2013\/01\/mobil-ins-netz\/\",\"name\":\"Mobil ins Netz - pr-ide\",\"isPartOf\":{\"@id\":\"https:\/\/pr-ide.de\/#website\"},\"primaryImageOfPage\":{\"@id\":\"https:\/\/pr-ide.de\/blog\/2013\/01\/mobil-ins-netz\/#primaryimage\"},\"image\":{\"@id\":\"https:\/\/pr-ide.de\/blog\/2013\/01\/mobil-ins-netz\/#primaryimage\"},\"thumbnailUrl\":\"\",\"datePublished\":\"2013-01-18T06:49:45+00:00\",\"dateModified\":\"2016-10-16T14:51:22+00:00\",\"breadcrumb\":{\"@id\":\"https:\/\/pr-ide.de\/blog\/2013\/01\/mobil-ins-netz\/#breadcrumb\"},\"inLanguage\":\"en-US\",\"potentialAction\":[{\"@type\":\"ReadAction\",\"target\":[\"https:\/\/pr-ide.de\/blog\/2013\/01\/mobil-ins-netz\/\"]}]},{\"@type\":\"ImageObject\",\"inLanguage\":\"en-US\",\"@id\":\"https:\/\/pr-ide.de\/blog\/2013\/01\/mobil-ins-netz\/#primaryimage\",\"url\":\"\",\"contentUrl\":\"\"},{\"@type\":\"BreadcrumbList\",\"@id\":\"https:\/\/pr-ide.de\/blog\/2013\/01\/mobil-ins-netz\/#breadcrumb\",\"itemListElement\":[{\"@type\":\"ListItem\",\"position\":1,\"name\":\"Home\",\"item\":\"https:\/\/pr-ide.de\/en\/the-agency-for-creative-success\/\"},{\"@type\":\"ListItem\",\"position\":2,\"name\":\"Mobil ins Netz\"}]},{\"@type\":\"WebSite\",\"@id\":\"https:\/\/pr-ide.de\/#website\",\"url\":\"https:\/\/pr-ide.de\/\",\"name\":\"pr-ide\",\"description\":\"die agentur f\u00fcr kreative erfolge\",\"publisher\":{\"@id\":\"https:\/\/pr-ide.de\/#organization\"},\"potentialAction\":[{\"@type\":\"SearchAction\",\"target\":{\"@type\":\"EntryPoint\",\"urlTemplate\":\"https:\/\/pr-ide.de\/?s={search_term_string}\"},\"query-input\":{\"@type\":\"PropertyValueSpecification\",\"valueRequired\":true,\"valueName\":\"search_term_string\"}}],\"inLanguage\":\"en-US\"},{\"@type\":\"Organization\",\"@id\":\"https:\/\/pr-ide.de\/#organization\",\"name\":\"pr-ide\",\"url\":\"https:\/\/pr-ide.de\/\",\"logo\":{\"@type\":\"ImageObject\",\"inLanguage\":\"en-US\",\"@id\":\"https:\/\/pr-ide.de\/#\/schema\/logo\/image\/\",\"url\":\"\",\"contentUrl\":\"\",\"caption\":\"pr-ide\"},\"image\":{\"@id\":\"https:\/\/pr-ide.de\/#\/schema\/logo\/image\/\"},\"sameAs\":[\"https:\/\/www.facebook.com\/prideberlin\/\",\"https:\/\/x.com\/pr_ide\",\"https:\/\/www.linkedin.com\/company\/pr-ide-gbr\/\"]},{\"@type\":\"Person\",\"@id\":\"https:\/\/pr-ide.de\/#\/schema\/person\/4bb8cb929d552fc1cd7c49d25ef90093\",\"name\":\"Philipp Sack\",\"image\":{\"@type\":\"ImageObject\",\"inLanguage\":\"en-US\",\"@id\":\"https:\/\/secure.gravatar.com\/avatar\/e7d041e5f3b6ec52d1f4dcd0266ccdf14a0b7227561f91f92a474ad68a30da9a?s=96&d=robohash&r=g\",\"url\":\"https:\/\/secure.gravatar.com\/avatar\/e7d041e5f3b6ec52d1f4dcd0266ccdf14a0b7227561f91f92a474ad68a30da9a?s=96&d=robohash&r=g\",\"contentUrl\":\"https:\/\/secure.gravatar.com\/avatar\/e7d041e5f3b6ec52d1f4dcd0266ccdf14a0b7227561f91f92a474ad68a30da9a?s=96&d=robohash&r=g\",\"caption\":\"Philipp Sack\"},\"description\":\"CEO und Kreativkopf bei pr-ide. Kreuz und querlenkend, gerne segelnd. Immer auf der Suche nach innovativen L\u00f6sungen - manchmal schon bevor das Problem erkannt wurde.\",\"sameAs\":[\"http:\/\/www.pr-ide.de\",\"https:\/\/www.linkedin.com\/in\/philipp-sack\/\"],\"url\":\"https:\/\/pr-ide.de\/en\/blog\/author\/seesack-2-2-2-2-2-2-2-2-2-2-2-2-2-2-2-2-2-2-2-2\/\"}]}<\/script>\n<!-- \/ Yoast SEO plugin. -->","yoast_head_json":{"title":"Mobil ins Netz - pr-ide","robots":{"index":"index","follow":"follow","max-snippet":"max-snippet:-1","max-image-preview":"max-image-preview:large","max-video-preview":"max-video-preview:-1"},"canonical":"https:\/\/pr-ide.de\/blog\/2013\/01\/mobil-ins-netz\/","og_locale":"en_US","og_type":"article","og_title":"Mobil ins Netz - pr-ide","og_description":"Mit dem Smartfon kann man ins Netz, das findet auch der schreibende Designer praktisch. Mails, Bahntickets, Segelwetter, Anfahrt zum Kunden &#8211; alles online m\u00f6glich. Verwunderlich nur die Geschwindigkeit! In einem mittel bis hochpreisig angesiedelten Vertrag kann man sich mit einer [...]","og_url":"https:\/\/pr-ide.de\/blog\/2013\/01\/mobil-ins-netz\/","og_site_name":"pr-ide","article_publisher":"https:\/\/www.facebook.com\/prideberlin\/","article_published_time":"2013-01-18T06:49:45+00:00","article_modified_time":"2016-10-16T14:51:22+00:00","author":"Philipp Sack","twitter_misc":{"Written by":"Philipp Sack","Est. reading time":"1 minute"},"schema":{"@context":"https:\/\/schema.org","@graph":[{"@type":"Article","@id":"https:\/\/pr-ide.de\/blog\/2013\/01\/mobil-ins-netz\/#article","isPartOf":{"@id":"https:\/\/pr-ide.de\/blog\/2013\/01\/mobil-ins-netz\/"},"author":{"name":"Philipp Sack","@id":"https:\/\/pr-ide.de\/#\/schema\/person\/4bb8cb929d552fc1cd7c49d25ef90093"},"headline":"Mobil ins Netz","datePublished":"2013-01-18T06:49:45+00:00","dateModified":"2016-10-16T14:51:22+00:00","mainEntityOfPage":{"@id":"https:\/\/pr-ide.de\/blog\/2013\/01\/mobil-ins-netz\/"},"wordCount":286,"commentCount":2,"publisher":{"@id":"https:\/\/pr-ide.de\/#organization"},"image":{"@id":"https:\/\/pr-ide.de\/blog\/2013\/01\/mobil-ins-netz\/#primaryimage"},"thumbnailUrl":"","keywords":["Datenvolumen","Mobil ins Netz"],"articleSection":["pr-ide leaks","Unter den Scanner geraten","Zu wahr um sch\u00f6n zu sein!"],"inLanguage":"en-US","potentialAction":[{"@type":"CommentAction","name":"Comment","target":["https:\/\/pr-ide.de\/blog\/2013\/01\/mobil-ins-netz\/#respond"]}]},{"@type":"WebPage","@id":"https:\/\/pr-ide.de\/blog\/2013\/01\/mobil-ins-netz\/","url":"https:\/\/pr-ide.de\/blog\/2013\/01\/mobil-ins-netz\/","name":"Mobil ins Netz - pr-ide","isPartOf":{"@id":"https:\/\/pr-ide.de\/#website"},"primaryImageOfPage":{"@id":"https:\/\/pr-ide.de\/blog\/2013\/01\/mobil-ins-netz\/#primaryimage"},"image":{"@id":"https:\/\/pr-ide.de\/blog\/2013\/01\/mobil-ins-netz\/#primaryimage"},"thumbnailUrl":"","datePublished":"2013-01-18T06:49:45+00:00","dateModified":"2016-10-16T14:51:22+00:00","breadcrumb":{"@id":"https:\/\/pr-ide.de\/blog\/2013\/01\/mobil-ins-netz\/#breadcrumb"},"inLanguage":"en-US","potentialAction":[{"@type":"ReadAction","target":["https:\/\/pr-ide.de\/blog\/2013\/01\/mobil-ins-netz\/"]}]},{"@type":"ImageObject","inLanguage":"en-US","@id":"https:\/\/pr-ide.de\/blog\/2013\/01\/mobil-ins-netz\/#primaryimage","url":"","contentUrl":""},{"@type":"BreadcrumbList","@id":"https:\/\/pr-ide.de\/blog\/2013\/01\/mobil-ins-netz\/#breadcrumb","itemListElement":[{"@type":"ListItem","position":1,"name":"Home","item":"https:\/\/pr-ide.de\/en\/the-agency-for-creative-success\/"},{"@type":"ListItem","position":2,"name":"Mobil ins Netz"}]},{"@type":"WebSite","@id":"https:\/\/pr-ide.de\/#website","url":"https:\/\/pr-ide.de\/","name":"pr-ide","description":"die agentur f\u00fcr kreative erfolge","publisher":{"@id":"https:\/\/pr-ide.de\/#organization"},"potentialAction":[{"@type":"SearchAction","target":{"@type":"EntryPoint","urlTemplate":"https:\/\/pr-ide.de\/?s={search_term_string}"},"query-input":{"@type":"PropertyValueSpecification","valueRequired":true,"valueName":"search_term_string"}}],"inLanguage":"en-US"},{"@type":"Organization","@id":"https:\/\/pr-ide.de\/#organization","name":"pr-ide","url":"https:\/\/pr-ide.de\/","logo":{"@type":"ImageObject","inLanguage":"en-US","@id":"https:\/\/pr-ide.de\/#\/schema\/logo\/image\/","url":"","contentUrl":"","caption":"pr-ide"},"image":{"@id":"https:\/\/pr-ide.de\/#\/schema\/logo\/image\/"},"sameAs":["https:\/\/www.facebook.com\/prideberlin\/","https:\/\/x.com\/pr_ide","https:\/\/www.linkedin.com\/company\/pr-ide-gbr\/"]},{"@type":"Person","@id":"https:\/\/pr-ide.de\/#\/schema\/person\/4bb8cb929d552fc1cd7c49d25ef90093","name":"Philipp Sack","image":{"@type":"ImageObject","inLanguage":"en-US","@id":"https:\/\/secure.gravatar.com\/avatar\/e7d041e5f3b6ec52d1f4dcd0266ccdf14a0b7227561f91f92a474ad68a30da9a?s=96&d=robohash&r=g","url":"https:\/\/secure.gravatar.com\/avatar\/e7d041e5f3b6ec52d1f4dcd0266ccdf14a0b7227561f91f92a474ad68a30da9a?s=96&d=robohash&r=g","contentUrl":"https:\/\/secure.gravatar.com\/avatar\/e7d041e5f3b6ec52d1f4dcd0266ccdf14a0b7227561f91f92a474ad68a30da9a?s=96&d=robohash&r=g","caption":"Philipp Sack"},"description":"CEO und Kreativkopf bei pr-ide. Kreuz und querlenkend, gerne segelnd. Immer auf der Suche nach innovativen L\u00f6sungen - manchmal schon bevor das Problem erkannt wurde.","sameAs":["http:\/\/www.pr-ide.de","https:\/\/www.linkedin.com\/in\/philipp-sack\/"],"url":"https:\/\/pr-ide.de\/en\/blog\/author\/seesack-2-2-2-2-2-2-2-2-2-2-2-2-2-2-2-2-2-2-2-2\/"}]}},"jetpack_featured_media_url":"","jetpack_sharing_enabled":true,"_links":{"self":[{"href":"https:\/\/pr-ide.de\/en\/wp-json\/wp\/v2\/posts\/3445","targetHints":{"allow":["GET"]}}],"collection":[{"href":"https:\/\/pr-ide.de\/en\/wp-json\/wp\/v2\/posts"}],"about":[{"href":"https:\/\/pr-ide.de\/en\/wp-json\/wp\/v2\/types\/post"}],"author":[{"embeddable":true,"href":"https:\/\/pr-ide.de\/en\/wp-json\/wp\/v2\/users\/15"}],"replies":[{"embeddable":true,"href":"https:\/\/pr-ide.de\/en\/wp-json\/wp\/v2\/comments?post=3445"}],"version-history":[{"count":0,"href":"https:\/\/pr-ide.de\/en\/wp-json\/wp\/v2\/posts\/3445\/revisions"}],"wp:featuredmedia":[{"embeddable":true,"href":"https:\/\/pr-ide.de\/en\/wp-json\/"}],"wp:attachment":[{"href":"https:\/\/pr-ide.de\/en\/wp-json\/wp\/v2\/media?parent=3445"}],"wp:term":[{"taxonomy":"category","embeddable":true,"href":"https:\/\/pr-ide.de\/en\/wp-json\/wp\/v2\/categories?post=3445"},{"taxonomy":"post_tag","embeddable":true,"href":"https:\/\/pr-ide.de\/en\/wp-json\/wp\/v2\/tags?post=3445"}],"curies":[{"name":"wp","href":"https:\/\/api.w.org\/{rel}","templated":true}]}}