{"id":407,"date":"2010-02-04T22:40:22","date_gmt":"2010-02-04T21:40:22","guid":{"rendered":"http:\/\/blog.pr-ide.de\/?p=407"},"modified":"2016-10-16T15:53:25","modified_gmt":"2016-10-16T14:53:25","slug":"ist-bestimmt-gar-nicht-so-schlimm","status":"publish","type":"post","link":"https:\/\/pr-ide.de\/en\/blog\/2010\/02\/ist-bestimmt-gar-nicht-so-schlimm\/","title":{"rendered":"Ist bestimmt gar nicht so schlimm"},"content":{"rendered":"<p><a href=\"http:\/\/blog.pr-ide.de\/wp-content\/uploads\/2010\/02\/901673_boxing_gloves-1.jpg\"><img decoding=\"async\" class=\"lazyload alignleft size-thumbnail wp-image-409\" src=\"data:image\/svg+xml,%3Csvg%20xmlns%3D%27http%3A%2F%2Fwww.w3.org%2F2000%2Fsvg%27%20width%3D%27150%27%20height%3D%27150%27%20viewBox%3D%270%200%20150%20150%27%3E%3Crect%20width%3D%27150%27%20height%3D%27150%27%20fill-opacity%3D%220%22%2F%3E%3C%2Fsvg%3E\" data-orig-src=\"http:\/\/pr-ide.com\/wp-content\/uploads\/2010\/02\/901673_boxing_gloves-1-150x150.jpg\" alt=\"\" width=\"150\" height=\"150\" \/><\/a>Bald ziehe ich in eine echt schnuckelige Wohnung in Neuk\u00f6lln und hoffentlich werde ich eine Ausbildung in einer Agentur, direkt an der Hasenheide, machen. Neuk\u00f6lln, Hasenheide \u2013 da gibt es je gewisse Vorurteile und auch einen gewissen Ruf, den dieser Teil Berlins hat. Als sozialer Brennpunkt soll das Viertel verschrien sein und gerade von der Hasenheide h\u00f6rt man, dass dort einem, nicht ganz legalem, Einzelhandel nachgegangen wird. Ich stamme aus einem Stadtteil der viele dieser Probleme auch kennt und angesichts der humanen Mieten schreckte mich das alles nicht wirklich ab. Das ist sowieso alles \u00fcbertrieben dachte ich mir, als ich gestern mit meiner Freundin bei einem mittelm\u00e4\u00dfigem Italiener an der Hasenheide essen war. Naja nach einer immer lauter werdenden Diskussion zwischen dem Wirt und einem Gast(?), fingen die beiden tats\u00e4chlich eine handfeste Schl\u00e4gerei an. Als wir dann bezahlten und gingen, sahen wir noch, wie sich vor dem Restaurant der Rausgeschmissene mit seinen Freunden formierte, wahrscheinlich im Inbegriff den Laden zu st\u00fcrmen. Vielleicht ganz gut, dass wir auf Tiramisu aus der Tiefk\u00fchlung verzichtet haben&#8230;<\/p>\n","protected":false},"excerpt":{"rendered":"<p>Bald ziehe ich in eine echt schnuckelige Wohnung in Neuk\u00f6lln und hoffentlich werde ich eine Ausbildung in einer Agentur, direkt an der Hasenheide, machen. Neuk\u00f6lln, Hasenheide \u2013 da gibt es je gewisse Vorurteile und auch einen gewissen Ruf, den dieser  [&#8230;]<\/p>\n","protected":false},"author":2,"featured_media":409,"comment_status":"open","ping_status":"open","sticky":false,"template":"","format":"standard","meta":{"_monsterinsights_skip_tracking":false,"_monsterinsights_sitenote_active":false,"_monsterinsights_sitenote_note":"","_monsterinsights_sitenote_category":0,"_jetpack_memberships_contains_paid_content":false,"footnotes":""},"categories":[13],"tags":[],"class_list":["post-407","post","type-post","status-publish","format-standard","has-post-thumbnail","hentry","category-allgemein"],"yoast_head":"<!-- This site is optimized with the Yoast SEO plugin v27.2 - https:\/\/yoast.com\/product\/yoast-seo-wordpress\/ -->\n<title>Ist bestimmt gar nicht so schlimm - pr-ide<\/title>\n<meta name=\"robots\" content=\"index, follow, max-snippet:-1, max-image-preview:large, max-video-preview:-1\" \/>\n<link rel=\"canonical\" href=\"https:\/\/pr-ide.de\/blog\/2010\/02\/ist-bestimmt-gar-nicht-so-schlimm\/\" \/>\n<meta property=\"og:locale\" content=\"en_US\" \/>\n<meta property=\"og:type\" content=\"article\" \/>\n<meta property=\"og:title\" content=\"Ist bestimmt gar nicht so schlimm - pr-ide\" \/>\n<meta property=\"og:description\" content=\"Bald ziehe ich in eine echt schnuckelige Wohnung in Neuk\u00f6lln und hoffentlich werde ich eine Ausbildung in einer Agentur, direkt an der Hasenheide, machen. Neuk\u00f6lln, Hasenheide \u2013 da gibt es je gewisse Vorurteile und auch einen gewissen Ruf, den dieser [...]\" \/>\n<meta property=\"og:url\" content=\"https:\/\/pr-ide.de\/blog\/2010\/02\/ist-bestimmt-gar-nicht-so-schlimm\/\" \/>\n<meta property=\"og:site_name\" content=\"pr-ide\" \/>\n<meta property=\"article:publisher\" content=\"https:\/\/www.facebook.com\/prideberlin\/\" \/>\n<meta property=\"article:published_time\" content=\"2010-02-04T21:40:22+00:00\" \/>\n<meta property=\"article:modified_time\" content=\"2016-10-16T14:53:25+00:00\" \/>\n<meta name=\"author\" content=\"Martina M\u00fcller\" \/>\n<meta name=\"twitter:label1\" content=\"Written by\" \/>\n\t<meta name=\"twitter:data1\" content=\"Martina M\u00fcller\" \/>\n\t<meta name=\"twitter:label2\" content=\"Est. reading time\" \/>\n\t<meta name=\"twitter:data2\" content=\"1 minute\" \/>\n<script type=\"application\/ld+json\" class=\"yoast-schema-graph\">{\"@context\":\"https:\/\/schema.org\",\"@graph\":[{\"@type\":\"Article\",\"@id\":\"https:\/\/pr-ide.de\/blog\/2010\/02\/ist-bestimmt-gar-nicht-so-schlimm\/#article\",\"isPartOf\":{\"@id\":\"https:\/\/pr-ide.de\/blog\/2010\/02\/ist-bestimmt-gar-nicht-so-schlimm\/\"},\"author\":{\"name\":\"Martina M\u00fcller\",\"@id\":\"https:\/\/pr-ide.de\/#\/schema\/person\/7cff3097f838f10886a8ddb4a1dfedce\"},\"headline\":\"Ist bestimmt gar nicht so schlimm\",\"datePublished\":\"2010-02-04T21:40:22+00:00\",\"dateModified\":\"2016-10-16T14:53:25+00:00\",\"mainEntityOfPage\":{\"@id\":\"https:\/\/pr-ide.de\/blog\/2010\/02\/ist-bestimmt-gar-nicht-so-schlimm\/\"},\"wordCount\":186,\"commentCount\":0,\"publisher\":{\"@id\":\"https:\/\/pr-ide.de\/#organization\"},\"image\":{\"@id\":\"https:\/\/pr-ide.de\/blog\/2010\/02\/ist-bestimmt-gar-nicht-so-schlimm\/#primaryimage\"},\"thumbnailUrl\":\"\",\"articleSection\":[\"allgemein\"],\"inLanguage\":\"en-US\",\"potentialAction\":[{\"@type\":\"CommentAction\",\"name\":\"Comment\",\"target\":[\"https:\/\/pr-ide.de\/blog\/2010\/02\/ist-bestimmt-gar-nicht-so-schlimm\/#respond\"]}]},{\"@type\":\"WebPage\",\"@id\":\"https:\/\/pr-ide.de\/blog\/2010\/02\/ist-bestimmt-gar-nicht-so-schlimm\/\",\"url\":\"https:\/\/pr-ide.de\/blog\/2010\/02\/ist-bestimmt-gar-nicht-so-schlimm\/\",\"name\":\"Ist bestimmt gar nicht so schlimm - pr-ide\",\"isPartOf\":{\"@id\":\"https:\/\/pr-ide.de\/#website\"},\"primaryImageOfPage\":{\"@id\":\"https:\/\/pr-ide.de\/blog\/2010\/02\/ist-bestimmt-gar-nicht-so-schlimm\/#primaryimage\"},\"image\":{\"@id\":\"https:\/\/pr-ide.de\/blog\/2010\/02\/ist-bestimmt-gar-nicht-so-schlimm\/#primaryimage\"},\"thumbnailUrl\":\"\",\"datePublished\":\"2010-02-04T21:40:22+00:00\",\"dateModified\":\"2016-10-16T14:53:25+00:00\",\"breadcrumb\":{\"@id\":\"https:\/\/pr-ide.de\/blog\/2010\/02\/ist-bestimmt-gar-nicht-so-schlimm\/#breadcrumb\"},\"inLanguage\":\"en-US\",\"potentialAction\":[{\"@type\":\"ReadAction\",\"target\":[\"https:\/\/pr-ide.de\/blog\/2010\/02\/ist-bestimmt-gar-nicht-so-schlimm\/\"]}]},{\"@type\":\"ImageObject\",\"inLanguage\":\"en-US\",\"@id\":\"https:\/\/pr-ide.de\/blog\/2010\/02\/ist-bestimmt-gar-nicht-so-schlimm\/#primaryimage\",\"url\":\"\",\"contentUrl\":\"\"},{\"@type\":\"BreadcrumbList\",\"@id\":\"https:\/\/pr-ide.de\/blog\/2010\/02\/ist-bestimmt-gar-nicht-so-schlimm\/#breadcrumb\",\"itemListElement\":[{\"@type\":\"ListItem\",\"position\":1,\"name\":\"Home\",\"item\":\"https:\/\/pr-ide.de\/en\/the-agency-for-creative-success\/\"},{\"@type\":\"ListItem\",\"position\":2,\"name\":\"Ist bestimmt gar nicht so schlimm\"}]},{\"@type\":\"WebSite\",\"@id\":\"https:\/\/pr-ide.de\/#website\",\"url\":\"https:\/\/pr-ide.de\/\",\"name\":\"pr-ide\",\"description\":\"die agentur f\u00fcr kreative erfolge\",\"publisher\":{\"@id\":\"https:\/\/pr-ide.de\/#organization\"},\"potentialAction\":[{\"@type\":\"SearchAction\",\"target\":{\"@type\":\"EntryPoint\",\"urlTemplate\":\"https:\/\/pr-ide.de\/?s={search_term_string}\"},\"query-input\":{\"@type\":\"PropertyValueSpecification\",\"valueRequired\":true,\"valueName\":\"search_term_string\"}}],\"inLanguage\":\"en-US\"},{\"@type\":\"Organization\",\"@id\":\"https:\/\/pr-ide.de\/#organization\",\"name\":\"pr-ide\",\"url\":\"https:\/\/pr-ide.de\/\",\"logo\":{\"@type\":\"ImageObject\",\"inLanguage\":\"en-US\",\"@id\":\"https:\/\/pr-ide.de\/#\/schema\/logo\/image\/\",\"url\":\"\",\"contentUrl\":\"\",\"caption\":\"pr-ide\"},\"image\":{\"@id\":\"https:\/\/pr-ide.de\/#\/schema\/logo\/image\/\"},\"sameAs\":[\"https:\/\/www.facebook.com\/prideberlin\/\",\"https:\/\/x.com\/pr_ide\",\"https:\/\/www.linkedin.com\/company\/pr-ide-gbr\/\"]},{\"@type\":\"Person\",\"@id\":\"https:\/\/pr-ide.de\/#\/schema\/person\/7cff3097f838f10886a8ddb4a1dfedce\",\"name\":\"Martina M\u00fcller\",\"image\":{\"@type\":\"ImageObject\",\"inLanguage\":\"en-US\",\"@id\":\"https:\/\/secure.gravatar.com\/avatar\/561aa09b9e87187e01da837e323f730f46e80fa427035fd00502b3dc65ba1dfd?s=96&d=robohash&r=g\",\"url\":\"https:\/\/secure.gravatar.com\/avatar\/561aa09b9e87187e01da837e323f730f46e80fa427035fd00502b3dc65ba1dfd?s=96&d=robohash&r=g\",\"contentUrl\":\"https:\/\/secure.gravatar.com\/avatar\/561aa09b9e87187e01da837e323f730f46e80fa427035fd00502b3dc65ba1dfd?s=96&d=robohash&r=g\",\"caption\":\"Martina M\u00fcller\"},\"description\":\"Martina M\u00fcller; PR Referentin, Berlin Seit 2001 Inhaberin von pr-ide pr &amp; industrial design, studierte Italienisch und Russisch und ist als PR-Referentin zertifiziert. Ihr Schwerpunkt bei pr-ide: Public Relations (klassische Medienarbeit und Aufbau einer Online-Reputation). Ihr Know How steht f\u00fcr kreative Konzepte und professionelle Umsetzung. IhreSt\u00e4rken sind ein ausgepr\u00e4gtes Organisationstalent und eine hohe Effektivit\u00e4t. Sie h\u00e4lt Vortr\u00e4ge und f\u00fchrt Seminar und Workshops zum Thema Online-Marketing durch.\",\"url\":\"https:\/\/pr-ide.de\/en\/blog\/author\/mmueller-2-2-2-2-2\/\"}]}<\/script>\n<!-- \/ Yoast SEO plugin. -->","yoast_head_json":{"title":"Ist bestimmt gar nicht so schlimm - pr-ide","robots":{"index":"index","follow":"follow","max-snippet":"max-snippet:-1","max-image-preview":"max-image-preview:large","max-video-preview":"max-video-preview:-1"},"canonical":"https:\/\/pr-ide.de\/blog\/2010\/02\/ist-bestimmt-gar-nicht-so-schlimm\/","og_locale":"en_US","og_type":"article","og_title":"Ist bestimmt gar nicht so schlimm - pr-ide","og_description":"Bald ziehe ich in eine echt schnuckelige Wohnung in Neuk\u00f6lln und hoffentlich werde ich eine Ausbildung in einer Agentur, direkt an der Hasenheide, machen. Neuk\u00f6lln, Hasenheide \u2013 da gibt es je gewisse Vorurteile und auch einen gewissen Ruf, den dieser [...]","og_url":"https:\/\/pr-ide.de\/blog\/2010\/02\/ist-bestimmt-gar-nicht-so-schlimm\/","og_site_name":"pr-ide","article_publisher":"https:\/\/www.facebook.com\/prideberlin\/","article_published_time":"2010-02-04T21:40:22+00:00","article_modified_time":"2016-10-16T14:53:25+00:00","author":"Martina M\u00fcller","twitter_misc":{"Written by":"Martina M\u00fcller","Est. reading time":"1 minute"},"schema":{"@context":"https:\/\/schema.org","@graph":[{"@type":"Article","@id":"https:\/\/pr-ide.de\/blog\/2010\/02\/ist-bestimmt-gar-nicht-so-schlimm\/#article","isPartOf":{"@id":"https:\/\/pr-ide.de\/blog\/2010\/02\/ist-bestimmt-gar-nicht-so-schlimm\/"},"author":{"name":"Martina M\u00fcller","@id":"https:\/\/pr-ide.de\/#\/schema\/person\/7cff3097f838f10886a8ddb4a1dfedce"},"headline":"Ist bestimmt gar nicht so schlimm","datePublished":"2010-02-04T21:40:22+00:00","dateModified":"2016-10-16T14:53:25+00:00","mainEntityOfPage":{"@id":"https:\/\/pr-ide.de\/blog\/2010\/02\/ist-bestimmt-gar-nicht-so-schlimm\/"},"wordCount":186,"commentCount":0,"publisher":{"@id":"https:\/\/pr-ide.de\/#organization"},"image":{"@id":"https:\/\/pr-ide.de\/blog\/2010\/02\/ist-bestimmt-gar-nicht-so-schlimm\/#primaryimage"},"thumbnailUrl":"","articleSection":["allgemein"],"inLanguage":"en-US","potentialAction":[{"@type":"CommentAction","name":"Comment","target":["https:\/\/pr-ide.de\/blog\/2010\/02\/ist-bestimmt-gar-nicht-so-schlimm\/#respond"]}]},{"@type":"WebPage","@id":"https:\/\/pr-ide.de\/blog\/2010\/02\/ist-bestimmt-gar-nicht-so-schlimm\/","url":"https:\/\/pr-ide.de\/blog\/2010\/02\/ist-bestimmt-gar-nicht-so-schlimm\/","name":"Ist bestimmt gar nicht so schlimm - pr-ide","isPartOf":{"@id":"https:\/\/pr-ide.de\/#website"},"primaryImageOfPage":{"@id":"https:\/\/pr-ide.de\/blog\/2010\/02\/ist-bestimmt-gar-nicht-so-schlimm\/#primaryimage"},"image":{"@id":"https:\/\/pr-ide.de\/blog\/2010\/02\/ist-bestimmt-gar-nicht-so-schlimm\/#primaryimage"},"thumbnailUrl":"","datePublished":"2010-02-04T21:40:22+00:00","dateModified":"2016-10-16T14:53:25+00:00","breadcrumb":{"@id":"https:\/\/pr-ide.de\/blog\/2010\/02\/ist-bestimmt-gar-nicht-so-schlimm\/#breadcrumb"},"inLanguage":"en-US","potentialAction":[{"@type":"ReadAction","target":["https:\/\/pr-ide.de\/blog\/2010\/02\/ist-bestimmt-gar-nicht-so-schlimm\/"]}]},{"@type":"ImageObject","inLanguage":"en-US","@id":"https:\/\/pr-ide.de\/blog\/2010\/02\/ist-bestimmt-gar-nicht-so-schlimm\/#primaryimage","url":"","contentUrl":""},{"@type":"BreadcrumbList","@id":"https:\/\/pr-ide.de\/blog\/2010\/02\/ist-bestimmt-gar-nicht-so-schlimm\/#breadcrumb","itemListElement":[{"@type":"ListItem","position":1,"name":"Home","item":"https:\/\/pr-ide.de\/en\/the-agency-for-creative-success\/"},{"@type":"ListItem","position":2,"name":"Ist bestimmt gar nicht so schlimm"}]},{"@type":"WebSite","@id":"https:\/\/pr-ide.de\/#website","url":"https:\/\/pr-ide.de\/","name":"pr-ide","description":"die agentur f\u00fcr kreative erfolge","publisher":{"@id":"https:\/\/pr-ide.de\/#organization"},"potentialAction":[{"@type":"SearchAction","target":{"@type":"EntryPoint","urlTemplate":"https:\/\/pr-ide.de\/?s={search_term_string}"},"query-input":{"@type":"PropertyValueSpecification","valueRequired":true,"valueName":"search_term_string"}}],"inLanguage":"en-US"},{"@type":"Organization","@id":"https:\/\/pr-ide.de\/#organization","name":"pr-ide","url":"https:\/\/pr-ide.de\/","logo":{"@type":"ImageObject","inLanguage":"en-US","@id":"https:\/\/pr-ide.de\/#\/schema\/logo\/image\/","url":"","contentUrl":"","caption":"pr-ide"},"image":{"@id":"https:\/\/pr-ide.de\/#\/schema\/logo\/image\/"},"sameAs":["https:\/\/www.facebook.com\/prideberlin\/","https:\/\/x.com\/pr_ide","https:\/\/www.linkedin.com\/company\/pr-ide-gbr\/"]},{"@type":"Person","@id":"https:\/\/pr-ide.de\/#\/schema\/person\/7cff3097f838f10886a8ddb4a1dfedce","name":"Martina M\u00fcller","image":{"@type":"ImageObject","inLanguage":"en-US","@id":"https:\/\/secure.gravatar.com\/avatar\/561aa09b9e87187e01da837e323f730f46e80fa427035fd00502b3dc65ba1dfd?s=96&d=robohash&r=g","url":"https:\/\/secure.gravatar.com\/avatar\/561aa09b9e87187e01da837e323f730f46e80fa427035fd00502b3dc65ba1dfd?s=96&d=robohash&r=g","contentUrl":"https:\/\/secure.gravatar.com\/avatar\/561aa09b9e87187e01da837e323f730f46e80fa427035fd00502b3dc65ba1dfd?s=96&d=robohash&r=g","caption":"Martina M\u00fcller"},"description":"Martina M\u00fcller; PR Referentin, Berlin Seit 2001 Inhaberin von pr-ide pr &amp; industrial design, studierte Italienisch und Russisch und ist als PR-Referentin zertifiziert. Ihr Schwerpunkt bei pr-ide: Public Relations (klassische Medienarbeit und Aufbau einer Online-Reputation). Ihr Know How steht f\u00fcr kreative Konzepte und professionelle Umsetzung. IhreSt\u00e4rken sind ein ausgepr\u00e4gtes Organisationstalent und eine hohe Effektivit\u00e4t. Sie h\u00e4lt Vortr\u00e4ge und f\u00fchrt Seminar und Workshops zum Thema Online-Marketing durch.","url":"https:\/\/pr-ide.de\/en\/blog\/author\/mmueller-2-2-2-2-2\/"}]}},"jetpack_featured_media_url":"","jetpack_sharing_enabled":true,"_links":{"self":[{"href":"https:\/\/pr-ide.de\/en\/wp-json\/wp\/v2\/posts\/407","targetHints":{"allow":["GET"]}}],"collection":[{"href":"https:\/\/pr-ide.de\/en\/wp-json\/wp\/v2\/posts"}],"about":[{"href":"https:\/\/pr-ide.de\/en\/wp-json\/wp\/v2\/types\/post"}],"author":[{"embeddable":true,"href":"https:\/\/pr-ide.de\/en\/wp-json\/wp\/v2\/users\/2"}],"replies":[{"embeddable":true,"href":"https:\/\/pr-ide.de\/en\/wp-json\/wp\/v2\/comments?post=407"}],"version-history":[{"count":0,"href":"https:\/\/pr-ide.de\/en\/wp-json\/wp\/v2\/posts\/407\/revisions"}],"wp:featuredmedia":[{"embeddable":true,"href":"https:\/\/pr-ide.de\/en\/wp-json\/"}],"wp:attachment":[{"href":"https:\/\/pr-ide.de\/en\/wp-json\/wp\/v2\/media?parent=407"}],"wp:term":[{"taxonomy":"category","embeddable":true,"href":"https:\/\/pr-ide.de\/en\/wp-json\/wp\/v2\/categories?post=407"},{"taxonomy":"post_tag","embeddable":true,"href":"https:\/\/pr-ide.de\/en\/wp-json\/wp\/v2\/tags?post=407"}],"curies":[{"name":"wp","href":"https:\/\/api.w.org\/{rel}","templated":true}]}}