{"id":41665,"date":"2025-09-21T01:25:17","date_gmt":"2025-09-20T23:25:17","guid":{"rendered":"https:\/\/pr-ide.de\/?p=41665"},"modified":"2025-09-21T01:25:17","modified_gmt":"2025-09-20T23:25:17","slug":"cafes-mit-kultur-von-der-fixen-idee-zum-ki-gestuetzten-parallelprojekt","status":"publish","type":"post","link":"https:\/\/pr-ide.de\/en\/blog\/2025\/09\/cafes-mit-kultur-von-der-fixen-idee-zum-ki-gestuetzten-parallelprojekt\/","title":{"rendered":"Caf\u00e9s mit Kultur \u2013 von der fixen Idee zum KI-gest\u00fctzten Parallelprojekt"},"content":{"rendered":"<h2 data-start=\"253\" data-end=\"289\">Vom Cappuccino zur Konzept-Idee<\/h2>\n<p data-start=\"290\" data-end=\"518\">Es beginnt wie so vieles: mit einer fixen Idee.<br data-start=\"337\" data-end=\"340\" \/>Man geht ins Museum, sieht gro\u00dfe Kunst, denkt tiefe Gedanken \u2013 und landet am Ende doch im Caf\u00e9.<br data-start=\"435\" data-end=\"438\" \/>Denn ganz ehrlich: der Cappuccino ist oft genauso wichtig wie die Caravaggios.<\/p>\n<p data-start=\"520\" data-end=\"636\">Nur: eine \u00dcbersicht \u00fcber diese Museums-Caf\u00e9s? Fehlanzeige.<br data-start=\"578\" data-end=\"581\" \/>Also \u2013 selber machen. \u201eCaf\u00e9s mit Kultur\u201c war geboren.<\/p>\n<p data-start=\"638\" data-end=\"796\">Urspr\u00fcnglich gedacht als Nebenprojekt. So eine Art Liebeserkl\u00e4rung an Cappuccino und Kultur. Ein kleines Hobby. Spoiler: es wurde ein ziemlich gro\u00dfes Hobby.<\/p>\n<hr data-start=\"798\" data-end=\"801\" \/>\n<h2 data-start=\"803\" data-end=\"845\">Print ist tot, lang lebe das Digitale<\/h2>\n<p data-start=\"846\" data-end=\"1024\">Die erste Idee war klassisch: ein Printf\u00fchrer. Hochglanz, mit Inseraten, verteilt in Museen.<br data-start=\"938\" data-end=\"941\" \/>Klingt edel. Riecht nach frischem Papier. Und nach Investition. Viel Investition.<\/p>\n<p data-start=\"1026\" data-end=\"1185\">Schnell stellte sich heraus: Das Risiko ist zu hoch. Daten \u00e4ndern sich zu schnell. Und ehrlich: Wer will 2025 schon eine Liste mit \u00d6ffnungszeiten ausdrucken?<\/p>\n<p data-start=\"1187\" data-end=\"1284\">Also der Schwenk: Digital first.<br data-start=\"1219\" data-end=\"1222\" \/>Flexibel. Aktualisierbar. Und ein ideales Experimentierfeld.<\/p>\n<hr data-start=\"1286\" data-end=\"1289\" \/>\n<h2 data-start=\"1291\" data-end=\"1320\">Plugins, bitte mit Sahne<\/h2>\n<p data-start=\"1321\" data-end=\"1490\">Nat\u00fcrlich gibt es unz\u00e4hlige Plugins, um Orte, \u00d6ffnungszeiten und Karten darzustellen.<br data-start=\"1406\" data-end=\"1409\" \/>Aber Standardl\u00f6sungen sind wie Filterkaffee: machen satt, aber nicht gl\u00fccklich.<\/p>\n<p data-start=\"1492\" data-end=\"1613\">Also wurden eigene Plugins entwickelt. Und pl\u00f6tzlich war das Projekt nicht nur eine Website, sondern ein kleines Labor:<\/p>\n<ul data-start=\"1615\" data-end=\"2273\">\n<li data-start=\"1615\" data-end=\"1726\">\n<p data-start=\"1617\" data-end=\"1726\"><strong data-start=\"1617\" data-end=\"1651\">Custom Post Types &amp; Taxonomien<\/strong><br data-start=\"1651\" data-end=\"1654\" \/>Museen, Caf\u00e9s, Reviews, Preislevel, PLZ \u2013 alles sauber strukturiert.<\/p>\n<\/li>\n<li data-start=\"1728\" data-end=\"1908\">\n<p data-start=\"1730\" data-end=\"1908\"><strong data-start=\"1730\" data-end=\"1753\">JSON-\u00d6ffnungszeiten<\/strong><br data-start=\"1753\" data-end=\"1756\" \/>Klingt nerdig. Ist nerdig.<br data-start=\"1784\" data-end=\"1787\" \/>Ein eigenes JSON-Schema f\u00fcr \u00d6ffnungszeiten mit Normalisierung und einer Statusabfrage im Frontend (\u201ejetzt ge\u00f6ffnet\u201c).<\/p>\n<\/li>\n<li data-start=\"1910\" data-end=\"2016\">\n<p data-start=\"1912\" data-end=\"2016\"><strong data-start=\"1912\" data-end=\"1941\">Leaflet-Kartenintegration<\/strong><br data-start=\"1941\" data-end=\"1944\" \/>Interaktive Karten, filterbar nach Stadt, Kategorie, Preis oder PLZ.<\/p>\n<\/li>\n<li data-start=\"2018\" data-end=\"2164\">\n<p data-start=\"2020\" data-end=\"2164\"><strong data-start=\"2020\" data-end=\"2041\">CSV-Import\/Export<\/strong><br data-start=\"2041\" data-end=\"2044\" \/>Massenhafte Datenpflege auf Knopfdruck. Praktisch, wenn wieder mal 20 Caf\u00e9s gleichzeitig ihre \u00d6ffnungszeiten \u00e4ndern.<\/p>\n<\/li>\n<li data-start=\"2166\" data-end=\"2273\">\n<p data-start=\"2168\" data-end=\"2273\"><strong data-start=\"2168\" data-end=\"2205\">Eigenes Styling &amp; Frontend-Module<\/strong><br data-start=\"2205\" data-end=\"2208\" \/>Tag-Chips, Filterbuttons, Suchleisten \u2013 gebaut statt gekauft.<\/p>\n<\/li>\n<\/ul>\n<p data-start=\"2275\" data-end=\"2432\">Kurz: aus einem simplen \u201eWordPress mit ein paar Plugins\u201c wurde ein ma\u00dfgeschneidertes System.<br data-start=\"2367\" data-end=\"2370\" \/>Und ja: Debugging um 3 Uhr nachts wurde zum neuen Lifestyle.<\/p>\n<hr data-start=\"2434\" data-end=\"2437\" \/>\n<h2 data-start=\"2439\" data-end=\"2478\">KI, der Praktikant ohne Feierabend<\/h2>\n<p data-start=\"2479\" data-end=\"2625\">Das Projekt war von Anfang an auch ein <strong data-start=\"2518\" data-end=\"2537\">Parallelprojekt<\/strong>, um KI praktisch einzusetzen.<br data-start=\"2567\" data-end=\"2570\" \/>Nicht in der Theorie, sondern live, am echten Objekt.<\/p>\n<p data-start=\"2627\" data-end=\"2648\">Was KI dabei macht:<\/p>\n<ul data-start=\"2649\" data-end=\"2922\">\n<li data-start=\"2649\" data-end=\"2706\">\n<p data-start=\"2651\" data-end=\"2706\"><strong data-start=\"2651\" data-end=\"2664\">Recherche<\/strong>: \u00d6ffnungszeiten, Adresse, Museumsinfos.<\/p>\n<\/li>\n<li data-start=\"2707\" data-end=\"2778\">\n<p data-start=\"2709\" data-end=\"2778\"><strong data-start=\"2709\" data-end=\"2718\">Texte<\/strong>: Caf\u00e9-Beschreibungen, Blogartikel, \u00dcbersetzungen (DE\/EN).<\/p>\n<\/li>\n<li data-start=\"2779\" data-end=\"2849\">\n<p data-start=\"2781\" data-end=\"2849\"><strong data-start=\"2781\" data-end=\"2794\">Fun Facts<\/strong>: kleine Geschichten rund um Caf\u00e9, Museum oder Stadt.<\/p>\n<\/li>\n<li data-start=\"2850\" data-end=\"2922\">\n<p data-start=\"2852\" data-end=\"2922\"><strong data-start=\"2852\" data-end=\"2870\">Strukturarbeit<\/strong>: Daten normalisieren, Texte in Templates pressen.<\/p>\n<\/li>\n<\/ul>\n<p data-start=\"2924\" data-end=\"3086\">Und das Beste: KI beschwert sich nicht \u00fcber \u00dcberstunden.<br data-start=\"2980\" data-end=\"2983\" \/>Auch wenn die Antworten manchmal kryptisch sind (\u201eJSON-Error in Zeile 1 bei geschlossenen Montagen\u201c).<\/p>\n<p data-start=\"3088\" data-end=\"3178\">Erkenntnis: KI ist kein Ersatz f\u00fcr Handarbeit, aber ein verdammt praktischer Praktikant.<\/p>\n<hr data-start=\"3180\" data-end=\"3183\" \/>\n<h2 data-start=\"3185\" data-end=\"3220\">Fehler, Spam und Excel-Gel\u00fcste<\/h2>\n<p data-start=\"3221\" data-end=\"3268\">Kein Projekt ohne Drama. Ein paar Highlights:<\/p>\n<ul data-start=\"3270\" data-end=\"3784\">\n<li data-start=\"3270\" data-end=\"3413\">\n<p data-start=\"3272\" data-end=\"3413\"><strong data-start=\"3272\" data-end=\"3288\">Spamverdacht<\/strong>: Newsletter-Formulare, die pl\u00f6tzlich als \u201ePhishing\u201c markiert werden. Willkommen in der neuen Welt: verd\u00e4chtig interessant.<\/p>\n<\/li>\n<li data-start=\"3414\" data-end=\"3519\">\n<p data-start=\"3416\" data-end=\"3519\"><strong data-start=\"3416\" data-end=\"3437\">Sicherheitsl\u00fccken<\/strong>: Plugins von Drittanbietern, die Features und Exploits gleich im Paket liefern.<\/p>\n<\/li>\n<li data-start=\"3520\" data-end=\"3630\">\n<p data-start=\"3522\" data-end=\"3630\"><strong data-start=\"3522\" data-end=\"3539\">Excel-Momente<\/strong>: N\u00e4chte, in denen die Sehnsucht nach einer simplen Excel-Liste fast \u00fcberw\u00e4ltigend wurde.<\/p>\n<\/li>\n<li data-start=\"3631\" data-end=\"3784\">\n<p data-start=\"3633\" data-end=\"3784\"><strong data-start=\"3633\" data-end=\"3652\">Fehlermeldungen<\/strong>: \u201eFunction _load_textdomain_just_in_time was called incorrectly\u201c \u2013 das ist kein Bug, das ist ein Einladungsbrief ins Rabbit Hole.<\/p>\n<\/li>\n<\/ul>\n<p data-start=\"3786\" data-end=\"3877\">Kurz: Wer behauptet, Projekte laufen geradlinig, hat noch nie eigene Plugins geschrieben.<\/p>\n<hr data-start=\"3879\" data-end=\"3882\" \/>\n<h2 data-start=\"3884\" data-end=\"3914\">Zukunft? Erst mal Kaffee.<\/h2>\n<p data-start=\"3915\" data-end=\"3984\">Das Projekt ist online, w\u00e4chst und gedeiht. Aber wie geht\u2019s weiter?<\/p>\n<ul data-start=\"3986\" data-end=\"4257\">\n<li data-start=\"3986\" data-end=\"4068\">\n<p data-start=\"3988\" data-end=\"4068\"><strong data-start=\"3988\" data-end=\"4008\">Online-Potenzial<\/strong>: Affiliate-Links, Kooperationen, Blogbeitr\u00e4ge, Community.<\/p>\n<\/li>\n<li data-start=\"4069\" data-end=\"4149\">\n<p data-start=\"4071\" data-end=\"4149\"><strong data-start=\"4071\" data-end=\"4095\">Vielleicht Print 2.0<\/strong>: irgendwann, wenn Reichweite &amp; Bekanntheit da sind.<\/p>\n<\/li>\n<li data-start=\"4150\" data-end=\"4257\">\n<p data-start=\"4152\" data-end=\"4257\"><strong data-start=\"4152\" data-end=\"4170\">Vor allem aber<\/strong>: ein Testfeld, um ungew\u00f6hnliche Methoden, Webdesign und KI praktisch auszuprobieren.<\/p>\n<\/li>\n<\/ul>\n<p data-start=\"4259\" data-end=\"4433\">Kurz: Monetarisierung? M\u00f6glich. Aber nicht der eigentliche Antrieb.<br data-start=\"4326\" data-end=\"4329\" \/>Der liegt irgendwo zwischen Kaffeeduft, Codeduft und der Freude, wenn ein Filter endlich funktioniert.<\/p>\n<hr data-start=\"4435\" data-end=\"4438\" \/>\n<h2 data-start=\"4440\" data-end=\"4470\">Fazit: Kaffee, Kultur, KI<\/h2>\n<p data-start=\"4471\" data-end=\"4618\">\u201eCaf\u00e9s mit Kultur\u201c begann als fixe Idee.<br data-start=\"4511\" data-end=\"4514\" \/>Heute ist es ein Parallelprojekt, das zeigt, was passiert, wenn man Design, Technik und KI kombiniert.<\/p>\n<p data-start=\"4620\" data-end=\"4763\">Es ist Kaffee. Es ist Kultur. Es ist ein Testfeld f\u00fcr ungew\u00f6hnliche Methoden.<br data-start=\"4697\" data-end=\"4700\" \/>Und es beweist: Kleine Ideen k\u00f6nnen gro\u00dfe Spielpl\u00e4tze werden.<\/p>\n<p data-start=\"4765\" data-end=\"4890\">Ob daraus irgendwann ein Gesch\u00e4ftsmodell, ein Printf\u00fchrer oder einfach nur eine sch\u00f6ne Tasse Kaffee wird? Wir werden sehen.<\/p>\n<p data-start=\"4892\" data-end=\"4976\">Bis dahin gilt: \u2615 Ideen sind wie Espressobohnen \u2013 man muss sie nur richtig mahlen.<\/p>\n<p data-start=\"4892\" data-end=\"4976\">\n<p data-start=\"4892\" data-end=\"4976\"><strong data-start=\"5064\" data-end=\"5091\">Mehr Kultur mit Kaffee?<\/strong><br data-start=\"5091\" data-end=\"5094\" \/>\ud83d\udc49 Entdeckt die Plattform: <a class=\"decorated-link cursor-pointer\" href=\"https:\/\/cafemitkultur.de\" target=\"_new\" rel=\"noopener\" data-start=\"5123\" data-end=\"5167\">cafemitkultur.de<\/a><br data-start=\"5167\" data-end=\"5170\" \/>\ud83d\udc49 Folgt uns auf Instagram: @cafemitkultur<br data-start=\"5214\" data-end=\"5217\" \/>\ud83d\udc49 Schickt uns euer Lieblingsmuseumscaf\u00e9!<\/p>\n","protected":false},"excerpt":{"rendered":"<p>Vom Cappuccino zur Konzept-Idee Es beginnt wie so vieles: mit einer fixen Idee.Man geht ins Museum, sieht gro\u00dfe Kunst, denkt tiefe Gedanken \u2013 und landet am Ende doch im Caf\u00e9.Denn ganz ehrlich: der Cappuccino ist oft genauso wichtig wie die  [&#8230;]<\/p>\n","protected":false},"author":15,"featured_media":41668,"comment_status":"open","ping_status":"closed","sticky":false,"template":"","format":"standard","meta":{"_monsterinsights_skip_tracking":false,"_monsterinsights_sitenote_active":false,"_monsterinsights_sitenote_note":"","_monsterinsights_sitenote_category":0,"_jetpack_memberships_contains_paid_content":false,"footnotes":""},"categories":[1],"tags":[1708,88],"class_list":["post-41665","post","type-post","status-publish","format-standard","has-post-thumbnail","hentry","category-uncategorized","tag-ki","tag-projekt"],"yoast_head":"<!-- This site is optimized with the Yoast SEO plugin v27.2 - https:\/\/yoast.com\/product\/yoast-seo-wordpress\/ -->\n<title>Caf\u00e9s mit Kultur \u2013 von der fixen Idee zum KI-gest\u00fctzten Parallelprojekt - pr-ide<\/title>\n<meta name=\"robots\" content=\"index, follow, max-snippet:-1, max-image-preview:large, max-video-preview:-1\" \/>\n<link rel=\"canonical\" href=\"https:\/\/pr-ide.de\/blog\/2025\/09\/cafes-mit-kultur-von-der-fixen-idee-zum-ki-gestuetzten-parallelprojekt\/\" \/>\n<meta property=\"og:locale\" content=\"en_US\" \/>\n<meta property=\"og:type\" content=\"article\" \/>\n<meta property=\"og:title\" content=\"Caf\u00e9s mit Kultur \u2013 von der fixen Idee zum KI-gest\u00fctzten Parallelprojekt - pr-ide\" \/>\n<meta property=\"og:description\" content=\"Vom Cappuccino zur Konzept-Idee Es beginnt wie so vieles: mit einer fixen Idee.Man geht ins Museum, sieht gro\u00dfe Kunst, denkt tiefe Gedanken \u2013 und landet am Ende doch im Caf\u00e9.Denn ganz ehrlich: der Cappuccino ist oft genauso wichtig wie die [...]\" \/>\n<meta property=\"og:url\" content=\"https:\/\/pr-ide.de\/blog\/2025\/09\/cafes-mit-kultur-von-der-fixen-idee-zum-ki-gestuetzten-parallelprojekt\/\" \/>\n<meta property=\"og:site_name\" content=\"pr-ide\" \/>\n<meta property=\"article:publisher\" content=\"https:\/\/www.facebook.com\/prideberlin\/\" \/>\n<meta property=\"article:published_time\" content=\"2025-09-20T23:25:17+00:00\" \/>\n<meta property=\"og:image\" content=\"https:\/\/pr-ide.de\/wp-content\/uploads\/2025\/09\/Firefly_illustration-Pop-Art-comic-style.-A-stylish-person-drinking-coffee-while-working-on-606663.jpg\" \/>\n\t<meta property=\"og:image:width\" content=\"2304\" \/>\n\t<meta property=\"og:image:height\" content=\"1792\" \/>\n\t<meta property=\"og:image:type\" content=\"image\/jpeg\" \/>\n<meta name=\"author\" content=\"Philipp Sack\" \/>\n<meta name=\"twitter:label1\" content=\"Written by\" \/>\n\t<meta name=\"twitter:data1\" content=\"Philipp Sack\" \/>\n\t<meta name=\"twitter:label2\" content=\"Est. reading time\" \/>\n\t<meta name=\"twitter:data2\" content=\"4 minutes\" \/>\n<script type=\"application\/ld+json\" class=\"yoast-schema-graph\">{\"@context\":\"https:\/\/schema.org\",\"@graph\":[{\"@type\":\"Article\",\"@id\":\"https:\/\/pr-ide.de\/blog\/2025\/09\/cafes-mit-kultur-von-der-fixen-idee-zum-ki-gestuetzten-parallelprojekt\/#article\",\"isPartOf\":{\"@id\":\"https:\/\/pr-ide.de\/blog\/2025\/09\/cafes-mit-kultur-von-der-fixen-idee-zum-ki-gestuetzten-parallelprojekt\/\"},\"author\":{\"name\":\"Philipp Sack\",\"@id\":\"https:\/\/pr-ide.de\/#\/schema\/person\/4bb8cb929d552fc1cd7c49d25ef90093\"},\"headline\":\"Caf\u00e9s mit Kultur \u2013 von der fixen Idee zum KI-gest\u00fctzten Parallelprojekt\",\"datePublished\":\"2025-09-20T23:25:17+00:00\",\"mainEntityOfPage\":{\"@id\":\"https:\/\/pr-ide.de\/blog\/2025\/09\/cafes-mit-kultur-von-der-fixen-idee-zum-ki-gestuetzten-parallelprojekt\/\"},\"wordCount\":668,\"commentCount\":0,\"publisher\":{\"@id\":\"https:\/\/pr-ide.de\/#organization\"},\"image\":{\"@id\":\"https:\/\/pr-ide.de\/blog\/2025\/09\/cafes-mit-kultur-von-der-fixen-idee-zum-ki-gestuetzten-parallelprojekt\/#primaryimage\"},\"thumbnailUrl\":\"https:\/\/pr-ide.de\/wp-content\/uploads\/2025\/09\/Firefly_illustration-Pop-Art-comic-style.-A-stylish-person-drinking-coffee-while-working-on-606663.jpg\",\"keywords\":[\"KI\",\"Projekt\"],\"inLanguage\":\"en-US\",\"potentialAction\":[{\"@type\":\"CommentAction\",\"name\":\"Comment\",\"target\":[\"https:\/\/pr-ide.de\/blog\/2025\/09\/cafes-mit-kultur-von-der-fixen-idee-zum-ki-gestuetzten-parallelprojekt\/#respond\"]}]},{\"@type\":\"WebPage\",\"@id\":\"https:\/\/pr-ide.de\/blog\/2025\/09\/cafes-mit-kultur-von-der-fixen-idee-zum-ki-gestuetzten-parallelprojekt\/\",\"url\":\"https:\/\/pr-ide.de\/blog\/2025\/09\/cafes-mit-kultur-von-der-fixen-idee-zum-ki-gestuetzten-parallelprojekt\/\",\"name\":\"Caf\u00e9s mit Kultur \u2013 von der fixen Idee zum KI-gest\u00fctzten Parallelprojekt - pr-ide\",\"isPartOf\":{\"@id\":\"https:\/\/pr-ide.de\/#website\"},\"primaryImageOfPage\":{\"@id\":\"https:\/\/pr-ide.de\/blog\/2025\/09\/cafes-mit-kultur-von-der-fixen-idee-zum-ki-gestuetzten-parallelprojekt\/#primaryimage\"},\"image\":{\"@id\":\"https:\/\/pr-ide.de\/blog\/2025\/09\/cafes-mit-kultur-von-der-fixen-idee-zum-ki-gestuetzten-parallelprojekt\/#primaryimage\"},\"thumbnailUrl\":\"https:\/\/pr-ide.de\/wp-content\/uploads\/2025\/09\/Firefly_illustration-Pop-Art-comic-style.-A-stylish-person-drinking-coffee-while-working-on-606663.jpg\",\"datePublished\":\"2025-09-20T23:25:17+00:00\",\"breadcrumb\":{\"@id\":\"https:\/\/pr-ide.de\/blog\/2025\/09\/cafes-mit-kultur-von-der-fixen-idee-zum-ki-gestuetzten-parallelprojekt\/#breadcrumb\"},\"inLanguage\":\"en-US\",\"potentialAction\":[{\"@type\":\"ReadAction\",\"target\":[\"https:\/\/pr-ide.de\/blog\/2025\/09\/cafes-mit-kultur-von-der-fixen-idee-zum-ki-gestuetzten-parallelprojekt\/\"]}]},{\"@type\":\"ImageObject\",\"inLanguage\":\"en-US\",\"@id\":\"https:\/\/pr-ide.de\/blog\/2025\/09\/cafes-mit-kultur-von-der-fixen-idee-zum-ki-gestuetzten-parallelprojekt\/#primaryimage\",\"url\":\"https:\/\/pr-ide.de\/wp-content\/uploads\/2025\/09\/Firefly_illustration-Pop-Art-comic-style.-A-stylish-person-drinking-coffee-while-working-on-606663.jpg\",\"contentUrl\":\"https:\/\/pr-ide.de\/wp-content\/uploads\/2025\/09\/Firefly_illustration-Pop-Art-comic-style.-A-stylish-person-drinking-coffee-while-working-on-606663.jpg\",\"width\":2304,\"height\":1792},{\"@type\":\"BreadcrumbList\",\"@id\":\"https:\/\/pr-ide.de\/blog\/2025\/09\/cafes-mit-kultur-von-der-fixen-idee-zum-ki-gestuetzten-parallelprojekt\/#breadcrumb\",\"itemListElement\":[{\"@type\":\"ListItem\",\"position\":1,\"name\":\"Home\",\"item\":\"https:\/\/pr-ide.de\/en\/the-agency-for-creative-success\/\"},{\"@type\":\"ListItem\",\"position\":2,\"name\":\"Caf\u00e9s mit Kultur \u2013 von der fixen Idee zum KI-gest\u00fctzten Parallelprojekt\"}]},{\"@type\":\"WebSite\",\"@id\":\"https:\/\/pr-ide.de\/#website\",\"url\":\"https:\/\/pr-ide.de\/\",\"name\":\"pr-ide\",\"description\":\"die agentur f\u00fcr kreative erfolge\",\"publisher\":{\"@id\":\"https:\/\/pr-ide.de\/#organization\"},\"potentialAction\":[{\"@type\":\"SearchAction\",\"target\":{\"@type\":\"EntryPoint\",\"urlTemplate\":\"https:\/\/pr-ide.de\/?s={search_term_string}\"},\"query-input\":{\"@type\":\"PropertyValueSpecification\",\"valueRequired\":true,\"valueName\":\"search_term_string\"}}],\"inLanguage\":\"en-US\"},{\"@type\":\"Organization\",\"@id\":\"https:\/\/pr-ide.de\/#organization\",\"name\":\"pr-ide\",\"url\":\"https:\/\/pr-ide.de\/\",\"logo\":{\"@type\":\"ImageObject\",\"inLanguage\":\"en-US\",\"@id\":\"https:\/\/pr-ide.de\/#\/schema\/logo\/image\/\",\"url\":\"\",\"contentUrl\":\"\",\"caption\":\"pr-ide\"},\"image\":{\"@id\":\"https:\/\/pr-ide.de\/#\/schema\/logo\/image\/\"},\"sameAs\":[\"https:\/\/www.facebook.com\/prideberlin\/\",\"https:\/\/x.com\/pr_ide\",\"https:\/\/www.linkedin.com\/company\/pr-ide-gbr\/\"]},{\"@type\":\"Person\",\"@id\":\"https:\/\/pr-ide.de\/#\/schema\/person\/4bb8cb929d552fc1cd7c49d25ef90093\",\"name\":\"Philipp Sack\",\"image\":{\"@type\":\"ImageObject\",\"inLanguage\":\"en-US\",\"@id\":\"https:\/\/secure.gravatar.com\/avatar\/e7d041e5f3b6ec52d1f4dcd0266ccdf14a0b7227561f91f92a474ad68a30da9a?s=96&d=robohash&r=g\",\"url\":\"https:\/\/secure.gravatar.com\/avatar\/e7d041e5f3b6ec52d1f4dcd0266ccdf14a0b7227561f91f92a474ad68a30da9a?s=96&d=robohash&r=g\",\"contentUrl\":\"https:\/\/secure.gravatar.com\/avatar\/e7d041e5f3b6ec52d1f4dcd0266ccdf14a0b7227561f91f92a474ad68a30da9a?s=96&d=robohash&r=g\",\"caption\":\"Philipp Sack\"},\"description\":\"CEO und Kreativkopf bei pr-ide. Kreuz und querlenkend, gerne segelnd. Immer auf der Suche nach innovativen L\u00f6sungen - manchmal schon bevor das Problem erkannt wurde.\",\"sameAs\":[\"http:\/\/www.pr-ide.de\",\"https:\/\/www.linkedin.com\/in\/philipp-sack\/\"],\"url\":\"https:\/\/pr-ide.de\/en\/blog\/author\/seesack-2-2-2-2-2-2-2-2-2-2-2-2-2-2-2-2-2-2-2-2\/\"}]}<\/script>\n<!-- \/ Yoast SEO plugin. -->","yoast_head_json":{"title":"Caf\u00e9s mit Kultur \u2013 von der fixen Idee zum KI-gest\u00fctzten Parallelprojekt - pr-ide","robots":{"index":"index","follow":"follow","max-snippet":"max-snippet:-1","max-image-preview":"max-image-preview:large","max-video-preview":"max-video-preview:-1"},"canonical":"https:\/\/pr-ide.de\/blog\/2025\/09\/cafes-mit-kultur-von-der-fixen-idee-zum-ki-gestuetzten-parallelprojekt\/","og_locale":"en_US","og_type":"article","og_title":"Caf\u00e9s mit Kultur \u2013 von der fixen Idee zum KI-gest\u00fctzten Parallelprojekt - pr-ide","og_description":"Vom Cappuccino zur Konzept-Idee Es beginnt wie so vieles: mit einer fixen Idee.Man geht ins Museum, sieht gro\u00dfe Kunst, denkt tiefe Gedanken \u2013 und landet am Ende doch im Caf\u00e9.Denn ganz ehrlich: der Cappuccino ist oft genauso wichtig wie die [...]","og_url":"https:\/\/pr-ide.de\/blog\/2025\/09\/cafes-mit-kultur-von-der-fixen-idee-zum-ki-gestuetzten-parallelprojekt\/","og_site_name":"pr-ide","article_publisher":"https:\/\/www.facebook.com\/prideberlin\/","article_published_time":"2025-09-20T23:25:17+00:00","og_image":[{"width":2304,"height":1792,"url":"https:\/\/pr-ide.de\/wp-content\/uploads\/2025\/09\/Firefly_illustration-Pop-Art-comic-style.-A-stylish-person-drinking-coffee-while-working-on-606663.jpg","type":"image\/jpeg"}],"author":"Philipp Sack","twitter_misc":{"Written by":"Philipp Sack","Est. reading time":"4 minutes"},"schema":{"@context":"https:\/\/schema.org","@graph":[{"@type":"Article","@id":"https:\/\/pr-ide.de\/blog\/2025\/09\/cafes-mit-kultur-von-der-fixen-idee-zum-ki-gestuetzten-parallelprojekt\/#article","isPartOf":{"@id":"https:\/\/pr-ide.de\/blog\/2025\/09\/cafes-mit-kultur-von-der-fixen-idee-zum-ki-gestuetzten-parallelprojekt\/"},"author":{"name":"Philipp Sack","@id":"https:\/\/pr-ide.de\/#\/schema\/person\/4bb8cb929d552fc1cd7c49d25ef90093"},"headline":"Caf\u00e9s mit Kultur \u2013 von der fixen Idee zum KI-gest\u00fctzten Parallelprojekt","datePublished":"2025-09-20T23:25:17+00:00","mainEntityOfPage":{"@id":"https:\/\/pr-ide.de\/blog\/2025\/09\/cafes-mit-kultur-von-der-fixen-idee-zum-ki-gestuetzten-parallelprojekt\/"},"wordCount":668,"commentCount":0,"publisher":{"@id":"https:\/\/pr-ide.de\/#organization"},"image":{"@id":"https:\/\/pr-ide.de\/blog\/2025\/09\/cafes-mit-kultur-von-der-fixen-idee-zum-ki-gestuetzten-parallelprojekt\/#primaryimage"},"thumbnailUrl":"https:\/\/pr-ide.de\/wp-content\/uploads\/2025\/09\/Firefly_illustration-Pop-Art-comic-style.-A-stylish-person-drinking-coffee-while-working-on-606663.jpg","keywords":["KI","Projekt"],"inLanguage":"en-US","potentialAction":[{"@type":"CommentAction","name":"Comment","target":["https:\/\/pr-ide.de\/blog\/2025\/09\/cafes-mit-kultur-von-der-fixen-idee-zum-ki-gestuetzten-parallelprojekt\/#respond"]}]},{"@type":"WebPage","@id":"https:\/\/pr-ide.de\/blog\/2025\/09\/cafes-mit-kultur-von-der-fixen-idee-zum-ki-gestuetzten-parallelprojekt\/","url":"https:\/\/pr-ide.de\/blog\/2025\/09\/cafes-mit-kultur-von-der-fixen-idee-zum-ki-gestuetzten-parallelprojekt\/","name":"Caf\u00e9s mit Kultur \u2013 von der fixen Idee zum KI-gest\u00fctzten Parallelprojekt - pr-ide","isPartOf":{"@id":"https:\/\/pr-ide.de\/#website"},"primaryImageOfPage":{"@id":"https:\/\/pr-ide.de\/blog\/2025\/09\/cafes-mit-kultur-von-der-fixen-idee-zum-ki-gestuetzten-parallelprojekt\/#primaryimage"},"image":{"@id":"https:\/\/pr-ide.de\/blog\/2025\/09\/cafes-mit-kultur-von-der-fixen-idee-zum-ki-gestuetzten-parallelprojekt\/#primaryimage"},"thumbnailUrl":"https:\/\/pr-ide.de\/wp-content\/uploads\/2025\/09\/Firefly_illustration-Pop-Art-comic-style.-A-stylish-person-drinking-coffee-while-working-on-606663.jpg","datePublished":"2025-09-20T23:25:17+00:00","breadcrumb":{"@id":"https:\/\/pr-ide.de\/blog\/2025\/09\/cafes-mit-kultur-von-der-fixen-idee-zum-ki-gestuetzten-parallelprojekt\/#breadcrumb"},"inLanguage":"en-US","potentialAction":[{"@type":"ReadAction","target":["https:\/\/pr-ide.de\/blog\/2025\/09\/cafes-mit-kultur-von-der-fixen-idee-zum-ki-gestuetzten-parallelprojekt\/"]}]},{"@type":"ImageObject","inLanguage":"en-US","@id":"https:\/\/pr-ide.de\/blog\/2025\/09\/cafes-mit-kultur-von-der-fixen-idee-zum-ki-gestuetzten-parallelprojekt\/#primaryimage","url":"https:\/\/pr-ide.de\/wp-content\/uploads\/2025\/09\/Firefly_illustration-Pop-Art-comic-style.-A-stylish-person-drinking-coffee-while-working-on-606663.jpg","contentUrl":"https:\/\/pr-ide.de\/wp-content\/uploads\/2025\/09\/Firefly_illustration-Pop-Art-comic-style.-A-stylish-person-drinking-coffee-while-working-on-606663.jpg","width":2304,"height":1792},{"@type":"BreadcrumbList","@id":"https:\/\/pr-ide.de\/blog\/2025\/09\/cafes-mit-kultur-von-der-fixen-idee-zum-ki-gestuetzten-parallelprojekt\/#breadcrumb","itemListElement":[{"@type":"ListItem","position":1,"name":"Home","item":"https:\/\/pr-ide.de\/en\/the-agency-for-creative-success\/"},{"@type":"ListItem","position":2,"name":"Caf\u00e9s mit Kultur \u2013 von der fixen Idee zum KI-gest\u00fctzten Parallelprojekt"}]},{"@type":"WebSite","@id":"https:\/\/pr-ide.de\/#website","url":"https:\/\/pr-ide.de\/","name":"pr-ide","description":"die agentur f\u00fcr kreative erfolge","publisher":{"@id":"https:\/\/pr-ide.de\/#organization"},"potentialAction":[{"@type":"SearchAction","target":{"@type":"EntryPoint","urlTemplate":"https:\/\/pr-ide.de\/?s={search_term_string}"},"query-input":{"@type":"PropertyValueSpecification","valueRequired":true,"valueName":"search_term_string"}}],"inLanguage":"en-US"},{"@type":"Organization","@id":"https:\/\/pr-ide.de\/#organization","name":"pr-ide","url":"https:\/\/pr-ide.de\/","logo":{"@type":"ImageObject","inLanguage":"en-US","@id":"https:\/\/pr-ide.de\/#\/schema\/logo\/image\/","url":"","contentUrl":"","caption":"pr-ide"},"image":{"@id":"https:\/\/pr-ide.de\/#\/schema\/logo\/image\/"},"sameAs":["https:\/\/www.facebook.com\/prideberlin\/","https:\/\/x.com\/pr_ide","https:\/\/www.linkedin.com\/company\/pr-ide-gbr\/"]},{"@type":"Person","@id":"https:\/\/pr-ide.de\/#\/schema\/person\/4bb8cb929d552fc1cd7c49d25ef90093","name":"Philipp Sack","image":{"@type":"ImageObject","inLanguage":"en-US","@id":"https:\/\/secure.gravatar.com\/avatar\/e7d041e5f3b6ec52d1f4dcd0266ccdf14a0b7227561f91f92a474ad68a30da9a?s=96&d=robohash&r=g","url":"https:\/\/secure.gravatar.com\/avatar\/e7d041e5f3b6ec52d1f4dcd0266ccdf14a0b7227561f91f92a474ad68a30da9a?s=96&d=robohash&r=g","contentUrl":"https:\/\/secure.gravatar.com\/avatar\/e7d041e5f3b6ec52d1f4dcd0266ccdf14a0b7227561f91f92a474ad68a30da9a?s=96&d=robohash&r=g","caption":"Philipp Sack"},"description":"CEO und Kreativkopf bei pr-ide. Kreuz und querlenkend, gerne segelnd. Immer auf der Suche nach innovativen L\u00f6sungen - manchmal schon bevor das Problem erkannt wurde.","sameAs":["http:\/\/www.pr-ide.de","https:\/\/www.linkedin.com\/in\/philipp-sack\/"],"url":"https:\/\/pr-ide.de\/en\/blog\/author\/seesack-2-2-2-2-2-2-2-2-2-2-2-2-2-2-2-2-2-2-2-2\/"}]}},"jetpack_featured_media_url":"https:\/\/pr-ide.de\/wp-content\/uploads\/2025\/09\/Firefly_illustration-Pop-Art-comic-style.-A-stylish-person-drinking-coffee-while-working-on-606663.jpg","jetpack_sharing_enabled":true,"_links":{"self":[{"href":"https:\/\/pr-ide.de\/en\/wp-json\/wp\/v2\/posts\/41665","targetHints":{"allow":["GET"]}}],"collection":[{"href":"https:\/\/pr-ide.de\/en\/wp-json\/wp\/v2\/posts"}],"about":[{"href":"https:\/\/pr-ide.de\/en\/wp-json\/wp\/v2\/types\/post"}],"author":[{"embeddable":true,"href":"https:\/\/pr-ide.de\/en\/wp-json\/wp\/v2\/users\/15"}],"replies":[{"embeddable":true,"href":"https:\/\/pr-ide.de\/en\/wp-json\/wp\/v2\/comments?post=41665"}],"version-history":[{"count":0,"href":"https:\/\/pr-ide.de\/en\/wp-json\/wp\/v2\/posts\/41665\/revisions"}],"wp:featuredmedia":[{"embeddable":true,"href":"https:\/\/pr-ide.de\/en\/wp-json\/wp\/v2\/media\/41668"}],"wp:attachment":[{"href":"https:\/\/pr-ide.de\/en\/wp-json\/wp\/v2\/media?parent=41665"}],"wp:term":[{"taxonomy":"category","embeddable":true,"href":"https:\/\/pr-ide.de\/en\/wp-json\/wp\/v2\/categories?post=41665"},{"taxonomy":"post_tag","embeddable":true,"href":"https:\/\/pr-ide.de\/en\/wp-json\/wp\/v2\/tags?post=41665"}],"curies":[{"name":"wp","href":"https:\/\/api.w.org\/{rel}","templated":true}]}}