{"id":4747,"date":"2014-01-03T14:27:36","date_gmt":"2014-01-03T13:27:36","guid":{"rendered":"http:\/\/blog.pr-ide.de\/?p=4747"},"modified":"2016-10-16T15:50:26","modified_gmt":"2016-10-16T14:50:26","slug":"wachet-auf-die-hotellerie-entdeckt-den-direktvertrieb","status":"publish","type":"post","link":"https:\/\/pr-ide.de\/en\/blog\/2014\/01\/wachet-auf-die-hotellerie-entdeckt-den-direktvertrieb\/","title":{"rendered":"Wachet auf!! Die Hotellerie entdeckt den Direktvertrieb"},"content":{"rendered":"<p><a href=\"http:\/\/pr-ide.com\/wp-content\/uploads\/2014\/01\/RS6016_buchen_white1.jpg\"><img decoding=\"async\" class=\"lazyload alignleft size-thumbnail wp-image-4748\" alt=\" \tBuchen gestern \u2013 Buchen heute\" src=\"data:image\/svg+xml,%3Csvg%20xmlns%3D%27http%3A%2F%2Fwww.w3.org%2F2000%2Fsvg%27%20width%3D%27150%27%20height%3D%27150%27%20viewBox%3D%270%200%20150%20150%27%3E%3Crect%20width%3D%27150%27%20height%3D%27150%27%20fill-opacity%3D%220%22%2F%3E%3C%2Fsvg%3E\" data-orig-src=\"http:\/\/pr-ide.com\/wp-content\/uploads\/2014\/01\/RS6016_buchen_white-150x150.jpg\" width=\"150\" height=\"150\" \/><\/a>Wenn man eine Wohnung vermieten will, dann beauftragt man am besten einen Makler, denn der sorgt sich um alles. Zahlen muss man den als Vermieter auch nicht, denn schlie\u00dflich will ja der Mieter \u00b4was mieten und der soll eben auch daf\u00fcr zahlen. In der Hotellerie ist das aber anders. Hier zahlt der Hotel-Zimmer-Anbieter f\u00fcr die Zimmervermittlung und das nicht zu knapp an die Online-Buchungsportale, die f\u00fcr ihn den Vertreib \u00fcbernehmen. Dabei ist den Hoteliers aber der Blick f\u00fcr die eigenen M\u00f6glichkeiten aus dem Blick geraten.<\/p>\n<p>Grund genug f\u00fcr die HOTREC (der europ\u00e4ische Dachverband der Hotels, Restaurants und Caf\u00e9s) im Auftrag des IHA (Internationaler Hotelverband Deutschland) eine <a href=\"http:\/\/www.hotellerie.de\/media\/docs\/de_update_okt_2013checkliste_direktvertrieb_draft1.pdf\">Checkliste <\/a>zur St\u00e4rkung des Direktvertriebes (2.0) zu ver\u00f6ffentlichen, zwar nicht ganz brandneu, aber auch f\u00fcr alle, die sich mit ihrer Online-Pr\u00e4senz besch\u00e4ftigen, sehr gute Fragen, die den Status Quo abfragen.<\/p>\n<p>&nbsp;<\/p>\n<p>&nbsp;<\/p>\n","protected":false},"excerpt":{"rendered":"<p>Wenn man eine Wohnung vermieten will, dann beauftragt man am besten einen Makler, denn der sorgt sich um alles. Zahlen muss man den als Vermieter auch nicht, denn schlie\u00dflich will ja der Mieter \u00b4was mieten und der soll eben auch  [&#8230;]<\/p>\n","protected":false},"author":2,"featured_media":0,"comment_status":"open","ping_status":"open","sticky":false,"template":"","format":"standard","meta":{"_monsterinsights_skip_tracking":false,"_monsterinsights_sitenote_active":false,"_monsterinsights_sitenote_note":"","_monsterinsights_sitenote_category":0,"_jetpack_memberships_contains_paid_content":false,"footnotes":""},"categories":[13,194],"tags":[790,661],"class_list":["post-4747","post","type-post","status-publish","format-standard","hentry","category-allgemein","category-online-pr","tag-buchen","tag-hotel"],"yoast_head":"<!-- This site is optimized with the Yoast SEO plugin v27.2 - https:\/\/yoast.com\/product\/yoast-seo-wordpress\/ -->\n<title>Wachet auf!! Die Hotellerie entdeckt den Direktvertrieb - pr-ide<\/title>\n<meta name=\"robots\" content=\"index, follow, max-snippet:-1, max-image-preview:large, max-video-preview:-1\" \/>\n<link rel=\"canonical\" href=\"https:\/\/pr-ide.de\/blog\/2014\/01\/wachet-auf-die-hotellerie-entdeckt-den-direktvertrieb\/\" \/>\n<meta property=\"og:locale\" content=\"en_US\" \/>\n<meta property=\"og:type\" content=\"article\" \/>\n<meta property=\"og:title\" content=\"Wachet auf!! Die Hotellerie entdeckt den Direktvertrieb - pr-ide\" \/>\n<meta property=\"og:description\" content=\"Wenn man eine Wohnung vermieten will, dann beauftragt man am besten einen Makler, denn der sorgt sich um alles. Zahlen muss man den als Vermieter auch nicht, denn schlie\u00dflich will ja der Mieter \u00b4was mieten und der soll eben auch [...]\" \/>\n<meta property=\"og:url\" content=\"https:\/\/pr-ide.de\/blog\/2014\/01\/wachet-auf-die-hotellerie-entdeckt-den-direktvertrieb\/\" \/>\n<meta property=\"og:site_name\" content=\"pr-ide\" \/>\n<meta property=\"article:publisher\" content=\"https:\/\/www.facebook.com\/prideberlin\/\" \/>\n<meta property=\"article:published_time\" content=\"2014-01-03T13:27:36+00:00\" \/>\n<meta property=\"article:modified_time\" content=\"2016-10-16T14:50:26+00:00\" \/>\n<meta property=\"og:image\" content=\"http:\/\/pr-ide.com\/wp-content\/uploads\/2014\/01\/RS6016_buchen_white-150x150.jpg\" \/>\n<meta name=\"author\" content=\"Martina M\u00fcller\" \/>\n<meta name=\"twitter:label1\" content=\"Written by\" \/>\n\t<meta name=\"twitter:data1\" content=\"Martina M\u00fcller\" \/>\n\t<meta name=\"twitter:label2\" content=\"Est. reading time\" \/>\n\t<meta name=\"twitter:data2\" content=\"1 minute\" \/>\n<script type=\"application\/ld+json\" class=\"yoast-schema-graph\">{\"@context\":\"https:\/\/schema.org\",\"@graph\":[{\"@type\":\"Article\",\"@id\":\"https:\/\/pr-ide.de\/blog\/2014\/01\/wachet-auf-die-hotellerie-entdeckt-den-direktvertrieb\/#article\",\"isPartOf\":{\"@id\":\"https:\/\/pr-ide.de\/blog\/2014\/01\/wachet-auf-die-hotellerie-entdeckt-den-direktvertrieb\/\"},\"author\":{\"name\":\"Martina M\u00fcller\",\"@id\":\"https:\/\/pr-ide.de\/#\/schema\/person\/7cff3097f838f10886a8ddb4a1dfedce\"},\"headline\":\"Wachet auf!! Die Hotellerie entdeckt den Direktvertrieb\",\"datePublished\":\"2014-01-03T13:27:36+00:00\",\"dateModified\":\"2016-10-16T14:50:26+00:00\",\"mainEntityOfPage\":{\"@id\":\"https:\/\/pr-ide.de\/blog\/2014\/01\/wachet-auf-die-hotellerie-entdeckt-den-direktvertrieb\/\"},\"wordCount\":158,\"commentCount\":1,\"publisher\":{\"@id\":\"https:\/\/pr-ide.de\/#organization\"},\"image\":{\"@id\":\"https:\/\/pr-ide.de\/blog\/2014\/01\/wachet-auf-die-hotellerie-entdeckt-den-direktvertrieb\/#primaryimage\"},\"thumbnailUrl\":\"http:\/\/pr-ide.com\/wp-content\/uploads\/2014\/01\/RS6016_buchen_white-150x150.jpg\",\"keywords\":[\"buchen\",\"Hotel\"],\"articleSection\":[\"allgemein\",\"online-pr\"],\"inLanguage\":\"en-US\",\"potentialAction\":[{\"@type\":\"CommentAction\",\"name\":\"Comment\",\"target\":[\"https:\/\/pr-ide.de\/blog\/2014\/01\/wachet-auf-die-hotellerie-entdeckt-den-direktvertrieb\/#respond\"]}]},{\"@type\":\"WebPage\",\"@id\":\"https:\/\/pr-ide.de\/blog\/2014\/01\/wachet-auf-die-hotellerie-entdeckt-den-direktvertrieb\/\",\"url\":\"https:\/\/pr-ide.de\/blog\/2014\/01\/wachet-auf-die-hotellerie-entdeckt-den-direktvertrieb\/\",\"name\":\"Wachet auf!! Die Hotellerie entdeckt den Direktvertrieb - pr-ide\",\"isPartOf\":{\"@id\":\"https:\/\/pr-ide.de\/#website\"},\"primaryImageOfPage\":{\"@id\":\"https:\/\/pr-ide.de\/blog\/2014\/01\/wachet-auf-die-hotellerie-entdeckt-den-direktvertrieb\/#primaryimage\"},\"image\":{\"@id\":\"https:\/\/pr-ide.de\/blog\/2014\/01\/wachet-auf-die-hotellerie-entdeckt-den-direktvertrieb\/#primaryimage\"},\"thumbnailUrl\":\"http:\/\/pr-ide.com\/wp-content\/uploads\/2014\/01\/RS6016_buchen_white-150x150.jpg\",\"datePublished\":\"2014-01-03T13:27:36+00:00\",\"dateModified\":\"2016-10-16T14:50:26+00:00\",\"breadcrumb\":{\"@id\":\"https:\/\/pr-ide.de\/blog\/2014\/01\/wachet-auf-die-hotellerie-entdeckt-den-direktvertrieb\/#breadcrumb\"},\"inLanguage\":\"en-US\",\"potentialAction\":[{\"@type\":\"ReadAction\",\"target\":[\"https:\/\/pr-ide.de\/blog\/2014\/01\/wachet-auf-die-hotellerie-entdeckt-den-direktvertrieb\/\"]}]},{\"@type\":\"ImageObject\",\"inLanguage\":\"en-US\",\"@id\":\"https:\/\/pr-ide.de\/blog\/2014\/01\/wachet-auf-die-hotellerie-entdeckt-den-direktvertrieb\/#primaryimage\",\"url\":\"http:\/\/pr-ide.com\/wp-content\/uploads\/2014\/01\/RS6016_buchen_white-150x150.jpg\",\"contentUrl\":\"http:\/\/pr-ide.com\/wp-content\/uploads\/2014\/01\/RS6016_buchen_white-150x150.jpg\"},{\"@type\":\"BreadcrumbList\",\"@id\":\"https:\/\/pr-ide.de\/blog\/2014\/01\/wachet-auf-die-hotellerie-entdeckt-den-direktvertrieb\/#breadcrumb\",\"itemListElement\":[{\"@type\":\"ListItem\",\"position\":1,\"name\":\"Home\",\"item\":\"https:\/\/pr-ide.de\/en\/the-agency-for-creative-success\/\"},{\"@type\":\"ListItem\",\"position\":2,\"name\":\"Wachet auf!! Die Hotellerie entdeckt den Direktvertrieb\"}]},{\"@type\":\"WebSite\",\"@id\":\"https:\/\/pr-ide.de\/#website\",\"url\":\"https:\/\/pr-ide.de\/\",\"name\":\"pr-ide\",\"description\":\"die agentur f\u00fcr kreative erfolge\",\"publisher\":{\"@id\":\"https:\/\/pr-ide.de\/#organization\"},\"potentialAction\":[{\"@type\":\"SearchAction\",\"target\":{\"@type\":\"EntryPoint\",\"urlTemplate\":\"https:\/\/pr-ide.de\/?s={search_term_string}\"},\"query-input\":{\"@type\":\"PropertyValueSpecification\",\"valueRequired\":true,\"valueName\":\"search_term_string\"}}],\"inLanguage\":\"en-US\"},{\"@type\":\"Organization\",\"@id\":\"https:\/\/pr-ide.de\/#organization\",\"name\":\"pr-ide\",\"url\":\"https:\/\/pr-ide.de\/\",\"logo\":{\"@type\":\"ImageObject\",\"inLanguage\":\"en-US\",\"@id\":\"https:\/\/pr-ide.de\/#\/schema\/logo\/image\/\",\"url\":\"\",\"contentUrl\":\"\",\"caption\":\"pr-ide\"},\"image\":{\"@id\":\"https:\/\/pr-ide.de\/#\/schema\/logo\/image\/\"},\"sameAs\":[\"https:\/\/www.facebook.com\/prideberlin\/\",\"https:\/\/x.com\/pr_ide\",\"https:\/\/www.linkedin.com\/company\/pr-ide-gbr\/\"]},{\"@type\":\"Person\",\"@id\":\"https:\/\/pr-ide.de\/#\/schema\/person\/7cff3097f838f10886a8ddb4a1dfedce\",\"name\":\"Martina M\u00fcller\",\"image\":{\"@type\":\"ImageObject\",\"inLanguage\":\"en-US\",\"@id\":\"https:\/\/secure.gravatar.com\/avatar\/561aa09b9e87187e01da837e323f730f46e80fa427035fd00502b3dc65ba1dfd?s=96&d=robohash&r=g\",\"url\":\"https:\/\/secure.gravatar.com\/avatar\/561aa09b9e87187e01da837e323f730f46e80fa427035fd00502b3dc65ba1dfd?s=96&d=robohash&r=g\",\"contentUrl\":\"https:\/\/secure.gravatar.com\/avatar\/561aa09b9e87187e01da837e323f730f46e80fa427035fd00502b3dc65ba1dfd?s=96&d=robohash&r=g\",\"caption\":\"Martina M\u00fcller\"},\"description\":\"Martina M\u00fcller; PR Referentin, Berlin Seit 2001 Inhaberin von pr-ide pr &amp; industrial design, studierte Italienisch und Russisch und ist als PR-Referentin zertifiziert. Ihr Schwerpunkt bei pr-ide: Public Relations (klassische Medienarbeit und Aufbau einer Online-Reputation). Ihr Know How steht f\u00fcr kreative Konzepte und professionelle Umsetzung. IhreSt\u00e4rken sind ein ausgepr\u00e4gtes Organisationstalent und eine hohe Effektivit\u00e4t. Sie h\u00e4lt Vortr\u00e4ge und f\u00fchrt Seminar und Workshops zum Thema Online-Marketing durch.\",\"url\":\"https:\/\/pr-ide.de\/en\/blog\/author\/mmueller-2-2-2-2-2\/\"}]}<\/script>\n<!-- \/ Yoast SEO plugin. -->","yoast_head_json":{"title":"Wachet auf!! Die Hotellerie entdeckt den Direktvertrieb - pr-ide","robots":{"index":"index","follow":"follow","max-snippet":"max-snippet:-1","max-image-preview":"max-image-preview:large","max-video-preview":"max-video-preview:-1"},"canonical":"https:\/\/pr-ide.de\/blog\/2014\/01\/wachet-auf-die-hotellerie-entdeckt-den-direktvertrieb\/","og_locale":"en_US","og_type":"article","og_title":"Wachet auf!! Die Hotellerie entdeckt den Direktvertrieb - pr-ide","og_description":"Wenn man eine Wohnung vermieten will, dann beauftragt man am besten einen Makler, denn der sorgt sich um alles. Zahlen muss man den als Vermieter auch nicht, denn schlie\u00dflich will ja der Mieter \u00b4was mieten und der soll eben auch [...]","og_url":"https:\/\/pr-ide.de\/blog\/2014\/01\/wachet-auf-die-hotellerie-entdeckt-den-direktvertrieb\/","og_site_name":"pr-ide","article_publisher":"https:\/\/www.facebook.com\/prideberlin\/","article_published_time":"2014-01-03T13:27:36+00:00","article_modified_time":"2016-10-16T14:50:26+00:00","og_image":[{"url":"http:\/\/pr-ide.com\/wp-content\/uploads\/2014\/01\/RS6016_buchen_white-150x150.jpg","type":"","width":"","height":""}],"author":"Martina M\u00fcller","twitter_misc":{"Written by":"Martina M\u00fcller","Est. reading time":"1 minute"},"schema":{"@context":"https:\/\/schema.org","@graph":[{"@type":"Article","@id":"https:\/\/pr-ide.de\/blog\/2014\/01\/wachet-auf-die-hotellerie-entdeckt-den-direktvertrieb\/#article","isPartOf":{"@id":"https:\/\/pr-ide.de\/blog\/2014\/01\/wachet-auf-die-hotellerie-entdeckt-den-direktvertrieb\/"},"author":{"name":"Martina M\u00fcller","@id":"https:\/\/pr-ide.de\/#\/schema\/person\/7cff3097f838f10886a8ddb4a1dfedce"},"headline":"Wachet auf!! Die Hotellerie entdeckt den Direktvertrieb","datePublished":"2014-01-03T13:27:36+00:00","dateModified":"2016-10-16T14:50:26+00:00","mainEntityOfPage":{"@id":"https:\/\/pr-ide.de\/blog\/2014\/01\/wachet-auf-die-hotellerie-entdeckt-den-direktvertrieb\/"},"wordCount":158,"commentCount":1,"publisher":{"@id":"https:\/\/pr-ide.de\/#organization"},"image":{"@id":"https:\/\/pr-ide.de\/blog\/2014\/01\/wachet-auf-die-hotellerie-entdeckt-den-direktvertrieb\/#primaryimage"},"thumbnailUrl":"http:\/\/pr-ide.com\/wp-content\/uploads\/2014\/01\/RS6016_buchen_white-150x150.jpg","keywords":["buchen","Hotel"],"articleSection":["allgemein","online-pr"],"inLanguage":"en-US","potentialAction":[{"@type":"CommentAction","name":"Comment","target":["https:\/\/pr-ide.de\/blog\/2014\/01\/wachet-auf-die-hotellerie-entdeckt-den-direktvertrieb\/#respond"]}]},{"@type":"WebPage","@id":"https:\/\/pr-ide.de\/blog\/2014\/01\/wachet-auf-die-hotellerie-entdeckt-den-direktvertrieb\/","url":"https:\/\/pr-ide.de\/blog\/2014\/01\/wachet-auf-die-hotellerie-entdeckt-den-direktvertrieb\/","name":"Wachet auf!! Die Hotellerie entdeckt den Direktvertrieb - pr-ide","isPartOf":{"@id":"https:\/\/pr-ide.de\/#website"},"primaryImageOfPage":{"@id":"https:\/\/pr-ide.de\/blog\/2014\/01\/wachet-auf-die-hotellerie-entdeckt-den-direktvertrieb\/#primaryimage"},"image":{"@id":"https:\/\/pr-ide.de\/blog\/2014\/01\/wachet-auf-die-hotellerie-entdeckt-den-direktvertrieb\/#primaryimage"},"thumbnailUrl":"http:\/\/pr-ide.com\/wp-content\/uploads\/2014\/01\/RS6016_buchen_white-150x150.jpg","datePublished":"2014-01-03T13:27:36+00:00","dateModified":"2016-10-16T14:50:26+00:00","breadcrumb":{"@id":"https:\/\/pr-ide.de\/blog\/2014\/01\/wachet-auf-die-hotellerie-entdeckt-den-direktvertrieb\/#breadcrumb"},"inLanguage":"en-US","potentialAction":[{"@type":"ReadAction","target":["https:\/\/pr-ide.de\/blog\/2014\/01\/wachet-auf-die-hotellerie-entdeckt-den-direktvertrieb\/"]}]},{"@type":"ImageObject","inLanguage":"en-US","@id":"https:\/\/pr-ide.de\/blog\/2014\/01\/wachet-auf-die-hotellerie-entdeckt-den-direktvertrieb\/#primaryimage","url":"http:\/\/pr-ide.com\/wp-content\/uploads\/2014\/01\/RS6016_buchen_white-150x150.jpg","contentUrl":"http:\/\/pr-ide.com\/wp-content\/uploads\/2014\/01\/RS6016_buchen_white-150x150.jpg"},{"@type":"BreadcrumbList","@id":"https:\/\/pr-ide.de\/blog\/2014\/01\/wachet-auf-die-hotellerie-entdeckt-den-direktvertrieb\/#breadcrumb","itemListElement":[{"@type":"ListItem","position":1,"name":"Home","item":"https:\/\/pr-ide.de\/en\/the-agency-for-creative-success\/"},{"@type":"ListItem","position":2,"name":"Wachet auf!! Die Hotellerie entdeckt den Direktvertrieb"}]},{"@type":"WebSite","@id":"https:\/\/pr-ide.de\/#website","url":"https:\/\/pr-ide.de\/","name":"pr-ide","description":"die agentur f\u00fcr kreative erfolge","publisher":{"@id":"https:\/\/pr-ide.de\/#organization"},"potentialAction":[{"@type":"SearchAction","target":{"@type":"EntryPoint","urlTemplate":"https:\/\/pr-ide.de\/?s={search_term_string}"},"query-input":{"@type":"PropertyValueSpecification","valueRequired":true,"valueName":"search_term_string"}}],"inLanguage":"en-US"},{"@type":"Organization","@id":"https:\/\/pr-ide.de\/#organization","name":"pr-ide","url":"https:\/\/pr-ide.de\/","logo":{"@type":"ImageObject","inLanguage":"en-US","@id":"https:\/\/pr-ide.de\/#\/schema\/logo\/image\/","url":"","contentUrl":"","caption":"pr-ide"},"image":{"@id":"https:\/\/pr-ide.de\/#\/schema\/logo\/image\/"},"sameAs":["https:\/\/www.facebook.com\/prideberlin\/","https:\/\/x.com\/pr_ide","https:\/\/www.linkedin.com\/company\/pr-ide-gbr\/"]},{"@type":"Person","@id":"https:\/\/pr-ide.de\/#\/schema\/person\/7cff3097f838f10886a8ddb4a1dfedce","name":"Martina M\u00fcller","image":{"@type":"ImageObject","inLanguage":"en-US","@id":"https:\/\/secure.gravatar.com\/avatar\/561aa09b9e87187e01da837e323f730f46e80fa427035fd00502b3dc65ba1dfd?s=96&d=robohash&r=g","url":"https:\/\/secure.gravatar.com\/avatar\/561aa09b9e87187e01da837e323f730f46e80fa427035fd00502b3dc65ba1dfd?s=96&d=robohash&r=g","contentUrl":"https:\/\/secure.gravatar.com\/avatar\/561aa09b9e87187e01da837e323f730f46e80fa427035fd00502b3dc65ba1dfd?s=96&d=robohash&r=g","caption":"Martina M\u00fcller"},"description":"Martina M\u00fcller; PR Referentin, Berlin Seit 2001 Inhaberin von pr-ide pr &amp; industrial design, studierte Italienisch und Russisch und ist als PR-Referentin zertifiziert. Ihr Schwerpunkt bei pr-ide: Public Relations (klassische Medienarbeit und Aufbau einer Online-Reputation). Ihr Know How steht f\u00fcr kreative Konzepte und professionelle Umsetzung. IhreSt\u00e4rken sind ein ausgepr\u00e4gtes Organisationstalent und eine hohe Effektivit\u00e4t. Sie h\u00e4lt Vortr\u00e4ge und f\u00fchrt Seminar und Workshops zum Thema Online-Marketing durch.","url":"https:\/\/pr-ide.de\/en\/blog\/author\/mmueller-2-2-2-2-2\/"}]}},"jetpack_featured_media_url":"","jetpack_sharing_enabled":true,"_links":{"self":[{"href":"https:\/\/pr-ide.de\/en\/wp-json\/wp\/v2\/posts\/4747","targetHints":{"allow":["GET"]}}],"collection":[{"href":"https:\/\/pr-ide.de\/en\/wp-json\/wp\/v2\/posts"}],"about":[{"href":"https:\/\/pr-ide.de\/en\/wp-json\/wp\/v2\/types\/post"}],"author":[{"embeddable":true,"href":"https:\/\/pr-ide.de\/en\/wp-json\/wp\/v2\/users\/2"}],"replies":[{"embeddable":true,"href":"https:\/\/pr-ide.de\/en\/wp-json\/wp\/v2\/comments?post=4747"}],"version-history":[{"count":0,"href":"https:\/\/pr-ide.de\/en\/wp-json\/wp\/v2\/posts\/4747\/revisions"}],"wp:attachment":[{"href":"https:\/\/pr-ide.de\/en\/wp-json\/wp\/v2\/media?parent=4747"}],"wp:term":[{"taxonomy":"category","embeddable":true,"href":"https:\/\/pr-ide.de\/en\/wp-json\/wp\/v2\/categories?post=4747"},{"taxonomy":"post_tag","embeddable":true,"href":"https:\/\/pr-ide.de\/en\/wp-json\/wp\/v2\/tags?post=4747"}],"curies":[{"name":"wp","href":"https:\/\/api.w.org\/{rel}","templated":true}]}}