{"id":4794,"date":"2014-01-27T15:22:52","date_gmt":"2014-01-27T14:22:52","guid":{"rendered":"http:\/\/blog.pr-ide.de\/?p=4794"},"modified":"2016-10-16T15:50:22","modified_gmt":"2016-10-16T14:50:22","slug":"dieses-problem-ist-haeufiger-wenn-die-e-mail-nachricht-ueber-das-internet-gesendet-wird","status":"publish","type":"post","link":"https:\/\/pr-ide.de\/en\/blog\/2014\/01\/dieses-problem-ist-haeufiger-wenn-die-e-mail-nachricht-ueber-das-internet-gesendet-wird\/","title":{"rendered":"Dieses Problem ist h\u00e4ufiger, wenn die e-Mail-Nachricht \u00fcber das Internet an Sie gesendet wird."},"content":{"rendered":"<p><a href=\"http:\/\/pr-ide.com\/2014\/01\/27\/dieses-problem-ist-haeufiger-wenn-die-e-mail-nachricht-ueber-das-internet-gesendet-wird\/20140110_141203_rheingaustrasse\/\" rel=\"attachment wp-att-4795\"><img decoding=\"async\" class=\"lazyload alignleft size-thumbnail wp-image-4795\" alt=\"Feine Fleisch Waren\" src=\"data:image\/svg+xml,%3Csvg%20xmlns%3D%27http%3A%2F%2Fwww.w3.org%2F2000%2Fsvg%27%20width%3D%27150%27%20height%3D%27150%27%20viewBox%3D%270%200%20150%20150%27%3E%3Crect%20width%3D%27150%27%20height%3D%27150%27%20fill-opacity%3D%220%22%2F%3E%3C%2Fsvg%3E\" data-orig-src=\"http:\/\/pr-ide.com\/wp-content\/uploads\/2014\/01\/20140110_141203_Rheingaustra\u00dfe-150x150.jpg\" width=\"150\" height=\"150\" \/><\/a>Wer kein Microsoft Produkt nutzt wird sich ab und an \u00fcber die wundersamen Winmail.Dat Anh\u00e4nge freuen, die un\u00f6ffenbar die dringlichst erwartete Datei erhalten.<\/p>\n<p>Was der geplagte Sender oder Empf\u00e4nger dagegen tun kann steht <a title=\"E-Mail von einem Absender mit Outlook erhalten enth\u00e4lt eine Anlage &quot;Winmail.dat&quot;\" href=\"http:\/\/support.microsoft.com\/kb\/278061\/de\" target=\"_blank\">hier<\/a>.<\/p>\n<p>Beachtenswert ist aber die Erkl\u00e4rung:<\/p>\n<p><em>Dieses Problem ist h\u00e4ufiger, wenn die e-Mail-Nachricht \u00fcber das Internet an Sie gesendet wird.<\/em><\/p>\n<p>Man sollte also in Zukunft E-Mails lieber nicht \u00fcber das Netz verschicken &#8211; ist auch sicherer! Viel Spa\u00df beim herausfinden wie das wohl geht ;)<\/p>\n","protected":false},"excerpt":{"rendered":"<p>Wer kein Microsoft Produkt nutzt wird sich ab und an \u00fcber die wundersamen Winmail.Dat Anh\u00e4nge freuen, die un\u00f6ffenbar die dringlichst erwartete Datei erhalten. Was der geplagte Sender oder Empf\u00e4nger dagegen tun kann steht hier. Beachtenswert ist aber die Erkl\u00e4rung: Dieses  [&#8230;]<\/p>\n","protected":false},"author":15,"featured_media":0,"comment_status":"open","ping_status":"open","sticky":false,"template":"","format":"standard","meta":{"_monsterinsights_skip_tracking":false,"_monsterinsights_sitenote_active":false,"_monsterinsights_sitenote_note":"","_monsterinsights_sitenote_category":0,"_jetpack_memberships_contains_paid_content":false,"footnotes":""},"categories":[306],"tags":[],"class_list":["post-4794","post","type-post","status-publish","format-standard","hentry","category-how-to"],"yoast_head":"<!-- This site is optimized with the Yoast SEO plugin v27.2 - https:\/\/yoast.com\/product\/yoast-seo-wordpress\/ -->\n<title>Dieses Problem ist h\u00e4ufiger, wenn die e-Mail-Nachricht \u00fcber das Internet an Sie gesendet wird. - pr-ide<\/title>\n<meta name=\"robots\" content=\"index, follow, max-snippet:-1, max-image-preview:large, max-video-preview:-1\" \/>\n<link rel=\"canonical\" href=\"https:\/\/pr-ide.de\/blog\/2014\/01\/dieses-problem-ist-haeufiger-wenn-die-e-mail-nachricht-ueber-das-internet-gesendet-wird\/\" \/>\n<meta property=\"og:locale\" content=\"en_US\" \/>\n<meta property=\"og:type\" content=\"article\" \/>\n<meta property=\"og:title\" content=\"Dieses Problem ist h\u00e4ufiger, wenn die e-Mail-Nachricht \u00fcber das Internet an Sie gesendet wird. - pr-ide\" \/>\n<meta property=\"og:description\" content=\"Wer kein Microsoft Produkt nutzt wird sich ab und an \u00fcber die wundersamen Winmail.Dat Anh\u00e4nge freuen, die un\u00f6ffenbar die dringlichst erwartete Datei erhalten. Was der geplagte Sender oder Empf\u00e4nger dagegen tun kann steht hier. Beachtenswert ist aber die Erkl\u00e4rung: Dieses [...]\" \/>\n<meta property=\"og:url\" content=\"https:\/\/pr-ide.de\/blog\/2014\/01\/dieses-problem-ist-haeufiger-wenn-die-e-mail-nachricht-ueber-das-internet-gesendet-wird\/\" \/>\n<meta property=\"og:site_name\" content=\"pr-ide\" \/>\n<meta property=\"article:publisher\" content=\"https:\/\/www.facebook.com\/prideberlin\/\" \/>\n<meta property=\"article:published_time\" content=\"2014-01-27T14:22:52+00:00\" \/>\n<meta property=\"article:modified_time\" content=\"2016-10-16T14:50:22+00:00\" \/>\n<meta name=\"author\" content=\"Philipp Sack\" \/>\n<meta name=\"twitter:label1\" content=\"Written by\" \/>\n\t<meta name=\"twitter:data1\" content=\"Philipp Sack\" \/>\n<script type=\"application\/ld+json\" class=\"yoast-schema-graph\">{\"@context\":\"https:\/\/schema.org\",\"@graph\":[{\"@type\":\"Article\",\"@id\":\"https:\/\/pr-ide.de\/blog\/2014\/01\/dieses-problem-ist-haeufiger-wenn-die-e-mail-nachricht-ueber-das-internet-gesendet-wird\/#article\",\"isPartOf\":{\"@id\":\"https:\/\/pr-ide.de\/blog\/2014\/01\/dieses-problem-ist-haeufiger-wenn-die-e-mail-nachricht-ueber-das-internet-gesendet-wird\/\"},\"author\":{\"name\":\"Philipp Sack\",\"@id\":\"https:\/\/pr-ide.de\/#\/schema\/person\/4bb8cb929d552fc1cd7c49d25ef90093\"},\"headline\":\"Dieses Problem ist h\u00e4ufiger, wenn die e-Mail-Nachricht \u00fcber das Internet an Sie gesendet wird.\",\"datePublished\":\"2014-01-27T14:22:52+00:00\",\"dateModified\":\"2016-10-16T14:50:22+00:00\",\"mainEntityOfPage\":{\"@id\":\"https:\/\/pr-ide.de\/blog\/2014\/01\/dieses-problem-ist-haeufiger-wenn-die-e-mail-nachricht-ueber-das-internet-gesendet-wird\/\"},\"wordCount\":98,\"commentCount\":0,\"publisher\":{\"@id\":\"https:\/\/pr-ide.de\/#organization\"},\"articleSection\":[\"how to\"],\"inLanguage\":\"en-US\",\"potentialAction\":[{\"@type\":\"CommentAction\",\"name\":\"Comment\",\"target\":[\"https:\/\/pr-ide.de\/blog\/2014\/01\/dieses-problem-ist-haeufiger-wenn-die-e-mail-nachricht-ueber-das-internet-gesendet-wird\/#respond\"]}]},{\"@type\":\"WebPage\",\"@id\":\"https:\/\/pr-ide.de\/blog\/2014\/01\/dieses-problem-ist-haeufiger-wenn-die-e-mail-nachricht-ueber-das-internet-gesendet-wird\/\",\"url\":\"https:\/\/pr-ide.de\/blog\/2014\/01\/dieses-problem-ist-haeufiger-wenn-die-e-mail-nachricht-ueber-das-internet-gesendet-wird\/\",\"name\":\"Dieses Problem ist h\u00e4ufiger, wenn die e-Mail-Nachricht \u00fcber das Internet an Sie gesendet wird. - pr-ide\",\"isPartOf\":{\"@id\":\"https:\/\/pr-ide.de\/#website\"},\"datePublished\":\"2014-01-27T14:22:52+00:00\",\"dateModified\":\"2016-10-16T14:50:22+00:00\",\"breadcrumb\":{\"@id\":\"https:\/\/pr-ide.de\/blog\/2014\/01\/dieses-problem-ist-haeufiger-wenn-die-e-mail-nachricht-ueber-das-internet-gesendet-wird\/#breadcrumb\"},\"inLanguage\":\"en-US\",\"potentialAction\":[{\"@type\":\"ReadAction\",\"target\":[\"https:\/\/pr-ide.de\/blog\/2014\/01\/dieses-problem-ist-haeufiger-wenn-die-e-mail-nachricht-ueber-das-internet-gesendet-wird\/\"]}]},{\"@type\":\"BreadcrumbList\",\"@id\":\"https:\/\/pr-ide.de\/blog\/2014\/01\/dieses-problem-ist-haeufiger-wenn-die-e-mail-nachricht-ueber-das-internet-gesendet-wird\/#breadcrumb\",\"itemListElement\":[{\"@type\":\"ListItem\",\"position\":1,\"name\":\"Home\",\"item\":\"https:\/\/pr-ide.de\/en\/the-agency-for-creative-success\/\"},{\"@type\":\"ListItem\",\"position\":2,\"name\":\"Dieses Problem ist h\u00e4ufiger, wenn die e-Mail-Nachricht \u00fcber das Internet an Sie gesendet wird.\"}]},{\"@type\":\"WebSite\",\"@id\":\"https:\/\/pr-ide.de\/#website\",\"url\":\"https:\/\/pr-ide.de\/\",\"name\":\"pr-ide\",\"description\":\"die agentur f\u00fcr kreative erfolge\",\"publisher\":{\"@id\":\"https:\/\/pr-ide.de\/#organization\"},\"potentialAction\":[{\"@type\":\"SearchAction\",\"target\":{\"@type\":\"EntryPoint\",\"urlTemplate\":\"https:\/\/pr-ide.de\/?s={search_term_string}\"},\"query-input\":{\"@type\":\"PropertyValueSpecification\",\"valueRequired\":true,\"valueName\":\"search_term_string\"}}],\"inLanguage\":\"en-US\"},{\"@type\":\"Organization\",\"@id\":\"https:\/\/pr-ide.de\/#organization\",\"name\":\"pr-ide\",\"url\":\"https:\/\/pr-ide.de\/\",\"logo\":{\"@type\":\"ImageObject\",\"inLanguage\":\"en-US\",\"@id\":\"https:\/\/pr-ide.de\/#\/schema\/logo\/image\/\",\"url\":\"\",\"contentUrl\":\"\",\"caption\":\"pr-ide\"},\"image\":{\"@id\":\"https:\/\/pr-ide.de\/#\/schema\/logo\/image\/\"},\"sameAs\":[\"https:\/\/www.facebook.com\/prideberlin\/\",\"https:\/\/x.com\/pr_ide\",\"https:\/\/www.linkedin.com\/company\/pr-ide-gbr\/\"]},{\"@type\":\"Person\",\"@id\":\"https:\/\/pr-ide.de\/#\/schema\/person\/4bb8cb929d552fc1cd7c49d25ef90093\",\"name\":\"Philipp Sack\",\"image\":{\"@type\":\"ImageObject\",\"inLanguage\":\"en-US\",\"@id\":\"https:\/\/secure.gravatar.com\/avatar\/e7d041e5f3b6ec52d1f4dcd0266ccdf14a0b7227561f91f92a474ad68a30da9a?s=96&d=robohash&r=g\",\"url\":\"https:\/\/secure.gravatar.com\/avatar\/e7d041e5f3b6ec52d1f4dcd0266ccdf14a0b7227561f91f92a474ad68a30da9a?s=96&d=robohash&r=g\",\"contentUrl\":\"https:\/\/secure.gravatar.com\/avatar\/e7d041e5f3b6ec52d1f4dcd0266ccdf14a0b7227561f91f92a474ad68a30da9a?s=96&d=robohash&r=g\",\"caption\":\"Philipp Sack\"},\"description\":\"CEO und Kreativkopf bei pr-ide. Kreuz und querlenkend, gerne segelnd. Immer auf der Suche nach innovativen L\u00f6sungen - manchmal schon bevor das Problem erkannt wurde.\",\"sameAs\":[\"http:\/\/www.pr-ide.de\",\"https:\/\/www.linkedin.com\/in\/philipp-sack\/\"],\"url\":\"https:\/\/pr-ide.de\/en\/blog\/author\/seesack-2-2-2-2-2-2-2-2-2-2-2-2-2-2-2-2-2-2-2-2\/\"}]}<\/script>\n<!-- \/ Yoast SEO plugin. -->","yoast_head_json":{"title":"Dieses Problem ist h\u00e4ufiger, wenn die e-Mail-Nachricht \u00fcber das Internet an Sie gesendet wird. - pr-ide","robots":{"index":"index","follow":"follow","max-snippet":"max-snippet:-1","max-image-preview":"max-image-preview:large","max-video-preview":"max-video-preview:-1"},"canonical":"https:\/\/pr-ide.de\/blog\/2014\/01\/dieses-problem-ist-haeufiger-wenn-die-e-mail-nachricht-ueber-das-internet-gesendet-wird\/","og_locale":"en_US","og_type":"article","og_title":"Dieses Problem ist h\u00e4ufiger, wenn die e-Mail-Nachricht \u00fcber das Internet an Sie gesendet wird. - pr-ide","og_description":"Wer kein Microsoft Produkt nutzt wird sich ab und an \u00fcber die wundersamen Winmail.Dat Anh\u00e4nge freuen, die un\u00f6ffenbar die dringlichst erwartete Datei erhalten. Was der geplagte Sender oder Empf\u00e4nger dagegen tun kann steht hier. Beachtenswert ist aber die Erkl\u00e4rung: Dieses [...]","og_url":"https:\/\/pr-ide.de\/blog\/2014\/01\/dieses-problem-ist-haeufiger-wenn-die-e-mail-nachricht-ueber-das-internet-gesendet-wird\/","og_site_name":"pr-ide","article_publisher":"https:\/\/www.facebook.com\/prideberlin\/","article_published_time":"2014-01-27T14:22:52+00:00","article_modified_time":"2016-10-16T14:50:22+00:00","author":"Philipp Sack","twitter_misc":{"Written by":"Philipp Sack"},"schema":{"@context":"https:\/\/schema.org","@graph":[{"@type":"Article","@id":"https:\/\/pr-ide.de\/blog\/2014\/01\/dieses-problem-ist-haeufiger-wenn-die-e-mail-nachricht-ueber-das-internet-gesendet-wird\/#article","isPartOf":{"@id":"https:\/\/pr-ide.de\/blog\/2014\/01\/dieses-problem-ist-haeufiger-wenn-die-e-mail-nachricht-ueber-das-internet-gesendet-wird\/"},"author":{"name":"Philipp Sack","@id":"https:\/\/pr-ide.de\/#\/schema\/person\/4bb8cb929d552fc1cd7c49d25ef90093"},"headline":"Dieses Problem ist h\u00e4ufiger, wenn die e-Mail-Nachricht \u00fcber das Internet an Sie gesendet wird.","datePublished":"2014-01-27T14:22:52+00:00","dateModified":"2016-10-16T14:50:22+00:00","mainEntityOfPage":{"@id":"https:\/\/pr-ide.de\/blog\/2014\/01\/dieses-problem-ist-haeufiger-wenn-die-e-mail-nachricht-ueber-das-internet-gesendet-wird\/"},"wordCount":98,"commentCount":0,"publisher":{"@id":"https:\/\/pr-ide.de\/#organization"},"articleSection":["how to"],"inLanguage":"en-US","potentialAction":[{"@type":"CommentAction","name":"Comment","target":["https:\/\/pr-ide.de\/blog\/2014\/01\/dieses-problem-ist-haeufiger-wenn-die-e-mail-nachricht-ueber-das-internet-gesendet-wird\/#respond"]}]},{"@type":"WebPage","@id":"https:\/\/pr-ide.de\/blog\/2014\/01\/dieses-problem-ist-haeufiger-wenn-die-e-mail-nachricht-ueber-das-internet-gesendet-wird\/","url":"https:\/\/pr-ide.de\/blog\/2014\/01\/dieses-problem-ist-haeufiger-wenn-die-e-mail-nachricht-ueber-das-internet-gesendet-wird\/","name":"Dieses Problem ist h\u00e4ufiger, wenn die e-Mail-Nachricht \u00fcber das Internet an Sie gesendet wird. - pr-ide","isPartOf":{"@id":"https:\/\/pr-ide.de\/#website"},"datePublished":"2014-01-27T14:22:52+00:00","dateModified":"2016-10-16T14:50:22+00:00","breadcrumb":{"@id":"https:\/\/pr-ide.de\/blog\/2014\/01\/dieses-problem-ist-haeufiger-wenn-die-e-mail-nachricht-ueber-das-internet-gesendet-wird\/#breadcrumb"},"inLanguage":"en-US","potentialAction":[{"@type":"ReadAction","target":["https:\/\/pr-ide.de\/blog\/2014\/01\/dieses-problem-ist-haeufiger-wenn-die-e-mail-nachricht-ueber-das-internet-gesendet-wird\/"]}]},{"@type":"BreadcrumbList","@id":"https:\/\/pr-ide.de\/blog\/2014\/01\/dieses-problem-ist-haeufiger-wenn-die-e-mail-nachricht-ueber-das-internet-gesendet-wird\/#breadcrumb","itemListElement":[{"@type":"ListItem","position":1,"name":"Home","item":"https:\/\/pr-ide.de\/en\/the-agency-for-creative-success\/"},{"@type":"ListItem","position":2,"name":"Dieses Problem ist h\u00e4ufiger, wenn die e-Mail-Nachricht \u00fcber das Internet an Sie gesendet wird."}]},{"@type":"WebSite","@id":"https:\/\/pr-ide.de\/#website","url":"https:\/\/pr-ide.de\/","name":"pr-ide","description":"die agentur f\u00fcr kreative erfolge","publisher":{"@id":"https:\/\/pr-ide.de\/#organization"},"potentialAction":[{"@type":"SearchAction","target":{"@type":"EntryPoint","urlTemplate":"https:\/\/pr-ide.de\/?s={search_term_string}"},"query-input":{"@type":"PropertyValueSpecification","valueRequired":true,"valueName":"search_term_string"}}],"inLanguage":"en-US"},{"@type":"Organization","@id":"https:\/\/pr-ide.de\/#organization","name":"pr-ide","url":"https:\/\/pr-ide.de\/","logo":{"@type":"ImageObject","inLanguage":"en-US","@id":"https:\/\/pr-ide.de\/#\/schema\/logo\/image\/","url":"","contentUrl":"","caption":"pr-ide"},"image":{"@id":"https:\/\/pr-ide.de\/#\/schema\/logo\/image\/"},"sameAs":["https:\/\/www.facebook.com\/prideberlin\/","https:\/\/x.com\/pr_ide","https:\/\/www.linkedin.com\/company\/pr-ide-gbr\/"]},{"@type":"Person","@id":"https:\/\/pr-ide.de\/#\/schema\/person\/4bb8cb929d552fc1cd7c49d25ef90093","name":"Philipp Sack","image":{"@type":"ImageObject","inLanguage":"en-US","@id":"https:\/\/secure.gravatar.com\/avatar\/e7d041e5f3b6ec52d1f4dcd0266ccdf14a0b7227561f91f92a474ad68a30da9a?s=96&d=robohash&r=g","url":"https:\/\/secure.gravatar.com\/avatar\/e7d041e5f3b6ec52d1f4dcd0266ccdf14a0b7227561f91f92a474ad68a30da9a?s=96&d=robohash&r=g","contentUrl":"https:\/\/secure.gravatar.com\/avatar\/e7d041e5f3b6ec52d1f4dcd0266ccdf14a0b7227561f91f92a474ad68a30da9a?s=96&d=robohash&r=g","caption":"Philipp Sack"},"description":"CEO und Kreativkopf bei pr-ide. Kreuz und querlenkend, gerne segelnd. Immer auf der Suche nach innovativen L\u00f6sungen - manchmal schon bevor das Problem erkannt wurde.","sameAs":["http:\/\/www.pr-ide.de","https:\/\/www.linkedin.com\/in\/philipp-sack\/"],"url":"https:\/\/pr-ide.de\/en\/blog\/author\/seesack-2-2-2-2-2-2-2-2-2-2-2-2-2-2-2-2-2-2-2-2\/"}]}},"jetpack_featured_media_url":"","jetpack_sharing_enabled":true,"_links":{"self":[{"href":"https:\/\/pr-ide.de\/en\/wp-json\/wp\/v2\/posts\/4794","targetHints":{"allow":["GET"]}}],"collection":[{"href":"https:\/\/pr-ide.de\/en\/wp-json\/wp\/v2\/posts"}],"about":[{"href":"https:\/\/pr-ide.de\/en\/wp-json\/wp\/v2\/types\/post"}],"author":[{"embeddable":true,"href":"https:\/\/pr-ide.de\/en\/wp-json\/wp\/v2\/users\/15"}],"replies":[{"embeddable":true,"href":"https:\/\/pr-ide.de\/en\/wp-json\/wp\/v2\/comments?post=4794"}],"version-history":[{"count":0,"href":"https:\/\/pr-ide.de\/en\/wp-json\/wp\/v2\/posts\/4794\/revisions"}],"wp:attachment":[{"href":"https:\/\/pr-ide.de\/en\/wp-json\/wp\/v2\/media?parent=4794"}],"wp:term":[{"taxonomy":"category","embeddable":true,"href":"https:\/\/pr-ide.de\/en\/wp-json\/wp\/v2\/categories?post=4794"},{"taxonomy":"post_tag","embeddable":true,"href":"https:\/\/pr-ide.de\/en\/wp-json\/wp\/v2\/tags?post=4794"}],"curies":[{"name":"wp","href":"https:\/\/api.w.org\/{rel}","templated":true}]}}