{"id":4853,"date":"2014-03-07T13:11:39","date_gmt":"2014-03-07T12:11:39","guid":{"rendered":"http:\/\/blog.pr-ide.de\/?p=4853"},"modified":"2016-10-16T15:50:17","modified_gmt":"2016-10-16T14:50:17","slug":"freitag-gibt-geld","status":"publish","type":"post","link":"https:\/\/pr-ide.de\/en\/blog\/2014\/03\/freitag-gibt-geld\/","title":{"rendered":"Freitag gibt es &#8230;.. Geld!"},"content":{"rendered":"<p><a href=\"http:\/\/pr-ide.com\/wp-content\/uploads\/2014\/03\/20140219_1155511.jpg\"><img decoding=\"async\" class=\"lazyload size-thumbnail wp-image-4856 alignleft\" alt=\"+10cent\" src=\"data:image\/svg+xml,%3Csvg%20xmlns%3D%27http%3A%2F%2Fwww.w3.org%2F2000%2Fsvg%27%20width%3D%27150%27%20height%3D%27150%27%20viewBox%3D%270%200%20150%20150%27%3E%3Crect%20width%3D%27150%27%20height%3D%27150%27%20fill-opacity%3D%220%22%2F%3E%3C%2Fsvg%3E\" data-orig-src=\"http:\/\/pr-ide.com\/wp-content\/uploads\/2014\/03\/20140219_115551-150x150.jpg\" width=\"150\" height=\"150\" \/><\/a>Neulich beim ab und an f\u00e4lligen Streifzug durch die Wandelg\u00e4nge des Discounters meines Vertrauens (ein Blick auf das MHD ist dennoch f\u00e4llig!), brachte mich in der Eierabteilung nicht die Gestaltung der Umverpackung ins straucheln.<\/p>\n<p>Nicht wegen der beeindruckenden Produktgrafik &#8211; die Botschaft war es.<\/p>\n<p>&#8220;Garantiert +10 Cent f\u00fcr die heimische Landwirtschaft&#8221;<\/p>\n<p>Die Eier waren dann auch wirklich 10 Cent teurer. Aber was ist mit den anderen Eiern?<br \/>\n<!--more--><br \/>\nBekommt die 32 Cent das Huhn? Den Discounter? Gehen 214% an Steuern drauf, so wie es uns die Tankstellen erkl\u00e4ren und damit die hohen Dieselpreise entschuldigen?<\/p>\n<p>&#8220;Guten Tag. Mein Name ist Horst, ich bin Landwirt und verkaufe Eier &#8211; 10 Cent gehen direkt an mich&#8230;.&#8221;?<\/p>\n<p>Gute Gesch\u00e4ftsidee, kopiert man Ausnahmsweise dann mal &#8211; aus diesem Grund nur diesen Freitag:<\/p>\n<p><a href=\"http:\/\/pr-ide.com\/wp-content\/uploads\/2014\/03\/10centfuerdendesigner1.png\"><img decoding=\"async\" class=\"lazyload aligncenter size-large wp-image-4855\" alt=\"10centfuerdendesigner\" src=\"data:image\/svg+xml,%3Csvg%20xmlns%3D%27http%3A%2F%2Fwww.w3.org%2F2000%2Fsvg%27%20width%3D%27584%27%20height%3D%27358%27%20viewBox%3D%270%200%20584%20358%27%3E%3Crect%20width%3D%27584%27%20height%3D%27358%27%20fill-opacity%3D%220%22%2F%3E%3C%2Fsvg%3E\" data-orig-src=\"http:\/\/pr-ide.com\/wp-content\/uploads\/2014\/03\/10centfuerdendesigner-900x552.png\" width=\"584\" height=\"358\" \/><\/a>Direkt &#8211; ohne Abz\u00fcge!<\/p>\n<p>und wegen der <a title=\"Ein Herz f\u00fcr Hoteliers...\" href=\"http:\/\/j.mp\/MTzEwP\" target=\"_blank\">ITB<\/a><\/p>\n","protected":false},"excerpt":{"rendered":"<p>Neulich beim ab und an f\u00e4lligen Streifzug durch die Wandelg\u00e4nge des Discounters meines Vertrauens (ein Blick auf das MHD ist dennoch f\u00e4llig!), brachte mich in der Eierabteilung nicht die Gestaltung der Umverpackung ins straucheln. Nicht wegen der beeindruckenden Produktgrafik &#8211;  [&#8230;]<\/p>\n","protected":false},"author":15,"featured_media":0,"comment_status":"open","ping_status":"open","sticky":false,"template":"","format":"standard","meta":{"_monsterinsights_skip_tracking":false,"_monsterinsights_sitenote_active":false,"_monsterinsights_sitenote_note":"","_monsterinsights_sitenote_category":0,"_jetpack_memberships_contains_paid_content":false,"footnotes":""},"categories":[13],"tags":[811,223,812,813,814],"class_list":["post-4853","post","type-post","status-publish","format-standard","hentry","category-allgemein","tag-10-cent","tag-freitag","tag-keine-abzuege","tag-keine-ksk","tag-keine-steuern"],"yoast_head":"<!-- This site is optimized with the Yoast SEO plugin v27.2 - https:\/\/yoast.com\/product\/yoast-seo-wordpress\/ -->\n<title>Freitag gibt es ..... Geld! - pr-ide<\/title>\n<meta name=\"robots\" content=\"index, follow, max-snippet:-1, max-image-preview:large, max-video-preview:-1\" \/>\n<link rel=\"canonical\" href=\"https:\/\/pr-ide.de\/blog\/2014\/03\/freitag-gibt-geld\/\" \/>\n<meta property=\"og:locale\" content=\"en_US\" \/>\n<meta property=\"og:type\" content=\"article\" \/>\n<meta property=\"og:title\" content=\"Freitag gibt es ..... Geld! - pr-ide\" \/>\n<meta property=\"og:description\" content=\"Neulich beim ab und an f\u00e4lligen Streifzug durch die Wandelg\u00e4nge des Discounters meines Vertrauens (ein Blick auf das MHD ist dennoch f\u00e4llig!), brachte mich in der Eierabteilung nicht die Gestaltung der Umverpackung ins straucheln. Nicht wegen der beeindruckenden Produktgrafik &#8211; [...]\" \/>\n<meta property=\"og:url\" content=\"https:\/\/pr-ide.de\/blog\/2014\/03\/freitag-gibt-geld\/\" \/>\n<meta property=\"og:site_name\" content=\"pr-ide\" \/>\n<meta property=\"article:publisher\" content=\"https:\/\/www.facebook.com\/prideberlin\/\" \/>\n<meta property=\"article:published_time\" content=\"2014-03-07T12:11:39+00:00\" \/>\n<meta property=\"article:modified_time\" content=\"2016-10-16T14:50:17+00:00\" \/>\n<meta property=\"og:image\" content=\"http:\/\/pr-ide.com\/wp-content\/uploads\/2014\/03\/20140219_115551-150x150.jpg\" \/>\n<meta name=\"author\" content=\"Philipp Sack\" \/>\n<meta name=\"twitter:label1\" content=\"Written by\" \/>\n\t<meta name=\"twitter:data1\" content=\"Philipp Sack\" \/>\n\t<meta name=\"twitter:label2\" content=\"Est. reading time\" \/>\n\t<meta name=\"twitter:data2\" content=\"1 minute\" \/>\n<script type=\"application\/ld+json\" class=\"yoast-schema-graph\">{\"@context\":\"https:\/\/schema.org\",\"@graph\":[{\"@type\":\"Article\",\"@id\":\"https:\/\/pr-ide.de\/blog\/2014\/03\/freitag-gibt-geld\/#article\",\"isPartOf\":{\"@id\":\"https:\/\/pr-ide.de\/blog\/2014\/03\/freitag-gibt-geld\/\"},\"author\":{\"name\":\"Philipp Sack\",\"@id\":\"https:\/\/pr-ide.de\/#\/schema\/person\/4bb8cb929d552fc1cd7c49d25ef90093\"},\"headline\":\"Freitag gibt es &#8230;.. Geld!\",\"datePublished\":\"2014-03-07T12:11:39+00:00\",\"dateModified\":\"2016-10-16T14:50:17+00:00\",\"mainEntityOfPage\":{\"@id\":\"https:\/\/pr-ide.de\/blog\/2014\/03\/freitag-gibt-geld\/\"},\"wordCount\":140,\"commentCount\":0,\"publisher\":{\"@id\":\"https:\/\/pr-ide.de\/#organization\"},\"image\":{\"@id\":\"https:\/\/pr-ide.de\/blog\/2014\/03\/freitag-gibt-geld\/#primaryimage\"},\"thumbnailUrl\":\"http:\/\/pr-ide.com\/wp-content\/uploads\/2014\/03\/20140219_115551-150x150.jpg\",\"keywords\":[\"10 Cent\",\"Freitag\",\"keine Abz\u00fcge\",\"keine KSK!\",\"keine Steuern\"],\"articleSection\":[\"allgemein\"],\"inLanguage\":\"en-US\",\"potentialAction\":[{\"@type\":\"CommentAction\",\"name\":\"Comment\",\"target\":[\"https:\/\/pr-ide.de\/blog\/2014\/03\/freitag-gibt-geld\/#respond\"]}]},{\"@type\":\"WebPage\",\"@id\":\"https:\/\/pr-ide.de\/blog\/2014\/03\/freitag-gibt-geld\/\",\"url\":\"https:\/\/pr-ide.de\/blog\/2014\/03\/freitag-gibt-geld\/\",\"name\":\"Freitag gibt es ..... Geld! - pr-ide\",\"isPartOf\":{\"@id\":\"https:\/\/pr-ide.de\/#website\"},\"primaryImageOfPage\":{\"@id\":\"https:\/\/pr-ide.de\/blog\/2014\/03\/freitag-gibt-geld\/#primaryimage\"},\"image\":{\"@id\":\"https:\/\/pr-ide.de\/blog\/2014\/03\/freitag-gibt-geld\/#primaryimage\"},\"thumbnailUrl\":\"http:\/\/pr-ide.com\/wp-content\/uploads\/2014\/03\/20140219_115551-150x150.jpg\",\"datePublished\":\"2014-03-07T12:11:39+00:00\",\"dateModified\":\"2016-10-16T14:50:17+00:00\",\"breadcrumb\":{\"@id\":\"https:\/\/pr-ide.de\/blog\/2014\/03\/freitag-gibt-geld\/#breadcrumb\"},\"inLanguage\":\"en-US\",\"potentialAction\":[{\"@type\":\"ReadAction\",\"target\":[\"https:\/\/pr-ide.de\/blog\/2014\/03\/freitag-gibt-geld\/\"]}]},{\"@type\":\"ImageObject\",\"inLanguage\":\"en-US\",\"@id\":\"https:\/\/pr-ide.de\/blog\/2014\/03\/freitag-gibt-geld\/#primaryimage\",\"url\":\"http:\/\/pr-ide.com\/wp-content\/uploads\/2014\/03\/20140219_115551-150x150.jpg\",\"contentUrl\":\"http:\/\/pr-ide.com\/wp-content\/uploads\/2014\/03\/20140219_115551-150x150.jpg\"},{\"@type\":\"BreadcrumbList\",\"@id\":\"https:\/\/pr-ide.de\/blog\/2014\/03\/freitag-gibt-geld\/#breadcrumb\",\"itemListElement\":[{\"@type\":\"ListItem\",\"position\":1,\"name\":\"Home\",\"item\":\"https:\/\/pr-ide.de\/en\/the-agency-for-creative-success\/\"},{\"@type\":\"ListItem\",\"position\":2,\"name\":\"Freitag gibt es &#8230;.. Geld!\"}]},{\"@type\":\"WebSite\",\"@id\":\"https:\/\/pr-ide.de\/#website\",\"url\":\"https:\/\/pr-ide.de\/\",\"name\":\"pr-ide\",\"description\":\"die agentur f\u00fcr kreative erfolge\",\"publisher\":{\"@id\":\"https:\/\/pr-ide.de\/#organization\"},\"potentialAction\":[{\"@type\":\"SearchAction\",\"target\":{\"@type\":\"EntryPoint\",\"urlTemplate\":\"https:\/\/pr-ide.de\/?s={search_term_string}\"},\"query-input\":{\"@type\":\"PropertyValueSpecification\",\"valueRequired\":true,\"valueName\":\"search_term_string\"}}],\"inLanguage\":\"en-US\"},{\"@type\":\"Organization\",\"@id\":\"https:\/\/pr-ide.de\/#organization\",\"name\":\"pr-ide\",\"url\":\"https:\/\/pr-ide.de\/\",\"logo\":{\"@type\":\"ImageObject\",\"inLanguage\":\"en-US\",\"@id\":\"https:\/\/pr-ide.de\/#\/schema\/logo\/image\/\",\"url\":\"\",\"contentUrl\":\"\",\"caption\":\"pr-ide\"},\"image\":{\"@id\":\"https:\/\/pr-ide.de\/#\/schema\/logo\/image\/\"},\"sameAs\":[\"https:\/\/www.facebook.com\/prideberlin\/\",\"https:\/\/x.com\/pr_ide\",\"https:\/\/www.linkedin.com\/company\/pr-ide-gbr\/\"]},{\"@type\":\"Person\",\"@id\":\"https:\/\/pr-ide.de\/#\/schema\/person\/4bb8cb929d552fc1cd7c49d25ef90093\",\"name\":\"Philipp Sack\",\"image\":{\"@type\":\"ImageObject\",\"inLanguage\":\"en-US\",\"@id\":\"https:\/\/secure.gravatar.com\/avatar\/e7d041e5f3b6ec52d1f4dcd0266ccdf14a0b7227561f91f92a474ad68a30da9a?s=96&d=robohash&r=g\",\"url\":\"https:\/\/secure.gravatar.com\/avatar\/e7d041e5f3b6ec52d1f4dcd0266ccdf14a0b7227561f91f92a474ad68a30da9a?s=96&d=robohash&r=g\",\"contentUrl\":\"https:\/\/secure.gravatar.com\/avatar\/e7d041e5f3b6ec52d1f4dcd0266ccdf14a0b7227561f91f92a474ad68a30da9a?s=96&d=robohash&r=g\",\"caption\":\"Philipp Sack\"},\"description\":\"CEO und Kreativkopf bei pr-ide. Kreuz und querlenkend, gerne segelnd. Immer auf der Suche nach innovativen L\u00f6sungen - manchmal schon bevor das Problem erkannt wurde.\",\"sameAs\":[\"http:\/\/www.pr-ide.de\",\"https:\/\/www.linkedin.com\/in\/philipp-sack\/\"],\"url\":\"https:\/\/pr-ide.de\/en\/blog\/author\/seesack-2-2-2-2-2-2-2-2-2-2-2-2-2-2-2-2-2-2-2-2\/\"}]}<\/script>\n<!-- \/ Yoast SEO plugin. -->","yoast_head_json":{"title":"Freitag gibt es ..... Geld! - pr-ide","robots":{"index":"index","follow":"follow","max-snippet":"max-snippet:-1","max-image-preview":"max-image-preview:large","max-video-preview":"max-video-preview:-1"},"canonical":"https:\/\/pr-ide.de\/blog\/2014\/03\/freitag-gibt-geld\/","og_locale":"en_US","og_type":"article","og_title":"Freitag gibt es ..... Geld! - pr-ide","og_description":"Neulich beim ab und an f\u00e4lligen Streifzug durch die Wandelg\u00e4nge des Discounters meines Vertrauens (ein Blick auf das MHD ist dennoch f\u00e4llig!), brachte mich in der Eierabteilung nicht die Gestaltung der Umverpackung ins straucheln. Nicht wegen der beeindruckenden Produktgrafik &#8211; [...]","og_url":"https:\/\/pr-ide.de\/blog\/2014\/03\/freitag-gibt-geld\/","og_site_name":"pr-ide","article_publisher":"https:\/\/www.facebook.com\/prideberlin\/","article_published_time":"2014-03-07T12:11:39+00:00","article_modified_time":"2016-10-16T14:50:17+00:00","og_image":[{"url":"http:\/\/pr-ide.com\/wp-content\/uploads\/2014\/03\/20140219_115551-150x150.jpg","type":"","width":"","height":""}],"author":"Philipp Sack","twitter_misc":{"Written by":"Philipp Sack","Est. reading time":"1 minute"},"schema":{"@context":"https:\/\/schema.org","@graph":[{"@type":"Article","@id":"https:\/\/pr-ide.de\/blog\/2014\/03\/freitag-gibt-geld\/#article","isPartOf":{"@id":"https:\/\/pr-ide.de\/blog\/2014\/03\/freitag-gibt-geld\/"},"author":{"name":"Philipp Sack","@id":"https:\/\/pr-ide.de\/#\/schema\/person\/4bb8cb929d552fc1cd7c49d25ef90093"},"headline":"Freitag gibt es &#8230;.. Geld!","datePublished":"2014-03-07T12:11:39+00:00","dateModified":"2016-10-16T14:50:17+00:00","mainEntityOfPage":{"@id":"https:\/\/pr-ide.de\/blog\/2014\/03\/freitag-gibt-geld\/"},"wordCount":140,"commentCount":0,"publisher":{"@id":"https:\/\/pr-ide.de\/#organization"},"image":{"@id":"https:\/\/pr-ide.de\/blog\/2014\/03\/freitag-gibt-geld\/#primaryimage"},"thumbnailUrl":"http:\/\/pr-ide.com\/wp-content\/uploads\/2014\/03\/20140219_115551-150x150.jpg","keywords":["10 Cent","Freitag","keine Abz\u00fcge","keine KSK!","keine Steuern"],"articleSection":["allgemein"],"inLanguage":"en-US","potentialAction":[{"@type":"CommentAction","name":"Comment","target":["https:\/\/pr-ide.de\/blog\/2014\/03\/freitag-gibt-geld\/#respond"]}]},{"@type":"WebPage","@id":"https:\/\/pr-ide.de\/blog\/2014\/03\/freitag-gibt-geld\/","url":"https:\/\/pr-ide.de\/blog\/2014\/03\/freitag-gibt-geld\/","name":"Freitag gibt es ..... Geld! - pr-ide","isPartOf":{"@id":"https:\/\/pr-ide.de\/#website"},"primaryImageOfPage":{"@id":"https:\/\/pr-ide.de\/blog\/2014\/03\/freitag-gibt-geld\/#primaryimage"},"image":{"@id":"https:\/\/pr-ide.de\/blog\/2014\/03\/freitag-gibt-geld\/#primaryimage"},"thumbnailUrl":"http:\/\/pr-ide.com\/wp-content\/uploads\/2014\/03\/20140219_115551-150x150.jpg","datePublished":"2014-03-07T12:11:39+00:00","dateModified":"2016-10-16T14:50:17+00:00","breadcrumb":{"@id":"https:\/\/pr-ide.de\/blog\/2014\/03\/freitag-gibt-geld\/#breadcrumb"},"inLanguage":"en-US","potentialAction":[{"@type":"ReadAction","target":["https:\/\/pr-ide.de\/blog\/2014\/03\/freitag-gibt-geld\/"]}]},{"@type":"ImageObject","inLanguage":"en-US","@id":"https:\/\/pr-ide.de\/blog\/2014\/03\/freitag-gibt-geld\/#primaryimage","url":"http:\/\/pr-ide.com\/wp-content\/uploads\/2014\/03\/20140219_115551-150x150.jpg","contentUrl":"http:\/\/pr-ide.com\/wp-content\/uploads\/2014\/03\/20140219_115551-150x150.jpg"},{"@type":"BreadcrumbList","@id":"https:\/\/pr-ide.de\/blog\/2014\/03\/freitag-gibt-geld\/#breadcrumb","itemListElement":[{"@type":"ListItem","position":1,"name":"Home","item":"https:\/\/pr-ide.de\/en\/the-agency-for-creative-success\/"},{"@type":"ListItem","position":2,"name":"Freitag gibt es &#8230;.. Geld!"}]},{"@type":"WebSite","@id":"https:\/\/pr-ide.de\/#website","url":"https:\/\/pr-ide.de\/","name":"pr-ide","description":"die agentur f\u00fcr kreative erfolge","publisher":{"@id":"https:\/\/pr-ide.de\/#organization"},"potentialAction":[{"@type":"SearchAction","target":{"@type":"EntryPoint","urlTemplate":"https:\/\/pr-ide.de\/?s={search_term_string}"},"query-input":{"@type":"PropertyValueSpecification","valueRequired":true,"valueName":"search_term_string"}}],"inLanguage":"en-US"},{"@type":"Organization","@id":"https:\/\/pr-ide.de\/#organization","name":"pr-ide","url":"https:\/\/pr-ide.de\/","logo":{"@type":"ImageObject","inLanguage":"en-US","@id":"https:\/\/pr-ide.de\/#\/schema\/logo\/image\/","url":"","contentUrl":"","caption":"pr-ide"},"image":{"@id":"https:\/\/pr-ide.de\/#\/schema\/logo\/image\/"},"sameAs":["https:\/\/www.facebook.com\/prideberlin\/","https:\/\/x.com\/pr_ide","https:\/\/www.linkedin.com\/company\/pr-ide-gbr\/"]},{"@type":"Person","@id":"https:\/\/pr-ide.de\/#\/schema\/person\/4bb8cb929d552fc1cd7c49d25ef90093","name":"Philipp Sack","image":{"@type":"ImageObject","inLanguage":"en-US","@id":"https:\/\/secure.gravatar.com\/avatar\/e7d041e5f3b6ec52d1f4dcd0266ccdf14a0b7227561f91f92a474ad68a30da9a?s=96&d=robohash&r=g","url":"https:\/\/secure.gravatar.com\/avatar\/e7d041e5f3b6ec52d1f4dcd0266ccdf14a0b7227561f91f92a474ad68a30da9a?s=96&d=robohash&r=g","contentUrl":"https:\/\/secure.gravatar.com\/avatar\/e7d041e5f3b6ec52d1f4dcd0266ccdf14a0b7227561f91f92a474ad68a30da9a?s=96&d=robohash&r=g","caption":"Philipp Sack"},"description":"CEO und Kreativkopf bei pr-ide. Kreuz und querlenkend, gerne segelnd. Immer auf der Suche nach innovativen L\u00f6sungen - manchmal schon bevor das Problem erkannt wurde.","sameAs":["http:\/\/www.pr-ide.de","https:\/\/www.linkedin.com\/in\/philipp-sack\/"],"url":"https:\/\/pr-ide.de\/en\/blog\/author\/seesack-2-2-2-2-2-2-2-2-2-2-2-2-2-2-2-2-2-2-2-2\/"}]}},"jetpack_featured_media_url":"","jetpack_sharing_enabled":true,"_links":{"self":[{"href":"https:\/\/pr-ide.de\/en\/wp-json\/wp\/v2\/posts\/4853","targetHints":{"allow":["GET"]}}],"collection":[{"href":"https:\/\/pr-ide.de\/en\/wp-json\/wp\/v2\/posts"}],"about":[{"href":"https:\/\/pr-ide.de\/en\/wp-json\/wp\/v2\/types\/post"}],"author":[{"embeddable":true,"href":"https:\/\/pr-ide.de\/en\/wp-json\/wp\/v2\/users\/15"}],"replies":[{"embeddable":true,"href":"https:\/\/pr-ide.de\/en\/wp-json\/wp\/v2\/comments?post=4853"}],"version-history":[{"count":0,"href":"https:\/\/pr-ide.de\/en\/wp-json\/wp\/v2\/posts\/4853\/revisions"}],"wp:attachment":[{"href":"https:\/\/pr-ide.de\/en\/wp-json\/wp\/v2\/media?parent=4853"}],"wp:term":[{"taxonomy":"category","embeddable":true,"href":"https:\/\/pr-ide.de\/en\/wp-json\/wp\/v2\/categories?post=4853"},{"taxonomy":"post_tag","embeddable":true,"href":"https:\/\/pr-ide.de\/en\/wp-json\/wp\/v2\/tags?post=4853"}],"curies":[{"name":"wp","href":"https:\/\/api.w.org\/{rel}","templated":true}]}}