{"id":5296,"date":"2014-05-12T15:01:55","date_gmt":"2014-05-12T14:01:55","guid":{"rendered":"http:\/\/blog.pr-ide.de\/?p=5296"},"modified":"2016-10-16T15:50:03","modified_gmt":"2016-10-16T14:50:03","slug":"creative","status":"publish","type":"post","link":"https:\/\/pr-ide.de\/en\/blog\/2014\/05\/creative\/","title":{"rendered":"be creative"},"content":{"rendered":"<p>Nein &#8211; wir wollen nicht auf eine m\u00f6glicherweise \u00e4hnlich lautende Kampagne einer Stadt mit hungrigen Schwarzb\u00e4ren im Wappen hinweisen<strong>*<\/strong>.<\/p>\n<p>Wer aber am Montagnachmittag auf der Suche nach Inspirationen ist oder einfach nur illustrieren m\u00f6chte wie sich manche Berechnung in farbenfrohen Rauch aufl\u00f6st &#8211; dem wird <a title=\"Smoky Backgrounds\" href=\"http:\/\/dragdropsite.github.io\/waterpipe.js\/\" target=\"_blank\">hier geholfen.<\/a><\/p>\n<p><a href=\"http:\/\/pr-ide.com\/2014\/05\/12\/creative\/index\/\" rel=\"attachment wp-att-5297\"><img decoding=\"async\" class=\"lazyload aligncenter size-large wp-image-5297\" src=\"data:image\/svg+xml,%3Csvg%20xmlns%3D%27http%3A%2F%2Fwww.w3.org%2F2000%2Fsvg%27%20width%3D%27584%27%20height%3D%27458%27%20viewBox%3D%270%200%20584%20458%27%3E%3Crect%20width%3D%27584%27%20height%3D%27458%27%20fill-opacity%3D%220%22%2F%3E%3C%2Fsvg%3E\" data-orig-src=\"http:\/\/pr-ide.com\/wp-content\/uploads\/2014\/05\/index-764x600.png\" alt=\"smokey\" width=\"584\" height=\"458\" \/><\/a><\/p>\n<p>Im &#8220;Anf\u00e4ngermodus&#8221; kann man ein paar vorgefertigte sog. smoky backgrounds errechnen lassen &#8211; der Fortgeschrittene kann an der Parameterschraube drehen und Breite, Strichgr\u00f6\u00dfe, Hintergrund etc. variieren.<!--more--><\/p>\n<p><strong><span style=\"color: #ff0000;\">*<\/span><\/strong>Bei der Gelegenheit m\u00f6chte der Schreiber aber dennoch drauf hinweisen, wer schon beim Bau eines neuen Flughafens brilliert, wird bestimmt beim Bau einer neuen Bibliothek und Umgestaltung eines alten Flughafens kaum patzen.<\/p>\n","protected":false},"excerpt":{"rendered":"<p>Nein &#8211; wir wollen nicht auf eine m\u00f6glicherweise \u00e4hnlich lautende Kampagne einer Stadt mit hungrigen Schwarzb\u00e4ren im Wappen hinweisen*. Wer aber am Montagnachmittag auf der Suche nach Inspirationen ist oder einfach nur illustrieren m\u00f6chte wie sich manche Berechnung in farbenfrohen  [&#8230;]<\/p>\n","protected":false},"author":15,"featured_media":5299,"comment_status":"open","ping_status":"open","sticky":false,"template":"","format":"standard","meta":{"_monsterinsights_skip_tracking":false,"_monsterinsights_sitenote_active":false,"_monsterinsights_sitenote_note":"","_monsterinsights_sitenote_category":0,"_jetpack_memberships_contains_paid_content":false,"footnotes":""},"categories":[14,1039,306,773],"tags":[853,854,855,722],"class_list":["post-5296","post","type-post","status-publish","format-standard","has-post-thumbnail","hentry","category-berlin","category-fp","category-how-to","category-serendipity","tag-creativ","tag-flughafen","tag-rauch","tag-tempelhof"],"yoast_head":"<!-- This site is optimized with the Yoast SEO plugin v27.2 - https:\/\/yoast.com\/product\/yoast-seo-wordpress\/ -->\n<title>be creative - pr-ide<\/title>\n<meta name=\"robots\" content=\"index, follow, max-snippet:-1, max-image-preview:large, max-video-preview:-1\" \/>\n<link rel=\"canonical\" href=\"https:\/\/pr-ide.de\/blog\/2014\/05\/creative\/\" \/>\n<meta property=\"og:locale\" content=\"en_US\" \/>\n<meta property=\"og:type\" content=\"article\" \/>\n<meta property=\"og:title\" content=\"be creative - pr-ide\" \/>\n<meta property=\"og:description\" content=\"Nein &#8211; wir wollen nicht auf eine m\u00f6glicherweise \u00e4hnlich lautende Kampagne einer Stadt mit hungrigen Schwarzb\u00e4ren im Wappen hinweisen*. Wer aber am Montagnachmittag auf der Suche nach Inspirationen ist oder einfach nur illustrieren m\u00f6chte wie sich manche Berechnung in farbenfrohen [...]\" \/>\n<meta property=\"og:url\" content=\"https:\/\/pr-ide.de\/blog\/2014\/05\/creative\/\" \/>\n<meta property=\"og:site_name\" content=\"pr-ide\" \/>\n<meta property=\"article:publisher\" content=\"https:\/\/www.facebook.com\/prideberlin\/\" \/>\n<meta property=\"article:published_time\" content=\"2014-05-12T14:01:55+00:00\" \/>\n<meta property=\"article:modified_time\" content=\"2016-10-16T14:50:03+00:00\" \/>\n<meta name=\"author\" content=\"Philipp Sack\" \/>\n<meta name=\"twitter:label1\" content=\"Written by\" \/>\n\t<meta name=\"twitter:data1\" content=\"Philipp Sack\" \/>\n\t<meta name=\"twitter:label2\" content=\"Est. reading time\" \/>\n\t<meta name=\"twitter:data2\" content=\"1 minute\" \/>\n<script type=\"application\/ld+json\" class=\"yoast-schema-graph\">{\"@context\":\"https:\/\/schema.org\",\"@graph\":[{\"@type\":\"Article\",\"@id\":\"https:\/\/pr-ide.de\/blog\/2014\/05\/creative\/#article\",\"isPartOf\":{\"@id\":\"https:\/\/pr-ide.de\/blog\/2014\/05\/creative\/\"},\"author\":{\"name\":\"Philipp Sack\",\"@id\":\"https:\/\/pr-ide.de\/#\/schema\/person\/4bb8cb929d552fc1cd7c49d25ef90093\"},\"headline\":\"be creative\",\"datePublished\":\"2014-05-12T14:01:55+00:00\",\"dateModified\":\"2016-10-16T14:50:03+00:00\",\"mainEntityOfPage\":{\"@id\":\"https:\/\/pr-ide.de\/blog\/2014\/05\/creative\/\"},\"wordCount\":114,\"commentCount\":3,\"publisher\":{\"@id\":\"https:\/\/pr-ide.de\/#organization\"},\"image\":{\"@id\":\"https:\/\/pr-ide.de\/blog\/2014\/05\/creative\/#primaryimage\"},\"thumbnailUrl\":\"\",\"keywords\":[\"creativ\",\"flughafen\",\"rauch\",\"Tempelhof\"],\"articleSection\":[\"Berlin\",\"fp\",\"how to\",\"Serendipity\"],\"inLanguage\":\"en-US\",\"potentialAction\":[{\"@type\":\"CommentAction\",\"name\":\"Comment\",\"target\":[\"https:\/\/pr-ide.de\/blog\/2014\/05\/creative\/#respond\"]}]},{\"@type\":\"WebPage\",\"@id\":\"https:\/\/pr-ide.de\/blog\/2014\/05\/creative\/\",\"url\":\"https:\/\/pr-ide.de\/blog\/2014\/05\/creative\/\",\"name\":\"be creative - pr-ide\",\"isPartOf\":{\"@id\":\"https:\/\/pr-ide.de\/#website\"},\"primaryImageOfPage\":{\"@id\":\"https:\/\/pr-ide.de\/blog\/2014\/05\/creative\/#primaryimage\"},\"image\":{\"@id\":\"https:\/\/pr-ide.de\/blog\/2014\/05\/creative\/#primaryimage\"},\"thumbnailUrl\":\"\",\"datePublished\":\"2014-05-12T14:01:55+00:00\",\"dateModified\":\"2016-10-16T14:50:03+00:00\",\"breadcrumb\":{\"@id\":\"https:\/\/pr-ide.de\/blog\/2014\/05\/creative\/#breadcrumb\"},\"inLanguage\":\"en-US\",\"potentialAction\":[{\"@type\":\"ReadAction\",\"target\":[\"https:\/\/pr-ide.de\/blog\/2014\/05\/creative\/\"]}]},{\"@type\":\"ImageObject\",\"inLanguage\":\"en-US\",\"@id\":\"https:\/\/pr-ide.de\/blog\/2014\/05\/creative\/#primaryimage\",\"url\":\"\",\"contentUrl\":\"\"},{\"@type\":\"BreadcrumbList\",\"@id\":\"https:\/\/pr-ide.de\/blog\/2014\/05\/creative\/#breadcrumb\",\"itemListElement\":[{\"@type\":\"ListItem\",\"position\":1,\"name\":\"Home\",\"item\":\"https:\/\/pr-ide.de\/en\/the-agency-for-creative-success\/\"},{\"@type\":\"ListItem\",\"position\":2,\"name\":\"be creative\"}]},{\"@type\":\"WebSite\",\"@id\":\"https:\/\/pr-ide.de\/#website\",\"url\":\"https:\/\/pr-ide.de\/\",\"name\":\"pr-ide\",\"description\":\"die agentur f\u00fcr kreative erfolge\",\"publisher\":{\"@id\":\"https:\/\/pr-ide.de\/#organization\"},\"potentialAction\":[{\"@type\":\"SearchAction\",\"target\":{\"@type\":\"EntryPoint\",\"urlTemplate\":\"https:\/\/pr-ide.de\/?s={search_term_string}\"},\"query-input\":{\"@type\":\"PropertyValueSpecification\",\"valueRequired\":true,\"valueName\":\"search_term_string\"}}],\"inLanguage\":\"en-US\"},{\"@type\":\"Organization\",\"@id\":\"https:\/\/pr-ide.de\/#organization\",\"name\":\"pr-ide\",\"url\":\"https:\/\/pr-ide.de\/\",\"logo\":{\"@type\":\"ImageObject\",\"inLanguage\":\"en-US\",\"@id\":\"https:\/\/pr-ide.de\/#\/schema\/logo\/image\/\",\"url\":\"\",\"contentUrl\":\"\",\"caption\":\"pr-ide\"},\"image\":{\"@id\":\"https:\/\/pr-ide.de\/#\/schema\/logo\/image\/\"},\"sameAs\":[\"https:\/\/www.facebook.com\/prideberlin\/\",\"https:\/\/x.com\/pr_ide\",\"https:\/\/www.linkedin.com\/company\/pr-ide-gbr\/\"]},{\"@type\":\"Person\",\"@id\":\"https:\/\/pr-ide.de\/#\/schema\/person\/4bb8cb929d552fc1cd7c49d25ef90093\",\"name\":\"Philipp Sack\",\"image\":{\"@type\":\"ImageObject\",\"inLanguage\":\"en-US\",\"@id\":\"https:\/\/secure.gravatar.com\/avatar\/e7d041e5f3b6ec52d1f4dcd0266ccdf14a0b7227561f91f92a474ad68a30da9a?s=96&d=robohash&r=g\",\"url\":\"https:\/\/secure.gravatar.com\/avatar\/e7d041e5f3b6ec52d1f4dcd0266ccdf14a0b7227561f91f92a474ad68a30da9a?s=96&d=robohash&r=g\",\"contentUrl\":\"https:\/\/secure.gravatar.com\/avatar\/e7d041e5f3b6ec52d1f4dcd0266ccdf14a0b7227561f91f92a474ad68a30da9a?s=96&d=robohash&r=g\",\"caption\":\"Philipp Sack\"},\"description\":\"CEO und Kreativkopf bei pr-ide. Kreuz und querlenkend, gerne segelnd. Immer auf der Suche nach innovativen L\u00f6sungen - manchmal schon bevor das Problem erkannt wurde.\",\"sameAs\":[\"http:\/\/www.pr-ide.de\",\"https:\/\/www.linkedin.com\/in\/philipp-sack\/\"],\"url\":\"https:\/\/pr-ide.de\/en\/blog\/author\/seesack-2-2-2-2-2-2-2-2-2-2-2-2-2-2-2-2-2-2-2-2\/\"}]}<\/script>\n<!-- \/ Yoast SEO plugin. -->","yoast_head_json":{"title":"be creative - pr-ide","robots":{"index":"index","follow":"follow","max-snippet":"max-snippet:-1","max-image-preview":"max-image-preview:large","max-video-preview":"max-video-preview:-1"},"canonical":"https:\/\/pr-ide.de\/blog\/2014\/05\/creative\/","og_locale":"en_US","og_type":"article","og_title":"be creative - pr-ide","og_description":"Nein &#8211; wir wollen nicht auf eine m\u00f6glicherweise \u00e4hnlich lautende Kampagne einer Stadt mit hungrigen Schwarzb\u00e4ren im Wappen hinweisen*. Wer aber am Montagnachmittag auf der Suche nach Inspirationen ist oder einfach nur illustrieren m\u00f6chte wie sich manche Berechnung in farbenfrohen [...]","og_url":"https:\/\/pr-ide.de\/blog\/2014\/05\/creative\/","og_site_name":"pr-ide","article_publisher":"https:\/\/www.facebook.com\/prideberlin\/","article_published_time":"2014-05-12T14:01:55+00:00","article_modified_time":"2016-10-16T14:50:03+00:00","author":"Philipp Sack","twitter_misc":{"Written by":"Philipp Sack","Est. reading time":"1 minute"},"schema":{"@context":"https:\/\/schema.org","@graph":[{"@type":"Article","@id":"https:\/\/pr-ide.de\/blog\/2014\/05\/creative\/#article","isPartOf":{"@id":"https:\/\/pr-ide.de\/blog\/2014\/05\/creative\/"},"author":{"name":"Philipp Sack","@id":"https:\/\/pr-ide.de\/#\/schema\/person\/4bb8cb929d552fc1cd7c49d25ef90093"},"headline":"be creative","datePublished":"2014-05-12T14:01:55+00:00","dateModified":"2016-10-16T14:50:03+00:00","mainEntityOfPage":{"@id":"https:\/\/pr-ide.de\/blog\/2014\/05\/creative\/"},"wordCount":114,"commentCount":3,"publisher":{"@id":"https:\/\/pr-ide.de\/#organization"},"image":{"@id":"https:\/\/pr-ide.de\/blog\/2014\/05\/creative\/#primaryimage"},"thumbnailUrl":"","keywords":["creativ","flughafen","rauch","Tempelhof"],"articleSection":["Berlin","fp","how to","Serendipity"],"inLanguage":"en-US","potentialAction":[{"@type":"CommentAction","name":"Comment","target":["https:\/\/pr-ide.de\/blog\/2014\/05\/creative\/#respond"]}]},{"@type":"WebPage","@id":"https:\/\/pr-ide.de\/blog\/2014\/05\/creative\/","url":"https:\/\/pr-ide.de\/blog\/2014\/05\/creative\/","name":"be creative - pr-ide","isPartOf":{"@id":"https:\/\/pr-ide.de\/#website"},"primaryImageOfPage":{"@id":"https:\/\/pr-ide.de\/blog\/2014\/05\/creative\/#primaryimage"},"image":{"@id":"https:\/\/pr-ide.de\/blog\/2014\/05\/creative\/#primaryimage"},"thumbnailUrl":"","datePublished":"2014-05-12T14:01:55+00:00","dateModified":"2016-10-16T14:50:03+00:00","breadcrumb":{"@id":"https:\/\/pr-ide.de\/blog\/2014\/05\/creative\/#breadcrumb"},"inLanguage":"en-US","potentialAction":[{"@type":"ReadAction","target":["https:\/\/pr-ide.de\/blog\/2014\/05\/creative\/"]}]},{"@type":"ImageObject","inLanguage":"en-US","@id":"https:\/\/pr-ide.de\/blog\/2014\/05\/creative\/#primaryimage","url":"","contentUrl":""},{"@type":"BreadcrumbList","@id":"https:\/\/pr-ide.de\/blog\/2014\/05\/creative\/#breadcrumb","itemListElement":[{"@type":"ListItem","position":1,"name":"Home","item":"https:\/\/pr-ide.de\/en\/the-agency-for-creative-success\/"},{"@type":"ListItem","position":2,"name":"be creative"}]},{"@type":"WebSite","@id":"https:\/\/pr-ide.de\/#website","url":"https:\/\/pr-ide.de\/","name":"pr-ide","description":"die agentur f\u00fcr kreative erfolge","publisher":{"@id":"https:\/\/pr-ide.de\/#organization"},"potentialAction":[{"@type":"SearchAction","target":{"@type":"EntryPoint","urlTemplate":"https:\/\/pr-ide.de\/?s={search_term_string}"},"query-input":{"@type":"PropertyValueSpecification","valueRequired":true,"valueName":"search_term_string"}}],"inLanguage":"en-US"},{"@type":"Organization","@id":"https:\/\/pr-ide.de\/#organization","name":"pr-ide","url":"https:\/\/pr-ide.de\/","logo":{"@type":"ImageObject","inLanguage":"en-US","@id":"https:\/\/pr-ide.de\/#\/schema\/logo\/image\/","url":"","contentUrl":"","caption":"pr-ide"},"image":{"@id":"https:\/\/pr-ide.de\/#\/schema\/logo\/image\/"},"sameAs":["https:\/\/www.facebook.com\/prideberlin\/","https:\/\/x.com\/pr_ide","https:\/\/www.linkedin.com\/company\/pr-ide-gbr\/"]},{"@type":"Person","@id":"https:\/\/pr-ide.de\/#\/schema\/person\/4bb8cb929d552fc1cd7c49d25ef90093","name":"Philipp Sack","image":{"@type":"ImageObject","inLanguage":"en-US","@id":"https:\/\/secure.gravatar.com\/avatar\/e7d041e5f3b6ec52d1f4dcd0266ccdf14a0b7227561f91f92a474ad68a30da9a?s=96&d=robohash&r=g","url":"https:\/\/secure.gravatar.com\/avatar\/e7d041e5f3b6ec52d1f4dcd0266ccdf14a0b7227561f91f92a474ad68a30da9a?s=96&d=robohash&r=g","contentUrl":"https:\/\/secure.gravatar.com\/avatar\/e7d041e5f3b6ec52d1f4dcd0266ccdf14a0b7227561f91f92a474ad68a30da9a?s=96&d=robohash&r=g","caption":"Philipp Sack"},"description":"CEO und Kreativkopf bei pr-ide. Kreuz und querlenkend, gerne segelnd. Immer auf der Suche nach innovativen L\u00f6sungen - manchmal schon bevor das Problem erkannt wurde.","sameAs":["http:\/\/www.pr-ide.de","https:\/\/www.linkedin.com\/in\/philipp-sack\/"],"url":"https:\/\/pr-ide.de\/en\/blog\/author\/seesack-2-2-2-2-2-2-2-2-2-2-2-2-2-2-2-2-2-2-2-2\/"}]}},"jetpack_featured_media_url":"","jetpack_sharing_enabled":true,"_links":{"self":[{"href":"https:\/\/pr-ide.de\/en\/wp-json\/wp\/v2\/posts\/5296","targetHints":{"allow":["GET"]}}],"collection":[{"href":"https:\/\/pr-ide.de\/en\/wp-json\/wp\/v2\/posts"}],"about":[{"href":"https:\/\/pr-ide.de\/en\/wp-json\/wp\/v2\/types\/post"}],"author":[{"embeddable":true,"href":"https:\/\/pr-ide.de\/en\/wp-json\/wp\/v2\/users\/15"}],"replies":[{"embeddable":true,"href":"https:\/\/pr-ide.de\/en\/wp-json\/wp\/v2\/comments?post=5296"}],"version-history":[{"count":0,"href":"https:\/\/pr-ide.de\/en\/wp-json\/wp\/v2\/posts\/5296\/revisions"}],"wp:featuredmedia":[{"embeddable":true,"href":"https:\/\/pr-ide.de\/en\/wp-json\/"}],"wp:attachment":[{"href":"https:\/\/pr-ide.de\/en\/wp-json\/wp\/v2\/media?parent=5296"}],"wp:term":[{"taxonomy":"category","embeddable":true,"href":"https:\/\/pr-ide.de\/en\/wp-json\/wp\/v2\/categories?post=5296"},{"taxonomy":"post_tag","embeddable":true,"href":"https:\/\/pr-ide.de\/en\/wp-json\/wp\/v2\/tags?post=5296"}],"curies":[{"name":"wp","href":"https:\/\/api.w.org\/{rel}","templated":true}]}}