{"id":573,"date":"2010-03-16T11:19:55","date_gmt":"2010-03-16T10:19:55","guid":{"rendered":"http:\/\/blog.pr-ide.de\/?p=573"},"modified":"2010-03-16T11:19:55","modified_gmt":"2010-03-16T10:19:55","slug":"ohne-netz-und-boden","status":"publish","type":"post","link":"https:\/\/pr-ide.de\/en\/blog\/2010\/03\/ohne-netz-und-boden\/","title":{"rendered":"Ohne Netz und Boden"},"content":{"rendered":"<p>Was soll\/kann man machen, wenn auf einmal das Internet weg ist? \u00dcber das Wochenende und auch den Montag hinweg, war pr-ide ohne Netz. OHNE NETZ!!! Ein Fl\u00e4chenst\u00f6rung der Telekom setzte jedem Kontakt zur Au\u00dfenwelt ein abruptes Ende (nein, Telefon z\u00e4hlt nicht). Nun ist man als Agentur auf diese Kommunikationswege ja absolut angewiesen, was einem aber nat\u00fcrlich erst so richtig bewusst wird, wenn sie mal ausfallen. Wie eine Schildkr\u00f6te, die auf dem Panzer liegt, muss nun also gearbeitet werden. Ohne Internet wird dieser Artikel geschrieben, ohne die Gewissheit, jemals online zu gehen, Grausame Zeiten.<\/p>\n","protected":false},"excerpt":{"rendered":"<p>Was soll\/kann man machen, wenn auf einmal das Internet weg ist? \u00dcber das Wochenende und auch den Montag hinweg, war pr-ide ohne Netz. OHNE NETZ!!! Ein Fl\u00e4chenst\u00f6rung der Telekom setzte jedem Kontakt zur Au\u00dfenwelt ein abruptes Ende (nein, Telefon z\u00e4hlt  [&#8230;]<\/p>\n","protected":false},"author":2,"featured_media":0,"comment_status":"open","ping_status":"open","sticky":false,"template":"","format":"standard","meta":{"_monsterinsights_skip_tracking":false,"_monsterinsights_sitenote_active":false,"_monsterinsights_sitenote_note":"","_monsterinsights_sitenote_category":0,"_jetpack_memberships_contains_paid_content":false,"footnotes":""},"categories":[17],"tags":[64,179,180],"class_list":["post-573","post","type-post","status-publish","format-standard","hentry","category-praktikant-packt-aus","tag-internet","tag-offline","tag-schildkroten"],"yoast_head":"<!-- This site is optimized with the Yoast SEO plugin v27.2 - https:\/\/yoast.com\/product\/yoast-seo-wordpress\/ -->\n<title>Ohne Netz und Boden - pr-ide<\/title>\n<meta name=\"robots\" content=\"index, follow, max-snippet:-1, max-image-preview:large, max-video-preview:-1\" \/>\n<link rel=\"canonical\" href=\"https:\/\/pr-ide.de\/blog\/2010\/03\/ohne-netz-und-boden\/\" \/>\n<meta property=\"og:locale\" content=\"en_US\" \/>\n<meta property=\"og:type\" content=\"article\" \/>\n<meta property=\"og:title\" content=\"Ohne Netz und Boden - pr-ide\" \/>\n<meta property=\"og:description\" content=\"Was soll\/kann man machen, wenn auf einmal das Internet weg ist? \u00dcber das Wochenende und auch den Montag hinweg, war pr-ide ohne Netz. OHNE NETZ!!! Ein Fl\u00e4chenst\u00f6rung der Telekom setzte jedem Kontakt zur Au\u00dfenwelt ein abruptes Ende (nein, Telefon z\u00e4hlt [...]\" \/>\n<meta property=\"og:url\" content=\"https:\/\/pr-ide.de\/blog\/2010\/03\/ohne-netz-und-boden\/\" \/>\n<meta property=\"og:site_name\" content=\"pr-ide\" \/>\n<meta property=\"article:publisher\" content=\"https:\/\/www.facebook.com\/prideberlin\/\" \/>\n<meta property=\"article:published_time\" content=\"2010-03-16T10:19:55+00:00\" \/>\n<meta name=\"author\" content=\"Martina M\u00fcller\" \/>\n<meta name=\"twitter:label1\" content=\"Written by\" \/>\n\t<meta name=\"twitter:data1\" content=\"Martina M\u00fcller\" \/>\n\t<meta name=\"twitter:label2\" content=\"Est. reading time\" \/>\n\t<meta name=\"twitter:data2\" content=\"1 minute\" \/>\n<script type=\"application\/ld+json\" class=\"yoast-schema-graph\">{\"@context\":\"https:\/\/schema.org\",\"@graph\":[{\"@type\":\"Article\",\"@id\":\"https:\/\/pr-ide.de\/blog\/2010\/03\/ohne-netz-und-boden\/#article\",\"isPartOf\":{\"@id\":\"https:\/\/pr-ide.de\/blog\/2010\/03\/ohne-netz-und-boden\/\"},\"author\":{\"name\":\"Martina M\u00fcller\",\"@id\":\"https:\/\/pr-ide.de\/#\/schema\/person\/7cff3097f838f10886a8ddb4a1dfedce\"},\"headline\":\"Ohne Netz und Boden\",\"datePublished\":\"2010-03-16T10:19:55+00:00\",\"mainEntityOfPage\":{\"@id\":\"https:\/\/pr-ide.de\/blog\/2010\/03\/ohne-netz-und-boden\/\"},\"wordCount\":104,\"commentCount\":0,\"publisher\":{\"@id\":\"https:\/\/pr-ide.de\/#organization\"},\"keywords\":[\"Internet\",\"Offline\",\"Schildkr\u00f6ten\"],\"articleSection\":[\"Praktikant packt aus!\"],\"inLanguage\":\"en-US\",\"potentialAction\":[{\"@type\":\"CommentAction\",\"name\":\"Comment\",\"target\":[\"https:\/\/pr-ide.de\/blog\/2010\/03\/ohne-netz-und-boden\/#respond\"]}]},{\"@type\":\"WebPage\",\"@id\":\"https:\/\/pr-ide.de\/blog\/2010\/03\/ohne-netz-und-boden\/\",\"url\":\"https:\/\/pr-ide.de\/blog\/2010\/03\/ohne-netz-und-boden\/\",\"name\":\"Ohne Netz und Boden - pr-ide\",\"isPartOf\":{\"@id\":\"https:\/\/pr-ide.de\/#website\"},\"datePublished\":\"2010-03-16T10:19:55+00:00\",\"breadcrumb\":{\"@id\":\"https:\/\/pr-ide.de\/blog\/2010\/03\/ohne-netz-und-boden\/#breadcrumb\"},\"inLanguage\":\"en-US\",\"potentialAction\":[{\"@type\":\"ReadAction\",\"target\":[\"https:\/\/pr-ide.de\/blog\/2010\/03\/ohne-netz-und-boden\/\"]}]},{\"@type\":\"BreadcrumbList\",\"@id\":\"https:\/\/pr-ide.de\/blog\/2010\/03\/ohne-netz-und-boden\/#breadcrumb\",\"itemListElement\":[{\"@type\":\"ListItem\",\"position\":1,\"name\":\"Home\",\"item\":\"https:\/\/pr-ide.de\/en\/the-agency-for-creative-success\/\"},{\"@type\":\"ListItem\",\"position\":2,\"name\":\"Ohne Netz und Boden\"}]},{\"@type\":\"WebSite\",\"@id\":\"https:\/\/pr-ide.de\/#website\",\"url\":\"https:\/\/pr-ide.de\/\",\"name\":\"pr-ide\",\"description\":\"die agentur f\u00fcr kreative erfolge\",\"publisher\":{\"@id\":\"https:\/\/pr-ide.de\/#organization\"},\"potentialAction\":[{\"@type\":\"SearchAction\",\"target\":{\"@type\":\"EntryPoint\",\"urlTemplate\":\"https:\/\/pr-ide.de\/?s={search_term_string}\"},\"query-input\":{\"@type\":\"PropertyValueSpecification\",\"valueRequired\":true,\"valueName\":\"search_term_string\"}}],\"inLanguage\":\"en-US\"},{\"@type\":\"Organization\",\"@id\":\"https:\/\/pr-ide.de\/#organization\",\"name\":\"pr-ide\",\"url\":\"https:\/\/pr-ide.de\/\",\"logo\":{\"@type\":\"ImageObject\",\"inLanguage\":\"en-US\",\"@id\":\"https:\/\/pr-ide.de\/#\/schema\/logo\/image\/\",\"url\":\"\",\"contentUrl\":\"\",\"caption\":\"pr-ide\"},\"image\":{\"@id\":\"https:\/\/pr-ide.de\/#\/schema\/logo\/image\/\"},\"sameAs\":[\"https:\/\/www.facebook.com\/prideberlin\/\",\"https:\/\/x.com\/pr_ide\",\"https:\/\/www.linkedin.com\/company\/pr-ide-gbr\/\"]},{\"@type\":\"Person\",\"@id\":\"https:\/\/pr-ide.de\/#\/schema\/person\/7cff3097f838f10886a8ddb4a1dfedce\",\"name\":\"Martina M\u00fcller\",\"image\":{\"@type\":\"ImageObject\",\"inLanguage\":\"en-US\",\"@id\":\"https:\/\/secure.gravatar.com\/avatar\/561aa09b9e87187e01da837e323f730f46e80fa427035fd00502b3dc65ba1dfd?s=96&d=robohash&r=g\",\"url\":\"https:\/\/secure.gravatar.com\/avatar\/561aa09b9e87187e01da837e323f730f46e80fa427035fd00502b3dc65ba1dfd?s=96&d=robohash&r=g\",\"contentUrl\":\"https:\/\/secure.gravatar.com\/avatar\/561aa09b9e87187e01da837e323f730f46e80fa427035fd00502b3dc65ba1dfd?s=96&d=robohash&r=g\",\"caption\":\"Martina M\u00fcller\"},\"description\":\"Martina M\u00fcller; PR Referentin, Berlin Seit 2001 Inhaberin von pr-ide pr &amp; industrial design, studierte Italienisch und Russisch und ist als PR-Referentin zertifiziert. Ihr Schwerpunkt bei pr-ide: Public Relations (klassische Medienarbeit und Aufbau einer Online-Reputation). Ihr Know How steht f\u00fcr kreative Konzepte und professionelle Umsetzung. IhreSt\u00e4rken sind ein ausgepr\u00e4gtes Organisationstalent und eine hohe Effektivit\u00e4t. Sie h\u00e4lt Vortr\u00e4ge und f\u00fchrt Seminar und Workshops zum Thema Online-Marketing durch.\",\"url\":\"https:\/\/pr-ide.de\/en\/blog\/author\/mmueller-2-2-2-2-2\/\"}]}<\/script>\n<!-- \/ Yoast SEO plugin. -->","yoast_head_json":{"title":"Ohne Netz und Boden - pr-ide","robots":{"index":"index","follow":"follow","max-snippet":"max-snippet:-1","max-image-preview":"max-image-preview:large","max-video-preview":"max-video-preview:-1"},"canonical":"https:\/\/pr-ide.de\/blog\/2010\/03\/ohne-netz-und-boden\/","og_locale":"en_US","og_type":"article","og_title":"Ohne Netz und Boden - pr-ide","og_description":"Was soll\/kann man machen, wenn auf einmal das Internet weg ist? \u00dcber das Wochenende und auch den Montag hinweg, war pr-ide ohne Netz. OHNE NETZ!!! Ein Fl\u00e4chenst\u00f6rung der Telekom setzte jedem Kontakt zur Au\u00dfenwelt ein abruptes Ende (nein, Telefon z\u00e4hlt [...]","og_url":"https:\/\/pr-ide.de\/blog\/2010\/03\/ohne-netz-und-boden\/","og_site_name":"pr-ide","article_publisher":"https:\/\/www.facebook.com\/prideberlin\/","article_published_time":"2010-03-16T10:19:55+00:00","author":"Martina M\u00fcller","twitter_misc":{"Written by":"Martina M\u00fcller","Est. reading time":"1 minute"},"schema":{"@context":"https:\/\/schema.org","@graph":[{"@type":"Article","@id":"https:\/\/pr-ide.de\/blog\/2010\/03\/ohne-netz-und-boden\/#article","isPartOf":{"@id":"https:\/\/pr-ide.de\/blog\/2010\/03\/ohne-netz-und-boden\/"},"author":{"name":"Martina M\u00fcller","@id":"https:\/\/pr-ide.de\/#\/schema\/person\/7cff3097f838f10886a8ddb4a1dfedce"},"headline":"Ohne Netz und Boden","datePublished":"2010-03-16T10:19:55+00:00","mainEntityOfPage":{"@id":"https:\/\/pr-ide.de\/blog\/2010\/03\/ohne-netz-und-boden\/"},"wordCount":104,"commentCount":0,"publisher":{"@id":"https:\/\/pr-ide.de\/#organization"},"keywords":["Internet","Offline","Schildkr\u00f6ten"],"articleSection":["Praktikant packt aus!"],"inLanguage":"en-US","potentialAction":[{"@type":"CommentAction","name":"Comment","target":["https:\/\/pr-ide.de\/blog\/2010\/03\/ohne-netz-und-boden\/#respond"]}]},{"@type":"WebPage","@id":"https:\/\/pr-ide.de\/blog\/2010\/03\/ohne-netz-und-boden\/","url":"https:\/\/pr-ide.de\/blog\/2010\/03\/ohne-netz-und-boden\/","name":"Ohne Netz und Boden - pr-ide","isPartOf":{"@id":"https:\/\/pr-ide.de\/#website"},"datePublished":"2010-03-16T10:19:55+00:00","breadcrumb":{"@id":"https:\/\/pr-ide.de\/blog\/2010\/03\/ohne-netz-und-boden\/#breadcrumb"},"inLanguage":"en-US","potentialAction":[{"@type":"ReadAction","target":["https:\/\/pr-ide.de\/blog\/2010\/03\/ohne-netz-und-boden\/"]}]},{"@type":"BreadcrumbList","@id":"https:\/\/pr-ide.de\/blog\/2010\/03\/ohne-netz-und-boden\/#breadcrumb","itemListElement":[{"@type":"ListItem","position":1,"name":"Home","item":"https:\/\/pr-ide.de\/en\/the-agency-for-creative-success\/"},{"@type":"ListItem","position":2,"name":"Ohne Netz und Boden"}]},{"@type":"WebSite","@id":"https:\/\/pr-ide.de\/#website","url":"https:\/\/pr-ide.de\/","name":"pr-ide","description":"die agentur f\u00fcr kreative erfolge","publisher":{"@id":"https:\/\/pr-ide.de\/#organization"},"potentialAction":[{"@type":"SearchAction","target":{"@type":"EntryPoint","urlTemplate":"https:\/\/pr-ide.de\/?s={search_term_string}"},"query-input":{"@type":"PropertyValueSpecification","valueRequired":true,"valueName":"search_term_string"}}],"inLanguage":"en-US"},{"@type":"Organization","@id":"https:\/\/pr-ide.de\/#organization","name":"pr-ide","url":"https:\/\/pr-ide.de\/","logo":{"@type":"ImageObject","inLanguage":"en-US","@id":"https:\/\/pr-ide.de\/#\/schema\/logo\/image\/","url":"","contentUrl":"","caption":"pr-ide"},"image":{"@id":"https:\/\/pr-ide.de\/#\/schema\/logo\/image\/"},"sameAs":["https:\/\/www.facebook.com\/prideberlin\/","https:\/\/x.com\/pr_ide","https:\/\/www.linkedin.com\/company\/pr-ide-gbr\/"]},{"@type":"Person","@id":"https:\/\/pr-ide.de\/#\/schema\/person\/7cff3097f838f10886a8ddb4a1dfedce","name":"Martina M\u00fcller","image":{"@type":"ImageObject","inLanguage":"en-US","@id":"https:\/\/secure.gravatar.com\/avatar\/561aa09b9e87187e01da837e323f730f46e80fa427035fd00502b3dc65ba1dfd?s=96&d=robohash&r=g","url":"https:\/\/secure.gravatar.com\/avatar\/561aa09b9e87187e01da837e323f730f46e80fa427035fd00502b3dc65ba1dfd?s=96&d=robohash&r=g","contentUrl":"https:\/\/secure.gravatar.com\/avatar\/561aa09b9e87187e01da837e323f730f46e80fa427035fd00502b3dc65ba1dfd?s=96&d=robohash&r=g","caption":"Martina M\u00fcller"},"description":"Martina M\u00fcller; PR Referentin, Berlin Seit 2001 Inhaberin von pr-ide pr &amp; industrial design, studierte Italienisch und Russisch und ist als PR-Referentin zertifiziert. Ihr Schwerpunkt bei pr-ide: Public Relations (klassische Medienarbeit und Aufbau einer Online-Reputation). Ihr Know How steht f\u00fcr kreative Konzepte und professionelle Umsetzung. IhreSt\u00e4rken sind ein ausgepr\u00e4gtes Organisationstalent und eine hohe Effektivit\u00e4t. Sie h\u00e4lt Vortr\u00e4ge und f\u00fchrt Seminar und Workshops zum Thema Online-Marketing durch.","url":"https:\/\/pr-ide.de\/en\/blog\/author\/mmueller-2-2-2-2-2\/"}]}},"jetpack_featured_media_url":"","jetpack_sharing_enabled":true,"_links":{"self":[{"href":"https:\/\/pr-ide.de\/en\/wp-json\/wp\/v2\/posts\/573","targetHints":{"allow":["GET"]}}],"collection":[{"href":"https:\/\/pr-ide.de\/en\/wp-json\/wp\/v2\/posts"}],"about":[{"href":"https:\/\/pr-ide.de\/en\/wp-json\/wp\/v2\/types\/post"}],"author":[{"embeddable":true,"href":"https:\/\/pr-ide.de\/en\/wp-json\/wp\/v2\/users\/2"}],"replies":[{"embeddable":true,"href":"https:\/\/pr-ide.de\/en\/wp-json\/wp\/v2\/comments?post=573"}],"version-history":[{"count":0,"href":"https:\/\/pr-ide.de\/en\/wp-json\/wp\/v2\/posts\/573\/revisions"}],"wp:attachment":[{"href":"https:\/\/pr-ide.de\/en\/wp-json\/wp\/v2\/media?parent=573"}],"wp:term":[{"taxonomy":"category","embeddable":true,"href":"https:\/\/pr-ide.de\/en\/wp-json\/wp\/v2\/categories?post=573"},{"taxonomy":"post_tag","embeddable":true,"href":"https:\/\/pr-ide.de\/en\/wp-json\/wp\/v2\/tags?post=573"}],"curies":[{"name":"wp","href":"https:\/\/api.w.org\/{rel}","templated":true}]}}