{"id":7508,"date":"2014-08-05T21:33:22","date_gmt":"2014-08-05T20:33:22","guid":{"rendered":"http:\/\/pr-ide.de\/?p=7508"},"modified":"2014-08-05T21:38:42","modified_gmt":"2014-08-05T20:38:42","slug":"schild","status":"publish","type":"post","link":"https:\/\/pr-ide.de\/en\/blog\/2014\/08\/schild\/","title":{"rendered":"\u00dcber dasselbe &#8211; wenn man mal nicht da ist"},"content":{"rendered":"<p>Schilder gibt es \u00fcberall. F\u00e4ngt das Gestaltergem\u00fct einmal an, kann es nicht mehr aufh\u00f6ren, sich \u00fcber den Informationsgehalt von Schildern so seine Gedanken zu machen und davon findet man \u00fcberall immer etwas.. Hier eine kurze Zusammenstellung:<br \/>\nIst DDR Softeis immer noch gut? (Wie lange h\u00e4lt sich eigentlich Softeis???) Kann man dem Recycling in der Zwangsspur entgehen? K\u00f6nnen Bewohner mit Parkausweis um 16:00 Uhr ihr Auto beladen? Ist die WM denn immer noch nicht zu Ende?? Hat der lokale Drachent\u00f6ter hier versagt?<br \/>\nKnallertk\u00f8rsel ist die neue Lieblings-Bezeichnung f\u00fcr das Agenturmoped ;) Lassen Sie sich also f\u00fcr Ihr n\u00e4chstes Schild hier inspirieren. Und \u00fcbrigens: die Schilder wurden alles selbst gesehen.<\/p>\n\n\t\t<style type=\"text\/css\">\n\t\t\t#gallery-1 {\n\t\t\t\tmargin: auto;\n\t\t\t}\n\t\t\t#gallery-1 .gallery-item {\n\t\t\t\tfloat: left;\n\t\t\t\tmargin-top: 10px;\n\t\t\t\ttext-align: center;\n\t\t\t\twidth: 33%;\n\t\t\t}\n\t\t\t#gallery-1 img {\n\t\t\t\tborder: 2px solid #cfcfcf;\n\t\t\t}\n\t\t\t#gallery-1 .gallery-caption {\n\t\t\t\tmargin-left: 0;\n\t\t\t}\n\t\t\t\/* see gallery_shortcode() in wp-includes\/media.php *\/\n\t\t<\/style>\n\t\t<div id='gallery-1' class='gallery galleryid-7508 gallery-columns-3 gallery-size-thumbnail'><dl class='gallery-item'>\n\t\t\t<dt class='gallery-icon portrait'>\n\t\t\t\t<a data-rel=\"iLightbox[postimages]\" data-title=\"image\" data-caption=\"\" href='https:\/\/pr-ide.de\/en\/image-5-2\/'><img decoding=\"async\" width=\"150\" height=\"150\" src=\"https:\/\/pr-ide.de\/wp-content\/uploads\/2014\/08\/image2-150x150.jpg\" class=\"attachment-thumbnail size-thumbnail lazyload\" alt=\"image\" srcset=\"data:image\/svg+xml,%3Csvg%20xmlns%3D%27http%3A%2F%2Fwww.w3.org%2F2000%2Fsvg%27%20width%3D%271536%27%20height%3D%272048%27%20viewBox%3D%270%200%201536%202048%27%3E%3Crect%20width%3D%271536%27%20height%3D%272048%27%20fill-opacity%3D%220%22%2F%3E%3C%2Fsvg%3E\" data-orig-src=\"https:\/\/pr-ide.de\/wp-content\/uploads\/2014\/08\/image2-150x150.jpg\" data-srcset=\"https:\/\/pr-ide.de\/wp-content\/uploads\/2014\/08\/image2-66x66.jpg 66w, https:\/\/pr-ide.de\/wp-content\/uploads\/2014\/08\/image2-150x150.jpg 150w, https:\/\/pr-ide.de\/wp-content\/uploads\/2014\/08\/image2-200x200.jpg 200w\" data-sizes=\"auto\" \/><\/a>\n\t\t\t<\/dt><\/dl><dl class='gallery-item'>\n\t\t\t<dt class='gallery-icon portrait'>\n\t\t\t\t<a data-rel=\"iLightbox[postimages]\" data-title=\"image\" data-caption=\"\" href='https:\/\/pr-ide.de\/en\/image-8-2\/'><img decoding=\"async\" width=\"150\" height=\"150\" src=\"https:\/\/pr-ide.de\/wp-content\/uploads\/2014\/08\/image5-150x150.jpg\" class=\"attachment-thumbnail size-thumbnail lazyload\" alt=\"image\" srcset=\"data:image\/svg+xml,%3Csvg%20xmlns%3D%27http%3A%2F%2Fwww.w3.org%2F2000%2Fsvg%27%20width%3D%271152%27%20height%3D%272048%27%20viewBox%3D%270%200%201152%202048%27%3E%3Crect%20width%3D%271152%27%20height%3D%272048%27%20fill-opacity%3D%220%22%2F%3E%3C%2Fsvg%3E\" data-orig-src=\"https:\/\/pr-ide.de\/wp-content\/uploads\/2014\/08\/image5-150x150.jpg\" data-srcset=\"https:\/\/pr-ide.de\/wp-content\/uploads\/2014\/08\/image5-66x66.jpg 66w, https:\/\/pr-ide.de\/wp-content\/uploads\/2014\/08\/image5-150x150.jpg 150w, https:\/\/pr-ide.de\/wp-content\/uploads\/2014\/08\/image5-200x200.jpg 200w\" data-sizes=\"auto\" \/><\/a>\n\t\t\t<\/dt><\/dl><dl class='gallery-item'>\n\t\t\t<dt class='gallery-icon portrait'>\n\t\t\t\t<a data-rel=\"iLightbox[postimages]\" data-title=\"image\" data-caption=\"\" href='https:\/\/pr-ide.de\/en\/image-7-2\/'><img decoding=\"async\" width=\"150\" height=\"150\" src=\"https:\/\/pr-ide.de\/wp-content\/uploads\/2014\/08\/image4-150x150.jpg\" class=\"attachment-thumbnail size-thumbnail lazyload\" alt=\"image\" srcset=\"data:image\/svg+xml,%3Csvg%20xmlns%3D%27http%3A%2F%2Fwww.w3.org%2F2000%2Fsvg%27%20width%3D%271536%27%20height%3D%272048%27%20viewBox%3D%270%200%201536%202048%27%3E%3Crect%20width%3D%271536%27%20height%3D%272048%27%20fill-opacity%3D%220%22%2F%3E%3C%2Fsvg%3E\" data-orig-src=\"https:\/\/pr-ide.de\/wp-content\/uploads\/2014\/08\/image4-150x150.jpg\" data-srcset=\"https:\/\/pr-ide.de\/wp-content\/uploads\/2014\/08\/image4-66x66.jpg 66w, https:\/\/pr-ide.de\/wp-content\/uploads\/2014\/08\/image4-150x150.jpg 150w, https:\/\/pr-ide.de\/wp-content\/uploads\/2014\/08\/image4-200x200.jpg 200w\" data-sizes=\"auto\" \/><\/a>\n\t\t\t<\/dt><\/dl><br style=\"clear: both\" \/><dl class='gallery-item'>\n\t\t\t<dt class='gallery-icon portrait'>\n\t\t\t\t<a data-rel=\"iLightbox[postimages]\" data-title=\"image\" data-caption=\"\" href='https:\/\/pr-ide.de\/en\/image-3-2\/'><img decoding=\"async\" width=\"150\" height=\"150\" src=\"https:\/\/pr-ide.de\/wp-content\/uploads\/2014\/08\/image-150x150.jpg\" class=\"attachment-thumbnail size-thumbnail lazyload\" alt=\"image\" srcset=\"data:image\/svg+xml,%3Csvg%20xmlns%3D%27http%3A%2F%2Fwww.w3.org%2F2000%2Fsvg%27%20width%3D%271536%27%20height%3D%272048%27%20viewBox%3D%270%200%201536%202048%27%3E%3Crect%20width%3D%271536%27%20height%3D%272048%27%20fill-opacity%3D%220%22%2F%3E%3C%2Fsvg%3E\" data-orig-src=\"https:\/\/pr-ide.de\/wp-content\/uploads\/2014\/08\/image-150x150.jpg\" data-srcset=\"https:\/\/pr-ide.de\/wp-content\/uploads\/2014\/08\/image-66x66.jpg 66w, https:\/\/pr-ide.de\/wp-content\/uploads\/2014\/08\/image-150x150.jpg 150w, https:\/\/pr-ide.de\/wp-content\/uploads\/2014\/08\/image-200x200.jpg 200w\" data-sizes=\"auto\" \/><\/a>\n\t\t\t<\/dt><\/dl><dl class='gallery-item'>\n\t\t\t<dt class='gallery-icon landscape'>\n\t\t\t\t<a data-rel=\"iLightbox[postimages]\" data-title=\"image\" data-caption=\"\" href='https:\/\/pr-ide.de\/en\/image-6-2\/'><img decoding=\"async\" width=\"150\" height=\"150\" src=\"https:\/\/pr-ide.de\/wp-content\/uploads\/2014\/08\/image3-150x150.jpg\" class=\"attachment-thumbnail size-thumbnail lazyload\" alt=\"image\" srcset=\"data:image\/svg+xml,%3Csvg%20xmlns%3D%27http%3A%2F%2Fwww.w3.org%2F2000%2Fsvg%27%20width%3D%272048%27%20height%3D%271536%27%20viewBox%3D%270%200%202048%201536%27%3E%3Crect%20width%3D%272048%27%20height%3D%271536%27%20fill-opacity%3D%220%22%2F%3E%3C%2Fsvg%3E\" data-orig-src=\"https:\/\/pr-ide.de\/wp-content\/uploads\/2014\/08\/image3-150x150.jpg\" data-srcset=\"https:\/\/pr-ide.de\/wp-content\/uploads\/2014\/08\/image3-66x66.jpg 66w, https:\/\/pr-ide.de\/wp-content\/uploads\/2014\/08\/image3-150x150.jpg 150w, https:\/\/pr-ide.de\/wp-content\/uploads\/2014\/08\/image3-200x200.jpg 200w\" data-sizes=\"auto\" \/><\/a>\n\t\t\t<\/dt><\/dl><dl class='gallery-item'>\n\t\t\t<dt class='gallery-icon portrait'>\n\t\t\t\t<a data-rel=\"iLightbox[postimages]\" data-title=\"image\" data-caption=\"\" href='https:\/\/pr-ide.de\/en\/image-4-2\/'><img decoding=\"async\" width=\"150\" height=\"150\" src=\"https:\/\/pr-ide.de\/wp-content\/uploads\/2014\/08\/image1-150x150.jpg\" class=\"attachment-thumbnail size-thumbnail lazyload\" alt=\"image\" srcset=\"data:image\/svg+xml,%3Csvg%20xmlns%3D%27http%3A%2F%2Fwww.w3.org%2F2000%2Fsvg%27%20width%3D%271536%27%20height%3D%272048%27%20viewBox%3D%270%200%201536%202048%27%3E%3Crect%20width%3D%271536%27%20height%3D%272048%27%20fill-opacity%3D%220%22%2F%3E%3C%2Fsvg%3E\" data-orig-src=\"https:\/\/pr-ide.de\/wp-content\/uploads\/2014\/08\/image1-150x150.jpg\" data-srcset=\"https:\/\/pr-ide.de\/wp-content\/uploads\/2014\/08\/image1-66x66.jpg 66w, https:\/\/pr-ide.de\/wp-content\/uploads\/2014\/08\/image1-150x150.jpg 150w, https:\/\/pr-ide.de\/wp-content\/uploads\/2014\/08\/image1-200x200.jpg 200w\" data-sizes=\"auto\" \/><\/a>\n\t\t\t<\/dt><\/dl><br style=\"clear: both\" \/>\n\t\t<\/div>\n\n","protected":false},"excerpt":{"rendered":"<p>Schilder gibt es \u00fcberall. F\u00e4ngt das Gestaltergem\u00fct einmal an, kann es nicht mehr aufh\u00f6ren, sich \u00fcber den Informationsgehalt von Schildern so seine Gedanken zu machen und davon findet man \u00fcberall immer etwas.. Hier eine kurze Zusammenstellung: Ist DDR Softeis immer  [&#8230;]<\/p>\n","protected":false},"author":15,"featured_media":7521,"comment_status":"open","ping_status":"closed","sticky":false,"template":"","format":"standard","meta":{"_monsterinsights_skip_tracking":false,"_monsterinsights_sitenote_active":false,"_monsterinsights_sitenote_note":"","_monsterinsights_sitenote_category":0,"_jetpack_memberships_contains_paid_content":false,"footnotes":""},"categories":[665,1,36],"tags":[937,97,792],"class_list":["post-7508","post","type-post","status-publish","format-standard","has-post-thumbnail","hentry","category-bildarchiv","category-uncategorized","category-unter-den-scanner-geraten","tag-desinformation","tag-info","tag-schild"],"yoast_head":"<!-- This site is optimized with the Yoast SEO plugin v27.2 - https:\/\/yoast.com\/product\/yoast-seo-wordpress\/ -->\n<title>\u00dcber dasselbe - wenn man mal nicht da ist - pr-ide<\/title>\n<meta name=\"robots\" content=\"index, follow, max-snippet:-1, max-image-preview:large, max-video-preview:-1\" \/>\n<link rel=\"canonical\" href=\"https:\/\/pr-ide.de\/en\/blog\/2014\/08\/schild\/\" \/>\n<meta property=\"og:locale\" content=\"en_US\" \/>\n<meta property=\"og:type\" content=\"article\" \/>\n<meta property=\"og:title\" content=\"\u00dcber dasselbe - wenn man mal nicht da ist - pr-ide\" \/>\n<meta property=\"og:description\" content=\"Schilder gibt es \u00fcberall. F\u00e4ngt das Gestaltergem\u00fct einmal an, kann es nicht mehr aufh\u00f6ren, sich \u00fcber den Informationsgehalt von Schildern so seine Gedanken zu machen und davon findet man \u00fcberall immer etwas.. Hier eine kurze Zusammenstellung: Ist DDR Softeis immer [...]\" \/>\n<meta property=\"og:url\" content=\"https:\/\/pr-ide.de\/en\/blog\/2014\/08\/schild\/\" \/>\n<meta property=\"og:site_name\" content=\"pr-ide\" \/>\n<meta property=\"article:publisher\" content=\"https:\/\/www.facebook.com\/prideberlin\/\" \/>\n<meta property=\"article:published_time\" content=\"2014-08-05T20:33:22+00:00\" \/>\n<meta property=\"article:modified_time\" content=\"2014-08-05T20:38:42+00:00\" \/>\n<meta property=\"og:image\" content=\"https:\/\/pr-ide.de\/wp-content\/uploads\/2014\/08\/image5.jpg\" \/>\n\t<meta property=\"og:image:width\" content=\"1152\" \/>\n\t<meta property=\"og:image:height\" content=\"2048\" \/>\n\t<meta property=\"og:image:type\" content=\"image\/jpeg\" \/>\n<meta name=\"author\" content=\"Philipp Sack\" \/>\n<meta name=\"twitter:label1\" content=\"Written by\" \/>\n\t<meta name=\"twitter:data1\" content=\"Philipp Sack\" \/>\n\t<meta name=\"twitter:label2\" content=\"Est. reading time\" \/>\n\t<meta name=\"twitter:data2\" content=\"1 minute\" \/>\n<script type=\"application\/ld+json\" class=\"yoast-schema-graph\">{\"@context\":\"https:\/\/schema.org\",\"@graph\":[{\"@type\":\"Article\",\"@id\":\"https:\/\/pr-ide.de\/en\/blog\/2014\/08\/schild\/#article\",\"isPartOf\":{\"@id\":\"https:\/\/pr-ide.de\/en\/blog\/2014\/08\/schild\/\"},\"author\":{\"name\":\"Philipp Sack\",\"@id\":\"https:\/\/pr-ide.de\/#\/schema\/person\/4bb8cb929d552fc1cd7c49d25ef90093\"},\"headline\":\"\u00dcber dasselbe &#8211; wenn man mal nicht da ist\",\"datePublished\":\"2014-08-05T20:33:22+00:00\",\"dateModified\":\"2014-08-05T20:38:42+00:00\",\"mainEntityOfPage\":{\"@id\":\"https:\/\/pr-ide.de\/en\/blog\/2014\/08\/schild\/\"},\"wordCount\":131,\"commentCount\":0,\"publisher\":{\"@id\":\"https:\/\/pr-ide.de\/#organization\"},\"image\":{\"@id\":\"https:\/\/pr-ide.de\/en\/blog\/2014\/08\/schild\/#primaryimage\"},\"thumbnailUrl\":\"https:\/\/pr-ide.de\/wp-content\/uploads\/2014\/08\/image5.jpg\",\"keywords\":[\"Desinformation\",\"Info\",\"Schild\"],\"articleSection\":{\"0\":\"Bildarchiv\",\"2\":\"Unter den Scanner geraten\"},\"inLanguage\":\"en-US\",\"potentialAction\":[{\"@type\":\"CommentAction\",\"name\":\"Comment\",\"target\":[\"https:\/\/pr-ide.de\/en\/blog\/2014\/08\/schild\/#respond\"]}]},{\"@type\":\"WebPage\",\"@id\":\"https:\/\/pr-ide.de\/en\/blog\/2014\/08\/schild\/\",\"url\":\"https:\/\/pr-ide.de\/en\/blog\/2014\/08\/schild\/\",\"name\":\"\u00dcber dasselbe - wenn man mal nicht da ist - pr-ide\",\"isPartOf\":{\"@id\":\"https:\/\/pr-ide.de\/#website\"},\"primaryImageOfPage\":{\"@id\":\"https:\/\/pr-ide.de\/en\/blog\/2014\/08\/schild\/#primaryimage\"},\"image\":{\"@id\":\"https:\/\/pr-ide.de\/en\/blog\/2014\/08\/schild\/#primaryimage\"},\"thumbnailUrl\":\"https:\/\/pr-ide.de\/wp-content\/uploads\/2014\/08\/image5.jpg\",\"datePublished\":\"2014-08-05T20:33:22+00:00\",\"dateModified\":\"2014-08-05T20:38:42+00:00\",\"breadcrumb\":{\"@id\":\"https:\/\/pr-ide.de\/en\/blog\/2014\/08\/schild\/#breadcrumb\"},\"inLanguage\":\"en-US\",\"potentialAction\":[{\"@type\":\"ReadAction\",\"target\":[\"https:\/\/pr-ide.de\/en\/blog\/2014\/08\/schild\/\"]}]},{\"@type\":\"ImageObject\",\"inLanguage\":\"en-US\",\"@id\":\"https:\/\/pr-ide.de\/en\/blog\/2014\/08\/schild\/#primaryimage\",\"url\":\"https:\/\/pr-ide.de\/wp-content\/uploads\/2014\/08\/image5.jpg\",\"contentUrl\":\"https:\/\/pr-ide.de\/wp-content\/uploads\/2014\/08\/image5.jpg\",\"width\":1152,\"height\":2048,\"caption\":\"knallertk\u00f8rsel\"},{\"@type\":\"BreadcrumbList\",\"@id\":\"https:\/\/pr-ide.de\/en\/blog\/2014\/08\/schild\/#breadcrumb\",\"itemListElement\":[{\"@type\":\"ListItem\",\"position\":1,\"name\":\"Home\",\"item\":\"https:\/\/pr-ide.de\/en\/the-agency-for-creative-success\/\"},{\"@type\":\"ListItem\",\"position\":2,\"name\":\"\u00dcber dasselbe &#8211; wenn man mal nicht da ist\"}]},{\"@type\":\"WebSite\",\"@id\":\"https:\/\/pr-ide.de\/#website\",\"url\":\"https:\/\/pr-ide.de\/\",\"name\":\"pr-ide\",\"description\":\"die agentur f\u00fcr kreative erfolge\",\"publisher\":{\"@id\":\"https:\/\/pr-ide.de\/#organization\"},\"potentialAction\":[{\"@type\":\"SearchAction\",\"target\":{\"@type\":\"EntryPoint\",\"urlTemplate\":\"https:\/\/pr-ide.de\/?s={search_term_string}\"},\"query-input\":{\"@type\":\"PropertyValueSpecification\",\"valueRequired\":true,\"valueName\":\"search_term_string\"}}],\"inLanguage\":\"en-US\"},{\"@type\":\"Organization\",\"@id\":\"https:\/\/pr-ide.de\/#organization\",\"name\":\"pr-ide\",\"url\":\"https:\/\/pr-ide.de\/\",\"logo\":{\"@type\":\"ImageObject\",\"inLanguage\":\"en-US\",\"@id\":\"https:\/\/pr-ide.de\/#\/schema\/logo\/image\/\",\"url\":\"\",\"contentUrl\":\"\",\"caption\":\"pr-ide\"},\"image\":{\"@id\":\"https:\/\/pr-ide.de\/#\/schema\/logo\/image\/\"},\"sameAs\":[\"https:\/\/www.facebook.com\/prideberlin\/\",\"https:\/\/x.com\/pr_ide\",\"https:\/\/www.linkedin.com\/company\/pr-ide-gbr\/\"]},{\"@type\":\"Person\",\"@id\":\"https:\/\/pr-ide.de\/#\/schema\/person\/4bb8cb929d552fc1cd7c49d25ef90093\",\"name\":\"Philipp Sack\",\"image\":{\"@type\":\"ImageObject\",\"inLanguage\":\"en-US\",\"@id\":\"https:\/\/secure.gravatar.com\/avatar\/e7d041e5f3b6ec52d1f4dcd0266ccdf14a0b7227561f91f92a474ad68a30da9a?s=96&d=robohash&r=g\",\"url\":\"https:\/\/secure.gravatar.com\/avatar\/e7d041e5f3b6ec52d1f4dcd0266ccdf14a0b7227561f91f92a474ad68a30da9a?s=96&d=robohash&r=g\",\"contentUrl\":\"https:\/\/secure.gravatar.com\/avatar\/e7d041e5f3b6ec52d1f4dcd0266ccdf14a0b7227561f91f92a474ad68a30da9a?s=96&d=robohash&r=g\",\"caption\":\"Philipp Sack\"},\"description\":\"CEO und Kreativkopf bei pr-ide. Kreuz und querlenkend, gerne segelnd. Immer auf der Suche nach innovativen L\u00f6sungen - manchmal schon bevor das Problem erkannt wurde.\",\"sameAs\":[\"http:\/\/www.pr-ide.de\",\"https:\/\/www.linkedin.com\/in\/philipp-sack\/\"],\"url\":\"https:\/\/pr-ide.de\/en\/blog\/author\/seesack-2-2-2-2-2-2-2-2-2-2-2-2-2-2-2-2-2-2-2-2\/\"}]}<\/script>\n<!-- \/ Yoast SEO plugin. -->","yoast_head_json":{"title":"\u00dcber dasselbe - wenn man mal nicht da ist - pr-ide","robots":{"index":"index","follow":"follow","max-snippet":"max-snippet:-1","max-image-preview":"max-image-preview:large","max-video-preview":"max-video-preview:-1"},"canonical":"https:\/\/pr-ide.de\/en\/blog\/2014\/08\/schild\/","og_locale":"en_US","og_type":"article","og_title":"\u00dcber dasselbe - wenn man mal nicht da ist - pr-ide","og_description":"Schilder gibt es \u00fcberall. F\u00e4ngt das Gestaltergem\u00fct einmal an, kann es nicht mehr aufh\u00f6ren, sich \u00fcber den Informationsgehalt von Schildern so seine Gedanken zu machen und davon findet man \u00fcberall immer etwas.. Hier eine kurze Zusammenstellung: Ist DDR Softeis immer [...]","og_url":"https:\/\/pr-ide.de\/en\/blog\/2014\/08\/schild\/","og_site_name":"pr-ide","article_publisher":"https:\/\/www.facebook.com\/prideberlin\/","article_published_time":"2014-08-05T20:33:22+00:00","article_modified_time":"2014-08-05T20:38:42+00:00","og_image":[{"width":1152,"height":2048,"url":"https:\/\/pr-ide.de\/wp-content\/uploads\/2014\/08\/image5.jpg","type":"image\/jpeg"}],"author":"Philipp Sack","twitter_misc":{"Written by":"Philipp Sack","Est. reading time":"1 minute"},"schema":{"@context":"https:\/\/schema.org","@graph":[{"@type":"Article","@id":"https:\/\/pr-ide.de\/en\/blog\/2014\/08\/schild\/#article","isPartOf":{"@id":"https:\/\/pr-ide.de\/en\/blog\/2014\/08\/schild\/"},"author":{"name":"Philipp Sack","@id":"https:\/\/pr-ide.de\/#\/schema\/person\/4bb8cb929d552fc1cd7c49d25ef90093"},"headline":"\u00dcber dasselbe &#8211; wenn man mal nicht da ist","datePublished":"2014-08-05T20:33:22+00:00","dateModified":"2014-08-05T20:38:42+00:00","mainEntityOfPage":{"@id":"https:\/\/pr-ide.de\/en\/blog\/2014\/08\/schild\/"},"wordCount":131,"commentCount":0,"publisher":{"@id":"https:\/\/pr-ide.de\/#organization"},"image":{"@id":"https:\/\/pr-ide.de\/en\/blog\/2014\/08\/schild\/#primaryimage"},"thumbnailUrl":"https:\/\/pr-ide.de\/wp-content\/uploads\/2014\/08\/image5.jpg","keywords":["Desinformation","Info","Schild"],"articleSection":{"0":"Bildarchiv","2":"Unter den Scanner geraten"},"inLanguage":"en-US","potentialAction":[{"@type":"CommentAction","name":"Comment","target":["https:\/\/pr-ide.de\/en\/blog\/2014\/08\/schild\/#respond"]}]},{"@type":"WebPage","@id":"https:\/\/pr-ide.de\/en\/blog\/2014\/08\/schild\/","url":"https:\/\/pr-ide.de\/en\/blog\/2014\/08\/schild\/","name":"\u00dcber dasselbe - wenn man mal nicht da ist - pr-ide","isPartOf":{"@id":"https:\/\/pr-ide.de\/#website"},"primaryImageOfPage":{"@id":"https:\/\/pr-ide.de\/en\/blog\/2014\/08\/schild\/#primaryimage"},"image":{"@id":"https:\/\/pr-ide.de\/en\/blog\/2014\/08\/schild\/#primaryimage"},"thumbnailUrl":"https:\/\/pr-ide.de\/wp-content\/uploads\/2014\/08\/image5.jpg","datePublished":"2014-08-05T20:33:22+00:00","dateModified":"2014-08-05T20:38:42+00:00","breadcrumb":{"@id":"https:\/\/pr-ide.de\/en\/blog\/2014\/08\/schild\/#breadcrumb"},"inLanguage":"en-US","potentialAction":[{"@type":"ReadAction","target":["https:\/\/pr-ide.de\/en\/blog\/2014\/08\/schild\/"]}]},{"@type":"ImageObject","inLanguage":"en-US","@id":"https:\/\/pr-ide.de\/en\/blog\/2014\/08\/schild\/#primaryimage","url":"https:\/\/pr-ide.de\/wp-content\/uploads\/2014\/08\/image5.jpg","contentUrl":"https:\/\/pr-ide.de\/wp-content\/uploads\/2014\/08\/image5.jpg","width":1152,"height":2048,"caption":"knallertk\u00f8rsel"},{"@type":"BreadcrumbList","@id":"https:\/\/pr-ide.de\/en\/blog\/2014\/08\/schild\/#breadcrumb","itemListElement":[{"@type":"ListItem","position":1,"name":"Home","item":"https:\/\/pr-ide.de\/en\/the-agency-for-creative-success\/"},{"@type":"ListItem","position":2,"name":"\u00dcber dasselbe &#8211; wenn man mal nicht da ist"}]},{"@type":"WebSite","@id":"https:\/\/pr-ide.de\/#website","url":"https:\/\/pr-ide.de\/","name":"pr-ide","description":"die agentur f\u00fcr kreative erfolge","publisher":{"@id":"https:\/\/pr-ide.de\/#organization"},"potentialAction":[{"@type":"SearchAction","target":{"@type":"EntryPoint","urlTemplate":"https:\/\/pr-ide.de\/?s={search_term_string}"},"query-input":{"@type":"PropertyValueSpecification","valueRequired":true,"valueName":"search_term_string"}}],"inLanguage":"en-US"},{"@type":"Organization","@id":"https:\/\/pr-ide.de\/#organization","name":"pr-ide","url":"https:\/\/pr-ide.de\/","logo":{"@type":"ImageObject","inLanguage":"en-US","@id":"https:\/\/pr-ide.de\/#\/schema\/logo\/image\/","url":"","contentUrl":"","caption":"pr-ide"},"image":{"@id":"https:\/\/pr-ide.de\/#\/schema\/logo\/image\/"},"sameAs":["https:\/\/www.facebook.com\/prideberlin\/","https:\/\/x.com\/pr_ide","https:\/\/www.linkedin.com\/company\/pr-ide-gbr\/"]},{"@type":"Person","@id":"https:\/\/pr-ide.de\/#\/schema\/person\/4bb8cb929d552fc1cd7c49d25ef90093","name":"Philipp Sack","image":{"@type":"ImageObject","inLanguage":"en-US","@id":"https:\/\/secure.gravatar.com\/avatar\/e7d041e5f3b6ec52d1f4dcd0266ccdf14a0b7227561f91f92a474ad68a30da9a?s=96&d=robohash&r=g","url":"https:\/\/secure.gravatar.com\/avatar\/e7d041e5f3b6ec52d1f4dcd0266ccdf14a0b7227561f91f92a474ad68a30da9a?s=96&d=robohash&r=g","contentUrl":"https:\/\/secure.gravatar.com\/avatar\/e7d041e5f3b6ec52d1f4dcd0266ccdf14a0b7227561f91f92a474ad68a30da9a?s=96&d=robohash&r=g","caption":"Philipp Sack"},"description":"CEO und Kreativkopf bei pr-ide. Kreuz und querlenkend, gerne segelnd. Immer auf der Suche nach innovativen L\u00f6sungen - manchmal schon bevor das Problem erkannt wurde.","sameAs":["http:\/\/www.pr-ide.de","https:\/\/www.linkedin.com\/in\/philipp-sack\/"],"url":"https:\/\/pr-ide.de\/en\/blog\/author\/seesack-2-2-2-2-2-2-2-2-2-2-2-2-2-2-2-2-2-2-2-2\/"}]}},"jetpack_featured_media_url":"https:\/\/pr-ide.de\/wp-content\/uploads\/2014\/08\/image5.jpg","jetpack_sharing_enabled":true,"_links":{"self":[{"href":"https:\/\/pr-ide.de\/en\/wp-json\/wp\/v2\/posts\/7508","targetHints":{"allow":["GET"]}}],"collection":[{"href":"https:\/\/pr-ide.de\/en\/wp-json\/wp\/v2\/posts"}],"about":[{"href":"https:\/\/pr-ide.de\/en\/wp-json\/wp\/v2\/types\/post"}],"author":[{"embeddable":true,"href":"https:\/\/pr-ide.de\/en\/wp-json\/wp\/v2\/users\/15"}],"replies":[{"embeddable":true,"href":"https:\/\/pr-ide.de\/en\/wp-json\/wp\/v2\/comments?post=7508"}],"version-history":[{"count":0,"href":"https:\/\/pr-ide.de\/en\/wp-json\/wp\/v2\/posts\/7508\/revisions"}],"wp:featuredmedia":[{"embeddable":true,"href":"https:\/\/pr-ide.de\/en\/wp-json\/wp\/v2\/media\/7521"}],"wp:attachment":[{"href":"https:\/\/pr-ide.de\/en\/wp-json\/wp\/v2\/media?parent=7508"}],"wp:term":[{"taxonomy":"category","embeddable":true,"href":"https:\/\/pr-ide.de\/en\/wp-json\/wp\/v2\/categories?post=7508"},{"taxonomy":"post_tag","embeddable":true,"href":"https:\/\/pr-ide.de\/en\/wp-json\/wp\/v2\/tags?post=7508"}],"curies":[{"name":"wp","href":"https:\/\/api.w.org\/{rel}","templated":true}]}}